{"id":50325,"date":"2018-04-11T15:38:29","date_gmt":"2018-04-11T18:38:29","guid":{"rendered":"https:\/\/www.blogsoestado.com\/danielmatos\/?p=50325"},"modified":"2018-04-11T15:38:29","modified_gmt":"2018-04-11T18:38:29","slug":"edivaldo-faz-maior-entrega-de-ambulancias-da-historia-do-samu-em-sao-luis","status":"publish","type":"post","link":"https:\/\/www.blogsoestado.com\/danielmatos\/edivaldo-faz-maior-entrega-de-ambulancias-da-historia-do-samu-em-sao-luis\/","title":{"rendered":"Edivaldo faz a maior entrega de ambul\u00e2ncias da hist\u00f3ria do Samu em S\u00e3o Lu\u00eds"},"content":{"rendered":"<figure id=\"attachment_50326\" aria-describedby=\"caption-attachment-50326\" style=\"width: 640px\" class=\"wp-caption aligncenter\"><img fetchpriority=\"high\" decoding=\"async\" class=\"size-full wp-image-50326\" src=\"https:\/\/www.blogsoestado.com\/danielmatos\/files\/2018\/04\/Edivaldo-Samu.jpeg\" alt=\"\" width=\"640\" height=\"480\" \/><figcaption id=\"caption-attachment-50326\" class=\"wp-caption-text\">Edivaldo com servidores do Samu e parte da sua equipe de gest\u00e3o e cumprimentando socorrista na solenidade<\/figcaption><\/figure>\n<p>O prefeito Edivaldo Holanda J\u00fanior (PDT) fez nesta quarta-feira (11) a maior entrega de ambul\u00e2ncias da hist\u00f3ria do Servi\u00e7o de Atendimento M\u00f3vel de Urg\u00eancia (Samu 192) em S\u00e3o Lu\u00eds. S\u00e3o 10 novas unidades em funcionamento que agora passam a compor a total reestrutura\u00e7\u00e3o que o Samu vem passando na gest\u00e3o do pedetista.<\/p>\n<p>\u201cQuando assumimos a Prefeitura, a situa\u00e7\u00e3o do Samu era muito dif\u00edcil, com pouqu\u00edssimas ambul\u00e2ncias rodando, o que acabava deixando a cidade desassistida. Colocamos como prioridade, trabalhamos muito e hoje a realidade \u00e9 outra. Temos um servi\u00e7o que foi totalmente reestruturado e, com essa entrega das novas ambul\u00e2ncias, teremos ainda mais agilidade ao atendimento m\u00f3vel de sa\u00fade, garantindo maior efic\u00e1cia no servi\u00e7o prestado e a redu\u00e7\u00e3o do tempo-resposta \u00e0s chamadas feitas pela popula\u00e7\u00e3o\u201d, afirmou o prefeito Edivaldo.<\/p>\n<p>Com o refor\u00e7o dos ve\u00edculos novos a meta da gest\u00e3o do pedetista \u00e9 reduzir o tempo de atendimento \u00e0s chamadas da popula\u00e7\u00e3o e ampliar o servi\u00e7o, que somente no ano passado realizou mais de 16 mil atendimentos. A frota do Samu conta ainda com duas motol\u00e2ncias e um ve\u00edculo de interven\u00e7\u00e3o r\u00e1pida, para realizarem o socorro aos pacientes com problemas que requerem interven\u00e7\u00e3o ainda mais imediata.<\/p>\n<p>A entrega das novas ambul\u00e2ncias integra os diversos avan\u00e7os conquistados na gest\u00e3o Edivaldo, como a entrega das bases centralizadas, que hoje j\u00e1 s\u00e3o cinco: S\u00e3o Bernardo, Maracan\u00e3, Anjo da Guarda, Vila Vicente Fialho e Cidade Ol\u00edmpica, al\u00e9m da base principal no Filipinho. Ao descentralizar as bases do Samu, a gest\u00e3o municipal diminuiu o tempo de resposta \u00e0s ocorr\u00eancias, pois est\u00e3o instaladas em pontos estrat\u00e9gicos que permitem uma abrang\u00eancia maior do atendimento das ocorr\u00eancias e no menor tempo poss\u00edvel.<\/p>\n","protected":false},"excerpt":{"rendered":"<p>O prefeito Edivaldo Holanda J\u00fanior (PDT) fez nesta quarta-feira (11) a maior entrega de ambul\u00e2ncias da hist\u00f3ria do Servi\u00e7o de [&hellip;]<\/p>\n","protected":false},"author":0,"featured_media":0,"comment_status":"open","ping_status":"open","sticky":false,"template":"","format":"standard","meta":{"site-sidebar-layout":"default","site-content-layout":"","ast-site-content-layout":"default","site-content-style":"default","site-sidebar-style":"default","ast-global-header-display":"","ast-banner-title-visibility":"","ast-main-header-display":"","ast-hfb-above-header-display":"","ast-hfb-below-header-display":"","ast-hfb-mobile-header-display":"","site-post-title":"","ast-breadcrumbs-content":"","ast-featured-img":"","footer-sml-layout":"","ast-disable-related-posts":"","theme-transparent-header-meta":"","adv-header-id-meta":"","stick-header-meta":"","header-above-stick-meta":"","header-main-stick-meta":"","header-below-stick-meta":"","astra-migrate-meta-layouts":"default","ast-page-background-enabled":"default","ast-page-background-meta":{"desktop":{"background-color":"var(--ast-global-color-5)","background-image":"","background-repeat":"repeat","background-position":"center center","background-size":"auto","background-attachment":"scroll","background-type":"","background-media":"","overlay-type":"","overlay-color":"","overlay-opacity":"","overlay-gradient":""},"tablet":{"background-color":"","background-image":"","background-repeat":"repeat","background-position":"center center","background-size":"auto","background-attachment":"scroll","background-type":"","background-media":"","overlay-type":"","overlay-color":"","overlay-opacity":"","overlay-gradient":""},"mobile":{"background-color":"","background-image":"","background-repeat":"repeat","background-position":"center center","background-size":"auto","background-attachment":"scroll","background-type":"","background-media":"","overlay-type":"","overlay-color":"","overlay-opacity":"","overlay-gradient":""}},"ast-content-background-meta":{"desktop":{"background-color":"var(--ast-global-color-4)","background-image":"","background-repeat":"repeat","background-position":"center center","background-size":"auto","background-attachment":"scroll","background-type":"","background-media":"","overlay-type":"","overlay-color":"","overlay-opacity":"","overlay-gradient":""},"tablet":{"background-color":"var(--ast-global-color-4)","background-image":"","background-repeat":"repeat","background-position":"center center","background-size":"auto","background-attachment":"scroll","background-type":"","background-media":"","overlay-type":"","overlay-color":"","overlay-opacity":"","overlay-gradient":""},"mobile":{"background-color":"var(--ast-global-color-4)","background-image":"","background-repeat":"repeat","background-position":"center center","background-size":"auto","background-attachment":"scroll","background-type":"","background-media":"","overlay-type":"","overlay-color":"","overlay-opacity":"","overlay-gradient":""}},"footnotes":""},"categories":[1],"tags":[],"class_list":["post-50325","post","type-post","status-publish","format-standard","hentry","category-sem-categoria"],"yoast_head":"<!-- This site is optimized with the Yoast SEO plugin v26.6 - https:\/\/yoast.com\/wordpress\/plugins\/seo\/ -->\n<title>Edivaldo faz a maior entrega de ambul\u00e2ncias da hist\u00f3ria do Samu em S\u00e3o Lu\u00eds - Daniel Matos<\/title>\n<meta name=\"robots\" content=\"index, follow, max-snippet:-1, max-image-preview:large, max-video-preview:-1\" \/>\n<link rel=\"canonical\" href=\"https:\/\/www.blogsoestado.com\/danielmatos\/edivaldo-faz-maior-entrega-de-ambulancias-da-historia-do-samu-em-sao-luis\/\" \/>\n<meta property=\"og:locale\" content=\"pt_BR\" \/>\n<meta property=\"og:type\" content=\"article\" \/>\n<meta property=\"og:title\" content=\"Edivaldo faz a maior entrega de ambul\u00e2ncias da hist\u00f3ria do Samu em S\u00e3o Lu\u00eds - Daniel Matos\" \/>\n<meta property=\"og:description\" content=\"O prefeito Edivaldo Holanda J\u00fanior (PDT) fez nesta quarta-feira (11) a maior entrega de ambul\u00e2ncias da hist\u00f3ria do Servi\u00e7o de [&hellip;]\" \/>\n<meta property=\"og:url\" content=\"https:\/\/www.blogsoestado.com\/danielmatos\/edivaldo-faz-maior-entrega-de-ambulancias-da-historia-do-samu-em-sao-luis\/\" \/>\n<meta property=\"og:site_name\" content=\"Daniel Matos\" \/>\n<meta property=\"article:published_time\" content=\"2018-04-11T18:38:29+00:00\" \/>\n<meta property=\"og:image\" content=\"https:\/\/www.blogsoestado.com\/danielmatos\/files\/2018\/04\/Edivaldo-Samu.jpeg\" \/>\n<meta name=\"twitter:card\" content=\"summary_large_image\" \/>\n<meta name=\"twitter:label1\" content=\"Est. tempo de leitura\" \/>\n\t<meta name=\"twitter:data1\" content=\"2 minutos\" \/>\n<script type=\"application\/ld+json\" class=\"yoast-schema-graph\">{\"@context\":\"https:\/\/schema.org\",\"@graph\":[{\"@type\":\"WebPage\",\"@id\":\"https:\/\/www.blogsoestado.com\/danielmatos\/edivaldo-faz-maior-entrega-de-ambulancias-da-historia-do-samu-em-sao-luis\/\",\"url\":\"https:\/\/www.blogsoestado.com\/danielmatos\/edivaldo-faz-maior-entrega-de-ambulancias-da-historia-do-samu-em-sao-luis\/\",\"name\":\"Edivaldo faz a maior entrega de ambul\u00e2ncias da hist\u00f3ria do Samu em S\u00e3o Lu\u00eds - Daniel Matos\",\"isPartOf\":{\"@id\":\"https:\/\/www.blogsoestado.com\/danielmatos\/#website\"},\"primaryImageOfPage\":{\"@id\":\"https:\/\/www.blogsoestado.com\/danielmatos\/edivaldo-faz-maior-entrega-de-ambulancias-da-historia-do-samu-em-sao-luis\/#primaryimage\"},\"image\":{\"@id\":\"https:\/\/www.blogsoestado.com\/danielmatos\/edivaldo-faz-maior-entrega-de-ambulancias-da-historia-do-samu-em-sao-luis\/#primaryimage\"},\"thumbnailUrl\":\"https:\/\/www.blogsoestado.com\/danielmatos\/files\/2018\/04\/Edivaldo-Samu.jpeg\",\"datePublished\":\"2018-04-11T18:38:29+00:00\",\"author\":{\"@id\":\"\"},\"breadcrumb\":{\"@id\":\"https:\/\/www.blogsoestado.com\/danielmatos\/edivaldo-faz-maior-entrega-de-ambulancias-da-historia-do-samu-em-sao-luis\/#breadcrumb\"},\"inLanguage\":\"pt-BR\",\"potentialAction\":[{\"@type\":\"ReadAction\",\"target\":[\"https:\/\/www.blogsoestado.com\/danielmatos\/edivaldo-faz-maior-entrega-de-ambulancias-da-historia-do-samu-em-sao-luis\/\"]}]},{\"@type\":\"ImageObject\",\"inLanguage\":\"pt-BR\",\"@id\":\"https:\/\/www.blogsoestado.com\/danielmatos\/edivaldo-faz-maior-entrega-de-ambulancias-da-historia-do-samu-em-sao-luis\/#primaryimage\",\"url\":\"https:\/\/www.blogsoestado.com\/danielmatos\/files\/2018\/04\/Edivaldo-Samu.jpeg\",\"contentUrl\":\"https:\/\/www.blogsoestado.com\/danielmatos\/files\/2018\/04\/Edivaldo-Samu.jpeg\"},{\"@type\":\"BreadcrumbList\",\"@id\":\"https:\/\/www.blogsoestado.com\/danielmatos\/edivaldo-faz-maior-entrega-de-ambulancias-da-historia-do-samu-em-sao-luis\/#breadcrumb\",\"itemListElement\":[{\"@type\":\"ListItem\",\"position\":1,\"name\":\"In\u00edcio\",\"item\":\"https:\/\/www.blogsoestado.com\/danielmatos\/\"},{\"@type\":\"ListItem\",\"position\":2,\"name\":\"Edivaldo faz a maior entrega de ambul\u00e2ncias da hist\u00f3ria do Samu em S\u00e3o Lu\u00eds\"}]},{\"@type\":\"WebSite\",\"@id\":\"https:\/\/www.blogsoestado.com\/danielmatos\/#website\",\"url\":\"https:\/\/www.blogsoestado.com\/danielmatos\/\",\"name\":\"Daniel Matos\",\"description\":\"\",\"potentialAction\":[{\"@type\":\"SearchAction\",\"target\":{\"@type\":\"EntryPoint\",\"urlTemplate\":\"https:\/\/www.blogsoestado.com\/danielmatos\/?s={search_term_string}\"},\"query-input\":{\"@type\":\"PropertyValueSpecification\",\"valueRequired\":true,\"valueName\":\"search_term_string\"}}],\"inLanguage\":\"pt-BR\"}]}<\/script>\n<!-- \/ Yoast SEO plugin. -->","yoast_head_json":{"title":"Edivaldo faz a maior entrega de ambul\u00e2ncias da hist\u00f3ria do Samu em S\u00e3o Lu\u00eds - Daniel Matos","robots":{"index":"index","follow":"follow","max-snippet":"max-snippet:-1","max-image-preview":"max-image-preview:large","max-video-preview":"max-video-preview:-1"},"canonical":"https:\/\/www.blogsoestado.com\/danielmatos\/edivaldo-faz-maior-entrega-de-ambulancias-da-historia-do-samu-em-sao-luis\/","og_locale":"pt_BR","og_type":"article","og_title":"Edivaldo faz a maior entrega de ambul\u00e2ncias da hist\u00f3ria do Samu em S\u00e3o Lu\u00eds - Daniel Matos","og_description":"O prefeito Edivaldo Holanda J\u00fanior (PDT) fez nesta quarta-feira (11) a maior entrega de ambul\u00e2ncias da hist\u00f3ria do Servi\u00e7o de [&hellip;]","og_url":"https:\/\/www.blogsoestado.com\/danielmatos\/edivaldo-faz-maior-entrega-de-ambulancias-da-historia-do-samu-em-sao-luis\/","og_site_name":"Daniel Matos","article_published_time":"2018-04-11T18:38:29+00:00","og_image":[{"url":"https:\/\/www.blogsoestado.com\/danielmatos\/files\/2018\/04\/Edivaldo-Samu.jpeg","type":"","width":"","height":""}],"twitter_card":"summary_large_image","twitter_misc":{"Est. tempo de leitura":"2 minutos"},"schema":{"@context":"https:\/\/schema.org","@graph":[{"@type":"WebPage","@id":"https:\/\/www.blogsoestado.com\/danielmatos\/edivaldo-faz-maior-entrega-de-ambulancias-da-historia-do-samu-em-sao-luis\/","url":"https:\/\/www.blogsoestado.com\/danielmatos\/edivaldo-faz-maior-entrega-de-ambulancias-da-historia-do-samu-em-sao-luis\/","name":"Edivaldo faz a maior entrega de ambul\u00e2ncias da hist\u00f3ria do Samu em S\u00e3o Lu\u00eds - Daniel Matos","isPartOf":{"@id":"https:\/\/www.blogsoestado.com\/danielmatos\/#website"},"primaryImageOfPage":{"@id":"https:\/\/www.blogsoestado.com\/danielmatos\/edivaldo-faz-maior-entrega-de-ambulancias-da-historia-do-samu-em-sao-luis\/#primaryimage"},"image":{"@id":"https:\/\/www.blogsoestado.com\/danielmatos\/edivaldo-faz-maior-entrega-de-ambulancias-da-historia-do-samu-em-sao-luis\/#primaryimage"},"thumbnailUrl":"https:\/\/www.blogsoestado.com\/danielmatos\/files\/2018\/04\/Edivaldo-Samu.jpeg","datePublished":"2018-04-11T18:38:29+00:00","author":{"@id":""},"breadcrumb":{"@id":"https:\/\/www.blogsoestado.com\/danielmatos\/edivaldo-faz-maior-entrega-de-ambulancias-da-historia-do-samu-em-sao-luis\/#breadcrumb"},"inLanguage":"pt-BR","potentialAction":[{"@type":"ReadAction","target":["https:\/\/www.blogsoestado.com\/danielmatos\/edivaldo-faz-maior-entrega-de-ambulancias-da-historia-do-samu-em-sao-luis\/"]}]},{"@type":"ImageObject","inLanguage":"pt-BR","@id":"https:\/\/www.blogsoestado.com\/danielmatos\/edivaldo-faz-maior-entrega-de-ambulancias-da-historia-do-samu-em-sao-luis\/#primaryimage","url":"https:\/\/www.blogsoestado.com\/danielmatos\/files\/2018\/04\/Edivaldo-Samu.jpeg","contentUrl":"https:\/\/www.blogsoestado.com\/danielmatos\/files\/2018\/04\/Edivaldo-Samu.jpeg"},{"@type":"BreadcrumbList","@id":"https:\/\/www.blogsoestado.com\/danielmatos\/edivaldo-faz-maior-entrega-de-ambulancias-da-historia-do-samu-em-sao-luis\/#breadcrumb","itemListElement":[{"@type":"ListItem","position":1,"name":"In\u00edcio","item":"https:\/\/www.blogsoestado.com\/danielmatos\/"},{"@type":"ListItem","position":2,"name":"Edivaldo faz a maior entrega de ambul\u00e2ncias da hist\u00f3ria do Samu em S\u00e3o Lu\u00eds"}]},{"@type":"WebSite","@id":"https:\/\/www.blogsoestado.com\/danielmatos\/#website","url":"https:\/\/www.blogsoestado.com\/danielmatos\/","name":"Daniel Matos","description":"","potentialAction":[{"@type":"SearchAction","target":{"@type":"EntryPoint","urlTemplate":"https:\/\/www.blogsoestado.com\/danielmatos\/?s={search_term_string}"},"query-input":{"@type":"PropertyValueSpecification","valueRequired":true,"valueName":"search_term_string"}}],"inLanguage":"pt-BR"}]}},"jetpack_featured_media_url":"","_links":{"self":[{"href":"https:\/\/www.blogsoestado.com\/danielmatos\/wp-json\/wp\/v2\/posts\/50325","targetHints":{"allow":["GET"]}}],"collection":[{"href":"https:\/\/www.blogsoestado.com\/danielmatos\/wp-json\/wp\/v2\/posts"}],"about":[{"href":"https:\/\/www.blogsoestado.com\/danielmatos\/wp-json\/wp\/v2\/types\/post"}],"replies":[{"embeddable":true,"href":"https:\/\/www.blogsoestado.com\/danielmatos\/wp-json\/wp\/v2\/comments?post=50325"}],"version-history":[{"count":0,"href":"https:\/\/www.blogsoestado.com\/danielmatos\/wp-json\/wp\/v2\/posts\/50325\/revisions"}],"wp:attachment":[{"href":"https:\/\/www.blogsoestado.com\/danielmatos\/wp-json\/wp\/v2\/media?parent=50325"}],"wp:term":[{"taxonomy":"category","embeddable":true,"href":"https:\/\/www.blogsoestado.com\/danielmatos\/wp-json\/wp\/v2\/categories?post=50325"},{"taxonomy":"post_tag","embeddable":true,"href":"https:\/\/www.blogsoestado.com\/danielmatos\/wp-json\/wp\/v2\/tags?post=50325"}],"curies":[{"name":"wp","href":"https:\/\/api.w.org\/{rel}","templated":true}]}}