{"id":50332,"date":"2018-04-11T17:29:08","date_gmt":"2018-04-11T20:29:08","guid":{"rendered":"https:\/\/www.blogsoestado.com\/danielmatos\/?p=50332"},"modified":"2018-04-11T17:29:08","modified_gmt":"2018-04-11T20:29:08","slug":"flavio-dino-tenta-se-promover-com-prisao-de-lula-mas-passa-vexame-nacional-na-sede-da-pf-em-curitiba","status":"publish","type":"post","link":"https:\/\/www.blogsoestado.com\/danielmatos\/flavio-dino-tenta-se-promover-com-prisao-de-lula-mas-passa-vexame-nacional-na-sede-da-pf-em-curitiba\/","title":{"rendered":"Fl\u00e1vio Dino tenta se promover com pris\u00e3o de Lula, mas passa vexame nacional na sede da PF, em Curitiba"},"content":{"rendered":"<figure id=\"attachment_50333\" aria-describedby=\"caption-attachment-50333\" style=\"width: 448px\" class=\"wp-caption alignleft\"><img fetchpriority=\"high\" decoding=\"async\" class=\"size-full wp-image-50333\" src=\"https:\/\/www.blogsoestado.com\/danielmatos\/files\/2018\/04\/flavio-barrado.png\" alt=\"\" width=\"448\" height=\"250\" \/><figcaption id=\"caption-attachment-50333\" class=\"wp-caption-text\">Fl\u00e1vio Dino protestou em carta e em v\u00eddeo ap\u00f3s ser barrado quando tentava visitar Lula<\/figcaption><\/figure>\n<p>N\u00e3o satisfeito ap\u00f3s ter sido ignorado solenemente por Luiz In\u00e1cio Lula da Silva no discurso que o ex-presidente fez antes de atender \u00e0 ordem de pris\u00e3o expedida pelo juiz federal S\u00e9rgio Moro, o governador Fl\u00e1vio Dino (PCdoB) pagou o maior mico em Curitiba, em sua tentativa fracassada de se promover \u00e0s custas do drama do petista. O comunista n\u00e3o s\u00f3 foi barrado na Superintend\u00eancia da PF do Paran\u00e1, onde Lula est\u00e1 detido, como foi repreendido publicamente pela ju\u00edza federal da Vara de Execu\u00e7\u00f5es Penais, Carolina Moura Lebbos, que disse que o pr\u00e9dio da PF n\u00e3o era lugar para ele fazer campanha pol\u00edtica.<\/p>\n<p>Mesmo ap\u00f3s o vexame nacional, Fl\u00e1vio Dino e os outros nove governadores que integraram a comitiva barrada ao tentar visitar Lula elaboraram uma carta na qual manifestam solidariedade ao ex-presidente e repudiaram o veto ao seu acesso ao c\u00e1rcere onde o petista cumpre, desde o \u00faltimo dia 8, a pena de 12 anos e um m\u00eas no caso triplex.<\/p>\n<p>N\u00e3o conformado com o manifesto escrito que assinou, o comunista gravou um v\u00eddeo no qual, mais uma vez, apontou erro jur\u00eddico na pris\u00e3o de Lula. E mais uma\u00a0vez atacou o Judici\u00e1rio, assumindo a posi\u00e7\u00e3o de magistrado que j\u00e1 n\u00e3o mais ocupa, com claro prop\u00f3sito eleitoreiro.<\/p>\n<p>Fl\u00e1vio Dino quer, a todo custo, colar sua imagem \u00e0 de Lula, pois acredita que a popularidade do ex-presidente entre o eleitorado maranhense pode se reverter nos votos que ele precisa para se reeleger.<\/p>\n<p>Enquanto se mant\u00e9m ausente a pretexto de se solidarizar a Lula, o governador deixa de cumprir as verdadeiras obriga\u00e7\u00f5es que o cargo de governador lhe imp\u00f5e e que, neste momento, apresentam-se como prioridades m\u00e1ximas.<\/p>\n<p>Uma omiss\u00e3o imperdo\u00e1vel e que j\u00e1 custou algumas vidas, perdidas em meio ao\u00a0 descaso com a sa\u00fade p\u00fablica estadual e seus hospitais sem medicamentos e as enchentes, que j\u00e1 causaram, pelo menos, duas mortes e n\u00famero expressivo de desabrigados.<\/p>\n","protected":false},"excerpt":{"rendered":"<p>N\u00e3o satisfeito ap\u00f3s ter sido ignorado solenemente por Luiz In\u00e1cio Lula da Silva no discurso que o ex-presidente fez antes [&hellip;]<\/p>\n","protected":false},"author":0,"featured_media":0,"comment_status":"open","ping_status":"open","sticky":false,"template":"","format":"standard","meta":{"site-sidebar-layout":"default","site-content-layout":"","ast-site-content-layout":"default","site-content-style":"default","site-sidebar-style":"default","ast-global-header-display":"","ast-banner-title-visibility":"","ast-main-header-display":"","ast-hfb-above-header-display":"","ast-hfb-below-header-display":"","ast-hfb-mobile-header-display":"","site-post-title":"","ast-breadcrumbs-content":"","ast-featured-img":"","footer-sml-layout":"","ast-disable-related-posts":"","theme-transparent-header-meta":"","adv-header-id-meta":"","stick-header-meta":"","header-above-stick-meta":"","header-main-stick-meta":"","header-below-stick-meta":"","astra-migrate-meta-layouts":"default","ast-page-background-enabled":"default","ast-page-background-meta":{"desktop":{"background-color":"var(--ast-global-color-5)","background-image":"","background-repeat":"repeat","background-position":"center center","background-size":"auto","background-attachment":"scroll","background-type":"","background-media":"","overlay-type":"","overlay-color":"","overlay-opacity":"","overlay-gradient":""},"tablet":{"background-color":"","background-image":"","background-repeat":"repeat","background-position":"center center","background-size":"auto","background-attachment":"scroll","background-type":"","background-media":"","overlay-type":"","overlay-color":"","overlay-opacity":"","overlay-gradient":""},"mobile":{"background-color":"","background-image":"","background-repeat":"repeat","background-position":"center center","background-size":"auto","background-attachment":"scroll","background-type":"","background-media":"","overlay-type":"","overlay-color":"","overlay-opacity":"","overlay-gradient":""}},"ast-content-background-meta":{"desktop":{"background-color":"var(--ast-global-color-4)","background-image":"","background-repeat":"repeat","background-position":"center center","background-size":"auto","background-attachment":"scroll","background-type":"","background-media":"","overlay-type":"","overlay-color":"","overlay-opacity":"","overlay-gradient":""},"tablet":{"background-color":"var(--ast-global-color-4)","background-image":"","background-repeat":"repeat","background-position":"center center","background-size":"auto","background-attachment":"scroll","background-type":"","background-media":"","overlay-type":"","overlay-color":"","overlay-opacity":"","overlay-gradient":""},"mobile":{"background-color":"var(--ast-global-color-4)","background-image":"","background-repeat":"repeat","background-position":"center center","background-size":"auto","background-attachment":"scroll","background-type":"","background-media":"","overlay-type":"","overlay-color":"","overlay-opacity":"","overlay-gradient":""}},"footnotes":""},"categories":[1],"tags":[],"class_list":["post-50332","post","type-post","status-publish","format-standard","hentry","category-sem-categoria"],"yoast_head":"<!-- This site is optimized with the Yoast SEO plugin v26.6 - https:\/\/yoast.com\/wordpress\/plugins\/seo\/ -->\n<title>Fl\u00e1vio Dino tenta se promover com pris\u00e3o de Lula, mas passa vexame nacional na sede da PF, em Curitiba - Daniel Matos<\/title>\n<meta name=\"robots\" content=\"index, follow, max-snippet:-1, max-image-preview:large, max-video-preview:-1\" \/>\n<link rel=\"canonical\" href=\"https:\/\/www.blogsoestado.com\/danielmatos\/flavio-dino-tenta-se-promover-com-prisao-de-lula-mas-passa-vexame-nacional-na-sede-da-pf-em-curitiba\/\" \/>\n<meta property=\"og:locale\" content=\"pt_BR\" \/>\n<meta property=\"og:type\" content=\"article\" \/>\n<meta property=\"og:title\" content=\"Fl\u00e1vio Dino tenta se promover com pris\u00e3o de Lula, mas passa vexame nacional na sede da PF, em Curitiba - Daniel Matos\" \/>\n<meta property=\"og:description\" content=\"N\u00e3o satisfeito ap\u00f3s ter sido ignorado solenemente por Luiz In\u00e1cio Lula da Silva no discurso que o ex-presidente fez antes [&hellip;]\" \/>\n<meta property=\"og:url\" content=\"https:\/\/www.blogsoestado.com\/danielmatos\/flavio-dino-tenta-se-promover-com-prisao-de-lula-mas-passa-vexame-nacional-na-sede-da-pf-em-curitiba\/\" \/>\n<meta property=\"og:site_name\" content=\"Daniel Matos\" \/>\n<meta property=\"article:published_time\" content=\"2018-04-11T20:29:08+00:00\" \/>\n<meta property=\"og:image\" content=\"https:\/\/www.blogsoestado.com\/danielmatos\/files\/2018\/04\/flavio-barrado.png\" \/>\n<meta name=\"twitter:card\" content=\"summary_large_image\" \/>\n<meta name=\"twitter:label1\" content=\"Est. tempo de leitura\" \/>\n\t<meta name=\"twitter:data1\" content=\"2 minutos\" \/>\n<script type=\"application\/ld+json\" class=\"yoast-schema-graph\">{\"@context\":\"https:\/\/schema.org\",\"@graph\":[{\"@type\":\"WebPage\",\"@id\":\"https:\/\/www.blogsoestado.com\/danielmatos\/flavio-dino-tenta-se-promover-com-prisao-de-lula-mas-passa-vexame-nacional-na-sede-da-pf-em-curitiba\/\",\"url\":\"https:\/\/www.blogsoestado.com\/danielmatos\/flavio-dino-tenta-se-promover-com-prisao-de-lula-mas-passa-vexame-nacional-na-sede-da-pf-em-curitiba\/\",\"name\":\"Fl\u00e1vio Dino tenta se promover com pris\u00e3o de Lula, mas passa vexame nacional na sede da PF, em Curitiba - Daniel Matos\",\"isPartOf\":{\"@id\":\"https:\/\/www.blogsoestado.com\/danielmatos\/#website\"},\"primaryImageOfPage\":{\"@id\":\"https:\/\/www.blogsoestado.com\/danielmatos\/flavio-dino-tenta-se-promover-com-prisao-de-lula-mas-passa-vexame-nacional-na-sede-da-pf-em-curitiba\/#primaryimage\"},\"image\":{\"@id\":\"https:\/\/www.blogsoestado.com\/danielmatos\/flavio-dino-tenta-se-promover-com-prisao-de-lula-mas-passa-vexame-nacional-na-sede-da-pf-em-curitiba\/#primaryimage\"},\"thumbnailUrl\":\"https:\/\/www.blogsoestado.com\/danielmatos\/files\/2018\/04\/flavio-barrado.png\",\"datePublished\":\"2018-04-11T20:29:08+00:00\",\"author\":{\"@id\":\"\"},\"breadcrumb\":{\"@id\":\"https:\/\/www.blogsoestado.com\/danielmatos\/flavio-dino-tenta-se-promover-com-prisao-de-lula-mas-passa-vexame-nacional-na-sede-da-pf-em-curitiba\/#breadcrumb\"},\"inLanguage\":\"pt-BR\",\"potentialAction\":[{\"@type\":\"ReadAction\",\"target\":[\"https:\/\/www.blogsoestado.com\/danielmatos\/flavio-dino-tenta-se-promover-com-prisao-de-lula-mas-passa-vexame-nacional-na-sede-da-pf-em-curitiba\/\"]}]},{\"@type\":\"ImageObject\",\"inLanguage\":\"pt-BR\",\"@id\":\"https:\/\/www.blogsoestado.com\/danielmatos\/flavio-dino-tenta-se-promover-com-prisao-de-lula-mas-passa-vexame-nacional-na-sede-da-pf-em-curitiba\/#primaryimage\",\"url\":\"https:\/\/www.blogsoestado.com\/danielmatos\/files\/2018\/04\/flavio-barrado.png\",\"contentUrl\":\"https:\/\/www.blogsoestado.com\/danielmatos\/files\/2018\/04\/flavio-barrado.png\"},{\"@type\":\"BreadcrumbList\",\"@id\":\"https:\/\/www.blogsoestado.com\/danielmatos\/flavio-dino-tenta-se-promover-com-prisao-de-lula-mas-passa-vexame-nacional-na-sede-da-pf-em-curitiba\/#breadcrumb\",\"itemListElement\":[{\"@type\":\"ListItem\",\"position\":1,\"name\":\"In\u00edcio\",\"item\":\"https:\/\/www.blogsoestado.com\/danielmatos\/\"},{\"@type\":\"ListItem\",\"position\":2,\"name\":\"Fl\u00e1vio Dino tenta se promover com pris\u00e3o de Lula, mas passa vexame nacional na sede da PF, em Curitiba\"}]},{\"@type\":\"WebSite\",\"@id\":\"https:\/\/www.blogsoestado.com\/danielmatos\/#website\",\"url\":\"https:\/\/www.blogsoestado.com\/danielmatos\/\",\"name\":\"Daniel Matos\",\"description\":\"\",\"potentialAction\":[{\"@type\":\"SearchAction\",\"target\":{\"@type\":\"EntryPoint\",\"urlTemplate\":\"https:\/\/www.blogsoestado.com\/danielmatos\/?s={search_term_string}\"},\"query-input\":{\"@type\":\"PropertyValueSpecification\",\"valueRequired\":true,\"valueName\":\"search_term_string\"}}],\"inLanguage\":\"pt-BR\"}]}<\/script>\n<!-- \/ Yoast SEO plugin. -->","yoast_head_json":{"title":"Fl\u00e1vio Dino tenta se promover com pris\u00e3o de Lula, mas passa vexame nacional na sede da PF, em Curitiba - Daniel Matos","robots":{"index":"index","follow":"follow","max-snippet":"max-snippet:-1","max-image-preview":"max-image-preview:large","max-video-preview":"max-video-preview:-1"},"canonical":"https:\/\/www.blogsoestado.com\/danielmatos\/flavio-dino-tenta-se-promover-com-prisao-de-lula-mas-passa-vexame-nacional-na-sede-da-pf-em-curitiba\/","og_locale":"pt_BR","og_type":"article","og_title":"Fl\u00e1vio Dino tenta se promover com pris\u00e3o de Lula, mas passa vexame nacional na sede da PF, em Curitiba - Daniel Matos","og_description":"N\u00e3o satisfeito ap\u00f3s ter sido ignorado solenemente por Luiz In\u00e1cio Lula da Silva no discurso que o ex-presidente fez antes [&hellip;]","og_url":"https:\/\/www.blogsoestado.com\/danielmatos\/flavio-dino-tenta-se-promover-com-prisao-de-lula-mas-passa-vexame-nacional-na-sede-da-pf-em-curitiba\/","og_site_name":"Daniel Matos","article_published_time":"2018-04-11T20:29:08+00:00","og_image":[{"url":"https:\/\/www.blogsoestado.com\/danielmatos\/files\/2018\/04\/flavio-barrado.png","type":"","width":"","height":""}],"twitter_card":"summary_large_image","twitter_misc":{"Est. tempo de leitura":"2 minutos"},"schema":{"@context":"https:\/\/schema.org","@graph":[{"@type":"WebPage","@id":"https:\/\/www.blogsoestado.com\/danielmatos\/flavio-dino-tenta-se-promover-com-prisao-de-lula-mas-passa-vexame-nacional-na-sede-da-pf-em-curitiba\/","url":"https:\/\/www.blogsoestado.com\/danielmatos\/flavio-dino-tenta-se-promover-com-prisao-de-lula-mas-passa-vexame-nacional-na-sede-da-pf-em-curitiba\/","name":"Fl\u00e1vio Dino tenta se promover com pris\u00e3o de Lula, mas passa vexame nacional na sede da PF, em Curitiba - Daniel Matos","isPartOf":{"@id":"https:\/\/www.blogsoestado.com\/danielmatos\/#website"},"primaryImageOfPage":{"@id":"https:\/\/www.blogsoestado.com\/danielmatos\/flavio-dino-tenta-se-promover-com-prisao-de-lula-mas-passa-vexame-nacional-na-sede-da-pf-em-curitiba\/#primaryimage"},"image":{"@id":"https:\/\/www.blogsoestado.com\/danielmatos\/flavio-dino-tenta-se-promover-com-prisao-de-lula-mas-passa-vexame-nacional-na-sede-da-pf-em-curitiba\/#primaryimage"},"thumbnailUrl":"https:\/\/www.blogsoestado.com\/danielmatos\/files\/2018\/04\/flavio-barrado.png","datePublished":"2018-04-11T20:29:08+00:00","author":{"@id":""},"breadcrumb":{"@id":"https:\/\/www.blogsoestado.com\/danielmatos\/flavio-dino-tenta-se-promover-com-prisao-de-lula-mas-passa-vexame-nacional-na-sede-da-pf-em-curitiba\/#breadcrumb"},"inLanguage":"pt-BR","potentialAction":[{"@type":"ReadAction","target":["https:\/\/www.blogsoestado.com\/danielmatos\/flavio-dino-tenta-se-promover-com-prisao-de-lula-mas-passa-vexame-nacional-na-sede-da-pf-em-curitiba\/"]}]},{"@type":"ImageObject","inLanguage":"pt-BR","@id":"https:\/\/www.blogsoestado.com\/danielmatos\/flavio-dino-tenta-se-promover-com-prisao-de-lula-mas-passa-vexame-nacional-na-sede-da-pf-em-curitiba\/#primaryimage","url":"https:\/\/www.blogsoestado.com\/danielmatos\/files\/2018\/04\/flavio-barrado.png","contentUrl":"https:\/\/www.blogsoestado.com\/danielmatos\/files\/2018\/04\/flavio-barrado.png"},{"@type":"BreadcrumbList","@id":"https:\/\/www.blogsoestado.com\/danielmatos\/flavio-dino-tenta-se-promover-com-prisao-de-lula-mas-passa-vexame-nacional-na-sede-da-pf-em-curitiba\/#breadcrumb","itemListElement":[{"@type":"ListItem","position":1,"name":"In\u00edcio","item":"https:\/\/www.blogsoestado.com\/danielmatos\/"},{"@type":"ListItem","position":2,"name":"Fl\u00e1vio Dino tenta se promover com pris\u00e3o de Lula, mas passa vexame nacional na sede da PF, em Curitiba"}]},{"@type":"WebSite","@id":"https:\/\/www.blogsoestado.com\/danielmatos\/#website","url":"https:\/\/www.blogsoestado.com\/danielmatos\/","name":"Daniel Matos","description":"","potentialAction":[{"@type":"SearchAction","target":{"@type":"EntryPoint","urlTemplate":"https:\/\/www.blogsoestado.com\/danielmatos\/?s={search_term_string}"},"query-input":{"@type":"PropertyValueSpecification","valueRequired":true,"valueName":"search_term_string"}}],"inLanguage":"pt-BR"}]}},"jetpack_featured_media_url":"","_links":{"self":[{"href":"https:\/\/www.blogsoestado.com\/danielmatos\/wp-json\/wp\/v2\/posts\/50332","targetHints":{"allow":["GET"]}}],"collection":[{"href":"https:\/\/www.blogsoestado.com\/danielmatos\/wp-json\/wp\/v2\/posts"}],"about":[{"href":"https:\/\/www.blogsoestado.com\/danielmatos\/wp-json\/wp\/v2\/types\/post"}],"replies":[{"embeddable":true,"href":"https:\/\/www.blogsoestado.com\/danielmatos\/wp-json\/wp\/v2\/comments?post=50332"}],"version-history":[{"count":0,"href":"https:\/\/www.blogsoestado.com\/danielmatos\/wp-json\/wp\/v2\/posts\/50332\/revisions"}],"wp:attachment":[{"href":"https:\/\/www.blogsoestado.com\/danielmatos\/wp-json\/wp\/v2\/media?parent=50332"}],"wp:term":[{"taxonomy":"category","embeddable":true,"href":"https:\/\/www.blogsoestado.com\/danielmatos\/wp-json\/wp\/v2\/categories?post=50332"},{"taxonomy":"post_tag","embeddable":true,"href":"https:\/\/www.blogsoestado.com\/danielmatos\/wp-json\/wp\/v2\/tags?post=50332"}],"curies":[{"name":"wp","href":"https:\/\/api.w.org\/{rel}","templated":true}]}}