{"id":50337,"date":"2018-04-12T09:35:25","date_gmt":"2018-04-12T12:35:25","guid":{"rendered":"https:\/\/www.blogsoestado.com\/danielmatos\/?p=50337"},"modified":"2018-04-12T09:35:25","modified_gmt":"2018-04-12T12:35:25","slug":"previas-do-tributo-2018","status":"publish","type":"post","link":"https:\/\/www.blogsoestado.com\/danielmatos\/previas-do-tributo-2018\/","title":{"rendered":"Pr\u00e9vias do Tributo 2018"},"content":{"rendered":"<p><img fetchpriority=\"high\" decoding=\"async\" class=\"aligncenter size-full wp-image-50338\" src=\"https:\/\/www.blogsoestado.com\/danielmatos\/files\/2018\/04\/forro-marcial.jpg\" alt=\"\" width=\"457\" height=\"640\" \/><\/p>\n<p>O Tributo ao Rei do Bai\u00e3o foi criado com o objetivo de valorizar a m\u00fasica nordestina e, este ano, o evento vai para a 14\u00aa Edi\u00e7\u00e3o, sempre realizado no primeiro s\u00e1bado do m\u00eas de dezembro. Em 2018, j\u00e1 tem data certa: ser\u00e1 no 1\u00ba dia de dezembro. Esse encontro de amigos(as) j\u00e1 \u00e9 conhecido em todo o territ\u00f3rio nacional, at\u00e9 fora do Brasil.<\/p>\n<p>O Tributo se tornou umas das maiores homenagens ao Rei do Bai\u00e3o de todo o pa\u00eds, evento simples, organizado por 16 amigos(as), seguidores(as) da obra do maior cantador do Nordeste, Luiz Gonzaga.<\/p>\n<p>Pelo conhecido Encontro de dezembro, j\u00e1 passaram Fl\u00e1vio Jos\u00e9, Trio Nordestino, Santanna, Os Tr\u00eas do Nordeste, Fagner, Cl\u00e3 Brasil, Cezzinha, Chambinho do Acordeon, Joquinha Gonzaga, L\u00e1zaro do Piau\u00ed, Alcymar Monteiro, Fl\u00e1vio Leandro e os principais grupos do nosso Estado, que se revezam na divulga\u00e7\u00e3o da verdadeira m\u00fasica regional.<\/p>\n<p>Estamos com as pr\u00e9vias do Tributo 2018 quase todas programadas. A primeira foi realizada em janeiro na cidade de Santo Amaro nos Len\u00e7\u00f3is Maranhenses. A pr\u00f3xima ser\u00e1 no dia 13 de abril, a partir das 21 horas, no Espa\u00e7o Nativa Grill, no Turu, em S\u00e3o Lu\u00eds, com o sanfoneiro Genaro, ex-integrante do Trio Nordestino.<\/p>\n<p>Genaro \u00e9 um artista que dispensa coment\u00e1rios. \u00c9 um dos maiores sanfoneiros do Brasil. Nosso desejo \u00e9 reencontrar os amigos(as) nessa pr\u00e9via ser\u00e1 animada e a certeza de uma noitada de muito arrasta-p\u00e9.<\/p>\n<p>Venha participar! Convide todo mundo, juntos, atuamos em defesa da boa m\u00fasica.<\/p>\n<p>Sauda\u00e7\u00f5es gonzaguianas!!!<\/p>\n","protected":false},"excerpt":{"rendered":"<p>O Tributo ao Rei do Bai\u00e3o foi criado com o objetivo de valorizar a m\u00fasica nordestina e, este ano, o [&hellip;]<\/p>\n","protected":false},"author":0,"featured_media":0,"comment_status":"open","ping_status":"open","sticky":false,"template":"","format":"standard","meta":{"site-sidebar-layout":"default","site-content-layout":"","ast-site-content-layout":"default","site-content-style":"default","site-sidebar-style":"default","ast-global-header-display":"","ast-banner-title-visibility":"","ast-main-header-display":"","ast-hfb-above-header-display":"","ast-hfb-below-header-display":"","ast-hfb-mobile-header-display":"","site-post-title":"","ast-breadcrumbs-content":"","ast-featured-img":"","footer-sml-layout":"","ast-disable-related-posts":"","theme-transparent-header-meta":"","adv-header-id-meta":"","stick-header-meta":"","header-above-stick-meta":"","header-main-stick-meta":"","header-below-stick-meta":"","astra-migrate-meta-layouts":"default","ast-page-background-enabled":"default","ast-page-background-meta":{"desktop":{"background-color":"var(--ast-global-color-5)","background-image":"","background-repeat":"repeat","background-position":"center center","background-size":"auto","background-attachment":"scroll","background-type":"","background-media":"","overlay-type":"","overlay-color":"","overlay-opacity":"","overlay-gradient":""},"tablet":{"background-color":"","background-image":"","background-repeat":"repeat","background-position":"center center","background-size":"auto","background-attachment":"scroll","background-type":"","background-media":"","overlay-type":"","overlay-color":"","overlay-opacity":"","overlay-gradient":""},"mobile":{"background-color":"","background-image":"","background-repeat":"repeat","background-position":"center center","background-size":"auto","background-attachment":"scroll","background-type":"","background-media":"","overlay-type":"","overlay-color":"","overlay-opacity":"","overlay-gradient":""}},"ast-content-background-meta":{"desktop":{"background-color":"var(--ast-global-color-4)","background-image":"","background-repeat":"repeat","background-position":"center center","background-size":"auto","background-attachment":"scroll","background-type":"","background-media":"","overlay-type":"","overlay-color":"","overlay-opacity":"","overlay-gradient":""},"tablet":{"background-color":"var(--ast-global-color-4)","background-image":"","background-repeat":"repeat","background-position":"center center","background-size":"auto","background-attachment":"scroll","background-type":"","background-media":"","overlay-type":"","overlay-color":"","overlay-opacity":"","overlay-gradient":""},"mobile":{"background-color":"var(--ast-global-color-4)","background-image":"","background-repeat":"repeat","background-position":"center center","background-size":"auto","background-attachment":"scroll","background-type":"","background-media":"","overlay-type":"","overlay-color":"","overlay-opacity":"","overlay-gradient":""}},"footnotes":""},"categories":[1],"tags":[],"class_list":["post-50337","post","type-post","status-publish","format-standard","hentry","category-sem-categoria"],"yoast_head":"<!-- This site is optimized with the Yoast SEO plugin v26.6 - https:\/\/yoast.com\/wordpress\/plugins\/seo\/ -->\n<title>Pr\u00e9vias do Tributo 2018 - Daniel Matos<\/title>\n<meta name=\"robots\" content=\"index, follow, max-snippet:-1, max-image-preview:large, max-video-preview:-1\" \/>\n<link rel=\"canonical\" href=\"https:\/\/www.blogsoestado.com\/danielmatos\/previas-do-tributo-2018\/\" \/>\n<meta property=\"og:locale\" content=\"pt_BR\" \/>\n<meta property=\"og:type\" content=\"article\" \/>\n<meta property=\"og:title\" content=\"Pr\u00e9vias do Tributo 2018 - Daniel Matos\" \/>\n<meta property=\"og:description\" content=\"O Tributo ao Rei do Bai\u00e3o foi criado com o objetivo de valorizar a m\u00fasica nordestina e, este ano, o [&hellip;]\" \/>\n<meta property=\"og:url\" content=\"https:\/\/www.blogsoestado.com\/danielmatos\/previas-do-tributo-2018\/\" \/>\n<meta property=\"og:site_name\" content=\"Daniel Matos\" \/>\n<meta property=\"article:published_time\" content=\"2018-04-12T12:35:25+00:00\" \/>\n<meta property=\"og:image\" content=\"https:\/\/www.blogsoestado.com\/danielmatos\/files\/2018\/04\/forro-marcial.jpg\" \/>\n<meta name=\"twitter:card\" content=\"summary_large_image\" \/>\n<meta name=\"twitter:label1\" content=\"Est. tempo de leitura\" \/>\n\t<meta name=\"twitter:data1\" content=\"1 minuto\" \/>\n<script type=\"application\/ld+json\" class=\"yoast-schema-graph\">{\"@context\":\"https:\/\/schema.org\",\"@graph\":[{\"@type\":\"WebPage\",\"@id\":\"https:\/\/www.blogsoestado.com\/danielmatos\/previas-do-tributo-2018\/\",\"url\":\"https:\/\/www.blogsoestado.com\/danielmatos\/previas-do-tributo-2018\/\",\"name\":\"Pr\u00e9vias do Tributo 2018 - Daniel Matos\",\"isPartOf\":{\"@id\":\"https:\/\/www.blogsoestado.com\/danielmatos\/#website\"},\"primaryImageOfPage\":{\"@id\":\"https:\/\/www.blogsoestado.com\/danielmatos\/previas-do-tributo-2018\/#primaryimage\"},\"image\":{\"@id\":\"https:\/\/www.blogsoestado.com\/danielmatos\/previas-do-tributo-2018\/#primaryimage\"},\"thumbnailUrl\":\"https:\/\/www.blogsoestado.com\/danielmatos\/files\/2018\/04\/forro-marcial.jpg\",\"datePublished\":\"2018-04-12T12:35:25+00:00\",\"author\":{\"@id\":\"\"},\"breadcrumb\":{\"@id\":\"https:\/\/www.blogsoestado.com\/danielmatos\/previas-do-tributo-2018\/#breadcrumb\"},\"inLanguage\":\"pt-BR\",\"potentialAction\":[{\"@type\":\"ReadAction\",\"target\":[\"https:\/\/www.blogsoestado.com\/danielmatos\/previas-do-tributo-2018\/\"]}]},{\"@type\":\"ImageObject\",\"inLanguage\":\"pt-BR\",\"@id\":\"https:\/\/www.blogsoestado.com\/danielmatos\/previas-do-tributo-2018\/#primaryimage\",\"url\":\"https:\/\/www.blogsoestado.com\/danielmatos\/files\/2018\/04\/forro-marcial.jpg\",\"contentUrl\":\"https:\/\/www.blogsoestado.com\/danielmatos\/files\/2018\/04\/forro-marcial.jpg\"},{\"@type\":\"BreadcrumbList\",\"@id\":\"https:\/\/www.blogsoestado.com\/danielmatos\/previas-do-tributo-2018\/#breadcrumb\",\"itemListElement\":[{\"@type\":\"ListItem\",\"position\":1,\"name\":\"In\u00edcio\",\"item\":\"https:\/\/www.blogsoestado.com\/danielmatos\/\"},{\"@type\":\"ListItem\",\"position\":2,\"name\":\"Pr\u00e9vias do Tributo 2018\"}]},{\"@type\":\"WebSite\",\"@id\":\"https:\/\/www.blogsoestado.com\/danielmatos\/#website\",\"url\":\"https:\/\/www.blogsoestado.com\/danielmatos\/\",\"name\":\"Daniel Matos\",\"description\":\"\",\"potentialAction\":[{\"@type\":\"SearchAction\",\"target\":{\"@type\":\"EntryPoint\",\"urlTemplate\":\"https:\/\/www.blogsoestado.com\/danielmatos\/?s={search_term_string}\"},\"query-input\":{\"@type\":\"PropertyValueSpecification\",\"valueRequired\":true,\"valueName\":\"search_term_string\"}}],\"inLanguage\":\"pt-BR\"}]}<\/script>\n<!-- \/ Yoast SEO plugin. -->","yoast_head_json":{"title":"Pr\u00e9vias do Tributo 2018 - Daniel Matos","robots":{"index":"index","follow":"follow","max-snippet":"max-snippet:-1","max-image-preview":"max-image-preview:large","max-video-preview":"max-video-preview:-1"},"canonical":"https:\/\/www.blogsoestado.com\/danielmatos\/previas-do-tributo-2018\/","og_locale":"pt_BR","og_type":"article","og_title":"Pr\u00e9vias do Tributo 2018 - Daniel Matos","og_description":"O Tributo ao Rei do Bai\u00e3o foi criado com o objetivo de valorizar a m\u00fasica nordestina e, este ano, o [&hellip;]","og_url":"https:\/\/www.blogsoestado.com\/danielmatos\/previas-do-tributo-2018\/","og_site_name":"Daniel Matos","article_published_time":"2018-04-12T12:35:25+00:00","og_image":[{"url":"https:\/\/www.blogsoestado.com\/danielmatos\/files\/2018\/04\/forro-marcial.jpg","type":"","width":"","height":""}],"twitter_card":"summary_large_image","twitter_misc":{"Est. tempo de leitura":"1 minuto"},"schema":{"@context":"https:\/\/schema.org","@graph":[{"@type":"WebPage","@id":"https:\/\/www.blogsoestado.com\/danielmatos\/previas-do-tributo-2018\/","url":"https:\/\/www.blogsoestado.com\/danielmatos\/previas-do-tributo-2018\/","name":"Pr\u00e9vias do Tributo 2018 - Daniel Matos","isPartOf":{"@id":"https:\/\/www.blogsoestado.com\/danielmatos\/#website"},"primaryImageOfPage":{"@id":"https:\/\/www.blogsoestado.com\/danielmatos\/previas-do-tributo-2018\/#primaryimage"},"image":{"@id":"https:\/\/www.blogsoestado.com\/danielmatos\/previas-do-tributo-2018\/#primaryimage"},"thumbnailUrl":"https:\/\/www.blogsoestado.com\/danielmatos\/files\/2018\/04\/forro-marcial.jpg","datePublished":"2018-04-12T12:35:25+00:00","author":{"@id":""},"breadcrumb":{"@id":"https:\/\/www.blogsoestado.com\/danielmatos\/previas-do-tributo-2018\/#breadcrumb"},"inLanguage":"pt-BR","potentialAction":[{"@type":"ReadAction","target":["https:\/\/www.blogsoestado.com\/danielmatos\/previas-do-tributo-2018\/"]}]},{"@type":"ImageObject","inLanguage":"pt-BR","@id":"https:\/\/www.blogsoestado.com\/danielmatos\/previas-do-tributo-2018\/#primaryimage","url":"https:\/\/www.blogsoestado.com\/danielmatos\/files\/2018\/04\/forro-marcial.jpg","contentUrl":"https:\/\/www.blogsoestado.com\/danielmatos\/files\/2018\/04\/forro-marcial.jpg"},{"@type":"BreadcrumbList","@id":"https:\/\/www.blogsoestado.com\/danielmatos\/previas-do-tributo-2018\/#breadcrumb","itemListElement":[{"@type":"ListItem","position":1,"name":"In\u00edcio","item":"https:\/\/www.blogsoestado.com\/danielmatos\/"},{"@type":"ListItem","position":2,"name":"Pr\u00e9vias do Tributo 2018"}]},{"@type":"WebSite","@id":"https:\/\/www.blogsoestado.com\/danielmatos\/#website","url":"https:\/\/www.blogsoestado.com\/danielmatos\/","name":"Daniel Matos","description":"","potentialAction":[{"@type":"SearchAction","target":{"@type":"EntryPoint","urlTemplate":"https:\/\/www.blogsoestado.com\/danielmatos\/?s={search_term_string}"},"query-input":{"@type":"PropertyValueSpecification","valueRequired":true,"valueName":"search_term_string"}}],"inLanguage":"pt-BR"}]}},"jetpack_featured_media_url":"","_links":{"self":[{"href":"https:\/\/www.blogsoestado.com\/danielmatos\/wp-json\/wp\/v2\/posts\/50337","targetHints":{"allow":["GET"]}}],"collection":[{"href":"https:\/\/www.blogsoestado.com\/danielmatos\/wp-json\/wp\/v2\/posts"}],"about":[{"href":"https:\/\/www.blogsoestado.com\/danielmatos\/wp-json\/wp\/v2\/types\/post"}],"replies":[{"embeddable":true,"href":"https:\/\/www.blogsoestado.com\/danielmatos\/wp-json\/wp\/v2\/comments?post=50337"}],"version-history":[{"count":0,"href":"https:\/\/www.blogsoestado.com\/danielmatos\/wp-json\/wp\/v2\/posts\/50337\/revisions"}],"wp:attachment":[{"href":"https:\/\/www.blogsoestado.com\/danielmatos\/wp-json\/wp\/v2\/media?parent=50337"}],"wp:term":[{"taxonomy":"category","embeddable":true,"href":"https:\/\/www.blogsoestado.com\/danielmatos\/wp-json\/wp\/v2\/categories?post=50337"},{"taxonomy":"post_tag","embeddable":true,"href":"https:\/\/www.blogsoestado.com\/danielmatos\/wp-json\/wp\/v2\/tags?post=50337"}],"curies":[{"name":"wp","href":"https:\/\/api.w.org\/{rel}","templated":true}]}}