{"id":50350,"date":"2018-04-12T11:26:31","date_gmt":"2018-04-12T14:26:31","guid":{"rendered":"https:\/\/www.blogsoestado.com\/danielmatos\/?p=50350"},"modified":"2018-04-12T11:26:31","modified_gmt":"2018-04-12T14:26:31","slug":"vereador-cezar-bombeiro-debatera-em-audiencia-publica-sexta-feira-situacao-de-escolas-comunitarias","status":"publish","type":"post","link":"https:\/\/www.blogsoestado.com\/danielmatos\/vereador-cezar-bombeiro-debatera-em-audiencia-publica-sexta-feira-situacao-de-escolas-comunitarias\/","title":{"rendered":"Vereador C\u00e9zar Bombeiro debater\u00e1, em audi\u00eancia p\u00fablica, sexta-feira, situa\u00e7\u00e3o de escolas comunit\u00e1rias"},"content":{"rendered":"<figure id=\"attachment_50351\" aria-describedby=\"caption-attachment-50351\" style=\"width: 481px\" class=\"wp-caption alignleft\"><img fetchpriority=\"high\" decoding=\"async\" class=\"wp-image-50351 size-full\" src=\"https:\/\/www.blogsoestado.com\/danielmatos\/files\/2018\/04\/escolas-comunitarias.jpg\" alt=\"\" width=\"481\" height=\"480\" \/><figcaption id=\"caption-attachment-50351\" class=\"wp-caption-text\">Escolas comunit\u00e1rias carecem de investimentos para funcionar com o m\u00ednimo de dignidade e como parceiras da administra\u00e7\u00e3o p\u00fablica<\/figcaption><\/figure>\n<p>Por iniciativa do vereador C\u00e9zar Bombeiro, a C\u00e2mara Municipal de S\u00e3o Lu\u00eds vai debater nesta sexta-feira em audi\u00eancia p\u00fablica, As Escolas Comunit\u00e1rias de S\u00e3o Lu\u00eds. Elas s\u00e3o respons\u00e1veis pela educa\u00e7\u00e3o infantil em nossa capital ao longo de in\u00fameras d\u00e9cadas, diante da realidade de que o Poder P\u00fablico ainda n\u00e3o conseguiu assumir a sua devida responsabilidade.<\/p>\n<p>S\u00e3o raras as que n\u00e3o enfrentam dificuldades e existem por luta e perseveran\u00e7a de lideran\u00e7as comunit\u00e1rias e abnegados professores com a determina\u00e7\u00e3o e o sonho de oportunizar a que milhares de crian\u00e7as n\u00e3o venham a se tornar adolescentes, jovens e adultos analfabetos. O vereador C\u00e9zar Bombeiro, esteve visitando quase uma centena de escolinhas comunit\u00e1rias e sentiu que elas precisam de importantes apoios para continuar em uma importante miss\u00e3o de proporcionar cidadania a crian\u00e7as e adolescentes.<\/p>\n<p>A realidade \u00e9 que a Prefeitura de S\u00e3o Lu\u00eds vem enfrentando in\u00fameras dificuldades para reformar dezenas de escolas que est\u00e3o fechadas e a popula\u00e7\u00e3o infantil com direitos constitucionais est\u00e3o abrigadas pelas Escolas Comunit\u00e1rias, sendo que algumas chegam a cobrar taxas simb\u00f3licas para a manuten\u00e7\u00e3o dos locais e gratificar colaboradores, diz o vereador.<\/p>\n<figure id=\"attachment_49458\" aria-describedby=\"caption-attachment-49458\" style=\"width: 448px\" class=\"wp-caption alignright\"><img decoding=\"async\" class=\"size-full wp-image-49458\" src=\"https:\/\/www.blogsoestado.com\/danielmatos\/files\/2018\/03\/bombeiro-liberdade.jpg\" alt=\"\" width=\"448\" height=\"336\" \/><figcaption id=\"caption-attachment-49458\" class=\"wp-caption-text\">C\u00e9zar Bombeiro vai fomentar mais um debate relevante para a sociedade ludovicense<\/figcaption><\/figure>\n<p>C\u00e9zar Bombeiro, diz que a iniciativa da audi\u00eancia p\u00fablica n\u00e3o tem objetivo de desnudar uma realidade triste, muito pelo contr\u00e1rio \u00e9 para que haja incentivos com investimentos para que os estabelecimentos comunit\u00e1rios possam funcionar com um m\u00ednimo de dignidade para se tornar parceiros da administra\u00e7\u00e3o municipal, inclusive com orienta\u00e7\u00f5es e acompanhamentos pedag\u00f3gicos, o que ser\u00e1 de fundamental import\u00e2ncia, destaca o l\u00edder do PSD.<\/p>\n<p>Esperamos que na audi\u00eancia p\u00fablica possa despontar entendimentos entre a Secretaria Municipal de Educa\u00e7\u00e3o, o Minist\u00e9rio P\u00fablico da Educa\u00e7\u00e3o, a C\u00e2mara Municipal e os propriet\u00e1rios de escolas comunit\u00e1rias para o funcionamento das pequenas unidades com a orienta\u00e7\u00e3o, acompanhamento e fiscaliza\u00e7\u00e3o do munic\u00edpio, durante o per\u00edodo em que os estabelecimentos da prefeitura passam por reformas, cabendo tamb\u00e9m a responsabilidade do fornecimento da merenda escolar e o material did\u00e1tico, salientou o vereador C\u00e9zar Bombeiro.<\/p>\n","protected":false},"excerpt":{"rendered":"<p>Por iniciativa do vereador C\u00e9zar Bombeiro, a C\u00e2mara Municipal de S\u00e3o Lu\u00eds vai debater nesta sexta-feira em audi\u00eancia p\u00fablica, As [&hellip;]<\/p>\n","protected":false},"author":0,"featured_media":0,"comment_status":"open","ping_status":"open","sticky":false,"template":"","format":"standard","meta":{"site-sidebar-layout":"default","site-content-layout":"","ast-site-content-layout":"default","site-content-style":"default","site-sidebar-style":"default","ast-global-header-display":"","ast-banner-title-visibility":"","ast-main-header-display":"","ast-hfb-above-header-display":"","ast-hfb-below-header-display":"","ast-hfb-mobile-header-display":"","site-post-title":"","ast-breadcrumbs-content":"","ast-featured-img":"","footer-sml-layout":"","ast-disable-related-posts":"","theme-transparent-header-meta":"","adv-header-id-meta":"","stick-header-meta":"","header-above-stick-meta":"","header-main-stick-meta":"","header-below-stick-meta":"","astra-migrate-meta-layouts":"default","ast-page-background-enabled":"default","ast-page-background-meta":{"desktop":{"background-color":"var(--ast-global-color-5)","background-image":"","background-repeat":"repeat","background-position":"center center","background-size":"auto","background-attachment":"scroll","background-type":"","background-media":"","overlay-type":"","overlay-color":"","overlay-opacity":"","overlay-gradient":""},"tablet":{"background-color":"","background-image":"","background-repeat":"repeat","background-position":"center center","background-size":"auto","background-attachment":"scroll","background-type":"","background-media":"","overlay-type":"","overlay-color":"","overlay-opacity":"","overlay-gradient":""},"mobile":{"background-color":"","background-image":"","background-repeat":"repeat","background-position":"center center","background-size":"auto","background-attachment":"scroll","background-type":"","background-media":"","overlay-type":"","overlay-color":"","overlay-opacity":"","overlay-gradient":""}},"ast-content-background-meta":{"desktop":{"background-color":"var(--ast-global-color-4)","background-image":"","background-repeat":"repeat","background-position":"center center","background-size":"auto","background-attachment":"scroll","background-type":"","background-media":"","overlay-type":"","overlay-color":"","overlay-opacity":"","overlay-gradient":""},"tablet":{"background-color":"var(--ast-global-color-4)","background-image":"","background-repeat":"repeat","background-position":"center center","background-size":"auto","background-attachment":"scroll","background-type":"","background-media":"","overlay-type":"","overlay-color":"","overlay-opacity":"","overlay-gradient":""},"mobile":{"background-color":"var(--ast-global-color-4)","background-image":"","background-repeat":"repeat","background-position":"center center","background-size":"auto","background-attachment":"scroll","background-type":"","background-media":"","overlay-type":"","overlay-color":"","overlay-opacity":"","overlay-gradient":""}},"footnotes":""},"categories":[1],"tags":[],"class_list":["post-50350","post","type-post","status-publish","format-standard","hentry","category-sem-categoria"],"yoast_head":"<!-- This site is optimized with the Yoast SEO plugin v26.6 - https:\/\/yoast.com\/wordpress\/plugins\/seo\/ -->\n<title>Vereador C\u00e9zar Bombeiro debater\u00e1, em audi\u00eancia p\u00fablica, sexta-feira, situa\u00e7\u00e3o de escolas comunit\u00e1rias - Daniel Matos<\/title>\n<meta name=\"robots\" content=\"index, follow, max-snippet:-1, max-image-preview:large, max-video-preview:-1\" \/>\n<link rel=\"canonical\" href=\"https:\/\/www.blogsoestado.com\/danielmatos\/vereador-cezar-bombeiro-debatera-em-audiencia-publica-sexta-feira-situacao-de-escolas-comunitarias\/\" \/>\n<meta property=\"og:locale\" content=\"pt_BR\" \/>\n<meta property=\"og:type\" content=\"article\" \/>\n<meta property=\"og:title\" content=\"Vereador C\u00e9zar Bombeiro debater\u00e1, em audi\u00eancia p\u00fablica, sexta-feira, situa\u00e7\u00e3o de escolas comunit\u00e1rias - Daniel Matos\" \/>\n<meta property=\"og:description\" content=\"Por iniciativa do vereador C\u00e9zar Bombeiro, a C\u00e2mara Municipal de S\u00e3o Lu\u00eds vai debater nesta sexta-feira em audi\u00eancia p\u00fablica, As [&hellip;]\" \/>\n<meta property=\"og:url\" content=\"https:\/\/www.blogsoestado.com\/danielmatos\/vereador-cezar-bombeiro-debatera-em-audiencia-publica-sexta-feira-situacao-de-escolas-comunitarias\/\" \/>\n<meta property=\"og:site_name\" content=\"Daniel Matos\" \/>\n<meta property=\"article:published_time\" content=\"2018-04-12T14:26:31+00:00\" \/>\n<meta property=\"og:image\" content=\"https:\/\/www.blogsoestado.com\/danielmatos\/files\/2018\/04\/escolas-comunitarias.jpg\" \/>\n<meta name=\"twitter:card\" content=\"summary_large_image\" \/>\n<meta name=\"twitter:label1\" content=\"Est. tempo de leitura\" \/>\n\t<meta name=\"twitter:data1\" content=\"2 minutos\" \/>\n<script type=\"application\/ld+json\" class=\"yoast-schema-graph\">{\"@context\":\"https:\/\/schema.org\",\"@graph\":[{\"@type\":\"WebPage\",\"@id\":\"https:\/\/www.blogsoestado.com\/danielmatos\/vereador-cezar-bombeiro-debatera-em-audiencia-publica-sexta-feira-situacao-de-escolas-comunitarias\/\",\"url\":\"https:\/\/www.blogsoestado.com\/danielmatos\/vereador-cezar-bombeiro-debatera-em-audiencia-publica-sexta-feira-situacao-de-escolas-comunitarias\/\",\"name\":\"Vereador C\u00e9zar Bombeiro debater\u00e1, em audi\u00eancia p\u00fablica, sexta-feira, situa\u00e7\u00e3o de escolas comunit\u00e1rias - Daniel Matos\",\"isPartOf\":{\"@id\":\"https:\/\/www.blogsoestado.com\/danielmatos\/#website\"},\"primaryImageOfPage\":{\"@id\":\"https:\/\/www.blogsoestado.com\/danielmatos\/vereador-cezar-bombeiro-debatera-em-audiencia-publica-sexta-feira-situacao-de-escolas-comunitarias\/#primaryimage\"},\"image\":{\"@id\":\"https:\/\/www.blogsoestado.com\/danielmatos\/vereador-cezar-bombeiro-debatera-em-audiencia-publica-sexta-feira-situacao-de-escolas-comunitarias\/#primaryimage\"},\"thumbnailUrl\":\"https:\/\/www.blogsoestado.com\/danielmatos\/files\/2018\/04\/escolas-comunitarias.jpg\",\"datePublished\":\"2018-04-12T14:26:31+00:00\",\"author\":{\"@id\":\"\"},\"breadcrumb\":{\"@id\":\"https:\/\/www.blogsoestado.com\/danielmatos\/vereador-cezar-bombeiro-debatera-em-audiencia-publica-sexta-feira-situacao-de-escolas-comunitarias\/#breadcrumb\"},\"inLanguage\":\"pt-BR\",\"potentialAction\":[{\"@type\":\"ReadAction\",\"target\":[\"https:\/\/www.blogsoestado.com\/danielmatos\/vereador-cezar-bombeiro-debatera-em-audiencia-publica-sexta-feira-situacao-de-escolas-comunitarias\/\"]}]},{\"@type\":\"ImageObject\",\"inLanguage\":\"pt-BR\",\"@id\":\"https:\/\/www.blogsoestado.com\/danielmatos\/vereador-cezar-bombeiro-debatera-em-audiencia-publica-sexta-feira-situacao-de-escolas-comunitarias\/#primaryimage\",\"url\":\"https:\/\/www.blogsoestado.com\/danielmatos\/files\/2018\/04\/escolas-comunitarias.jpg\",\"contentUrl\":\"https:\/\/www.blogsoestado.com\/danielmatos\/files\/2018\/04\/escolas-comunitarias.jpg\"},{\"@type\":\"BreadcrumbList\",\"@id\":\"https:\/\/www.blogsoestado.com\/danielmatos\/vereador-cezar-bombeiro-debatera-em-audiencia-publica-sexta-feira-situacao-de-escolas-comunitarias\/#breadcrumb\",\"itemListElement\":[{\"@type\":\"ListItem\",\"position\":1,\"name\":\"In\u00edcio\",\"item\":\"https:\/\/www.blogsoestado.com\/danielmatos\/\"},{\"@type\":\"ListItem\",\"position\":2,\"name\":\"Vereador C\u00e9zar Bombeiro debater\u00e1, em audi\u00eancia p\u00fablica, sexta-feira, situa\u00e7\u00e3o de escolas comunit\u00e1rias\"}]},{\"@type\":\"WebSite\",\"@id\":\"https:\/\/www.blogsoestado.com\/danielmatos\/#website\",\"url\":\"https:\/\/www.blogsoestado.com\/danielmatos\/\",\"name\":\"Daniel Matos\",\"description\":\"\",\"potentialAction\":[{\"@type\":\"SearchAction\",\"target\":{\"@type\":\"EntryPoint\",\"urlTemplate\":\"https:\/\/www.blogsoestado.com\/danielmatos\/?s={search_term_string}\"},\"query-input\":{\"@type\":\"PropertyValueSpecification\",\"valueRequired\":true,\"valueName\":\"search_term_string\"}}],\"inLanguage\":\"pt-BR\"}]}<\/script>\n<!-- \/ Yoast SEO plugin. -->","yoast_head_json":{"title":"Vereador C\u00e9zar Bombeiro debater\u00e1, em audi\u00eancia p\u00fablica, sexta-feira, situa\u00e7\u00e3o de escolas comunit\u00e1rias - Daniel Matos","robots":{"index":"index","follow":"follow","max-snippet":"max-snippet:-1","max-image-preview":"max-image-preview:large","max-video-preview":"max-video-preview:-1"},"canonical":"https:\/\/www.blogsoestado.com\/danielmatos\/vereador-cezar-bombeiro-debatera-em-audiencia-publica-sexta-feira-situacao-de-escolas-comunitarias\/","og_locale":"pt_BR","og_type":"article","og_title":"Vereador C\u00e9zar Bombeiro debater\u00e1, em audi\u00eancia p\u00fablica, sexta-feira, situa\u00e7\u00e3o de escolas comunit\u00e1rias - Daniel Matos","og_description":"Por iniciativa do vereador C\u00e9zar Bombeiro, a C\u00e2mara Municipal de S\u00e3o Lu\u00eds vai debater nesta sexta-feira em audi\u00eancia p\u00fablica, As [&hellip;]","og_url":"https:\/\/www.blogsoestado.com\/danielmatos\/vereador-cezar-bombeiro-debatera-em-audiencia-publica-sexta-feira-situacao-de-escolas-comunitarias\/","og_site_name":"Daniel Matos","article_published_time":"2018-04-12T14:26:31+00:00","og_image":[{"url":"https:\/\/www.blogsoestado.com\/danielmatos\/files\/2018\/04\/escolas-comunitarias.jpg","type":"","width":"","height":""}],"twitter_card":"summary_large_image","twitter_misc":{"Est. tempo de leitura":"2 minutos"},"schema":{"@context":"https:\/\/schema.org","@graph":[{"@type":"WebPage","@id":"https:\/\/www.blogsoestado.com\/danielmatos\/vereador-cezar-bombeiro-debatera-em-audiencia-publica-sexta-feira-situacao-de-escolas-comunitarias\/","url":"https:\/\/www.blogsoestado.com\/danielmatos\/vereador-cezar-bombeiro-debatera-em-audiencia-publica-sexta-feira-situacao-de-escolas-comunitarias\/","name":"Vereador C\u00e9zar Bombeiro debater\u00e1, em audi\u00eancia p\u00fablica, sexta-feira, situa\u00e7\u00e3o de escolas comunit\u00e1rias - Daniel Matos","isPartOf":{"@id":"https:\/\/www.blogsoestado.com\/danielmatos\/#website"},"primaryImageOfPage":{"@id":"https:\/\/www.blogsoestado.com\/danielmatos\/vereador-cezar-bombeiro-debatera-em-audiencia-publica-sexta-feira-situacao-de-escolas-comunitarias\/#primaryimage"},"image":{"@id":"https:\/\/www.blogsoestado.com\/danielmatos\/vereador-cezar-bombeiro-debatera-em-audiencia-publica-sexta-feira-situacao-de-escolas-comunitarias\/#primaryimage"},"thumbnailUrl":"https:\/\/www.blogsoestado.com\/danielmatos\/files\/2018\/04\/escolas-comunitarias.jpg","datePublished":"2018-04-12T14:26:31+00:00","author":{"@id":""},"breadcrumb":{"@id":"https:\/\/www.blogsoestado.com\/danielmatos\/vereador-cezar-bombeiro-debatera-em-audiencia-publica-sexta-feira-situacao-de-escolas-comunitarias\/#breadcrumb"},"inLanguage":"pt-BR","potentialAction":[{"@type":"ReadAction","target":["https:\/\/www.blogsoestado.com\/danielmatos\/vereador-cezar-bombeiro-debatera-em-audiencia-publica-sexta-feira-situacao-de-escolas-comunitarias\/"]}]},{"@type":"ImageObject","inLanguage":"pt-BR","@id":"https:\/\/www.blogsoestado.com\/danielmatos\/vereador-cezar-bombeiro-debatera-em-audiencia-publica-sexta-feira-situacao-de-escolas-comunitarias\/#primaryimage","url":"https:\/\/www.blogsoestado.com\/danielmatos\/files\/2018\/04\/escolas-comunitarias.jpg","contentUrl":"https:\/\/www.blogsoestado.com\/danielmatos\/files\/2018\/04\/escolas-comunitarias.jpg"},{"@type":"BreadcrumbList","@id":"https:\/\/www.blogsoestado.com\/danielmatos\/vereador-cezar-bombeiro-debatera-em-audiencia-publica-sexta-feira-situacao-de-escolas-comunitarias\/#breadcrumb","itemListElement":[{"@type":"ListItem","position":1,"name":"In\u00edcio","item":"https:\/\/www.blogsoestado.com\/danielmatos\/"},{"@type":"ListItem","position":2,"name":"Vereador C\u00e9zar Bombeiro debater\u00e1, em audi\u00eancia p\u00fablica, sexta-feira, situa\u00e7\u00e3o de escolas comunit\u00e1rias"}]},{"@type":"WebSite","@id":"https:\/\/www.blogsoestado.com\/danielmatos\/#website","url":"https:\/\/www.blogsoestado.com\/danielmatos\/","name":"Daniel Matos","description":"","potentialAction":[{"@type":"SearchAction","target":{"@type":"EntryPoint","urlTemplate":"https:\/\/www.blogsoestado.com\/danielmatos\/?s={search_term_string}"},"query-input":{"@type":"PropertyValueSpecification","valueRequired":true,"valueName":"search_term_string"}}],"inLanguage":"pt-BR"}]}},"jetpack_featured_media_url":"","_links":{"self":[{"href":"https:\/\/www.blogsoestado.com\/danielmatos\/wp-json\/wp\/v2\/posts\/50350","targetHints":{"allow":["GET"]}}],"collection":[{"href":"https:\/\/www.blogsoestado.com\/danielmatos\/wp-json\/wp\/v2\/posts"}],"about":[{"href":"https:\/\/www.blogsoestado.com\/danielmatos\/wp-json\/wp\/v2\/types\/post"}],"replies":[{"embeddable":true,"href":"https:\/\/www.blogsoestado.com\/danielmatos\/wp-json\/wp\/v2\/comments?post=50350"}],"version-history":[{"count":0,"href":"https:\/\/www.blogsoestado.com\/danielmatos\/wp-json\/wp\/v2\/posts\/50350\/revisions"}],"wp:attachment":[{"href":"https:\/\/www.blogsoestado.com\/danielmatos\/wp-json\/wp\/v2\/media?parent=50350"}],"wp:term":[{"taxonomy":"category","embeddable":true,"href":"https:\/\/www.blogsoestado.com\/danielmatos\/wp-json\/wp\/v2\/categories?post=50350"},{"taxonomy":"post_tag","embeddable":true,"href":"https:\/\/www.blogsoestado.com\/danielmatos\/wp-json\/wp\/v2\/tags?post=50350"}],"curies":[{"name":"wp","href":"https:\/\/api.w.org\/{rel}","templated":true}]}}