{"id":50354,"date":"2018-04-12T12:43:57","date_gmt":"2018-04-12T15:43:57","guid":{"rendered":"https:\/\/www.blogsoestado.com\/danielmatos\/?p=50354"},"modified":"2018-04-12T12:43:57","modified_gmt":"2018-04-12T15:43:57","slug":"vereador-marquinhos-inspeciona-obra-no-polo-turu-executada-gracas-requerimento-de-sua-autoria","status":"publish","type":"post","link":"https:\/\/www.blogsoestado.com\/danielmatos\/vereador-marquinhos-inspeciona-obra-no-polo-turu-executada-gracas-requerimento-de-sua-autoria\/","title":{"rendered":"Vereador Marquinhos inspeciona obra no polo Turu, executada gra\u00e7as a requerimento de sua autoria"},"content":{"rendered":"<figure id=\"attachment_50355\" aria-describedby=\"caption-attachment-50355\" style=\"width: 640px\" class=\"wp-caption aligncenter\"><img fetchpriority=\"high\" decoding=\"async\" class=\"size-full wp-image-50355\" src=\"https:\/\/www.blogsoestado.com\/danielmatos\/files\/2018\/04\/marquinhos-inspeciona2.jpg\" alt=\"\" width=\"640\" height=\"480\" \/><figcaption id=\"caption-attachment-50355\" class=\"wp-caption-text\">Vereador Marquinhos acompanhou in loco andamento das obras de drenagem na Avenida Brasil<\/figcaption><\/figure>\n<p>O vereador Ant\u00f4nio Marcos Silva, o Marquinhos (DEM), inspecionou, nessa quarta-feira (11), a obra de recupera\u00e7\u00e3o da Avenida Brasil, na Divineia, principal via comercial da grande regi\u00e3o do Turu, formada por bairros como Divineia, Sol e Mar, Vila Luiz\u00e3o, Planalto Turu e diversas outras localidades. Os servi\u00e7os compreendem a instala\u00e7\u00e3o de uma rede de drenagem para permitir o escoamento da \u00e1gua da chuva e evitar que a via fique inundada, prejudicando a mobilidade e representando risco de acidentes a motoristas e pedestres.<\/p>\n<figure id=\"attachment_50356\" aria-describedby=\"caption-attachment-50356\" style=\"width: 640px\" class=\"wp-caption aligncenter\"><img decoding=\"async\" class=\"size-full wp-image-50356\" src=\"https:\/\/www.blogsoestado.com\/danielmatos\/files\/2018\/04\/marquinhos-inspeciona.jpg\" alt=\"\" width=\"640\" height=\"480\" \/><figcaption id=\"caption-attachment-50356\" class=\"wp-caption-text\">Autor de requerimento que resultou na obra, Marquinhos foi ver de perto o resultado da sua luta pela comunidade<\/figcaption><\/figure>\n<p>A interven\u00e7\u00e3o est\u00e1 sendo executada pela Prefeitura de S\u00e3o Lu\u00eds, em atendimento a um requerimento de Marquinhos. Antes do in\u00edcio da obra, o vereador visitou a Avenida Brasil, acompanhado do secret\u00e1rio municipal de Obras e Servi\u00e7os P\u00fablicos, Ant\u00f4nio Ara\u00fajo, que verificou <em>in loco <\/em>as condi\u00e7\u00f5es prec\u00e1rias da via.<\/p>\n<p>Marquinhos lembra que na Avenida Brasil existe a Feira do Mangueir\u00e3o, que a cada fim de semana recebe cerca de\u00a030 mil pessoas. &#8220;A Feira do Mangueir\u00e3o gera centenas de empregos e estava sendo prejudicada pelo p\u00e9ssimo estado da avenida. Eu, com muito esfor\u00e7o, convenci a prefeitura a aprovar o meu requerimento e realizar essa importante obra para a comunidade&#8221;, relatou o representante do parlamento municipal.<\/p>\n<p><strong>A obra<\/strong><\/p>\n<figure id=\"attachment_50357\" aria-describedby=\"caption-attachment-50357\" style=\"width: 640px\" class=\"wp-caption aligncenter\"><img decoding=\"async\" class=\"size-full wp-image-50357\" src=\"https:\/\/www.blogsoestado.com\/danielmatos\/files\/2018\/04\/marquinhos-inspeciona3.jpg\" alt=\"\" width=\"640\" height=\"480\" \/><figcaption id=\"caption-attachment-50357\" class=\"wp-caption-text\">Marquinhos conversa com populares sobre a import\u00e2ncia da obra para a comunidade do polo Turu<\/figcaption><\/figure>\n<p>A obra consiste na instala\u00e7\u00e3o de cinco passagens d&#8217;\u00e1gua de concreto armado (conhecidas como bocas de lobo), de modo a evitar alagamentos. Ap\u00f3s o per\u00edodo chuvoso, mais precisamente entre os meses de junho e julho, est\u00e1 previsto o recapeamento da Avenida Brasil, que come\u00e7a na Avenida Planalto, no Planalto Turu, e se estende at\u00e9 a Avenida dos Holandeses, pr\u00f3ximo ao retorno da churrascaria O Berro.<\/p>\n<p>Marquinhos frisa que recebe sucessivas cobran\u00e7as da popula\u00e7\u00e3o para que intervenha por melhorias na avenida, pois o povo acha que um vereador tem o poder para executar obras, quando, na verdade, \u00e9 uma atribui\u00e7\u00e3o da prefeitura. &#8220;Estou fiscalizando de perto o andamento dos servi\u00e7os, cumprindo minha obriga\u00e7\u00e3o, o meu papel de vereador da comunidade, da regi\u00e3o&#8221;, afirma.<\/p>\n<figure id=\"attachment_50358\" aria-describedby=\"caption-attachment-50358\" style=\"width: 640px\" class=\"wp-caption aligncenter\"><img loading=\"lazy\" decoding=\"async\" class=\"size-full wp-image-50358\" src=\"https:\/\/www.blogsoestado.com\/danielmatos\/files\/2018\/04\/marquinhos-inspeciona4.jpg\" alt=\"\" width=\"640\" height=\"480\" \/><figcaption id=\"caption-attachment-50358\" class=\"wp-caption-text\">Marquinhos foi alvo de agradecimento de morador, em nome de toda a popula\u00e7\u00e3o da regi\u00e3o<\/figcaption><\/figure>\n<p>Ainda segundo Marquinhos, as a\u00e7\u00f5es de infraestrutura da administra\u00e7\u00e3o municipal abrangem outras vias da regi\u00e3o, como a Avenida Planalto, que j\u00e1 recebeu melhorias. &#8220;Tamb\u00e9m receber\u00e3o obras de drenagem a Avenida Argentina e na Avenida do Sol e Mar&#8221;, informa o vereador.<\/p>\n","protected":false},"excerpt":{"rendered":"<p>O vereador Ant\u00f4nio Marcos Silva, o Marquinhos (DEM), inspecionou, nessa quarta-feira (11), a obra de recupera\u00e7\u00e3o da Avenida Brasil, na [&hellip;]<\/p>\n","protected":false},"author":0,"featured_media":0,"comment_status":"open","ping_status":"open","sticky":false,"template":"","format":"standard","meta":{"site-sidebar-layout":"default","site-content-layout":"","ast-site-content-layout":"default","site-content-style":"default","site-sidebar-style":"default","ast-global-header-display":"","ast-banner-title-visibility":"","ast-main-header-display":"","ast-hfb-above-header-display":"","ast-hfb-below-header-display":"","ast-hfb-mobile-header-display":"","site-post-title":"","ast-breadcrumbs-content":"","ast-featured-img":"","footer-sml-layout":"","ast-disable-related-posts":"","theme-transparent-header-meta":"","adv-header-id-meta":"","stick-header-meta":"","header-above-stick-meta":"","header-main-stick-meta":"","header-below-stick-meta":"","astra-migrate-meta-layouts":"default","ast-page-background-enabled":"default","ast-page-background-meta":{"desktop":{"background-color":"var(--ast-global-color-5)","background-image":"","background-repeat":"repeat","background-position":"center center","background-size":"auto","background-attachment":"scroll","background-type":"","background-media":"","overlay-type":"","overlay-color":"","overlay-opacity":"","overlay-gradient":""},"tablet":{"background-color":"","background-image":"","background-repeat":"repeat","background-position":"center center","background-size":"auto","background-attachment":"scroll","background-type":"","background-media":"","overlay-type":"","overlay-color":"","overlay-opacity":"","overlay-gradient":""},"mobile":{"background-color":"","background-image":"","background-repeat":"repeat","background-position":"center center","background-size":"auto","background-attachment":"scroll","background-type":"","background-media":"","overlay-type":"","overlay-color":"","overlay-opacity":"","overlay-gradient":""}},"ast-content-background-meta":{"desktop":{"background-color":"var(--ast-global-color-4)","background-image":"","background-repeat":"repeat","background-position":"center center","background-size":"auto","background-attachment":"scroll","background-type":"","background-media":"","overlay-type":"","overlay-color":"","overlay-opacity":"","overlay-gradient":""},"tablet":{"background-color":"var(--ast-global-color-4)","background-image":"","background-repeat":"repeat","background-position":"center center","background-size":"auto","background-attachment":"scroll","background-type":"","background-media":"","overlay-type":"","overlay-color":"","overlay-opacity":"","overlay-gradient":""},"mobile":{"background-color":"var(--ast-global-color-4)","background-image":"","background-repeat":"repeat","background-position":"center center","background-size":"auto","background-attachment":"scroll","background-type":"","background-media":"","overlay-type":"","overlay-color":"","overlay-opacity":"","overlay-gradient":""}},"footnotes":""},"categories":[1],"tags":[],"class_list":["post-50354","post","type-post","status-publish","format-standard","hentry","category-sem-categoria"],"yoast_head":"<!-- This site is optimized with the Yoast SEO plugin v26.6 - https:\/\/yoast.com\/wordpress\/plugins\/seo\/ -->\n<title>Vereador Marquinhos inspeciona obra no polo Turu, executada gra\u00e7as a requerimento de sua autoria - Daniel Matos<\/title>\n<meta name=\"robots\" content=\"index, follow, max-snippet:-1, max-image-preview:large, max-video-preview:-1\" \/>\n<link rel=\"canonical\" href=\"https:\/\/www.blogsoestado.com\/danielmatos\/vereador-marquinhos-inspeciona-obra-no-polo-turu-executada-gracas-requerimento-de-sua-autoria\/\" \/>\n<meta property=\"og:locale\" content=\"pt_BR\" \/>\n<meta property=\"og:type\" content=\"article\" \/>\n<meta property=\"og:title\" content=\"Vereador Marquinhos inspeciona obra no polo Turu, executada gra\u00e7as a requerimento de sua autoria - Daniel Matos\" \/>\n<meta property=\"og:description\" content=\"O vereador Ant\u00f4nio Marcos Silva, o Marquinhos (DEM), inspecionou, nessa quarta-feira (11), a obra de recupera\u00e7\u00e3o da Avenida Brasil, na [&hellip;]\" \/>\n<meta property=\"og:url\" content=\"https:\/\/www.blogsoestado.com\/danielmatos\/vereador-marquinhos-inspeciona-obra-no-polo-turu-executada-gracas-requerimento-de-sua-autoria\/\" \/>\n<meta property=\"og:site_name\" content=\"Daniel Matos\" \/>\n<meta property=\"article:published_time\" content=\"2018-04-12T15:43:57+00:00\" \/>\n<meta property=\"og:image\" content=\"https:\/\/www.blogsoestado.com\/danielmatos\/files\/2018\/04\/marquinhos-inspeciona2.jpg\" \/>\n<meta name=\"twitter:card\" content=\"summary_large_image\" \/>\n<meta name=\"twitter:label1\" content=\"Est. tempo de leitura\" \/>\n\t<meta name=\"twitter:data1\" content=\"2 minutos\" \/>\n<script type=\"application\/ld+json\" class=\"yoast-schema-graph\">{\"@context\":\"https:\/\/schema.org\",\"@graph\":[{\"@type\":\"WebPage\",\"@id\":\"https:\/\/www.blogsoestado.com\/danielmatos\/vereador-marquinhos-inspeciona-obra-no-polo-turu-executada-gracas-requerimento-de-sua-autoria\/\",\"url\":\"https:\/\/www.blogsoestado.com\/danielmatos\/vereador-marquinhos-inspeciona-obra-no-polo-turu-executada-gracas-requerimento-de-sua-autoria\/\",\"name\":\"Vereador Marquinhos inspeciona obra no polo Turu, executada gra\u00e7as a requerimento de sua autoria - Daniel Matos\",\"isPartOf\":{\"@id\":\"https:\/\/www.blogsoestado.com\/danielmatos\/#website\"},\"primaryImageOfPage\":{\"@id\":\"https:\/\/www.blogsoestado.com\/danielmatos\/vereador-marquinhos-inspeciona-obra-no-polo-turu-executada-gracas-requerimento-de-sua-autoria\/#primaryimage\"},\"image\":{\"@id\":\"https:\/\/www.blogsoestado.com\/danielmatos\/vereador-marquinhos-inspeciona-obra-no-polo-turu-executada-gracas-requerimento-de-sua-autoria\/#primaryimage\"},\"thumbnailUrl\":\"https:\/\/www.blogsoestado.com\/danielmatos\/files\/2018\/04\/marquinhos-inspeciona2.jpg\",\"datePublished\":\"2018-04-12T15:43:57+00:00\",\"author\":{\"@id\":\"\"},\"breadcrumb\":{\"@id\":\"https:\/\/www.blogsoestado.com\/danielmatos\/vereador-marquinhos-inspeciona-obra-no-polo-turu-executada-gracas-requerimento-de-sua-autoria\/#breadcrumb\"},\"inLanguage\":\"pt-BR\",\"potentialAction\":[{\"@type\":\"ReadAction\",\"target\":[\"https:\/\/www.blogsoestado.com\/danielmatos\/vereador-marquinhos-inspeciona-obra-no-polo-turu-executada-gracas-requerimento-de-sua-autoria\/\"]}]},{\"@type\":\"ImageObject\",\"inLanguage\":\"pt-BR\",\"@id\":\"https:\/\/www.blogsoestado.com\/danielmatos\/vereador-marquinhos-inspeciona-obra-no-polo-turu-executada-gracas-requerimento-de-sua-autoria\/#primaryimage\",\"url\":\"https:\/\/www.blogsoestado.com\/danielmatos\/files\/2018\/04\/marquinhos-inspeciona2.jpg\",\"contentUrl\":\"https:\/\/www.blogsoestado.com\/danielmatos\/files\/2018\/04\/marquinhos-inspeciona2.jpg\"},{\"@type\":\"BreadcrumbList\",\"@id\":\"https:\/\/www.blogsoestado.com\/danielmatos\/vereador-marquinhos-inspeciona-obra-no-polo-turu-executada-gracas-requerimento-de-sua-autoria\/#breadcrumb\",\"itemListElement\":[{\"@type\":\"ListItem\",\"position\":1,\"name\":\"In\u00edcio\",\"item\":\"https:\/\/www.blogsoestado.com\/danielmatos\/\"},{\"@type\":\"ListItem\",\"position\":2,\"name\":\"Vereador Marquinhos inspeciona obra no polo Turu, executada gra\u00e7as a requerimento de sua autoria\"}]},{\"@type\":\"WebSite\",\"@id\":\"https:\/\/www.blogsoestado.com\/danielmatos\/#website\",\"url\":\"https:\/\/www.blogsoestado.com\/danielmatos\/\",\"name\":\"Daniel Matos\",\"description\":\"\",\"potentialAction\":[{\"@type\":\"SearchAction\",\"target\":{\"@type\":\"EntryPoint\",\"urlTemplate\":\"https:\/\/www.blogsoestado.com\/danielmatos\/?s={search_term_string}\"},\"query-input\":{\"@type\":\"PropertyValueSpecification\",\"valueRequired\":true,\"valueName\":\"search_term_string\"}}],\"inLanguage\":\"pt-BR\"}]}<\/script>\n<!-- \/ Yoast SEO plugin. -->","yoast_head_json":{"title":"Vereador Marquinhos inspeciona obra no polo Turu, executada gra\u00e7as a requerimento de sua autoria - Daniel Matos","robots":{"index":"index","follow":"follow","max-snippet":"max-snippet:-1","max-image-preview":"max-image-preview:large","max-video-preview":"max-video-preview:-1"},"canonical":"https:\/\/www.blogsoestado.com\/danielmatos\/vereador-marquinhos-inspeciona-obra-no-polo-turu-executada-gracas-requerimento-de-sua-autoria\/","og_locale":"pt_BR","og_type":"article","og_title":"Vereador Marquinhos inspeciona obra no polo Turu, executada gra\u00e7as a requerimento de sua autoria - Daniel Matos","og_description":"O vereador Ant\u00f4nio Marcos Silva, o Marquinhos (DEM), inspecionou, nessa quarta-feira (11), a obra de recupera\u00e7\u00e3o da Avenida Brasil, na [&hellip;]","og_url":"https:\/\/www.blogsoestado.com\/danielmatos\/vereador-marquinhos-inspeciona-obra-no-polo-turu-executada-gracas-requerimento-de-sua-autoria\/","og_site_name":"Daniel Matos","article_published_time":"2018-04-12T15:43:57+00:00","og_image":[{"url":"https:\/\/www.blogsoestado.com\/danielmatos\/files\/2018\/04\/marquinhos-inspeciona2.jpg","type":"","width":"","height":""}],"twitter_card":"summary_large_image","twitter_misc":{"Est. tempo de leitura":"2 minutos"},"schema":{"@context":"https:\/\/schema.org","@graph":[{"@type":"WebPage","@id":"https:\/\/www.blogsoestado.com\/danielmatos\/vereador-marquinhos-inspeciona-obra-no-polo-turu-executada-gracas-requerimento-de-sua-autoria\/","url":"https:\/\/www.blogsoestado.com\/danielmatos\/vereador-marquinhos-inspeciona-obra-no-polo-turu-executada-gracas-requerimento-de-sua-autoria\/","name":"Vereador Marquinhos inspeciona obra no polo Turu, executada gra\u00e7as a requerimento de sua autoria - Daniel Matos","isPartOf":{"@id":"https:\/\/www.blogsoestado.com\/danielmatos\/#website"},"primaryImageOfPage":{"@id":"https:\/\/www.blogsoestado.com\/danielmatos\/vereador-marquinhos-inspeciona-obra-no-polo-turu-executada-gracas-requerimento-de-sua-autoria\/#primaryimage"},"image":{"@id":"https:\/\/www.blogsoestado.com\/danielmatos\/vereador-marquinhos-inspeciona-obra-no-polo-turu-executada-gracas-requerimento-de-sua-autoria\/#primaryimage"},"thumbnailUrl":"https:\/\/www.blogsoestado.com\/danielmatos\/files\/2018\/04\/marquinhos-inspeciona2.jpg","datePublished":"2018-04-12T15:43:57+00:00","author":{"@id":""},"breadcrumb":{"@id":"https:\/\/www.blogsoestado.com\/danielmatos\/vereador-marquinhos-inspeciona-obra-no-polo-turu-executada-gracas-requerimento-de-sua-autoria\/#breadcrumb"},"inLanguage":"pt-BR","potentialAction":[{"@type":"ReadAction","target":["https:\/\/www.blogsoestado.com\/danielmatos\/vereador-marquinhos-inspeciona-obra-no-polo-turu-executada-gracas-requerimento-de-sua-autoria\/"]}]},{"@type":"ImageObject","inLanguage":"pt-BR","@id":"https:\/\/www.blogsoestado.com\/danielmatos\/vereador-marquinhos-inspeciona-obra-no-polo-turu-executada-gracas-requerimento-de-sua-autoria\/#primaryimage","url":"https:\/\/www.blogsoestado.com\/danielmatos\/files\/2018\/04\/marquinhos-inspeciona2.jpg","contentUrl":"https:\/\/www.blogsoestado.com\/danielmatos\/files\/2018\/04\/marquinhos-inspeciona2.jpg"},{"@type":"BreadcrumbList","@id":"https:\/\/www.blogsoestado.com\/danielmatos\/vereador-marquinhos-inspeciona-obra-no-polo-turu-executada-gracas-requerimento-de-sua-autoria\/#breadcrumb","itemListElement":[{"@type":"ListItem","position":1,"name":"In\u00edcio","item":"https:\/\/www.blogsoestado.com\/danielmatos\/"},{"@type":"ListItem","position":2,"name":"Vereador Marquinhos inspeciona obra no polo Turu, executada gra\u00e7as a requerimento de sua autoria"}]},{"@type":"WebSite","@id":"https:\/\/www.blogsoestado.com\/danielmatos\/#website","url":"https:\/\/www.blogsoestado.com\/danielmatos\/","name":"Daniel Matos","description":"","potentialAction":[{"@type":"SearchAction","target":{"@type":"EntryPoint","urlTemplate":"https:\/\/www.blogsoestado.com\/danielmatos\/?s={search_term_string}"},"query-input":{"@type":"PropertyValueSpecification","valueRequired":true,"valueName":"search_term_string"}}],"inLanguage":"pt-BR"}]}},"jetpack_featured_media_url":"","_links":{"self":[{"href":"https:\/\/www.blogsoestado.com\/danielmatos\/wp-json\/wp\/v2\/posts\/50354","targetHints":{"allow":["GET"]}}],"collection":[{"href":"https:\/\/www.blogsoestado.com\/danielmatos\/wp-json\/wp\/v2\/posts"}],"about":[{"href":"https:\/\/www.blogsoestado.com\/danielmatos\/wp-json\/wp\/v2\/types\/post"}],"replies":[{"embeddable":true,"href":"https:\/\/www.blogsoestado.com\/danielmatos\/wp-json\/wp\/v2\/comments?post=50354"}],"version-history":[{"count":0,"href":"https:\/\/www.blogsoestado.com\/danielmatos\/wp-json\/wp\/v2\/posts\/50354\/revisions"}],"wp:attachment":[{"href":"https:\/\/www.blogsoestado.com\/danielmatos\/wp-json\/wp\/v2\/media?parent=50354"}],"wp:term":[{"taxonomy":"category","embeddable":true,"href":"https:\/\/www.blogsoestado.com\/danielmatos\/wp-json\/wp\/v2\/categories?post=50354"},{"taxonomy":"post_tag","embeddable":true,"href":"https:\/\/www.blogsoestado.com\/danielmatos\/wp-json\/wp\/v2\/tags?post=50354"}],"curies":[{"name":"wp","href":"https:\/\/api.w.org\/{rel}","templated":true}]}}