{"id":50360,"date":"2018-04-12T15:19:16","date_gmt":"2018-04-12T18:19:16","guid":{"rendered":"https:\/\/www.blogsoestado.com\/danielmatos\/?p=50360"},"modified":"2018-04-12T15:19:16","modified_gmt":"2018-04-12T18:19:16","slug":"andrea-murad-quer-provas-sobre-custeio-da-viagem-politica-de-flavio-dino-curitiba","status":"publish","type":"post","link":"https:\/\/www.blogsoestado.com\/danielmatos\/andrea-murad-quer-provas-sobre-custeio-da-viagem-politica-de-flavio-dino-curitiba\/","title":{"rendered":"Andrea Murad quer provas sobre custeio da viagem pol\u00edtica de Fl\u00e1vio Dino a Curitiba"},"content":{"rendered":"<figure id=\"attachment_50361\" aria-describedby=\"caption-attachment-50361\" style=\"width: 448px\" class=\"wp-caption alignleft\"><img fetchpriority=\"high\" decoding=\"async\" class=\"size-full wp-image-50361\" src=\"https:\/\/www.blogsoestado.com\/danielmatos\/files\/2018\/04\/andrea-questiona.jpg\" alt=\"\" width=\"448\" height=\"299\" \/><figcaption id=\"caption-attachment-50361\" class=\"wp-caption-text\">Andrea disse que Flavio Dino precisa prestar informa\u00e7\u00f5es \u00e0 Assembleia sobre como foram pagas as despesas de sua viagem \u00e0 capital paranaense<\/figcaption><\/figure>\n<p>A deputada Andrea Murad protocolou nesta manh\u00e3, na Mesa Diretora da Assembleia Legislativa, um requerimento para que o governador Fl\u00e1vio Dino preste informa\u00e7\u00f5es sobre os gastos da viagem para Curitiba, quando foi integrar a comitiva de governadores em visita ao ex-presidente Lula.<\/p>\n<p>\u201cO governador precisa prestar informa\u00e7\u00f5es a esta casa sobre como foram pagas as despesas de sua viagem para Curitiba e apresentar os comprovantes. Sabemos que a sua agenda n\u00e3o foi de objetivo estatal, foi pessoal e pol\u00edtico, e h\u00e1 fortes ind\u00edcios de que teria usado meios de transporte e recursos custeados pelo estado para cumprir uma agenda que n\u00e3o tem nada a ver com o governo do Maranh\u00e3o\u201d, alega Andrea.<\/p>\n<p>A SECAP informou para alguns ve\u00edculos que o governador Fl\u00e1vio Dino utilizou recursos pr\u00f3prios para a viagem \u00e0 Curitiba, onde foi barrado pela justi\u00e7a de visitar o ex-presidente. Por\u00e9m, o \u00f3rg\u00e3o n\u00e3o apresentou provas.<\/p>\n<p>\u201cApesar da secretaria de comunica\u00e7\u00e3o ter enviado para alguns \u00f3rg\u00e3os da imprensa que a viagem \u2018foi paga com recursos pr\u00f3prios\u2019, a SECAP n\u00e3o apresentou qualquer comprovante e o governador, t\u00e3o ativo nas redes sociais, quando questionado, manteve sil\u00eancio sobre o assunto. Se realmente tivesse sa\u00eddo do pr\u00f3prio bolso, j\u00e1 teria twittado o comprovante de pagamento do seu voo para Curitiba\u201d, disse a deputada.<\/p>\n","protected":false},"excerpt":{"rendered":"<p>A deputada Andrea Murad protocolou nesta manh\u00e3, na Mesa Diretora da Assembleia Legislativa, um requerimento para que o governador Fl\u00e1vio [&hellip;]<\/p>\n","protected":false},"author":0,"featured_media":0,"comment_status":"open","ping_status":"open","sticky":false,"template":"","format":"standard","meta":{"site-sidebar-layout":"default","site-content-layout":"","ast-site-content-layout":"default","site-content-style":"default","site-sidebar-style":"default","ast-global-header-display":"","ast-banner-title-visibility":"","ast-main-header-display":"","ast-hfb-above-header-display":"","ast-hfb-below-header-display":"","ast-hfb-mobile-header-display":"","site-post-title":"","ast-breadcrumbs-content":"","ast-featured-img":"","footer-sml-layout":"","ast-disable-related-posts":"","theme-transparent-header-meta":"","adv-header-id-meta":"","stick-header-meta":"","header-above-stick-meta":"","header-main-stick-meta":"","header-below-stick-meta":"","astra-migrate-meta-layouts":"default","ast-page-background-enabled":"default","ast-page-background-meta":{"desktop":{"background-color":"var(--ast-global-color-5)","background-image":"","background-repeat":"repeat","background-position":"center center","background-size":"auto","background-attachment":"scroll","background-type":"","background-media":"","overlay-type":"","overlay-color":"","overlay-opacity":"","overlay-gradient":""},"tablet":{"background-color":"","background-image":"","background-repeat":"repeat","background-position":"center center","background-size":"auto","background-attachment":"scroll","background-type":"","background-media":"","overlay-type":"","overlay-color":"","overlay-opacity":"","overlay-gradient":""},"mobile":{"background-color":"","background-image":"","background-repeat":"repeat","background-position":"center center","background-size":"auto","background-attachment":"scroll","background-type":"","background-media":"","overlay-type":"","overlay-color":"","overlay-opacity":"","overlay-gradient":""}},"ast-content-background-meta":{"desktop":{"background-color":"var(--ast-global-color-4)","background-image":"","background-repeat":"repeat","background-position":"center center","background-size":"auto","background-attachment":"scroll","background-type":"","background-media":"","overlay-type":"","overlay-color":"","overlay-opacity":"","overlay-gradient":""},"tablet":{"background-color":"var(--ast-global-color-4)","background-image":"","background-repeat":"repeat","background-position":"center center","background-size":"auto","background-attachment":"scroll","background-type":"","background-media":"","overlay-type":"","overlay-color":"","overlay-opacity":"","overlay-gradient":""},"mobile":{"background-color":"var(--ast-global-color-4)","background-image":"","background-repeat":"repeat","background-position":"center center","background-size":"auto","background-attachment":"scroll","background-type":"","background-media":"","overlay-type":"","overlay-color":"","overlay-opacity":"","overlay-gradient":""}},"footnotes":""},"categories":[1],"tags":[],"class_list":["post-50360","post","type-post","status-publish","format-standard","hentry","category-sem-categoria"],"yoast_head":"<!-- This site is optimized with the Yoast SEO plugin v26.6 - https:\/\/yoast.com\/wordpress\/plugins\/seo\/ -->\n<title>Andrea Murad quer provas sobre custeio da viagem pol\u00edtica de Fl\u00e1vio Dino a Curitiba - Daniel Matos<\/title>\n<meta name=\"robots\" content=\"index, follow, max-snippet:-1, max-image-preview:large, max-video-preview:-1\" \/>\n<link rel=\"canonical\" href=\"https:\/\/www.blogsoestado.com\/danielmatos\/andrea-murad-quer-provas-sobre-custeio-da-viagem-politica-de-flavio-dino-curitiba\/\" \/>\n<meta property=\"og:locale\" content=\"pt_BR\" \/>\n<meta property=\"og:type\" content=\"article\" \/>\n<meta property=\"og:title\" content=\"Andrea Murad quer provas sobre custeio da viagem pol\u00edtica de Fl\u00e1vio Dino a Curitiba - Daniel Matos\" \/>\n<meta property=\"og:description\" content=\"A deputada Andrea Murad protocolou nesta manh\u00e3, na Mesa Diretora da Assembleia Legislativa, um requerimento para que o governador Fl\u00e1vio [&hellip;]\" \/>\n<meta property=\"og:url\" content=\"https:\/\/www.blogsoestado.com\/danielmatos\/andrea-murad-quer-provas-sobre-custeio-da-viagem-politica-de-flavio-dino-curitiba\/\" \/>\n<meta property=\"og:site_name\" content=\"Daniel Matos\" \/>\n<meta property=\"article:published_time\" content=\"2018-04-12T18:19:16+00:00\" \/>\n<meta property=\"og:image\" content=\"https:\/\/www.blogsoestado.com\/danielmatos\/files\/2018\/04\/andrea-questiona.jpg\" \/>\n<meta name=\"twitter:card\" content=\"summary_large_image\" \/>\n<meta name=\"twitter:label1\" content=\"Est. tempo de leitura\" \/>\n\t<meta name=\"twitter:data1\" content=\"1 minuto\" \/>\n<script type=\"application\/ld+json\" class=\"yoast-schema-graph\">{\"@context\":\"https:\/\/schema.org\",\"@graph\":[{\"@type\":\"WebPage\",\"@id\":\"https:\/\/www.blogsoestado.com\/danielmatos\/andrea-murad-quer-provas-sobre-custeio-da-viagem-politica-de-flavio-dino-curitiba\/\",\"url\":\"https:\/\/www.blogsoestado.com\/danielmatos\/andrea-murad-quer-provas-sobre-custeio-da-viagem-politica-de-flavio-dino-curitiba\/\",\"name\":\"Andrea Murad quer provas sobre custeio da viagem pol\u00edtica de Fl\u00e1vio Dino a Curitiba - Daniel Matos\",\"isPartOf\":{\"@id\":\"https:\/\/www.blogsoestado.com\/danielmatos\/#website\"},\"primaryImageOfPage\":{\"@id\":\"https:\/\/www.blogsoestado.com\/danielmatos\/andrea-murad-quer-provas-sobre-custeio-da-viagem-politica-de-flavio-dino-curitiba\/#primaryimage\"},\"image\":{\"@id\":\"https:\/\/www.blogsoestado.com\/danielmatos\/andrea-murad-quer-provas-sobre-custeio-da-viagem-politica-de-flavio-dino-curitiba\/#primaryimage\"},\"thumbnailUrl\":\"https:\/\/www.blogsoestado.com\/danielmatos\/files\/2018\/04\/andrea-questiona.jpg\",\"datePublished\":\"2018-04-12T18:19:16+00:00\",\"author\":{\"@id\":\"\"},\"breadcrumb\":{\"@id\":\"https:\/\/www.blogsoestado.com\/danielmatos\/andrea-murad-quer-provas-sobre-custeio-da-viagem-politica-de-flavio-dino-curitiba\/#breadcrumb\"},\"inLanguage\":\"pt-BR\",\"potentialAction\":[{\"@type\":\"ReadAction\",\"target\":[\"https:\/\/www.blogsoestado.com\/danielmatos\/andrea-murad-quer-provas-sobre-custeio-da-viagem-politica-de-flavio-dino-curitiba\/\"]}]},{\"@type\":\"ImageObject\",\"inLanguage\":\"pt-BR\",\"@id\":\"https:\/\/www.blogsoestado.com\/danielmatos\/andrea-murad-quer-provas-sobre-custeio-da-viagem-politica-de-flavio-dino-curitiba\/#primaryimage\",\"url\":\"https:\/\/www.blogsoestado.com\/danielmatos\/files\/2018\/04\/andrea-questiona.jpg\",\"contentUrl\":\"https:\/\/www.blogsoestado.com\/danielmatos\/files\/2018\/04\/andrea-questiona.jpg\"},{\"@type\":\"BreadcrumbList\",\"@id\":\"https:\/\/www.blogsoestado.com\/danielmatos\/andrea-murad-quer-provas-sobre-custeio-da-viagem-politica-de-flavio-dino-curitiba\/#breadcrumb\",\"itemListElement\":[{\"@type\":\"ListItem\",\"position\":1,\"name\":\"In\u00edcio\",\"item\":\"https:\/\/www.blogsoestado.com\/danielmatos\/\"},{\"@type\":\"ListItem\",\"position\":2,\"name\":\"Andrea Murad quer provas sobre custeio da viagem pol\u00edtica de Fl\u00e1vio Dino a Curitiba\"}]},{\"@type\":\"WebSite\",\"@id\":\"https:\/\/www.blogsoestado.com\/danielmatos\/#website\",\"url\":\"https:\/\/www.blogsoestado.com\/danielmatos\/\",\"name\":\"Daniel Matos\",\"description\":\"\",\"potentialAction\":[{\"@type\":\"SearchAction\",\"target\":{\"@type\":\"EntryPoint\",\"urlTemplate\":\"https:\/\/www.blogsoestado.com\/danielmatos\/?s={search_term_string}\"},\"query-input\":{\"@type\":\"PropertyValueSpecification\",\"valueRequired\":true,\"valueName\":\"search_term_string\"}}],\"inLanguage\":\"pt-BR\"}]}<\/script>\n<!-- \/ Yoast SEO plugin. -->","yoast_head_json":{"title":"Andrea Murad quer provas sobre custeio da viagem pol\u00edtica de Fl\u00e1vio Dino a Curitiba - Daniel Matos","robots":{"index":"index","follow":"follow","max-snippet":"max-snippet:-1","max-image-preview":"max-image-preview:large","max-video-preview":"max-video-preview:-1"},"canonical":"https:\/\/www.blogsoestado.com\/danielmatos\/andrea-murad-quer-provas-sobre-custeio-da-viagem-politica-de-flavio-dino-curitiba\/","og_locale":"pt_BR","og_type":"article","og_title":"Andrea Murad quer provas sobre custeio da viagem pol\u00edtica de Fl\u00e1vio Dino a Curitiba - Daniel Matos","og_description":"A deputada Andrea Murad protocolou nesta manh\u00e3, na Mesa Diretora da Assembleia Legislativa, um requerimento para que o governador Fl\u00e1vio [&hellip;]","og_url":"https:\/\/www.blogsoestado.com\/danielmatos\/andrea-murad-quer-provas-sobre-custeio-da-viagem-politica-de-flavio-dino-curitiba\/","og_site_name":"Daniel Matos","article_published_time":"2018-04-12T18:19:16+00:00","og_image":[{"url":"https:\/\/www.blogsoestado.com\/danielmatos\/files\/2018\/04\/andrea-questiona.jpg","type":"","width":"","height":""}],"twitter_card":"summary_large_image","twitter_misc":{"Est. tempo de leitura":"1 minuto"},"schema":{"@context":"https:\/\/schema.org","@graph":[{"@type":"WebPage","@id":"https:\/\/www.blogsoestado.com\/danielmatos\/andrea-murad-quer-provas-sobre-custeio-da-viagem-politica-de-flavio-dino-curitiba\/","url":"https:\/\/www.blogsoestado.com\/danielmatos\/andrea-murad-quer-provas-sobre-custeio-da-viagem-politica-de-flavio-dino-curitiba\/","name":"Andrea Murad quer provas sobre custeio da viagem pol\u00edtica de Fl\u00e1vio Dino a Curitiba - Daniel Matos","isPartOf":{"@id":"https:\/\/www.blogsoestado.com\/danielmatos\/#website"},"primaryImageOfPage":{"@id":"https:\/\/www.blogsoestado.com\/danielmatos\/andrea-murad-quer-provas-sobre-custeio-da-viagem-politica-de-flavio-dino-curitiba\/#primaryimage"},"image":{"@id":"https:\/\/www.blogsoestado.com\/danielmatos\/andrea-murad-quer-provas-sobre-custeio-da-viagem-politica-de-flavio-dino-curitiba\/#primaryimage"},"thumbnailUrl":"https:\/\/www.blogsoestado.com\/danielmatos\/files\/2018\/04\/andrea-questiona.jpg","datePublished":"2018-04-12T18:19:16+00:00","author":{"@id":""},"breadcrumb":{"@id":"https:\/\/www.blogsoestado.com\/danielmatos\/andrea-murad-quer-provas-sobre-custeio-da-viagem-politica-de-flavio-dino-curitiba\/#breadcrumb"},"inLanguage":"pt-BR","potentialAction":[{"@type":"ReadAction","target":["https:\/\/www.blogsoestado.com\/danielmatos\/andrea-murad-quer-provas-sobre-custeio-da-viagem-politica-de-flavio-dino-curitiba\/"]}]},{"@type":"ImageObject","inLanguage":"pt-BR","@id":"https:\/\/www.blogsoestado.com\/danielmatos\/andrea-murad-quer-provas-sobre-custeio-da-viagem-politica-de-flavio-dino-curitiba\/#primaryimage","url":"https:\/\/www.blogsoestado.com\/danielmatos\/files\/2018\/04\/andrea-questiona.jpg","contentUrl":"https:\/\/www.blogsoestado.com\/danielmatos\/files\/2018\/04\/andrea-questiona.jpg"},{"@type":"BreadcrumbList","@id":"https:\/\/www.blogsoestado.com\/danielmatos\/andrea-murad-quer-provas-sobre-custeio-da-viagem-politica-de-flavio-dino-curitiba\/#breadcrumb","itemListElement":[{"@type":"ListItem","position":1,"name":"In\u00edcio","item":"https:\/\/www.blogsoestado.com\/danielmatos\/"},{"@type":"ListItem","position":2,"name":"Andrea Murad quer provas sobre custeio da viagem pol\u00edtica de Fl\u00e1vio Dino a Curitiba"}]},{"@type":"WebSite","@id":"https:\/\/www.blogsoestado.com\/danielmatos\/#website","url":"https:\/\/www.blogsoestado.com\/danielmatos\/","name":"Daniel Matos","description":"","potentialAction":[{"@type":"SearchAction","target":{"@type":"EntryPoint","urlTemplate":"https:\/\/www.blogsoestado.com\/danielmatos\/?s={search_term_string}"},"query-input":{"@type":"PropertyValueSpecification","valueRequired":true,"valueName":"search_term_string"}}],"inLanguage":"pt-BR"}]}},"jetpack_featured_media_url":"","_links":{"self":[{"href":"https:\/\/www.blogsoestado.com\/danielmatos\/wp-json\/wp\/v2\/posts\/50360","targetHints":{"allow":["GET"]}}],"collection":[{"href":"https:\/\/www.blogsoestado.com\/danielmatos\/wp-json\/wp\/v2\/posts"}],"about":[{"href":"https:\/\/www.blogsoestado.com\/danielmatos\/wp-json\/wp\/v2\/types\/post"}],"replies":[{"embeddable":true,"href":"https:\/\/www.blogsoestado.com\/danielmatos\/wp-json\/wp\/v2\/comments?post=50360"}],"version-history":[{"count":0,"href":"https:\/\/www.blogsoestado.com\/danielmatos\/wp-json\/wp\/v2\/posts\/50360\/revisions"}],"wp:attachment":[{"href":"https:\/\/www.blogsoestado.com\/danielmatos\/wp-json\/wp\/v2\/media?parent=50360"}],"wp:term":[{"taxonomy":"category","embeddable":true,"href":"https:\/\/www.blogsoestado.com\/danielmatos\/wp-json\/wp\/v2\/categories?post=50360"},{"taxonomy":"post_tag","embeddable":true,"href":"https:\/\/www.blogsoestado.com\/danielmatos\/wp-json\/wp\/v2\/tags?post=50360"}],"curies":[{"name":"wp","href":"https:\/\/api.w.org\/{rel}","templated":true}]}}