{"id":50365,"date":"2018-04-12T15:28:32","date_gmt":"2018-04-12T18:28:32","guid":{"rendered":"https:\/\/www.blogsoestado.com\/danielmatos\/?p=50365"},"modified":"2018-04-12T15:28:32","modified_gmt":"2018-04-12T18:28:32","slug":"famem-governo-e-defesa-civil-tracam-estrategias-para-socorrer-municipios-alagados","status":"publish","type":"post","link":"https:\/\/www.blogsoestado.com\/danielmatos\/famem-governo-e-defesa-civil-tracam-estrategias-para-socorrer-municipios-alagados\/","title":{"rendered":"FAMEM, Governo e Defesa Civil tra\u00e7am estrat\u00e9gias para socorrer munic\u00edpios alagados"},"content":{"rendered":"<figure id=\"attachment_50366\" aria-describedby=\"caption-attachment-50366\" style=\"width: 640px\" class=\"wp-caption aligncenter\"><img fetchpriority=\"high\" decoding=\"async\" class=\"size-full wp-image-50366\" src=\"https:\/\/www.blogsoestado.com\/danielmatos\/files\/2018\/04\/famem-enchentes.jpg\" alt=\"\" width=\"640\" height=\"424\" \/><figcaption id=\"caption-attachment-50366\" class=\"wp-caption-text\">Cleomar Tema sugeriu que seus colegas prefeitos adotem as medidas necess\u00e1rias para a decreta\u00e7\u00e3o do estado de emerg\u00eancia<\/figcaption><\/figure>\n<p>O presidente da Federa\u00e7\u00e3o dos Munic\u00edpios do Estado do Maranh\u00e3o (FAMEM), prefeito Cleomar Tema, coordenou, nesta quinta-feira (12), uma reuni\u00e3o de emerg\u00eancia envolvendo o secret\u00e1rio de Articula\u00e7\u00e3o Pol\u00edtica e Comunica\u00e7\u00e3o do Estado, Ednaldo Neves, o coordenador adjunto da Defesa Civil do Estado, major Jairon Moura; e diversos prefeitos, cujas cidades est\u00e3o sendo fustigadas pelas chuvas.<\/p>\n<p>Logo na abertura da reuni\u00e3o, Cleomar Tema deu como exemplo da calamidade a pr\u00f3pria cidade que administra, Tuntum. \u201cNosso munic\u00edpio passa por uma situa\u00e7\u00e3o delicada. Num per\u00edodo de 10 horas, choveu o equivalente a um m\u00eas, provocando o transbordamento do riacho que d\u00e1 nome \u00e0 cidade e deixando um rastro de problemas, com algo em torno de 400 fam\u00edlias desabrigadas afirmou.<\/p>\n<p>O dirigente municipalista sugeriu que seus colegas prefeitos adotem as medidas necess\u00e1rias para a decreta\u00e7\u00e3o do estado de emerg\u00eancia, identificando n\u00famero de desabrigados, pr\u00e9dios p\u00fablicos e privados danificados e que recorram de imediato \u00e0 Defesa Civil.<\/p>\n<p>Secret\u00e1rio adjunto de Articula\u00e7\u00e3o Civil e diretor-executivo da FAMEM, Geraldo Nascimento, mostrou a necessidade de que os prefeitos sejam r\u00e1pidos em suas a\u00e7\u00f5es, para que o socorro por parte do governo estadual seja o mais r\u00e1pido poss\u00edvel.<\/p>\n<p>O diretor-geral da FAMEM, Gild\u00e1sio \u00c2ngelo ressaltou que parte da bancada federal em Bras\u00edlia est\u00e1 mobilizada junto ao governo federal, na busca de ajuda aos munic\u00edpios maranhenses.<\/p>\n<p>O secret\u00e1rio Ednaldo Neves destacou que o governo Fl\u00e1vio Dino est\u00e1 sens\u00edvel ao drama das popula\u00e7\u00f5es que est\u00e3o sofrendo com as cheias, mas ponderou ser necess\u00e1rio que os prefeitos ajam com a m\u00e1xima urg\u00eancia no encaminhamento dos documentos adequados para a decreta\u00e7\u00e3o do estado de emerg\u00eancia.<\/p>\n<p>Por sua vez, o coordenador adjunto da Defesa Civil, Major Jairon, fez uma explana\u00e7\u00e3o t\u00e9cnica a respeito do decreto emergencial, ressaltando que com uma modifica\u00e7\u00e3o na lei da emerg\u00eancia, agora os munic\u00edpios \u00e9 que d\u00e3o os passos iniciais quando de qualquer ocorr\u00eancia desastrosa.<\/p>\n<p>Ele apresentou o modelo do decreto de emerg\u00eancia (o mesmo est\u00e1 dispon\u00edvel no www.famem.org.br) , que est\u00e1 sendo entregue a todos os prefeitos para que eles possam estabelecer a emerg\u00eancia em situa\u00e7\u00e3o que isso seja necess\u00e1rio, para evitar problemas de cunho burocr\u00e1tico.<\/p>\n<p>Os prefeitos Chico Freitas, de Lagoa Grande, Dr. Cristino, de Araioses, e Sidrack, de Morros, fizeram relatos de suas cidades em decorr\u00eancia das chuvas. De acordo com Chico Freitas, seu munic\u00edpio enfrente problemas de estradas vicinais quase intrafeg\u00e1veis e uma ponte que est\u00e1 prestes a ruir, enquanto Sidrack destacou que as ruas e estradas de Morros est\u00e3o praticamente bloqueadas.<\/p>\n<p>Araioses enfrenta uma situa\u00e7\u00e3o mais delicada, uma vez que v\u00e1rias ilhas dos munic\u00edpios est\u00e3o alagadas e com seus moradores sem poderem sair de casa. \u201c\u00c9 uma verdadeira cat\u00e1strofe\u201d, disse o prefeito Dr. Cristino.<\/p>\n","protected":false},"excerpt":{"rendered":"<p>O presidente da Federa\u00e7\u00e3o dos Munic\u00edpios do Estado do Maranh\u00e3o (FAMEM), prefeito Cleomar Tema, coordenou, nesta quinta-feira (12), uma reuni\u00e3o [&hellip;]<\/p>\n","protected":false},"author":0,"featured_media":0,"comment_status":"open","ping_status":"open","sticky":false,"template":"","format":"standard","meta":{"site-sidebar-layout":"default","site-content-layout":"","ast-site-content-layout":"default","site-content-style":"default","site-sidebar-style":"default","ast-global-header-display":"","ast-banner-title-visibility":"","ast-main-header-display":"","ast-hfb-above-header-display":"","ast-hfb-below-header-display":"","ast-hfb-mobile-header-display":"","site-post-title":"","ast-breadcrumbs-content":"","ast-featured-img":"","footer-sml-layout":"","ast-disable-related-posts":"","theme-transparent-header-meta":"","adv-header-id-meta":"","stick-header-meta":"","header-above-stick-meta":"","header-main-stick-meta":"","header-below-stick-meta":"","astra-migrate-meta-layouts":"default","ast-page-background-enabled":"default","ast-page-background-meta":{"desktop":{"background-color":"var(--ast-global-color-5)","background-image":"","background-repeat":"repeat","background-position":"center center","background-size":"auto","background-attachment":"scroll","background-type":"","background-media":"","overlay-type":"","overlay-color":"","overlay-opacity":"","overlay-gradient":""},"tablet":{"background-color":"","background-image":"","background-repeat":"repeat","background-position":"center center","background-size":"auto","background-attachment":"scroll","background-type":"","background-media":"","overlay-type":"","overlay-color":"","overlay-opacity":"","overlay-gradient":""},"mobile":{"background-color":"","background-image":"","background-repeat":"repeat","background-position":"center center","background-size":"auto","background-attachment":"scroll","background-type":"","background-media":"","overlay-type":"","overlay-color":"","overlay-opacity":"","overlay-gradient":""}},"ast-content-background-meta":{"desktop":{"background-color":"var(--ast-global-color-4)","background-image":"","background-repeat":"repeat","background-position":"center center","background-size":"auto","background-attachment":"scroll","background-type":"","background-media":"","overlay-type":"","overlay-color":"","overlay-opacity":"","overlay-gradient":""},"tablet":{"background-color":"var(--ast-global-color-4)","background-image":"","background-repeat":"repeat","background-position":"center center","background-size":"auto","background-attachment":"scroll","background-type":"","background-media":"","overlay-type":"","overlay-color":"","overlay-opacity":"","overlay-gradient":""},"mobile":{"background-color":"var(--ast-global-color-4)","background-image":"","background-repeat":"repeat","background-position":"center center","background-size":"auto","background-attachment":"scroll","background-type":"","background-media":"","overlay-type":"","overlay-color":"","overlay-opacity":"","overlay-gradient":""}},"footnotes":""},"categories":[1],"tags":[],"class_list":["post-50365","post","type-post","status-publish","format-standard","hentry","category-sem-categoria"],"yoast_head":"<!-- This site is optimized with the Yoast SEO plugin v26.6 - https:\/\/yoast.com\/wordpress\/plugins\/seo\/ -->\n<title>FAMEM, Governo e Defesa Civil tra\u00e7am estrat\u00e9gias para socorrer munic\u00edpios alagados - Daniel Matos<\/title>\n<meta name=\"robots\" content=\"index, follow, max-snippet:-1, max-image-preview:large, max-video-preview:-1\" \/>\n<link rel=\"canonical\" href=\"https:\/\/www.blogsoestado.com\/danielmatos\/famem-governo-e-defesa-civil-tracam-estrategias-para-socorrer-municipios-alagados\/\" \/>\n<meta property=\"og:locale\" content=\"pt_BR\" \/>\n<meta property=\"og:type\" content=\"article\" \/>\n<meta property=\"og:title\" content=\"FAMEM, Governo e Defesa Civil tra\u00e7am estrat\u00e9gias para socorrer munic\u00edpios alagados - Daniel Matos\" \/>\n<meta property=\"og:description\" content=\"O presidente da Federa\u00e7\u00e3o dos Munic\u00edpios do Estado do Maranh\u00e3o (FAMEM), prefeito Cleomar Tema, coordenou, nesta quinta-feira (12), uma reuni\u00e3o [&hellip;]\" \/>\n<meta property=\"og:url\" content=\"https:\/\/www.blogsoestado.com\/danielmatos\/famem-governo-e-defesa-civil-tracam-estrategias-para-socorrer-municipios-alagados\/\" \/>\n<meta property=\"og:site_name\" content=\"Daniel Matos\" \/>\n<meta property=\"article:published_time\" content=\"2018-04-12T18:28:32+00:00\" \/>\n<meta property=\"og:image\" content=\"https:\/\/www.blogsoestado.com\/danielmatos\/files\/2018\/04\/famem-enchentes.jpg\" \/>\n<meta name=\"twitter:card\" content=\"summary_large_image\" \/>\n<meta name=\"twitter:label1\" content=\"Est. tempo de leitura\" \/>\n\t<meta name=\"twitter:data1\" content=\"3 minutos\" \/>\n<script type=\"application\/ld+json\" class=\"yoast-schema-graph\">{\"@context\":\"https:\/\/schema.org\",\"@graph\":[{\"@type\":\"WebPage\",\"@id\":\"https:\/\/www.blogsoestado.com\/danielmatos\/famem-governo-e-defesa-civil-tracam-estrategias-para-socorrer-municipios-alagados\/\",\"url\":\"https:\/\/www.blogsoestado.com\/danielmatos\/famem-governo-e-defesa-civil-tracam-estrategias-para-socorrer-municipios-alagados\/\",\"name\":\"FAMEM, Governo e Defesa Civil tra\u00e7am estrat\u00e9gias para socorrer munic\u00edpios alagados - Daniel Matos\",\"isPartOf\":{\"@id\":\"https:\/\/www.blogsoestado.com\/danielmatos\/#website\"},\"primaryImageOfPage\":{\"@id\":\"https:\/\/www.blogsoestado.com\/danielmatos\/famem-governo-e-defesa-civil-tracam-estrategias-para-socorrer-municipios-alagados\/#primaryimage\"},\"image\":{\"@id\":\"https:\/\/www.blogsoestado.com\/danielmatos\/famem-governo-e-defesa-civil-tracam-estrategias-para-socorrer-municipios-alagados\/#primaryimage\"},\"thumbnailUrl\":\"https:\/\/www.blogsoestado.com\/danielmatos\/files\/2018\/04\/famem-enchentes.jpg\",\"datePublished\":\"2018-04-12T18:28:32+00:00\",\"author\":{\"@id\":\"\"},\"breadcrumb\":{\"@id\":\"https:\/\/www.blogsoestado.com\/danielmatos\/famem-governo-e-defesa-civil-tracam-estrategias-para-socorrer-municipios-alagados\/#breadcrumb\"},\"inLanguage\":\"pt-BR\",\"potentialAction\":[{\"@type\":\"ReadAction\",\"target\":[\"https:\/\/www.blogsoestado.com\/danielmatos\/famem-governo-e-defesa-civil-tracam-estrategias-para-socorrer-municipios-alagados\/\"]}]},{\"@type\":\"ImageObject\",\"inLanguage\":\"pt-BR\",\"@id\":\"https:\/\/www.blogsoestado.com\/danielmatos\/famem-governo-e-defesa-civil-tracam-estrategias-para-socorrer-municipios-alagados\/#primaryimage\",\"url\":\"https:\/\/www.blogsoestado.com\/danielmatos\/files\/2018\/04\/famem-enchentes.jpg\",\"contentUrl\":\"https:\/\/www.blogsoestado.com\/danielmatos\/files\/2018\/04\/famem-enchentes.jpg\"},{\"@type\":\"BreadcrumbList\",\"@id\":\"https:\/\/www.blogsoestado.com\/danielmatos\/famem-governo-e-defesa-civil-tracam-estrategias-para-socorrer-municipios-alagados\/#breadcrumb\",\"itemListElement\":[{\"@type\":\"ListItem\",\"position\":1,\"name\":\"In\u00edcio\",\"item\":\"https:\/\/www.blogsoestado.com\/danielmatos\/\"},{\"@type\":\"ListItem\",\"position\":2,\"name\":\"FAMEM, Governo e Defesa Civil tra\u00e7am estrat\u00e9gias para socorrer munic\u00edpios alagados\"}]},{\"@type\":\"WebSite\",\"@id\":\"https:\/\/www.blogsoestado.com\/danielmatos\/#website\",\"url\":\"https:\/\/www.blogsoestado.com\/danielmatos\/\",\"name\":\"Daniel Matos\",\"description\":\"\",\"potentialAction\":[{\"@type\":\"SearchAction\",\"target\":{\"@type\":\"EntryPoint\",\"urlTemplate\":\"https:\/\/www.blogsoestado.com\/danielmatos\/?s={search_term_string}\"},\"query-input\":{\"@type\":\"PropertyValueSpecification\",\"valueRequired\":true,\"valueName\":\"search_term_string\"}}],\"inLanguage\":\"pt-BR\"}]}<\/script>\n<!-- \/ Yoast SEO plugin. -->","yoast_head_json":{"title":"FAMEM, Governo e Defesa Civil tra\u00e7am estrat\u00e9gias para socorrer munic\u00edpios alagados - Daniel Matos","robots":{"index":"index","follow":"follow","max-snippet":"max-snippet:-1","max-image-preview":"max-image-preview:large","max-video-preview":"max-video-preview:-1"},"canonical":"https:\/\/www.blogsoestado.com\/danielmatos\/famem-governo-e-defesa-civil-tracam-estrategias-para-socorrer-municipios-alagados\/","og_locale":"pt_BR","og_type":"article","og_title":"FAMEM, Governo e Defesa Civil tra\u00e7am estrat\u00e9gias para socorrer munic\u00edpios alagados - Daniel Matos","og_description":"O presidente da Federa\u00e7\u00e3o dos Munic\u00edpios do Estado do Maranh\u00e3o (FAMEM), prefeito Cleomar Tema, coordenou, nesta quinta-feira (12), uma reuni\u00e3o [&hellip;]","og_url":"https:\/\/www.blogsoestado.com\/danielmatos\/famem-governo-e-defesa-civil-tracam-estrategias-para-socorrer-municipios-alagados\/","og_site_name":"Daniel Matos","article_published_time":"2018-04-12T18:28:32+00:00","og_image":[{"url":"https:\/\/www.blogsoestado.com\/danielmatos\/files\/2018\/04\/famem-enchentes.jpg","type":"","width":"","height":""}],"twitter_card":"summary_large_image","twitter_misc":{"Est. tempo de leitura":"3 minutos"},"schema":{"@context":"https:\/\/schema.org","@graph":[{"@type":"WebPage","@id":"https:\/\/www.blogsoestado.com\/danielmatos\/famem-governo-e-defesa-civil-tracam-estrategias-para-socorrer-municipios-alagados\/","url":"https:\/\/www.blogsoestado.com\/danielmatos\/famem-governo-e-defesa-civil-tracam-estrategias-para-socorrer-municipios-alagados\/","name":"FAMEM, Governo e Defesa Civil tra\u00e7am estrat\u00e9gias para socorrer munic\u00edpios alagados - Daniel Matos","isPartOf":{"@id":"https:\/\/www.blogsoestado.com\/danielmatos\/#website"},"primaryImageOfPage":{"@id":"https:\/\/www.blogsoestado.com\/danielmatos\/famem-governo-e-defesa-civil-tracam-estrategias-para-socorrer-municipios-alagados\/#primaryimage"},"image":{"@id":"https:\/\/www.blogsoestado.com\/danielmatos\/famem-governo-e-defesa-civil-tracam-estrategias-para-socorrer-municipios-alagados\/#primaryimage"},"thumbnailUrl":"https:\/\/www.blogsoestado.com\/danielmatos\/files\/2018\/04\/famem-enchentes.jpg","datePublished":"2018-04-12T18:28:32+00:00","author":{"@id":""},"breadcrumb":{"@id":"https:\/\/www.blogsoestado.com\/danielmatos\/famem-governo-e-defesa-civil-tracam-estrategias-para-socorrer-municipios-alagados\/#breadcrumb"},"inLanguage":"pt-BR","potentialAction":[{"@type":"ReadAction","target":["https:\/\/www.blogsoestado.com\/danielmatos\/famem-governo-e-defesa-civil-tracam-estrategias-para-socorrer-municipios-alagados\/"]}]},{"@type":"ImageObject","inLanguage":"pt-BR","@id":"https:\/\/www.blogsoestado.com\/danielmatos\/famem-governo-e-defesa-civil-tracam-estrategias-para-socorrer-municipios-alagados\/#primaryimage","url":"https:\/\/www.blogsoestado.com\/danielmatos\/files\/2018\/04\/famem-enchentes.jpg","contentUrl":"https:\/\/www.blogsoestado.com\/danielmatos\/files\/2018\/04\/famem-enchentes.jpg"},{"@type":"BreadcrumbList","@id":"https:\/\/www.blogsoestado.com\/danielmatos\/famem-governo-e-defesa-civil-tracam-estrategias-para-socorrer-municipios-alagados\/#breadcrumb","itemListElement":[{"@type":"ListItem","position":1,"name":"In\u00edcio","item":"https:\/\/www.blogsoestado.com\/danielmatos\/"},{"@type":"ListItem","position":2,"name":"FAMEM, Governo e Defesa Civil tra\u00e7am estrat\u00e9gias para socorrer munic\u00edpios alagados"}]},{"@type":"WebSite","@id":"https:\/\/www.blogsoestado.com\/danielmatos\/#website","url":"https:\/\/www.blogsoestado.com\/danielmatos\/","name":"Daniel Matos","description":"","potentialAction":[{"@type":"SearchAction","target":{"@type":"EntryPoint","urlTemplate":"https:\/\/www.blogsoestado.com\/danielmatos\/?s={search_term_string}"},"query-input":{"@type":"PropertyValueSpecification","valueRequired":true,"valueName":"search_term_string"}}],"inLanguage":"pt-BR"}]}},"jetpack_featured_media_url":"","_links":{"self":[{"href":"https:\/\/www.blogsoestado.com\/danielmatos\/wp-json\/wp\/v2\/posts\/50365","targetHints":{"allow":["GET"]}}],"collection":[{"href":"https:\/\/www.blogsoestado.com\/danielmatos\/wp-json\/wp\/v2\/posts"}],"about":[{"href":"https:\/\/www.blogsoestado.com\/danielmatos\/wp-json\/wp\/v2\/types\/post"}],"replies":[{"embeddable":true,"href":"https:\/\/www.blogsoestado.com\/danielmatos\/wp-json\/wp\/v2\/comments?post=50365"}],"version-history":[{"count":0,"href":"https:\/\/www.blogsoestado.com\/danielmatos\/wp-json\/wp\/v2\/posts\/50365\/revisions"}],"wp:attachment":[{"href":"https:\/\/www.blogsoestado.com\/danielmatos\/wp-json\/wp\/v2\/media?parent=50365"}],"wp:term":[{"taxonomy":"category","embeddable":true,"href":"https:\/\/www.blogsoestado.com\/danielmatos\/wp-json\/wp\/v2\/categories?post=50365"},{"taxonomy":"post_tag","embeddable":true,"href":"https:\/\/www.blogsoestado.com\/danielmatos\/wp-json\/wp\/v2\/tags?post=50365"}],"curies":[{"name":"wp","href":"https:\/\/api.w.org\/{rel}","templated":true}]}}