{"id":50368,"date":"2018-04-12T16:23:19","date_gmt":"2018-04-12T19:23:19","guid":{"rendered":"https:\/\/www.blogsoestado.com\/danielmatos\/?p=50368"},"modified":"2018-04-12T16:23:19","modified_gmt":"2018-04-12T19:23:19","slug":"luis-vannucci-deixa-ministerio-do-turismo-para-disputar-eleicao-de-deputado-federal","status":"publish","type":"post","link":"https:\/\/www.blogsoestado.com\/danielmatos\/luis-vannucci-deixa-ministerio-do-turismo-para-disputar-eleicao-de-deputado-federal\/","title":{"rendered":"Lu\u00eds Vannucci deixa Minist\u00e9rio do Turismo para disputar elei\u00e7\u00e3o de deputado federal"},"content":{"rendered":"<figure id=\"attachment_50370\" aria-describedby=\"caption-attachment-50370\" style=\"width: 299px\" class=\"wp-caption alignleft\"><img fetchpriority=\"high\" decoding=\"async\" class=\"size-full wp-image-50370\" src=\"https:\/\/www.blogsoestado.com\/danielmatos\/files\/2018\/04\/luis-vannucci.jpg\" alt=\"\" width=\"299\" height=\"448\" \/><figcaption id=\"caption-attachment-50370\" class=\"wp-caption-text\">Lu\u00eds Vannucci tem se reunido com lideran\u00e7as promissoras e consolidadas de v\u00e1rias regi\u00f5es do Maranh\u00e3o<\/figcaption><\/figure>\n<p>O advogado maranhense e assessor especial do Minist\u00e9rio do Turismo, Lu\u00eds Vannucci, anunciou por meio de suas redes sociais, a sua sa\u00edda do Minist\u00e9rio do Turismo (MTur) para disputar uma cadeira da bancada maranhense no Congresso Nacional.<\/p>\n<p>Recentemente filiado ao Partido Social Liberal (PSL), com o apoio da pr\u00e9-candidata ao Governo do Estado, Maura Jorge, Lu\u00eds Vannucci tem se reunido com lideran\u00e7as promissoras e consolidadas de v\u00e1rias regi\u00f5es do Estado, ouvindo os anseios dos mais diversos segmentos e reafirmando seu compromisso em lutar pela reconstru\u00e7\u00e3o do Maranh\u00e3o.<\/p>\n<p>No v\u00eddeo divulgado em suas redes, o pr\u00e9-candidato relata que nos \u00faltimos anos tem contribu\u00eddo por meio de projetos importantes para o desenvolvimento do pa\u00eds e do Maranh\u00e3o junto ao Minist\u00e9rio do Turismo, mas decidiu deixar o cargo para poder ficar mais pr\u00f3ximo dos maranhenses e acompanhar de perto os anseios da popula\u00e7\u00e3o. &#8220;Como todo bom cidad\u00e3o que sonha em servir a sua gente, tomei a decis\u00e3o de sair do Minist\u00e9rio do Turismo para ficar &#8216;cara a cara&#8217; com o povo e entender melhor a necessidade de todos&#8221;, declarou Vannucci.<\/p>\n<p>Sobre Lu\u00eds Vannucci:<\/p>\n<p>Natural de S\u00e3o Lu\u00eds, Vannucci come\u00e7ou a trabalhar nos bastidores da pol\u00edtica local aos 18 anos. Aos 23 anos, seguiu para Bras\u00edlia, onde tamb\u00e9m assumiu o cargo de assessor da Secretaria de Governo da Presid\u00eancia da Rep\u00fablica.<\/p>\n<p><strong>Assista ao v\u00eddeo:<\/strong><\/p>\n<div class=\"ast-oembed-container \" style=\"height: 100%;\"><iframe title=\"Luis Vannucci deixa minist\u00e9rio para disputar elei\u00e7\u00e3o de deputado federal\" width=\"500\" height=\"375\" src=\"https:\/\/www.youtube.com\/embed\/elMBS8hDGD4?feature=oembed\" frameborder=\"0\" allow=\"accelerometer; autoplay; clipboard-write; encrypted-media; gyroscope; picture-in-picture; web-share\" referrerpolicy=\"strict-origin-when-cross-origin\" allowfullscreen><\/iframe><\/div>\n","protected":false},"excerpt":{"rendered":"<p>O advogado maranhense e assessor especial do Minist\u00e9rio do Turismo, Lu\u00eds Vannucci, anunciou por meio de suas redes sociais, a [&hellip;]<\/p>\n","protected":false},"author":0,"featured_media":0,"comment_status":"open","ping_status":"open","sticky":false,"template":"","format":"standard","meta":{"site-sidebar-layout":"default","site-content-layout":"","ast-site-content-layout":"default","site-content-style":"default","site-sidebar-style":"default","ast-global-header-display":"","ast-banner-title-visibility":"","ast-main-header-display":"","ast-hfb-above-header-display":"","ast-hfb-below-header-display":"","ast-hfb-mobile-header-display":"","site-post-title":"","ast-breadcrumbs-content":"","ast-featured-img":"","footer-sml-layout":"","ast-disable-related-posts":"","theme-transparent-header-meta":"","adv-header-id-meta":"","stick-header-meta":"","header-above-stick-meta":"","header-main-stick-meta":"","header-below-stick-meta":"","astra-migrate-meta-layouts":"default","ast-page-background-enabled":"default","ast-page-background-meta":{"desktop":{"background-color":"var(--ast-global-color-5)","background-image":"","background-repeat":"repeat","background-position":"center center","background-size":"auto","background-attachment":"scroll","background-type":"","background-media":"","overlay-type":"","overlay-color":"","overlay-opacity":"","overlay-gradient":""},"tablet":{"background-color":"","background-image":"","background-repeat":"repeat","background-position":"center center","background-size":"auto","background-attachment":"scroll","background-type":"","background-media":"","overlay-type":"","overlay-color":"","overlay-opacity":"","overlay-gradient":""},"mobile":{"background-color":"","background-image":"","background-repeat":"repeat","background-position":"center center","background-size":"auto","background-attachment":"scroll","background-type":"","background-media":"","overlay-type":"","overlay-color":"","overlay-opacity":"","overlay-gradient":""}},"ast-content-background-meta":{"desktop":{"background-color":"var(--ast-global-color-4)","background-image":"","background-repeat":"repeat","background-position":"center center","background-size":"auto","background-attachment":"scroll","background-type":"","background-media":"","overlay-type":"","overlay-color":"","overlay-opacity":"","overlay-gradient":""},"tablet":{"background-color":"var(--ast-global-color-4)","background-image":"","background-repeat":"repeat","background-position":"center center","background-size":"auto","background-attachment":"scroll","background-type":"","background-media":"","overlay-type":"","overlay-color":"","overlay-opacity":"","overlay-gradient":""},"mobile":{"background-color":"var(--ast-global-color-4)","background-image":"","background-repeat":"repeat","background-position":"center center","background-size":"auto","background-attachment":"scroll","background-type":"","background-media":"","overlay-type":"","overlay-color":"","overlay-opacity":"","overlay-gradient":""}},"footnotes":""},"categories":[1],"tags":[],"class_list":["post-50368","post","type-post","status-publish","format-standard","hentry","category-sem-categoria"],"yoast_head":"<!-- This site is optimized with the Yoast SEO plugin v26.6 - https:\/\/yoast.com\/wordpress\/plugins\/seo\/ -->\n<title>Lu\u00eds Vannucci deixa Minist\u00e9rio do Turismo para disputar elei\u00e7\u00e3o de deputado federal - Daniel Matos<\/title>\n<meta name=\"robots\" content=\"index, follow, max-snippet:-1, max-image-preview:large, max-video-preview:-1\" \/>\n<link rel=\"canonical\" href=\"https:\/\/www.blogsoestado.com\/danielmatos\/luis-vannucci-deixa-ministerio-do-turismo-para-disputar-eleicao-de-deputado-federal\/\" \/>\n<meta property=\"og:locale\" content=\"pt_BR\" \/>\n<meta property=\"og:type\" content=\"article\" \/>\n<meta property=\"og:title\" content=\"Lu\u00eds Vannucci deixa Minist\u00e9rio do Turismo para disputar elei\u00e7\u00e3o de deputado federal - Daniel Matos\" \/>\n<meta property=\"og:description\" content=\"O advogado maranhense e assessor especial do Minist\u00e9rio do Turismo, Lu\u00eds Vannucci, anunciou por meio de suas redes sociais, a [&hellip;]\" \/>\n<meta property=\"og:url\" content=\"https:\/\/www.blogsoestado.com\/danielmatos\/luis-vannucci-deixa-ministerio-do-turismo-para-disputar-eleicao-de-deputado-federal\/\" \/>\n<meta property=\"og:site_name\" content=\"Daniel Matos\" \/>\n<meta property=\"article:published_time\" content=\"2018-04-12T19:23:19+00:00\" \/>\n<meta property=\"og:image\" content=\"https:\/\/www.blogsoestado.com\/danielmatos\/files\/2018\/04\/luis-vannucci.jpg\" \/>\n<meta name=\"twitter:card\" content=\"summary_large_image\" \/>\n<meta name=\"twitter:label1\" content=\"Est. tempo de leitura\" \/>\n\t<meta name=\"twitter:data1\" content=\"1 minuto\" \/>\n<script type=\"application\/ld+json\" class=\"yoast-schema-graph\">{\"@context\":\"https:\/\/schema.org\",\"@graph\":[{\"@type\":\"WebPage\",\"@id\":\"https:\/\/www.blogsoestado.com\/danielmatos\/luis-vannucci-deixa-ministerio-do-turismo-para-disputar-eleicao-de-deputado-federal\/\",\"url\":\"https:\/\/www.blogsoestado.com\/danielmatos\/luis-vannucci-deixa-ministerio-do-turismo-para-disputar-eleicao-de-deputado-federal\/\",\"name\":\"Lu\u00eds Vannucci deixa Minist\u00e9rio do Turismo para disputar elei\u00e7\u00e3o de deputado federal - Daniel Matos\",\"isPartOf\":{\"@id\":\"https:\/\/www.blogsoestado.com\/danielmatos\/#website\"},\"primaryImageOfPage\":{\"@id\":\"https:\/\/www.blogsoestado.com\/danielmatos\/luis-vannucci-deixa-ministerio-do-turismo-para-disputar-eleicao-de-deputado-federal\/#primaryimage\"},\"image\":{\"@id\":\"https:\/\/www.blogsoestado.com\/danielmatos\/luis-vannucci-deixa-ministerio-do-turismo-para-disputar-eleicao-de-deputado-federal\/#primaryimage\"},\"thumbnailUrl\":\"https:\/\/www.blogsoestado.com\/danielmatos\/files\/2018\/04\/luis-vannucci.jpg\",\"datePublished\":\"2018-04-12T19:23:19+00:00\",\"author\":{\"@id\":\"\"},\"breadcrumb\":{\"@id\":\"https:\/\/www.blogsoestado.com\/danielmatos\/luis-vannucci-deixa-ministerio-do-turismo-para-disputar-eleicao-de-deputado-federal\/#breadcrumb\"},\"inLanguage\":\"pt-BR\",\"potentialAction\":[{\"@type\":\"ReadAction\",\"target\":[\"https:\/\/www.blogsoestado.com\/danielmatos\/luis-vannucci-deixa-ministerio-do-turismo-para-disputar-eleicao-de-deputado-federal\/\"]}]},{\"@type\":\"ImageObject\",\"inLanguage\":\"pt-BR\",\"@id\":\"https:\/\/www.blogsoestado.com\/danielmatos\/luis-vannucci-deixa-ministerio-do-turismo-para-disputar-eleicao-de-deputado-federal\/#primaryimage\",\"url\":\"https:\/\/www.blogsoestado.com\/danielmatos\/files\/2018\/04\/luis-vannucci.jpg\",\"contentUrl\":\"https:\/\/www.blogsoestado.com\/danielmatos\/files\/2018\/04\/luis-vannucci.jpg\"},{\"@type\":\"BreadcrumbList\",\"@id\":\"https:\/\/www.blogsoestado.com\/danielmatos\/luis-vannucci-deixa-ministerio-do-turismo-para-disputar-eleicao-de-deputado-federal\/#breadcrumb\",\"itemListElement\":[{\"@type\":\"ListItem\",\"position\":1,\"name\":\"In\u00edcio\",\"item\":\"https:\/\/www.blogsoestado.com\/danielmatos\/\"},{\"@type\":\"ListItem\",\"position\":2,\"name\":\"Lu\u00eds Vannucci deixa Minist\u00e9rio do Turismo para disputar elei\u00e7\u00e3o de deputado federal\"}]},{\"@type\":\"WebSite\",\"@id\":\"https:\/\/www.blogsoestado.com\/danielmatos\/#website\",\"url\":\"https:\/\/www.blogsoestado.com\/danielmatos\/\",\"name\":\"Daniel Matos\",\"description\":\"\",\"potentialAction\":[{\"@type\":\"SearchAction\",\"target\":{\"@type\":\"EntryPoint\",\"urlTemplate\":\"https:\/\/www.blogsoestado.com\/danielmatos\/?s={search_term_string}\"},\"query-input\":{\"@type\":\"PropertyValueSpecification\",\"valueRequired\":true,\"valueName\":\"search_term_string\"}}],\"inLanguage\":\"pt-BR\"}]}<\/script>\n<!-- \/ Yoast SEO plugin. -->","yoast_head_json":{"title":"Lu\u00eds Vannucci deixa Minist\u00e9rio do Turismo para disputar elei\u00e7\u00e3o de deputado federal - Daniel Matos","robots":{"index":"index","follow":"follow","max-snippet":"max-snippet:-1","max-image-preview":"max-image-preview:large","max-video-preview":"max-video-preview:-1"},"canonical":"https:\/\/www.blogsoestado.com\/danielmatos\/luis-vannucci-deixa-ministerio-do-turismo-para-disputar-eleicao-de-deputado-federal\/","og_locale":"pt_BR","og_type":"article","og_title":"Lu\u00eds Vannucci deixa Minist\u00e9rio do Turismo para disputar elei\u00e7\u00e3o de deputado federal - Daniel Matos","og_description":"O advogado maranhense e assessor especial do Minist\u00e9rio do Turismo, Lu\u00eds Vannucci, anunciou por meio de suas redes sociais, a [&hellip;]","og_url":"https:\/\/www.blogsoestado.com\/danielmatos\/luis-vannucci-deixa-ministerio-do-turismo-para-disputar-eleicao-de-deputado-federal\/","og_site_name":"Daniel Matos","article_published_time":"2018-04-12T19:23:19+00:00","og_image":[{"url":"https:\/\/www.blogsoestado.com\/danielmatos\/files\/2018\/04\/luis-vannucci.jpg","type":"","width":"","height":""}],"twitter_card":"summary_large_image","twitter_misc":{"Est. tempo de leitura":"1 minuto"},"schema":{"@context":"https:\/\/schema.org","@graph":[{"@type":"WebPage","@id":"https:\/\/www.blogsoestado.com\/danielmatos\/luis-vannucci-deixa-ministerio-do-turismo-para-disputar-eleicao-de-deputado-federal\/","url":"https:\/\/www.blogsoestado.com\/danielmatos\/luis-vannucci-deixa-ministerio-do-turismo-para-disputar-eleicao-de-deputado-federal\/","name":"Lu\u00eds Vannucci deixa Minist\u00e9rio do Turismo para disputar elei\u00e7\u00e3o de deputado federal - Daniel Matos","isPartOf":{"@id":"https:\/\/www.blogsoestado.com\/danielmatos\/#website"},"primaryImageOfPage":{"@id":"https:\/\/www.blogsoestado.com\/danielmatos\/luis-vannucci-deixa-ministerio-do-turismo-para-disputar-eleicao-de-deputado-federal\/#primaryimage"},"image":{"@id":"https:\/\/www.blogsoestado.com\/danielmatos\/luis-vannucci-deixa-ministerio-do-turismo-para-disputar-eleicao-de-deputado-federal\/#primaryimage"},"thumbnailUrl":"https:\/\/www.blogsoestado.com\/danielmatos\/files\/2018\/04\/luis-vannucci.jpg","datePublished":"2018-04-12T19:23:19+00:00","author":{"@id":""},"breadcrumb":{"@id":"https:\/\/www.blogsoestado.com\/danielmatos\/luis-vannucci-deixa-ministerio-do-turismo-para-disputar-eleicao-de-deputado-federal\/#breadcrumb"},"inLanguage":"pt-BR","potentialAction":[{"@type":"ReadAction","target":["https:\/\/www.blogsoestado.com\/danielmatos\/luis-vannucci-deixa-ministerio-do-turismo-para-disputar-eleicao-de-deputado-federal\/"]}]},{"@type":"ImageObject","inLanguage":"pt-BR","@id":"https:\/\/www.blogsoestado.com\/danielmatos\/luis-vannucci-deixa-ministerio-do-turismo-para-disputar-eleicao-de-deputado-federal\/#primaryimage","url":"https:\/\/www.blogsoestado.com\/danielmatos\/files\/2018\/04\/luis-vannucci.jpg","contentUrl":"https:\/\/www.blogsoestado.com\/danielmatos\/files\/2018\/04\/luis-vannucci.jpg"},{"@type":"BreadcrumbList","@id":"https:\/\/www.blogsoestado.com\/danielmatos\/luis-vannucci-deixa-ministerio-do-turismo-para-disputar-eleicao-de-deputado-federal\/#breadcrumb","itemListElement":[{"@type":"ListItem","position":1,"name":"In\u00edcio","item":"https:\/\/www.blogsoestado.com\/danielmatos\/"},{"@type":"ListItem","position":2,"name":"Lu\u00eds Vannucci deixa Minist\u00e9rio do Turismo para disputar elei\u00e7\u00e3o de deputado federal"}]},{"@type":"WebSite","@id":"https:\/\/www.blogsoestado.com\/danielmatos\/#website","url":"https:\/\/www.blogsoestado.com\/danielmatos\/","name":"Daniel Matos","description":"","potentialAction":[{"@type":"SearchAction","target":{"@type":"EntryPoint","urlTemplate":"https:\/\/www.blogsoestado.com\/danielmatos\/?s={search_term_string}"},"query-input":{"@type":"PropertyValueSpecification","valueRequired":true,"valueName":"search_term_string"}}],"inLanguage":"pt-BR"}]}},"jetpack_featured_media_url":"","_links":{"self":[{"href":"https:\/\/www.blogsoestado.com\/danielmatos\/wp-json\/wp\/v2\/posts\/50368","targetHints":{"allow":["GET"]}}],"collection":[{"href":"https:\/\/www.blogsoestado.com\/danielmatos\/wp-json\/wp\/v2\/posts"}],"about":[{"href":"https:\/\/www.blogsoestado.com\/danielmatos\/wp-json\/wp\/v2\/types\/post"}],"replies":[{"embeddable":true,"href":"https:\/\/www.blogsoestado.com\/danielmatos\/wp-json\/wp\/v2\/comments?post=50368"}],"version-history":[{"count":0,"href":"https:\/\/www.blogsoestado.com\/danielmatos\/wp-json\/wp\/v2\/posts\/50368\/revisions"}],"wp:attachment":[{"href":"https:\/\/www.blogsoestado.com\/danielmatos\/wp-json\/wp\/v2\/media?parent=50368"}],"wp:term":[{"taxonomy":"category","embeddable":true,"href":"https:\/\/www.blogsoestado.com\/danielmatos\/wp-json\/wp\/v2\/categories?post=50368"},{"taxonomy":"post_tag","embeddable":true,"href":"https:\/\/www.blogsoestado.com\/danielmatos\/wp-json\/wp\/v2\/tags?post=50368"}],"curies":[{"name":"wp","href":"https:\/\/api.w.org\/{rel}","templated":true}]}}