{"id":50373,"date":"2018-04-12T16:40:50","date_gmt":"2018-04-12T19:40:50","guid":{"rendered":"https:\/\/www.blogsoestado.com\/danielmatos\/?p=50373"},"modified":"2018-04-12T16:40:50","modified_gmt":"2018-04-12T19:40:50","slug":"prefeito-fabio-gentil-decreta-situacao-de-emergencia-em-caxias-por-causa-das-fortes-chuvas","status":"publish","type":"post","link":"https:\/\/www.blogsoestado.com\/danielmatos\/prefeito-fabio-gentil-decreta-situacao-de-emergencia-em-caxias-por-causa-das-fortes-chuvas\/","title":{"rendered":"Prefeito F\u00e1bio Gentil decreta situa\u00e7\u00e3o de emerg\u00eancia em Caxias por causa das fortes chuvas"},"content":{"rendered":"<figure id=\"attachment_50341\" aria-describedby=\"caption-attachment-50341\" style=\"width: 640px\" class=\"wp-caption aligncenter\"><img fetchpriority=\"high\" decoding=\"async\" class=\"size-full wp-image-50341\" src=\"https:\/\/www.blogsoestado.com\/danielmatos\/files\/2018\/04\/gentil-enchentes.jpeg\" alt=\"\" width=\"640\" height=\"425\" \/><figcaption id=\"caption-attachment-50341\" class=\"wp-caption-text\">Prefeito Fabio Gentil e equipe visitaram bairro para levar assist\u00eancia do Munic\u00edpio aos moradores<\/figcaption><\/figure>\n<p>O prefeito de Caxias, F\u00e1bio Gentil, decretou,\u00a0na manh\u00e3 desta quinta-feira (12), situa\u00e7\u00e3o de emerg\u00eancia no munic\u00edpio, em decorr\u00eancia dos efeitos prolongados das chuvas ocorridas nos \u00faltimos dias e a consequente cheia da Bacia do Rio Itapecuru, que subiu mais de tr\u00eas metros alagando casas e causando preju\u00edzos na estrutura da cidade, o que caracteriza desastre n\u00edvel I decorrente de inunda\u00e7\u00e3o.<\/p>\n<p>O decreto n\u00ba 077 est\u00e1 fundamento na Lei Federal n\u00ba 12.608 de 10 de abril de 2012 e na Lei Org\u00e2nica do Munic\u00edpio.<\/p>\n<p>As chuvas que t\u00eam atingido Caxias provocaram o desalojamento de centenas de pessoas que j\u00e1 come\u00e7aram a serem assistidas pela Defesa Civil Municipal. Alguns locais est\u00e3o sem \u00e1gua pot\u00e1vel, energia e alimenta\u00e7\u00e3o. Os estragos provocados atingiram ruas, avenidas e estradas vicinais devido \u00e0 queda de \u00e1rvores e barreiras.<\/p>\n<p><img decoding=\"async\" class=\"alignright wp-image-50374\" src=\"https:\/\/www.blogsoestado.com\/danielmatos\/files\/2018\/04\/decreto-caxias-240x300.jpeg\" alt=\"\" width=\"400\" height=\"500\" \/>O decreto prever a convoca\u00e7\u00e3o de volunt\u00e1rios, realiza\u00e7\u00e3o de campanhas de arrecada\u00e7\u00e3o de recursos para assistir as fam\u00edlias, presta\u00e7\u00e3o de socorro, dentre outras medidas que auxiliem a popula\u00e7\u00e3o afetada.<\/p>\n<p>O decreto entrou em vigor hoje, dia 12 de abril, permanecendo por um prazo de 60 dias, sendo prorrogado por no m\u00e1ximo 180 dias, caso haja necessidade. O mesmo foi publicado no Di\u00e1rio Oficial do Munic\u00edpio seguindo para a Defesa Civil Estadual para que seja homologado.<\/p>\n<p>\u201cEstamos alimentando o sistema da Defesa Civil Nacional. Temos no Estado do Maranh\u00e3o v\u00e1rios munic\u00edpios nessa situa\u00e7\u00e3o. Estamos informando a Defesa Civil Estadual para homologar a situa\u00e7\u00e3o de emerg\u00eancia que j\u00e1 est\u00e1 inserida \u00e0 cidade de Caxias\u201d, disse o capit\u00e3o Malheiros, coordenador da Defesa Civil de Caxias.<\/p>\n<p>\u201cN\u00f3s iremos prestar todo apoio necess\u00e1rio atrav\u00e9s da Assist\u00eancia Social, Secretaria de Obras, Meio Ambiente e a pr\u00f3pria Defesa Civil; com certeza vamos encontrar a solu\u00e7\u00e3o vi\u00e1vel o mais r\u00e1pido poss\u00edvel\u201d, disse F\u00e1bio Gentil, prefeito de Caxias.<\/p>\n<p>N\u00fameros dispon\u00edveis em casos de doa\u00e7\u00f5es ou emerg\u00eancias:<\/p>\n<p><img decoding=\"async\" class=\"aligncenter wp-image-50375\" src=\"https:\/\/www.blogsoestado.com\/danielmatos\/files\/2018\/04\/caxias-decreto2.jpeg\" alt=\"\" width=\"400\" height=\"400\" \/><\/p>\n<p><img loading=\"lazy\" decoding=\"async\" class=\"aligncenter wp-image-50376\" src=\"https:\/\/www.blogsoestado.com\/danielmatos\/files\/2018\/04\/caxias-decreto3.jpeg\" alt=\"\" width=\"400\" height=\"400\" \/><\/p>\n","protected":false},"excerpt":{"rendered":"<p>O prefeito de Caxias, F\u00e1bio Gentil, decretou,\u00a0na manh\u00e3 desta quinta-feira (12), situa\u00e7\u00e3o de emerg\u00eancia no munic\u00edpio, em decorr\u00eancia dos efeitos [&hellip;]<\/p>\n","protected":false},"author":0,"featured_media":0,"comment_status":"open","ping_status":"open","sticky":false,"template":"","format":"standard","meta":{"site-sidebar-layout":"default","site-content-layout":"","ast-site-content-layout":"default","site-content-style":"default","site-sidebar-style":"default","ast-global-header-display":"","ast-banner-title-visibility":"","ast-main-header-display":"","ast-hfb-above-header-display":"","ast-hfb-below-header-display":"","ast-hfb-mobile-header-display":"","site-post-title":"","ast-breadcrumbs-content":"","ast-featured-img":"","footer-sml-layout":"","ast-disable-related-posts":"","theme-transparent-header-meta":"","adv-header-id-meta":"","stick-header-meta":"","header-above-stick-meta":"","header-main-stick-meta":"","header-below-stick-meta":"","astra-migrate-meta-layouts":"default","ast-page-background-enabled":"default","ast-page-background-meta":{"desktop":{"background-color":"var(--ast-global-color-5)","background-image":"","background-repeat":"repeat","background-position":"center center","background-size":"auto","background-attachment":"scroll","background-type":"","background-media":"","overlay-type":"","overlay-color":"","overlay-opacity":"","overlay-gradient":""},"tablet":{"background-color":"","background-image":"","background-repeat":"repeat","background-position":"center center","background-size":"auto","background-attachment":"scroll","background-type":"","background-media":"","overlay-type":"","overlay-color":"","overlay-opacity":"","overlay-gradient":""},"mobile":{"background-color":"","background-image":"","background-repeat":"repeat","background-position":"center center","background-size":"auto","background-attachment":"scroll","background-type":"","background-media":"","overlay-type":"","overlay-color":"","overlay-opacity":"","overlay-gradient":""}},"ast-content-background-meta":{"desktop":{"background-color":"var(--ast-global-color-4)","background-image":"","background-repeat":"repeat","background-position":"center center","background-size":"auto","background-attachment":"scroll","background-type":"","background-media":"","overlay-type":"","overlay-color":"","overlay-opacity":"","overlay-gradient":""},"tablet":{"background-color":"var(--ast-global-color-4)","background-image":"","background-repeat":"repeat","background-position":"center center","background-size":"auto","background-attachment":"scroll","background-type":"","background-media":"","overlay-type":"","overlay-color":"","overlay-opacity":"","overlay-gradient":""},"mobile":{"background-color":"var(--ast-global-color-4)","background-image":"","background-repeat":"repeat","background-position":"center center","background-size":"auto","background-attachment":"scroll","background-type":"","background-media":"","overlay-type":"","overlay-color":"","overlay-opacity":"","overlay-gradient":""}},"footnotes":""},"categories":[1],"tags":[],"class_list":["post-50373","post","type-post","status-publish","format-standard","hentry","category-sem-categoria"],"yoast_head":"<!-- This site is optimized with the Yoast SEO plugin v26.6 - https:\/\/yoast.com\/wordpress\/plugins\/seo\/ -->\n<title>Prefeito F\u00e1bio Gentil decreta situa\u00e7\u00e3o de emerg\u00eancia em Caxias por causa das fortes chuvas - Daniel Matos<\/title>\n<meta name=\"robots\" content=\"index, follow, max-snippet:-1, max-image-preview:large, max-video-preview:-1\" \/>\n<link rel=\"canonical\" href=\"https:\/\/www.blogsoestado.com\/danielmatos\/prefeito-fabio-gentil-decreta-situacao-de-emergencia-em-caxias-por-causa-das-fortes-chuvas\/\" \/>\n<meta property=\"og:locale\" content=\"pt_BR\" \/>\n<meta property=\"og:type\" content=\"article\" \/>\n<meta property=\"og:title\" content=\"Prefeito F\u00e1bio Gentil decreta situa\u00e7\u00e3o de emerg\u00eancia em Caxias por causa das fortes chuvas - Daniel Matos\" \/>\n<meta property=\"og:description\" content=\"O prefeito de Caxias, F\u00e1bio Gentil, decretou,\u00a0na manh\u00e3 desta quinta-feira (12), situa\u00e7\u00e3o de emerg\u00eancia no munic\u00edpio, em decorr\u00eancia dos efeitos [&hellip;]\" \/>\n<meta property=\"og:url\" content=\"https:\/\/www.blogsoestado.com\/danielmatos\/prefeito-fabio-gentil-decreta-situacao-de-emergencia-em-caxias-por-causa-das-fortes-chuvas\/\" \/>\n<meta property=\"og:site_name\" content=\"Daniel Matos\" \/>\n<meta property=\"article:published_time\" content=\"2018-04-12T19:40:50+00:00\" \/>\n<meta property=\"og:image\" content=\"https:\/\/www.blogsoestado.com\/danielmatos\/files\/2018\/04\/gentil-enchentes.jpeg\" \/>\n<meta name=\"twitter:card\" content=\"summary_large_image\" \/>\n<meta name=\"twitter:label1\" content=\"Est. tempo de leitura\" \/>\n\t<meta name=\"twitter:data1\" content=\"2 minutos\" \/>\n<script type=\"application\/ld+json\" class=\"yoast-schema-graph\">{\"@context\":\"https:\/\/schema.org\",\"@graph\":[{\"@type\":\"WebPage\",\"@id\":\"https:\/\/www.blogsoestado.com\/danielmatos\/prefeito-fabio-gentil-decreta-situacao-de-emergencia-em-caxias-por-causa-das-fortes-chuvas\/\",\"url\":\"https:\/\/www.blogsoestado.com\/danielmatos\/prefeito-fabio-gentil-decreta-situacao-de-emergencia-em-caxias-por-causa-das-fortes-chuvas\/\",\"name\":\"Prefeito F\u00e1bio Gentil decreta situa\u00e7\u00e3o de emerg\u00eancia em Caxias por causa das fortes chuvas - Daniel Matos\",\"isPartOf\":{\"@id\":\"https:\/\/www.blogsoestado.com\/danielmatos\/#website\"},\"primaryImageOfPage\":{\"@id\":\"https:\/\/www.blogsoestado.com\/danielmatos\/prefeito-fabio-gentil-decreta-situacao-de-emergencia-em-caxias-por-causa-das-fortes-chuvas\/#primaryimage\"},\"image\":{\"@id\":\"https:\/\/www.blogsoestado.com\/danielmatos\/prefeito-fabio-gentil-decreta-situacao-de-emergencia-em-caxias-por-causa-das-fortes-chuvas\/#primaryimage\"},\"thumbnailUrl\":\"https:\/\/www.blogsoestado.com\/danielmatos\/files\/2018\/04\/gentil-enchentes.jpeg\",\"datePublished\":\"2018-04-12T19:40:50+00:00\",\"author\":{\"@id\":\"\"},\"breadcrumb\":{\"@id\":\"https:\/\/www.blogsoestado.com\/danielmatos\/prefeito-fabio-gentil-decreta-situacao-de-emergencia-em-caxias-por-causa-das-fortes-chuvas\/#breadcrumb\"},\"inLanguage\":\"pt-BR\",\"potentialAction\":[{\"@type\":\"ReadAction\",\"target\":[\"https:\/\/www.blogsoestado.com\/danielmatos\/prefeito-fabio-gentil-decreta-situacao-de-emergencia-em-caxias-por-causa-das-fortes-chuvas\/\"]}]},{\"@type\":\"ImageObject\",\"inLanguage\":\"pt-BR\",\"@id\":\"https:\/\/www.blogsoestado.com\/danielmatos\/prefeito-fabio-gentil-decreta-situacao-de-emergencia-em-caxias-por-causa-das-fortes-chuvas\/#primaryimage\",\"url\":\"https:\/\/www.blogsoestado.com\/danielmatos\/files\/2018\/04\/gentil-enchentes.jpeg\",\"contentUrl\":\"https:\/\/www.blogsoestado.com\/danielmatos\/files\/2018\/04\/gentil-enchentes.jpeg\"},{\"@type\":\"BreadcrumbList\",\"@id\":\"https:\/\/www.blogsoestado.com\/danielmatos\/prefeito-fabio-gentil-decreta-situacao-de-emergencia-em-caxias-por-causa-das-fortes-chuvas\/#breadcrumb\",\"itemListElement\":[{\"@type\":\"ListItem\",\"position\":1,\"name\":\"In\u00edcio\",\"item\":\"https:\/\/www.blogsoestado.com\/danielmatos\/\"},{\"@type\":\"ListItem\",\"position\":2,\"name\":\"Prefeito F\u00e1bio Gentil decreta situa\u00e7\u00e3o de emerg\u00eancia em Caxias por causa das fortes chuvas\"}]},{\"@type\":\"WebSite\",\"@id\":\"https:\/\/www.blogsoestado.com\/danielmatos\/#website\",\"url\":\"https:\/\/www.blogsoestado.com\/danielmatos\/\",\"name\":\"Daniel Matos\",\"description\":\"\",\"potentialAction\":[{\"@type\":\"SearchAction\",\"target\":{\"@type\":\"EntryPoint\",\"urlTemplate\":\"https:\/\/www.blogsoestado.com\/danielmatos\/?s={search_term_string}\"},\"query-input\":{\"@type\":\"PropertyValueSpecification\",\"valueRequired\":true,\"valueName\":\"search_term_string\"}}],\"inLanguage\":\"pt-BR\"}]}<\/script>\n<!-- \/ Yoast SEO plugin. -->","yoast_head_json":{"title":"Prefeito F\u00e1bio Gentil decreta situa\u00e7\u00e3o de emerg\u00eancia em Caxias por causa das fortes chuvas - Daniel Matos","robots":{"index":"index","follow":"follow","max-snippet":"max-snippet:-1","max-image-preview":"max-image-preview:large","max-video-preview":"max-video-preview:-1"},"canonical":"https:\/\/www.blogsoestado.com\/danielmatos\/prefeito-fabio-gentil-decreta-situacao-de-emergencia-em-caxias-por-causa-das-fortes-chuvas\/","og_locale":"pt_BR","og_type":"article","og_title":"Prefeito F\u00e1bio Gentil decreta situa\u00e7\u00e3o de emerg\u00eancia em Caxias por causa das fortes chuvas - Daniel Matos","og_description":"O prefeito de Caxias, F\u00e1bio Gentil, decretou,\u00a0na manh\u00e3 desta quinta-feira (12), situa\u00e7\u00e3o de emerg\u00eancia no munic\u00edpio, em decorr\u00eancia dos efeitos [&hellip;]","og_url":"https:\/\/www.blogsoestado.com\/danielmatos\/prefeito-fabio-gentil-decreta-situacao-de-emergencia-em-caxias-por-causa-das-fortes-chuvas\/","og_site_name":"Daniel Matos","article_published_time":"2018-04-12T19:40:50+00:00","og_image":[{"url":"https:\/\/www.blogsoestado.com\/danielmatos\/files\/2018\/04\/gentil-enchentes.jpeg","type":"","width":"","height":""}],"twitter_card":"summary_large_image","twitter_misc":{"Est. tempo de leitura":"2 minutos"},"schema":{"@context":"https:\/\/schema.org","@graph":[{"@type":"WebPage","@id":"https:\/\/www.blogsoestado.com\/danielmatos\/prefeito-fabio-gentil-decreta-situacao-de-emergencia-em-caxias-por-causa-das-fortes-chuvas\/","url":"https:\/\/www.blogsoestado.com\/danielmatos\/prefeito-fabio-gentil-decreta-situacao-de-emergencia-em-caxias-por-causa-das-fortes-chuvas\/","name":"Prefeito F\u00e1bio Gentil decreta situa\u00e7\u00e3o de emerg\u00eancia em Caxias por causa das fortes chuvas - Daniel Matos","isPartOf":{"@id":"https:\/\/www.blogsoestado.com\/danielmatos\/#website"},"primaryImageOfPage":{"@id":"https:\/\/www.blogsoestado.com\/danielmatos\/prefeito-fabio-gentil-decreta-situacao-de-emergencia-em-caxias-por-causa-das-fortes-chuvas\/#primaryimage"},"image":{"@id":"https:\/\/www.blogsoestado.com\/danielmatos\/prefeito-fabio-gentil-decreta-situacao-de-emergencia-em-caxias-por-causa-das-fortes-chuvas\/#primaryimage"},"thumbnailUrl":"https:\/\/www.blogsoestado.com\/danielmatos\/files\/2018\/04\/gentil-enchentes.jpeg","datePublished":"2018-04-12T19:40:50+00:00","author":{"@id":""},"breadcrumb":{"@id":"https:\/\/www.blogsoestado.com\/danielmatos\/prefeito-fabio-gentil-decreta-situacao-de-emergencia-em-caxias-por-causa-das-fortes-chuvas\/#breadcrumb"},"inLanguage":"pt-BR","potentialAction":[{"@type":"ReadAction","target":["https:\/\/www.blogsoestado.com\/danielmatos\/prefeito-fabio-gentil-decreta-situacao-de-emergencia-em-caxias-por-causa-das-fortes-chuvas\/"]}]},{"@type":"ImageObject","inLanguage":"pt-BR","@id":"https:\/\/www.blogsoestado.com\/danielmatos\/prefeito-fabio-gentil-decreta-situacao-de-emergencia-em-caxias-por-causa-das-fortes-chuvas\/#primaryimage","url":"https:\/\/www.blogsoestado.com\/danielmatos\/files\/2018\/04\/gentil-enchentes.jpeg","contentUrl":"https:\/\/www.blogsoestado.com\/danielmatos\/files\/2018\/04\/gentil-enchentes.jpeg"},{"@type":"BreadcrumbList","@id":"https:\/\/www.blogsoestado.com\/danielmatos\/prefeito-fabio-gentil-decreta-situacao-de-emergencia-em-caxias-por-causa-das-fortes-chuvas\/#breadcrumb","itemListElement":[{"@type":"ListItem","position":1,"name":"In\u00edcio","item":"https:\/\/www.blogsoestado.com\/danielmatos\/"},{"@type":"ListItem","position":2,"name":"Prefeito F\u00e1bio Gentil decreta situa\u00e7\u00e3o de emerg\u00eancia em Caxias por causa das fortes chuvas"}]},{"@type":"WebSite","@id":"https:\/\/www.blogsoestado.com\/danielmatos\/#website","url":"https:\/\/www.blogsoestado.com\/danielmatos\/","name":"Daniel Matos","description":"","potentialAction":[{"@type":"SearchAction","target":{"@type":"EntryPoint","urlTemplate":"https:\/\/www.blogsoestado.com\/danielmatos\/?s={search_term_string}"},"query-input":{"@type":"PropertyValueSpecification","valueRequired":true,"valueName":"search_term_string"}}],"inLanguage":"pt-BR"}]}},"jetpack_featured_media_url":"","_links":{"self":[{"href":"https:\/\/www.blogsoestado.com\/danielmatos\/wp-json\/wp\/v2\/posts\/50373","targetHints":{"allow":["GET"]}}],"collection":[{"href":"https:\/\/www.blogsoestado.com\/danielmatos\/wp-json\/wp\/v2\/posts"}],"about":[{"href":"https:\/\/www.blogsoestado.com\/danielmatos\/wp-json\/wp\/v2\/types\/post"}],"replies":[{"embeddable":true,"href":"https:\/\/www.blogsoestado.com\/danielmatos\/wp-json\/wp\/v2\/comments?post=50373"}],"version-history":[{"count":0,"href":"https:\/\/www.blogsoestado.com\/danielmatos\/wp-json\/wp\/v2\/posts\/50373\/revisions"}],"wp:attachment":[{"href":"https:\/\/www.blogsoestado.com\/danielmatos\/wp-json\/wp\/v2\/media?parent=50373"}],"wp:term":[{"taxonomy":"category","embeddable":true,"href":"https:\/\/www.blogsoestado.com\/danielmatos\/wp-json\/wp\/v2\/categories?post=50373"},{"taxonomy":"post_tag","embeddable":true,"href":"https:\/\/www.blogsoestado.com\/danielmatos\/wp-json\/wp\/v2\/tags?post=50373"}],"curies":[{"name":"wp","href":"https:\/\/api.w.org\/{rel}","templated":true}]}}