{"id":50391,"date":"2018-04-12T20:07:33","date_gmt":"2018-04-12T23:07:33","guid":{"rendered":"https:\/\/www.blogsoestado.com\/danielmatos\/?p=50391"},"modified":"2018-04-12T20:07:33","modified_gmt":"2018-04-12T23:07:33","slug":"plenario-aprova-projeto-de-edivaldo-holanda-que-modifica-inscricao-no-cadastro-de-contribuintes-do-icms","status":"publish","type":"post","link":"https:\/\/www.blogsoestado.com\/danielmatos\/plenario-aprova-projeto-de-edivaldo-holanda-que-modifica-inscricao-no-cadastro-de-contribuintes-do-icms\/","title":{"rendered":"Plen\u00e1rio aprova projeto de Edivaldo Holanda que modifica inscri\u00e7\u00e3o no cadastro de contribuintes do ICMS"},"content":{"rendered":"<figure id=\"attachment_50394\" aria-describedby=\"caption-attachment-50394\" style=\"width: 410px\" class=\"wp-caption alignright\"><img fetchpriority=\"high\" decoding=\"async\" class=\"wp-image-50394\" src=\"https:\/\/www.blogsoestado.com\/danielmatos\/files\/2018\/04\/Screenshot_2018-04-12-19-54-032.jpg\" alt=\"\" width=\"410\" height=\"270\" \/><figcaption id=\"caption-attachment-50394\" class=\"wp-caption-text\">Edivaldo Holanda quer evitar fraude metrol\u00f3gica na revenda varejista de combust\u00edveis<\/figcaption><\/figure>\n<p>O Plen\u00e1rio da Assembleia Legislativa aprovou, na sess\u00e3o desta quarta-feira (11), o Projeto de Lei n\u00ba 246\/2017, de autoria do deputado Edivaldo Holanda (PTC), que prev\u00ea a cassa\u00e7\u00e3o da efic\u00e1cia da inscri\u00e7\u00e3o no cadastro de contribuintes do Imposto sobre Opera\u00e7\u00f5es Relativas \u00e0 Circula\u00e7\u00e3o de Mercadorias e sobre Presta\u00e7\u00f5es de Servi\u00e7os de Transporte Interestadual e Intermunicipal e de Comunica\u00e7\u00e3o (ICMS), por fraude metrol\u00f3gica na revenda varejista de combust\u00edveis, no \u00e2mbito do Estado do Maranh\u00e3o.<\/p>\n<p>Na justificativa de sua proposi\u00e7\u00e3o, o deputado Edivaldo Holanda explica que concebeu este projeto diante da necessidade de coibir esta reiterada pr\u00e1tica delituosa. \u201c\u00c9 sabido que esse tipo de fraude j\u00e1 foi constatada e vem sendo combatida em todo pa\u00eds, onde o Instituto de Pesos e Medidas concluiu que o crime consiste, em muitos casos, na substitui\u00e7\u00e3o de componentes das placas eletr\u00f4nicas das bombas de combust\u00edveis, as quais\u00a0exibem uma quantidade do produto maior do que a efetivamente ejetada no tanque do veiculo\u201d.<\/p>\n<p>O parlamentar afirma que, em muitos casos, foi inclusive identificado o uso, pelos fraudadores, de controles remotos para desativar o sistema quando da chegada de uma fiscaliza\u00e7\u00e3o. Esses fatos foram mostrados e divulgados pela imprensa nacional.<\/p>\n<p>\u201cPortanto, este Projeto de Lei define como pass\u00edvel de puni\u00e7\u00e3o o revendedor que fraudar a medica\u00e7\u00e3o na bomba no valor cobrado do consumidor. Deste modo, com a sua aprova\u00e7\u00e3o, ser\u00e1 poss\u00edvel impedir que os estabelecimentos devidamente penalizados voltem a praticar essas infra\u00e7\u00f5es, na medida em que seus s\u00f3cios ser\u00e3o tamb\u00e9m proibidos de atuar no mesmo ramo de atividade, seja constituindo nova empresa, seja exercendo tal pr\u00e1tica em local distinto\u201d, afirma Edivaldo Holanda, no texto da justificativa de seu projeto.<\/p>\n<p>O texto do Projeto de Lei n\u00ba 246\/2017 est\u00e1 publicado no Di\u00e1rio da Assembleia Legislativa, edi\u00e7\u00e3o de 20 de setembro de 2017.<\/p>\n","protected":false},"excerpt":{"rendered":"<p>O Plen\u00e1rio da Assembleia Legislativa aprovou, na sess\u00e3o desta quarta-feira (11), o Projeto de Lei n\u00ba 246\/2017, de autoria do [&hellip;]<\/p>\n","protected":false},"author":0,"featured_media":0,"comment_status":"open","ping_status":"open","sticky":false,"template":"","format":"standard","meta":{"site-sidebar-layout":"default","site-content-layout":"","ast-site-content-layout":"default","site-content-style":"default","site-sidebar-style":"default","ast-global-header-display":"","ast-banner-title-visibility":"","ast-main-header-display":"","ast-hfb-above-header-display":"","ast-hfb-below-header-display":"","ast-hfb-mobile-header-display":"","site-post-title":"","ast-breadcrumbs-content":"","ast-featured-img":"","footer-sml-layout":"","ast-disable-related-posts":"","theme-transparent-header-meta":"","adv-header-id-meta":"","stick-header-meta":"","header-above-stick-meta":"","header-main-stick-meta":"","header-below-stick-meta":"","astra-migrate-meta-layouts":"default","ast-page-background-enabled":"default","ast-page-background-meta":{"desktop":{"background-color":"var(--ast-global-color-5)","background-image":"","background-repeat":"repeat","background-position":"center center","background-size":"auto","background-attachment":"scroll","background-type":"","background-media":"","overlay-type":"","overlay-color":"","overlay-opacity":"","overlay-gradient":""},"tablet":{"background-color":"","background-image":"","background-repeat":"repeat","background-position":"center center","background-size":"auto","background-attachment":"scroll","background-type":"","background-media":"","overlay-type":"","overlay-color":"","overlay-opacity":"","overlay-gradient":""},"mobile":{"background-color":"","background-image":"","background-repeat":"repeat","background-position":"center center","background-size":"auto","background-attachment":"scroll","background-type":"","background-media":"","overlay-type":"","overlay-color":"","overlay-opacity":"","overlay-gradient":""}},"ast-content-background-meta":{"desktop":{"background-color":"var(--ast-global-color-4)","background-image":"","background-repeat":"repeat","background-position":"center center","background-size":"auto","background-attachment":"scroll","background-type":"","background-media":"","overlay-type":"","overlay-color":"","overlay-opacity":"","overlay-gradient":""},"tablet":{"background-color":"var(--ast-global-color-4)","background-image":"","background-repeat":"repeat","background-position":"center center","background-size":"auto","background-attachment":"scroll","background-type":"","background-media":"","overlay-type":"","overlay-color":"","overlay-opacity":"","overlay-gradient":""},"mobile":{"background-color":"var(--ast-global-color-4)","background-image":"","background-repeat":"repeat","background-position":"center center","background-size":"auto","background-attachment":"scroll","background-type":"","background-media":"","overlay-type":"","overlay-color":"","overlay-opacity":"","overlay-gradient":""}},"footnotes":""},"categories":[1],"tags":[],"class_list":["post-50391","post","type-post","status-publish","format-standard","hentry","category-sem-categoria"],"yoast_head":"<!-- This site is optimized with the Yoast SEO plugin v26.6 - https:\/\/yoast.com\/wordpress\/plugins\/seo\/ -->\n<title>Plen\u00e1rio aprova projeto de Edivaldo Holanda que modifica inscri\u00e7\u00e3o no cadastro de contribuintes do ICMS - Daniel Matos<\/title>\n<meta name=\"robots\" content=\"index, follow, max-snippet:-1, max-image-preview:large, max-video-preview:-1\" \/>\n<link rel=\"canonical\" href=\"https:\/\/www.blogsoestado.com\/danielmatos\/plenario-aprova-projeto-de-edivaldo-holanda-que-modifica-inscricao-no-cadastro-de-contribuintes-do-icms\/\" \/>\n<meta property=\"og:locale\" content=\"pt_BR\" \/>\n<meta property=\"og:type\" content=\"article\" \/>\n<meta property=\"og:title\" content=\"Plen\u00e1rio aprova projeto de Edivaldo Holanda que modifica inscri\u00e7\u00e3o no cadastro de contribuintes do ICMS - Daniel Matos\" \/>\n<meta property=\"og:description\" content=\"O Plen\u00e1rio da Assembleia Legislativa aprovou, na sess\u00e3o desta quarta-feira (11), o Projeto de Lei n\u00ba 246\/2017, de autoria do [&hellip;]\" \/>\n<meta property=\"og:url\" content=\"https:\/\/www.blogsoestado.com\/danielmatos\/plenario-aprova-projeto-de-edivaldo-holanda-que-modifica-inscricao-no-cadastro-de-contribuintes-do-icms\/\" \/>\n<meta property=\"og:site_name\" content=\"Daniel Matos\" \/>\n<meta property=\"article:published_time\" content=\"2018-04-12T23:07:33+00:00\" \/>\n<meta property=\"og:image\" content=\"https:\/\/www.blogsoestado.com\/danielmatos\/files\/2018\/04\/Screenshot_2018-04-12-19-54-032.jpg\" \/>\n<meta name=\"twitter:card\" content=\"summary_large_image\" \/>\n<meta name=\"twitter:label1\" content=\"Est. tempo de leitura\" \/>\n\t<meta name=\"twitter:data1\" content=\"2 minutos\" \/>\n<script type=\"application\/ld+json\" class=\"yoast-schema-graph\">{\"@context\":\"https:\/\/schema.org\",\"@graph\":[{\"@type\":\"WebPage\",\"@id\":\"https:\/\/www.blogsoestado.com\/danielmatos\/plenario-aprova-projeto-de-edivaldo-holanda-que-modifica-inscricao-no-cadastro-de-contribuintes-do-icms\/\",\"url\":\"https:\/\/www.blogsoestado.com\/danielmatos\/plenario-aprova-projeto-de-edivaldo-holanda-que-modifica-inscricao-no-cadastro-de-contribuintes-do-icms\/\",\"name\":\"Plen\u00e1rio aprova projeto de Edivaldo Holanda que modifica inscri\u00e7\u00e3o no cadastro de contribuintes do ICMS - Daniel Matos\",\"isPartOf\":{\"@id\":\"https:\/\/www.blogsoestado.com\/danielmatos\/#website\"},\"primaryImageOfPage\":{\"@id\":\"https:\/\/www.blogsoestado.com\/danielmatos\/plenario-aprova-projeto-de-edivaldo-holanda-que-modifica-inscricao-no-cadastro-de-contribuintes-do-icms\/#primaryimage\"},\"image\":{\"@id\":\"https:\/\/www.blogsoestado.com\/danielmatos\/plenario-aprova-projeto-de-edivaldo-holanda-que-modifica-inscricao-no-cadastro-de-contribuintes-do-icms\/#primaryimage\"},\"thumbnailUrl\":\"https:\/\/www.blogsoestado.com\/danielmatos\/files\/2018\/04\/Screenshot_2018-04-12-19-54-032.jpg\",\"datePublished\":\"2018-04-12T23:07:33+00:00\",\"author\":{\"@id\":\"\"},\"breadcrumb\":{\"@id\":\"https:\/\/www.blogsoestado.com\/danielmatos\/plenario-aprova-projeto-de-edivaldo-holanda-que-modifica-inscricao-no-cadastro-de-contribuintes-do-icms\/#breadcrumb\"},\"inLanguage\":\"pt-BR\",\"potentialAction\":[{\"@type\":\"ReadAction\",\"target\":[\"https:\/\/www.blogsoestado.com\/danielmatos\/plenario-aprova-projeto-de-edivaldo-holanda-que-modifica-inscricao-no-cadastro-de-contribuintes-do-icms\/\"]}]},{\"@type\":\"ImageObject\",\"inLanguage\":\"pt-BR\",\"@id\":\"https:\/\/www.blogsoestado.com\/danielmatos\/plenario-aprova-projeto-de-edivaldo-holanda-que-modifica-inscricao-no-cadastro-de-contribuintes-do-icms\/#primaryimage\",\"url\":\"https:\/\/www.blogsoestado.com\/danielmatos\/files\/2018\/04\/Screenshot_2018-04-12-19-54-032.jpg\",\"contentUrl\":\"https:\/\/www.blogsoestado.com\/danielmatos\/files\/2018\/04\/Screenshot_2018-04-12-19-54-032.jpg\"},{\"@type\":\"BreadcrumbList\",\"@id\":\"https:\/\/www.blogsoestado.com\/danielmatos\/plenario-aprova-projeto-de-edivaldo-holanda-que-modifica-inscricao-no-cadastro-de-contribuintes-do-icms\/#breadcrumb\",\"itemListElement\":[{\"@type\":\"ListItem\",\"position\":1,\"name\":\"In\u00edcio\",\"item\":\"https:\/\/www.blogsoestado.com\/danielmatos\/\"},{\"@type\":\"ListItem\",\"position\":2,\"name\":\"Plen\u00e1rio aprova projeto de Edivaldo Holanda que modifica inscri\u00e7\u00e3o no cadastro de contribuintes do ICMS\"}]},{\"@type\":\"WebSite\",\"@id\":\"https:\/\/www.blogsoestado.com\/danielmatos\/#website\",\"url\":\"https:\/\/www.blogsoestado.com\/danielmatos\/\",\"name\":\"Daniel Matos\",\"description\":\"\",\"potentialAction\":[{\"@type\":\"SearchAction\",\"target\":{\"@type\":\"EntryPoint\",\"urlTemplate\":\"https:\/\/www.blogsoestado.com\/danielmatos\/?s={search_term_string}\"},\"query-input\":{\"@type\":\"PropertyValueSpecification\",\"valueRequired\":true,\"valueName\":\"search_term_string\"}}],\"inLanguage\":\"pt-BR\"}]}<\/script>\n<!-- \/ Yoast SEO plugin. -->","yoast_head_json":{"title":"Plen\u00e1rio aprova projeto de Edivaldo Holanda que modifica inscri\u00e7\u00e3o no cadastro de contribuintes do ICMS - Daniel Matos","robots":{"index":"index","follow":"follow","max-snippet":"max-snippet:-1","max-image-preview":"max-image-preview:large","max-video-preview":"max-video-preview:-1"},"canonical":"https:\/\/www.blogsoestado.com\/danielmatos\/plenario-aprova-projeto-de-edivaldo-holanda-que-modifica-inscricao-no-cadastro-de-contribuintes-do-icms\/","og_locale":"pt_BR","og_type":"article","og_title":"Plen\u00e1rio aprova projeto de Edivaldo Holanda que modifica inscri\u00e7\u00e3o no cadastro de contribuintes do ICMS - Daniel Matos","og_description":"O Plen\u00e1rio da Assembleia Legislativa aprovou, na sess\u00e3o desta quarta-feira (11), o Projeto de Lei n\u00ba 246\/2017, de autoria do [&hellip;]","og_url":"https:\/\/www.blogsoestado.com\/danielmatos\/plenario-aprova-projeto-de-edivaldo-holanda-que-modifica-inscricao-no-cadastro-de-contribuintes-do-icms\/","og_site_name":"Daniel Matos","article_published_time":"2018-04-12T23:07:33+00:00","og_image":[{"url":"https:\/\/www.blogsoestado.com\/danielmatos\/files\/2018\/04\/Screenshot_2018-04-12-19-54-032.jpg","type":"","width":"","height":""}],"twitter_card":"summary_large_image","twitter_misc":{"Est. tempo de leitura":"2 minutos"},"schema":{"@context":"https:\/\/schema.org","@graph":[{"@type":"WebPage","@id":"https:\/\/www.blogsoestado.com\/danielmatos\/plenario-aprova-projeto-de-edivaldo-holanda-que-modifica-inscricao-no-cadastro-de-contribuintes-do-icms\/","url":"https:\/\/www.blogsoestado.com\/danielmatos\/plenario-aprova-projeto-de-edivaldo-holanda-que-modifica-inscricao-no-cadastro-de-contribuintes-do-icms\/","name":"Plen\u00e1rio aprova projeto de Edivaldo Holanda que modifica inscri\u00e7\u00e3o no cadastro de contribuintes do ICMS - Daniel Matos","isPartOf":{"@id":"https:\/\/www.blogsoestado.com\/danielmatos\/#website"},"primaryImageOfPage":{"@id":"https:\/\/www.blogsoestado.com\/danielmatos\/plenario-aprova-projeto-de-edivaldo-holanda-que-modifica-inscricao-no-cadastro-de-contribuintes-do-icms\/#primaryimage"},"image":{"@id":"https:\/\/www.blogsoestado.com\/danielmatos\/plenario-aprova-projeto-de-edivaldo-holanda-que-modifica-inscricao-no-cadastro-de-contribuintes-do-icms\/#primaryimage"},"thumbnailUrl":"https:\/\/www.blogsoestado.com\/danielmatos\/files\/2018\/04\/Screenshot_2018-04-12-19-54-032.jpg","datePublished":"2018-04-12T23:07:33+00:00","author":{"@id":""},"breadcrumb":{"@id":"https:\/\/www.blogsoestado.com\/danielmatos\/plenario-aprova-projeto-de-edivaldo-holanda-que-modifica-inscricao-no-cadastro-de-contribuintes-do-icms\/#breadcrumb"},"inLanguage":"pt-BR","potentialAction":[{"@type":"ReadAction","target":["https:\/\/www.blogsoestado.com\/danielmatos\/plenario-aprova-projeto-de-edivaldo-holanda-que-modifica-inscricao-no-cadastro-de-contribuintes-do-icms\/"]}]},{"@type":"ImageObject","inLanguage":"pt-BR","@id":"https:\/\/www.blogsoestado.com\/danielmatos\/plenario-aprova-projeto-de-edivaldo-holanda-que-modifica-inscricao-no-cadastro-de-contribuintes-do-icms\/#primaryimage","url":"https:\/\/www.blogsoestado.com\/danielmatos\/files\/2018\/04\/Screenshot_2018-04-12-19-54-032.jpg","contentUrl":"https:\/\/www.blogsoestado.com\/danielmatos\/files\/2018\/04\/Screenshot_2018-04-12-19-54-032.jpg"},{"@type":"BreadcrumbList","@id":"https:\/\/www.blogsoestado.com\/danielmatos\/plenario-aprova-projeto-de-edivaldo-holanda-que-modifica-inscricao-no-cadastro-de-contribuintes-do-icms\/#breadcrumb","itemListElement":[{"@type":"ListItem","position":1,"name":"In\u00edcio","item":"https:\/\/www.blogsoestado.com\/danielmatos\/"},{"@type":"ListItem","position":2,"name":"Plen\u00e1rio aprova projeto de Edivaldo Holanda que modifica inscri\u00e7\u00e3o no cadastro de contribuintes do ICMS"}]},{"@type":"WebSite","@id":"https:\/\/www.blogsoestado.com\/danielmatos\/#website","url":"https:\/\/www.blogsoestado.com\/danielmatos\/","name":"Daniel Matos","description":"","potentialAction":[{"@type":"SearchAction","target":{"@type":"EntryPoint","urlTemplate":"https:\/\/www.blogsoestado.com\/danielmatos\/?s={search_term_string}"},"query-input":{"@type":"PropertyValueSpecification","valueRequired":true,"valueName":"search_term_string"}}],"inLanguage":"pt-BR"}]}},"jetpack_featured_media_url":"","_links":{"self":[{"href":"https:\/\/www.blogsoestado.com\/danielmatos\/wp-json\/wp\/v2\/posts\/50391","targetHints":{"allow":["GET"]}}],"collection":[{"href":"https:\/\/www.blogsoestado.com\/danielmatos\/wp-json\/wp\/v2\/posts"}],"about":[{"href":"https:\/\/www.blogsoestado.com\/danielmatos\/wp-json\/wp\/v2\/types\/post"}],"replies":[{"embeddable":true,"href":"https:\/\/www.blogsoestado.com\/danielmatos\/wp-json\/wp\/v2\/comments?post=50391"}],"version-history":[{"count":0,"href":"https:\/\/www.blogsoestado.com\/danielmatos\/wp-json\/wp\/v2\/posts\/50391\/revisions"}],"wp:attachment":[{"href":"https:\/\/www.blogsoestado.com\/danielmatos\/wp-json\/wp\/v2\/media?parent=50391"}],"wp:term":[{"taxonomy":"category","embeddable":true,"href":"https:\/\/www.blogsoestado.com\/danielmatos\/wp-json\/wp\/v2\/categories?post=50391"},{"taxonomy":"post_tag","embeddable":true,"href":"https:\/\/www.blogsoestado.com\/danielmatos\/wp-json\/wp\/v2\/tags?post=50391"}],"curies":[{"name":"wp","href":"https:\/\/api.w.org\/{rel}","templated":true}]}}