{"id":50396,"date":"2018-04-13T17:21:44","date_gmt":"2018-04-13T20:21:44","guid":{"rendered":"https:\/\/www.blogsoestado.com\/danielmatos\/?p=50396"},"modified":"2018-04-13T17:21:44","modified_gmt":"2018-04-13T20:21:44","slug":"mariano-de-castro-de-arquivo-vivo-arquivo-morto","status":"publish","type":"post","link":"https:\/\/www.blogsoestado.com\/danielmatos\/mariano-de-castro-de-arquivo-vivo-arquivo-morto\/","title":{"rendered":"Mariano de Castro: de arquivo vivo a arquivo morto"},"content":{"rendered":"<figure id=\"attachment_50426\" aria-describedby=\"caption-attachment-50426\" style=\"width: 406px\" class=\"wp-caption alignleft\"><img fetchpriority=\"high\" decoding=\"async\" class=\"size-full wp-image-50426\" src=\"https:\/\/www.blogsoestado.com\/danielmatos\/files\/2018\/04\/mariano-flavio.jpg\" alt=\"\" width=\"406\" height=\"426\" \/><figcaption id=\"caption-attachment-50426\" class=\"wp-caption-text\">Mariano de Castro (\u00e0 direita) em reuni\u00e3o com o secret\u00e1rio de Sa\u00fade, Carlos Lula, e, ao fundo, a imagem do governador Fl\u00e1vio Dino<\/figcaption><\/figure>\n<p>Est\u00e1 cercada de mist\u00e9rio a morte do m\u00e9dico Mariano de Castro Silva, um dos presos na <a href=\"https:\/\/www.blogsoestado.com\/danielmatos\/2017\/11\/16\/operacao-da-pf-descobre-desvio-de-r-18-milhoes-da-saude-no-governo-flavio-dino\/\">Opera\u00e7\u00e3o Pegadores<\/a>, deflagrada em novembro do ano passado pela Pol\u00edcia Federal para desbaratar uma quadrilha formada por membros do governo Fl\u00e1vio Dino (PCdoB) acusada de desviar cerca de R$ 18 milh\u00f5es em recursos federais destinados \u00e0 Sa\u00fade, por meio de fraudes na contrata\u00e7\u00e3o e pagamento de pessoal. Apontado como operador do esquema, Mariano foi encontrado morto, por enforcamento, na noite de quinta-feira (12), dentro do apartamento onde morava com uma irm\u00e3, em Teresina (PI), em circunst\u00e2ncias ainda n\u00e3o esclarecidas.<\/p>\n<p>Recolhido em pris\u00e3o domiciliar desde dezembro do ano passado, quando foi beneficiado por uma decis\u00e3o que lhe permitiu deixar o Complexo Penitenci\u00e1rio de Pedrinhas, o m\u00e9dico, assessor t\u00e9cnico da Secretaria de Estado da Sa\u00fade (SES) \u00e0 \u00e9poca da sua pris\u00e3o, era um verdadeiro arquivo vivo. Ou seja, sabia demais, o que o tornava uma grave amea\u00e7a a quem n\u00e3o tem o m\u00ednimo interesse em ver o caso de corrup\u00e7\u00e3o esmiu\u00e7ado e com todos os envolvidos devidamente punidos.<\/p>\n<p>Seria precipitado levantar suspeita de queima de arquivo. Mas h\u00e1 elementos que, inevitavelmente, induzem a tal conjectura. Sen\u00e3o vejamos: o pr\u00f3prio m\u00e9dico legista que fez a aut\u00f3psia no corpo de Mariano lan\u00e7ou d\u00favida sobre a hip\u00f3tese de suic\u00eddio, apresentada, de in\u00edcio, como vers\u00e3o oficial. Para o profissional do IML piauiense, o ex-assessor da SES tanto pode ter ceifado a pr\u00f3pria vida, como pode ter sido assassinado.<\/p>\n<p>Ainda segundo o legista, n\u00e3o \u00e9 poss\u00edvel concluir, com 100% de certeza, com base nas circunst\u00e2ncias em que o cad\u00e1ver foi encontrado &#8211; dentro de um dos quartos do apartamento, com um cabo da fia\u00e7\u00e3o el\u00e9trica amarrado ao pesco\u00e7o &#8211; que a asfixia por enforcamento que matou o m\u00e9dico foi um ato cometido por ele pr\u00f3prio ou por terceiro (s).<\/p>\n<p>Pessoas que tinham contato mais pr\u00f3ximo com Mariano contestam a vers\u00e3o de suic\u00eddio. E prestam informa\u00e7\u00f5es que podem ser \u00fateis \u00e0 investiga\u00e7\u00e3o, como o fato de o m\u00e9dico ter um filho portador de defici\u00eancia, a quem dedicava extremo cuidado e aten\u00e7\u00e3o permanente. Por essa raz\u00e3o, acham dif\u00edcil que ele tenha se matado, sabendo que deixaria o dependente desamparado.<\/p>\n<p>Um dos protagonistas do maior esc\u00e2ndalo de corrup\u00e7\u00e3o do governo comunista de Fl\u00e1vio Dino, at\u00e9 o momento, Mariano de Castro vinha registrando em cartas as mem\u00f3rias do tempo em que passou como membro da equipe da SES. Os documentos, j\u00e1 em poder da pol\u00edcia, apresentam passagens reveladoras, que n\u00e3o deixam d\u00favida quanto \u00e0 malversa\u00e7\u00e3o de recursos da sa\u00fade estadual. Recluso e com tempo de sobra para rememorar, por escrito, as perip\u00e9cias que o levaram \u00e0 cadeia, o m\u00e9dico dava claros sinais, a cada linha dos seus textos, que trariam \u00e0 tona mais fatos comprometedores.<\/p>\n<p>Por isso mesmo, n\u00e3o faltavam interessados em silenci\u00e1-lo e transform\u00e1-lo em arquivo morto.<\/p>\n","protected":false},"excerpt":{"rendered":"<p>Est\u00e1 cercada de mist\u00e9rio a morte do m\u00e9dico Mariano de Castro Silva, um dos presos na Opera\u00e7\u00e3o Pegadores, deflagrada em [&hellip;]<\/p>\n","protected":false},"author":0,"featured_media":0,"comment_status":"open","ping_status":"open","sticky":false,"template":"","format":"standard","meta":{"site-sidebar-layout":"default","site-content-layout":"","ast-site-content-layout":"default","site-content-style":"default","site-sidebar-style":"default","ast-global-header-display":"","ast-banner-title-visibility":"","ast-main-header-display":"","ast-hfb-above-header-display":"","ast-hfb-below-header-display":"","ast-hfb-mobile-header-display":"","site-post-title":"","ast-breadcrumbs-content":"","ast-featured-img":"","footer-sml-layout":"","ast-disable-related-posts":"","theme-transparent-header-meta":"","adv-header-id-meta":"","stick-header-meta":"","header-above-stick-meta":"","header-main-stick-meta":"","header-below-stick-meta":"","astra-migrate-meta-layouts":"default","ast-page-background-enabled":"default","ast-page-background-meta":{"desktop":{"background-color":"var(--ast-global-color-5)","background-image":"","background-repeat":"repeat","background-position":"center center","background-size":"auto","background-attachment":"scroll","background-type":"","background-media":"","overlay-type":"","overlay-color":"","overlay-opacity":"","overlay-gradient":""},"tablet":{"background-color":"","background-image":"","background-repeat":"repeat","background-position":"center center","background-size":"auto","background-attachment":"scroll","background-type":"","background-media":"","overlay-type":"","overlay-color":"","overlay-opacity":"","overlay-gradient":""},"mobile":{"background-color":"","background-image":"","background-repeat":"repeat","background-position":"center center","background-size":"auto","background-attachment":"scroll","background-type":"","background-media":"","overlay-type":"","overlay-color":"","overlay-opacity":"","overlay-gradient":""}},"ast-content-background-meta":{"desktop":{"background-color":"var(--ast-global-color-4)","background-image":"","background-repeat":"repeat","background-position":"center center","background-size":"auto","background-attachment":"scroll","background-type":"","background-media":"","overlay-type":"","overlay-color":"","overlay-opacity":"","overlay-gradient":""},"tablet":{"background-color":"var(--ast-global-color-4)","background-image":"","background-repeat":"repeat","background-position":"center center","background-size":"auto","background-attachment":"scroll","background-type":"","background-media":"","overlay-type":"","overlay-color":"","overlay-opacity":"","overlay-gradient":""},"mobile":{"background-color":"var(--ast-global-color-4)","background-image":"","background-repeat":"repeat","background-position":"center center","background-size":"auto","background-attachment":"scroll","background-type":"","background-media":"","overlay-type":"","overlay-color":"","overlay-opacity":"","overlay-gradient":""}},"footnotes":""},"categories":[1],"tags":[],"class_list":["post-50396","post","type-post","status-publish","format-standard","hentry","category-sem-categoria"],"yoast_head":"<!-- This site is optimized with the Yoast SEO plugin v26.6 - https:\/\/yoast.com\/wordpress\/plugins\/seo\/ -->\n<title>Mariano de Castro: de arquivo vivo a arquivo morto - Daniel Matos<\/title>\n<meta name=\"robots\" content=\"index, follow, max-snippet:-1, max-image-preview:large, max-video-preview:-1\" \/>\n<link rel=\"canonical\" href=\"https:\/\/www.blogsoestado.com\/danielmatos\/mariano-de-castro-de-arquivo-vivo-arquivo-morto\/\" \/>\n<meta property=\"og:locale\" content=\"pt_BR\" \/>\n<meta property=\"og:type\" content=\"article\" \/>\n<meta property=\"og:title\" content=\"Mariano de Castro: de arquivo vivo a arquivo morto - Daniel Matos\" \/>\n<meta property=\"og:description\" content=\"Est\u00e1 cercada de mist\u00e9rio a morte do m\u00e9dico Mariano de Castro Silva, um dos presos na Opera\u00e7\u00e3o Pegadores, deflagrada em [&hellip;]\" \/>\n<meta property=\"og:url\" content=\"https:\/\/www.blogsoestado.com\/danielmatos\/mariano-de-castro-de-arquivo-vivo-arquivo-morto\/\" \/>\n<meta property=\"og:site_name\" content=\"Daniel Matos\" \/>\n<meta property=\"article:published_time\" content=\"2018-04-13T20:21:44+00:00\" \/>\n<meta property=\"og:image\" content=\"https:\/\/www.blogsoestado.com\/danielmatos\/files\/2018\/04\/mariano-flavio.jpg\" \/>\n<meta name=\"twitter:card\" content=\"summary_large_image\" \/>\n<meta name=\"twitter:label1\" content=\"Est. tempo de leitura\" \/>\n\t<meta name=\"twitter:data1\" content=\"3 minutos\" \/>\n<script type=\"application\/ld+json\" class=\"yoast-schema-graph\">{\"@context\":\"https:\/\/schema.org\",\"@graph\":[{\"@type\":\"WebPage\",\"@id\":\"https:\/\/www.blogsoestado.com\/danielmatos\/mariano-de-castro-de-arquivo-vivo-arquivo-morto\/\",\"url\":\"https:\/\/www.blogsoestado.com\/danielmatos\/mariano-de-castro-de-arquivo-vivo-arquivo-morto\/\",\"name\":\"Mariano de Castro: de arquivo vivo a arquivo morto - Daniel Matos\",\"isPartOf\":{\"@id\":\"https:\/\/www.blogsoestado.com\/danielmatos\/#website\"},\"primaryImageOfPage\":{\"@id\":\"https:\/\/www.blogsoestado.com\/danielmatos\/mariano-de-castro-de-arquivo-vivo-arquivo-morto\/#primaryimage\"},\"image\":{\"@id\":\"https:\/\/www.blogsoestado.com\/danielmatos\/mariano-de-castro-de-arquivo-vivo-arquivo-morto\/#primaryimage\"},\"thumbnailUrl\":\"https:\/\/www.blogsoestado.com\/danielmatos\/files\/2018\/04\/mariano-flavio.jpg\",\"datePublished\":\"2018-04-13T20:21:44+00:00\",\"author\":{\"@id\":\"\"},\"breadcrumb\":{\"@id\":\"https:\/\/www.blogsoestado.com\/danielmatos\/mariano-de-castro-de-arquivo-vivo-arquivo-morto\/#breadcrumb\"},\"inLanguage\":\"pt-BR\",\"potentialAction\":[{\"@type\":\"ReadAction\",\"target\":[\"https:\/\/www.blogsoestado.com\/danielmatos\/mariano-de-castro-de-arquivo-vivo-arquivo-morto\/\"]}]},{\"@type\":\"ImageObject\",\"inLanguage\":\"pt-BR\",\"@id\":\"https:\/\/www.blogsoestado.com\/danielmatos\/mariano-de-castro-de-arquivo-vivo-arquivo-morto\/#primaryimage\",\"url\":\"https:\/\/www.blogsoestado.com\/danielmatos\/files\/2018\/04\/mariano-flavio.jpg\",\"contentUrl\":\"https:\/\/www.blogsoestado.com\/danielmatos\/files\/2018\/04\/mariano-flavio.jpg\"},{\"@type\":\"BreadcrumbList\",\"@id\":\"https:\/\/www.blogsoestado.com\/danielmatos\/mariano-de-castro-de-arquivo-vivo-arquivo-morto\/#breadcrumb\",\"itemListElement\":[{\"@type\":\"ListItem\",\"position\":1,\"name\":\"In\u00edcio\",\"item\":\"https:\/\/www.blogsoestado.com\/danielmatos\/\"},{\"@type\":\"ListItem\",\"position\":2,\"name\":\"Mariano de Castro: de arquivo vivo a arquivo morto\"}]},{\"@type\":\"WebSite\",\"@id\":\"https:\/\/www.blogsoestado.com\/danielmatos\/#website\",\"url\":\"https:\/\/www.blogsoestado.com\/danielmatos\/\",\"name\":\"Daniel Matos\",\"description\":\"\",\"potentialAction\":[{\"@type\":\"SearchAction\",\"target\":{\"@type\":\"EntryPoint\",\"urlTemplate\":\"https:\/\/www.blogsoestado.com\/danielmatos\/?s={search_term_string}\"},\"query-input\":{\"@type\":\"PropertyValueSpecification\",\"valueRequired\":true,\"valueName\":\"search_term_string\"}}],\"inLanguage\":\"pt-BR\"}]}<\/script>\n<!-- \/ Yoast SEO plugin. -->","yoast_head_json":{"title":"Mariano de Castro: de arquivo vivo a arquivo morto - Daniel Matos","robots":{"index":"index","follow":"follow","max-snippet":"max-snippet:-1","max-image-preview":"max-image-preview:large","max-video-preview":"max-video-preview:-1"},"canonical":"https:\/\/www.blogsoestado.com\/danielmatos\/mariano-de-castro-de-arquivo-vivo-arquivo-morto\/","og_locale":"pt_BR","og_type":"article","og_title":"Mariano de Castro: de arquivo vivo a arquivo morto - Daniel Matos","og_description":"Est\u00e1 cercada de mist\u00e9rio a morte do m\u00e9dico Mariano de Castro Silva, um dos presos na Opera\u00e7\u00e3o Pegadores, deflagrada em [&hellip;]","og_url":"https:\/\/www.blogsoestado.com\/danielmatos\/mariano-de-castro-de-arquivo-vivo-arquivo-morto\/","og_site_name":"Daniel Matos","article_published_time":"2018-04-13T20:21:44+00:00","og_image":[{"url":"https:\/\/www.blogsoestado.com\/danielmatos\/files\/2018\/04\/mariano-flavio.jpg","type":"","width":"","height":""}],"twitter_card":"summary_large_image","twitter_misc":{"Est. tempo de leitura":"3 minutos"},"schema":{"@context":"https:\/\/schema.org","@graph":[{"@type":"WebPage","@id":"https:\/\/www.blogsoestado.com\/danielmatos\/mariano-de-castro-de-arquivo-vivo-arquivo-morto\/","url":"https:\/\/www.blogsoestado.com\/danielmatos\/mariano-de-castro-de-arquivo-vivo-arquivo-morto\/","name":"Mariano de Castro: de arquivo vivo a arquivo morto - Daniel Matos","isPartOf":{"@id":"https:\/\/www.blogsoestado.com\/danielmatos\/#website"},"primaryImageOfPage":{"@id":"https:\/\/www.blogsoestado.com\/danielmatos\/mariano-de-castro-de-arquivo-vivo-arquivo-morto\/#primaryimage"},"image":{"@id":"https:\/\/www.blogsoestado.com\/danielmatos\/mariano-de-castro-de-arquivo-vivo-arquivo-morto\/#primaryimage"},"thumbnailUrl":"https:\/\/www.blogsoestado.com\/danielmatos\/files\/2018\/04\/mariano-flavio.jpg","datePublished":"2018-04-13T20:21:44+00:00","author":{"@id":""},"breadcrumb":{"@id":"https:\/\/www.blogsoestado.com\/danielmatos\/mariano-de-castro-de-arquivo-vivo-arquivo-morto\/#breadcrumb"},"inLanguage":"pt-BR","potentialAction":[{"@type":"ReadAction","target":["https:\/\/www.blogsoestado.com\/danielmatos\/mariano-de-castro-de-arquivo-vivo-arquivo-morto\/"]}]},{"@type":"ImageObject","inLanguage":"pt-BR","@id":"https:\/\/www.blogsoestado.com\/danielmatos\/mariano-de-castro-de-arquivo-vivo-arquivo-morto\/#primaryimage","url":"https:\/\/www.blogsoestado.com\/danielmatos\/files\/2018\/04\/mariano-flavio.jpg","contentUrl":"https:\/\/www.blogsoestado.com\/danielmatos\/files\/2018\/04\/mariano-flavio.jpg"},{"@type":"BreadcrumbList","@id":"https:\/\/www.blogsoestado.com\/danielmatos\/mariano-de-castro-de-arquivo-vivo-arquivo-morto\/#breadcrumb","itemListElement":[{"@type":"ListItem","position":1,"name":"In\u00edcio","item":"https:\/\/www.blogsoestado.com\/danielmatos\/"},{"@type":"ListItem","position":2,"name":"Mariano de Castro: de arquivo vivo a arquivo morto"}]},{"@type":"WebSite","@id":"https:\/\/www.blogsoestado.com\/danielmatos\/#website","url":"https:\/\/www.blogsoestado.com\/danielmatos\/","name":"Daniel Matos","description":"","potentialAction":[{"@type":"SearchAction","target":{"@type":"EntryPoint","urlTemplate":"https:\/\/www.blogsoestado.com\/danielmatos\/?s={search_term_string}"},"query-input":{"@type":"PropertyValueSpecification","valueRequired":true,"valueName":"search_term_string"}}],"inLanguage":"pt-BR"}]}},"jetpack_featured_media_url":"","_links":{"self":[{"href":"https:\/\/www.blogsoestado.com\/danielmatos\/wp-json\/wp\/v2\/posts\/50396","targetHints":{"allow":["GET"]}}],"collection":[{"href":"https:\/\/www.blogsoestado.com\/danielmatos\/wp-json\/wp\/v2\/posts"}],"about":[{"href":"https:\/\/www.blogsoestado.com\/danielmatos\/wp-json\/wp\/v2\/types\/post"}],"replies":[{"embeddable":true,"href":"https:\/\/www.blogsoestado.com\/danielmatos\/wp-json\/wp\/v2\/comments?post=50396"}],"version-history":[{"count":0,"href":"https:\/\/www.blogsoestado.com\/danielmatos\/wp-json\/wp\/v2\/posts\/50396\/revisions"}],"wp:attachment":[{"href":"https:\/\/www.blogsoestado.com\/danielmatos\/wp-json\/wp\/v2\/media?parent=50396"}],"wp:term":[{"taxonomy":"category","embeddable":true,"href":"https:\/\/www.blogsoestado.com\/danielmatos\/wp-json\/wp\/v2\/categories?post=50396"},{"taxonomy":"post_tag","embeddable":true,"href":"https:\/\/www.blogsoestado.com\/danielmatos\/wp-json\/wp\/v2\/tags?post=50396"}],"curies":[{"name":"wp","href":"https:\/\/api.w.org\/{rel}","templated":true}]}}