{"id":50399,"date":"2018-04-13T09:53:59","date_gmt":"2018-04-13T12:53:59","guid":{"rendered":"https:\/\/www.blogsoestado.com\/danielmatos\/?p=50399"},"modified":"2018-04-13T09:53:59","modified_gmt":"2018-04-13T12:53:59","slug":"amaury-almeida-e-pre-candidato-deputado-estadual","status":"publish","type":"post","link":"https:\/\/www.blogsoestado.com\/danielmatos\/amaury-almeida-e-pre-candidato-deputado-estadual\/","title":{"rendered":"Amaury Almeida \u00e9 pr\u00e9-candidato a deputado estadual"},"content":{"rendered":"<h2><span style=\"color: #ff0000;\">Candidatura \u00e9 tocada no combate \u00e0s injusti\u00e7as e em defesa da baixada e litoral ocidental maranhense<\/span><\/h2>\n<figure id=\"attachment_50400\" aria-describedby=\"caption-attachment-50400\" style=\"width: 448px\" class=\"wp-caption alignleft\"><img fetchpriority=\"high\" decoding=\"async\" class=\"size-full wp-image-50400\" src=\"https:\/\/www.blogsoestado.com\/danielmatos\/files\/2018\/04\/amaury-candidato.jpg\" alt=\"\" width=\"448\" height=\"250\" \/><figcaption id=\"caption-attachment-50400\" class=\"wp-caption-text\">Ex-prefeito de Mirinzal, Amaury tem cacife pol\u00edtico para disputar vaga na Assembleia Legislativa<\/figcaption><\/figure>\n<p>O ex-prefeito de Mirinzal, Amaury Almeida, anunciou na tarde de ontem (11) a sua pr\u00e9-candidatura \u00e0 Assembleia Legislativa do Maranh\u00e3o pelo Partido Social Democr\u00e1tico (PSD, 55) ap\u00f3s reuni\u00e3o com o presidente da agremia\u00e7\u00e3o, Claudio Trinch\u00e3o, que \u00e9 suplente de deputado federal e ex-secret\u00e1rio da Fazenda do Estado do Maranh\u00e3o.<\/p>\n<p>Amaury foi recentemente prefeito de Mirinzal com mandato de 2013 a 2016, reconhecido como um dos melhores gestores da regi\u00e3o no per\u00edodo em que governou a sua cidade.<\/p>\n<p>Na candidatura para a reelei\u00e7\u00e3o, em que era favorito, o ex-prefeito passou por uma situa\u00e7\u00e3o desconfort\u00e1vel conhecida em todo o Brasil, quando foi preso no dia do pleito, atrav\u00e9s de uma arma\u00e7\u00e3o que elegeu o atual prefeito da cidade que \u00e9 ligado ao governador Fl\u00e1vio Dino.<\/p>\n<p>Na arma\u00e7\u00e3o, imputaram um assassinato de uma pessoa que est\u00e1 viva e que afirmou, antes do candidato ser preso, que nunca viu Amaury na cena do suposto crime. Mas mesmo assim, sob ordens superiores, o candidato de oposi\u00e7\u00e3o ao governo Dino foi preso, facilitando assim a elei\u00e7\u00e3o do prefeito ligado ao Pal\u00e1cio dos Le\u00f5es.<\/p>\n<p>Durante esse per\u00edodo, v\u00e1rios outros candidatos de oposi\u00e7\u00e3o aos Le\u00f5es foram perseguidos e presos, a exemplo de Ney Passinho em Centro Novo do Maranh\u00e3o que foi preso, e o pr\u00f3prio Luciano Gen\u00e9sio, em Pinheiro, que venceu as elei\u00e7\u00f5es a contra gosto do governo estadual, sendo perseguido no dia do pleito.<\/p>\n<p>Sob o chamado de populares e lideran\u00e7as de v\u00e1rios munic\u00edpios do litoral ocidental norte maranhense, que compreende nove munic\u00edpios, Amaury \u00e9 chamado a disputar uma vaga de deputado estadual para representar aquela regi\u00e3o que \u00e9 carente de voz na defesa dos seus interesses, e tamb\u00e9m, para contrapor as injusti\u00e7as que s\u00e3o cometidas pelo governo Dino.<\/p>\n<p><strong>Desafio<\/strong><\/p>\n<p>Perguntado por nossa equipe sob a candidatura e a expectativa, Amaury destacou que enfrentar\u00e1 esse desafio com profunda disposi\u00e7\u00e3o de lutar pela sua regi\u00e3o e por todo o Maranh\u00e3o. \u201cTivemos uma administra\u00e7\u00e3o reconhecida estadualmente por exemplo de organiza\u00e7\u00e3o, pagando nos 4 anos de mandato todos os servidores em dia, construindo escolas, iniciando reformas de logradouros p\u00fablicos, ficando com dinheiro em caixa para meu sucessor continuar, e levantando o IDEB do munic\u00edpio para um dos melhores do Maranh\u00e3o, dentre outras coisas. Quero levar a minha experi\u00eancia e dedica\u00e7\u00e3o como gestor p\u00fablico para a Assembleia Legislativa, na certeza de que naquela Casa haver\u00e1 mais um deputado de luta, que n\u00e3o se curvar\u00e1 \u00e0s injusti\u00e7as e que em muito ajudar\u00e1 o Maranh\u00e3o\u201d, frisou o ex-prefeito.<\/p>\n<p>\u201cPor tudo que vivenciei como gestor, fazendo uma administra\u00e7\u00e3o s\u00e9ria e reconhecida em toda a regi\u00e3o que compreende o cons\u00f3rcio das florestas dos guar\u00e1s, do qual fui presidente; pelas injusti\u00e7as que sofri; pelas injusti\u00e7as que sofre o nosso povo; e pela necessidade do Maranh\u00e3o superar esse momento sombrio pelo qual passa, \u00e9 que me disponho a lutar pelo nosso povo e pelo nosso Estado, na certeza de que haver\u00e1 uma voz firme em defesa dos interesses da nossa popula\u00e7\u00e3o. Esse \u00e9 o espirito da minha candidatura\u201d, finalizou Amaury Almeida.<\/p>\n<p>Ap\u00f3s o anuncio da candidatura, a equipe do PortalAt\u00e9Hoje recebeu de v\u00e1rios populares da cidade de Mirinzal e de cidades vizinhas, manifesta\u00e7\u00f5es positivas, sinal de que um sonho de defesa da regi\u00e3o come\u00e7a a ser concretizado.<\/p>\n","protected":false},"excerpt":{"rendered":"<p>Candidatura \u00e9 tocada no combate \u00e0s injusti\u00e7as e em defesa da baixada e litoral ocidental maranhense O ex-prefeito de Mirinzal, [&hellip;]<\/p>\n","protected":false},"author":0,"featured_media":0,"comment_status":"open","ping_status":"open","sticky":false,"template":"","format":"standard","meta":{"site-sidebar-layout":"default","site-content-layout":"","ast-site-content-layout":"default","site-content-style":"default","site-sidebar-style":"default","ast-global-header-display":"","ast-banner-title-visibility":"","ast-main-header-display":"","ast-hfb-above-header-display":"","ast-hfb-below-header-display":"","ast-hfb-mobile-header-display":"","site-post-title":"","ast-breadcrumbs-content":"","ast-featured-img":"","footer-sml-layout":"","ast-disable-related-posts":"","theme-transparent-header-meta":"","adv-header-id-meta":"","stick-header-meta":"","header-above-stick-meta":"","header-main-stick-meta":"","header-below-stick-meta":"","astra-migrate-meta-layouts":"default","ast-page-background-enabled":"default","ast-page-background-meta":{"desktop":{"background-color":"var(--ast-global-color-5)","background-image":"","background-repeat":"repeat","background-position":"center center","background-size":"auto","background-attachment":"scroll","background-type":"","background-media":"","overlay-type":"","overlay-color":"","overlay-opacity":"","overlay-gradient":""},"tablet":{"background-color":"","background-image":"","background-repeat":"repeat","background-position":"center center","background-size":"auto","background-attachment":"scroll","background-type":"","background-media":"","overlay-type":"","overlay-color":"","overlay-opacity":"","overlay-gradient":""},"mobile":{"background-color":"","background-image":"","background-repeat":"repeat","background-position":"center center","background-size":"auto","background-attachment":"scroll","background-type":"","background-media":"","overlay-type":"","overlay-color":"","overlay-opacity":"","overlay-gradient":""}},"ast-content-background-meta":{"desktop":{"background-color":"var(--ast-global-color-4)","background-image":"","background-repeat":"repeat","background-position":"center center","background-size":"auto","background-attachment":"scroll","background-type":"","background-media":"","overlay-type":"","overlay-color":"","overlay-opacity":"","overlay-gradient":""},"tablet":{"background-color":"var(--ast-global-color-4)","background-image":"","background-repeat":"repeat","background-position":"center center","background-size":"auto","background-attachment":"scroll","background-type":"","background-media":"","overlay-type":"","overlay-color":"","overlay-opacity":"","overlay-gradient":""},"mobile":{"background-color":"var(--ast-global-color-4)","background-image":"","background-repeat":"repeat","background-position":"center center","background-size":"auto","background-attachment":"scroll","background-type":"","background-media":"","overlay-type":"","overlay-color":"","overlay-opacity":"","overlay-gradient":""}},"footnotes":""},"categories":[1],"tags":[],"class_list":["post-50399","post","type-post","status-publish","format-standard","hentry","category-sem-categoria"],"yoast_head":"<!-- This site is optimized with the Yoast SEO plugin v26.6 - https:\/\/yoast.com\/wordpress\/plugins\/seo\/ -->\n<title>Amaury Almeida \u00e9 pr\u00e9-candidato a deputado estadual - Daniel Matos<\/title>\n<meta name=\"robots\" content=\"index, follow, max-snippet:-1, max-image-preview:large, max-video-preview:-1\" \/>\n<link rel=\"canonical\" href=\"https:\/\/www.blogsoestado.com\/danielmatos\/amaury-almeida-e-pre-candidato-deputado-estadual\/\" \/>\n<meta property=\"og:locale\" content=\"pt_BR\" \/>\n<meta property=\"og:type\" content=\"article\" \/>\n<meta property=\"og:title\" content=\"Amaury Almeida \u00e9 pr\u00e9-candidato a deputado estadual - Daniel Matos\" \/>\n<meta property=\"og:description\" content=\"Candidatura \u00e9 tocada no combate \u00e0s injusti\u00e7as e em defesa da baixada e litoral ocidental maranhense O ex-prefeito de Mirinzal, [&hellip;]\" \/>\n<meta property=\"og:url\" content=\"https:\/\/www.blogsoestado.com\/danielmatos\/amaury-almeida-e-pre-candidato-deputado-estadual\/\" \/>\n<meta property=\"og:site_name\" content=\"Daniel Matos\" \/>\n<meta property=\"article:published_time\" content=\"2018-04-13T12:53:59+00:00\" \/>\n<meta property=\"og:image\" content=\"https:\/\/www.blogsoestado.com\/danielmatos\/files\/2018\/04\/amaury-candidato.jpg\" \/>\n<meta name=\"twitter:card\" content=\"summary_large_image\" \/>\n<meta name=\"twitter:label1\" content=\"Est. tempo de leitura\" \/>\n\t<meta name=\"twitter:data1\" content=\"3 minutos\" \/>\n<script type=\"application\/ld+json\" class=\"yoast-schema-graph\">{\"@context\":\"https:\/\/schema.org\",\"@graph\":[{\"@type\":\"WebPage\",\"@id\":\"https:\/\/www.blogsoestado.com\/danielmatos\/amaury-almeida-e-pre-candidato-deputado-estadual\/\",\"url\":\"https:\/\/www.blogsoestado.com\/danielmatos\/amaury-almeida-e-pre-candidato-deputado-estadual\/\",\"name\":\"Amaury Almeida \u00e9 pr\u00e9-candidato a deputado estadual - Daniel Matos\",\"isPartOf\":{\"@id\":\"https:\/\/www.blogsoestado.com\/danielmatos\/#website\"},\"primaryImageOfPage\":{\"@id\":\"https:\/\/www.blogsoestado.com\/danielmatos\/amaury-almeida-e-pre-candidato-deputado-estadual\/#primaryimage\"},\"image\":{\"@id\":\"https:\/\/www.blogsoestado.com\/danielmatos\/amaury-almeida-e-pre-candidato-deputado-estadual\/#primaryimage\"},\"thumbnailUrl\":\"https:\/\/www.blogsoestado.com\/danielmatos\/files\/2018\/04\/amaury-candidato.jpg\",\"datePublished\":\"2018-04-13T12:53:59+00:00\",\"author\":{\"@id\":\"\"},\"breadcrumb\":{\"@id\":\"https:\/\/www.blogsoestado.com\/danielmatos\/amaury-almeida-e-pre-candidato-deputado-estadual\/#breadcrumb\"},\"inLanguage\":\"pt-BR\",\"potentialAction\":[{\"@type\":\"ReadAction\",\"target\":[\"https:\/\/www.blogsoestado.com\/danielmatos\/amaury-almeida-e-pre-candidato-deputado-estadual\/\"]}]},{\"@type\":\"ImageObject\",\"inLanguage\":\"pt-BR\",\"@id\":\"https:\/\/www.blogsoestado.com\/danielmatos\/amaury-almeida-e-pre-candidato-deputado-estadual\/#primaryimage\",\"url\":\"https:\/\/www.blogsoestado.com\/danielmatos\/files\/2018\/04\/amaury-candidato.jpg\",\"contentUrl\":\"https:\/\/www.blogsoestado.com\/danielmatos\/files\/2018\/04\/amaury-candidato.jpg\"},{\"@type\":\"BreadcrumbList\",\"@id\":\"https:\/\/www.blogsoestado.com\/danielmatos\/amaury-almeida-e-pre-candidato-deputado-estadual\/#breadcrumb\",\"itemListElement\":[{\"@type\":\"ListItem\",\"position\":1,\"name\":\"In\u00edcio\",\"item\":\"https:\/\/www.blogsoestado.com\/danielmatos\/\"},{\"@type\":\"ListItem\",\"position\":2,\"name\":\"Amaury Almeida \u00e9 pr\u00e9-candidato a deputado estadual\"}]},{\"@type\":\"WebSite\",\"@id\":\"https:\/\/www.blogsoestado.com\/danielmatos\/#website\",\"url\":\"https:\/\/www.blogsoestado.com\/danielmatos\/\",\"name\":\"Daniel Matos\",\"description\":\"\",\"potentialAction\":[{\"@type\":\"SearchAction\",\"target\":{\"@type\":\"EntryPoint\",\"urlTemplate\":\"https:\/\/www.blogsoestado.com\/danielmatos\/?s={search_term_string}\"},\"query-input\":{\"@type\":\"PropertyValueSpecification\",\"valueRequired\":true,\"valueName\":\"search_term_string\"}}],\"inLanguage\":\"pt-BR\"}]}<\/script>\n<!-- \/ Yoast SEO plugin. -->","yoast_head_json":{"title":"Amaury Almeida \u00e9 pr\u00e9-candidato a deputado estadual - Daniel Matos","robots":{"index":"index","follow":"follow","max-snippet":"max-snippet:-1","max-image-preview":"max-image-preview:large","max-video-preview":"max-video-preview:-1"},"canonical":"https:\/\/www.blogsoestado.com\/danielmatos\/amaury-almeida-e-pre-candidato-deputado-estadual\/","og_locale":"pt_BR","og_type":"article","og_title":"Amaury Almeida \u00e9 pr\u00e9-candidato a deputado estadual - Daniel Matos","og_description":"Candidatura \u00e9 tocada no combate \u00e0s injusti\u00e7as e em defesa da baixada e litoral ocidental maranhense O ex-prefeito de Mirinzal, [&hellip;]","og_url":"https:\/\/www.blogsoestado.com\/danielmatos\/amaury-almeida-e-pre-candidato-deputado-estadual\/","og_site_name":"Daniel Matos","article_published_time":"2018-04-13T12:53:59+00:00","og_image":[{"url":"https:\/\/www.blogsoestado.com\/danielmatos\/files\/2018\/04\/amaury-candidato.jpg","type":"","width":"","height":""}],"twitter_card":"summary_large_image","twitter_misc":{"Est. tempo de leitura":"3 minutos"},"schema":{"@context":"https:\/\/schema.org","@graph":[{"@type":"WebPage","@id":"https:\/\/www.blogsoestado.com\/danielmatos\/amaury-almeida-e-pre-candidato-deputado-estadual\/","url":"https:\/\/www.blogsoestado.com\/danielmatos\/amaury-almeida-e-pre-candidato-deputado-estadual\/","name":"Amaury Almeida \u00e9 pr\u00e9-candidato a deputado estadual - Daniel Matos","isPartOf":{"@id":"https:\/\/www.blogsoestado.com\/danielmatos\/#website"},"primaryImageOfPage":{"@id":"https:\/\/www.blogsoestado.com\/danielmatos\/amaury-almeida-e-pre-candidato-deputado-estadual\/#primaryimage"},"image":{"@id":"https:\/\/www.blogsoestado.com\/danielmatos\/amaury-almeida-e-pre-candidato-deputado-estadual\/#primaryimage"},"thumbnailUrl":"https:\/\/www.blogsoestado.com\/danielmatos\/files\/2018\/04\/amaury-candidato.jpg","datePublished":"2018-04-13T12:53:59+00:00","author":{"@id":""},"breadcrumb":{"@id":"https:\/\/www.blogsoestado.com\/danielmatos\/amaury-almeida-e-pre-candidato-deputado-estadual\/#breadcrumb"},"inLanguage":"pt-BR","potentialAction":[{"@type":"ReadAction","target":["https:\/\/www.blogsoestado.com\/danielmatos\/amaury-almeida-e-pre-candidato-deputado-estadual\/"]}]},{"@type":"ImageObject","inLanguage":"pt-BR","@id":"https:\/\/www.blogsoestado.com\/danielmatos\/amaury-almeida-e-pre-candidato-deputado-estadual\/#primaryimage","url":"https:\/\/www.blogsoestado.com\/danielmatos\/files\/2018\/04\/amaury-candidato.jpg","contentUrl":"https:\/\/www.blogsoestado.com\/danielmatos\/files\/2018\/04\/amaury-candidato.jpg"},{"@type":"BreadcrumbList","@id":"https:\/\/www.blogsoestado.com\/danielmatos\/amaury-almeida-e-pre-candidato-deputado-estadual\/#breadcrumb","itemListElement":[{"@type":"ListItem","position":1,"name":"In\u00edcio","item":"https:\/\/www.blogsoestado.com\/danielmatos\/"},{"@type":"ListItem","position":2,"name":"Amaury Almeida \u00e9 pr\u00e9-candidato a deputado estadual"}]},{"@type":"WebSite","@id":"https:\/\/www.blogsoestado.com\/danielmatos\/#website","url":"https:\/\/www.blogsoestado.com\/danielmatos\/","name":"Daniel Matos","description":"","potentialAction":[{"@type":"SearchAction","target":{"@type":"EntryPoint","urlTemplate":"https:\/\/www.blogsoestado.com\/danielmatos\/?s={search_term_string}"},"query-input":{"@type":"PropertyValueSpecification","valueRequired":true,"valueName":"search_term_string"}}],"inLanguage":"pt-BR"}]}},"jetpack_featured_media_url":"","_links":{"self":[{"href":"https:\/\/www.blogsoestado.com\/danielmatos\/wp-json\/wp\/v2\/posts\/50399","targetHints":{"allow":["GET"]}}],"collection":[{"href":"https:\/\/www.blogsoestado.com\/danielmatos\/wp-json\/wp\/v2\/posts"}],"about":[{"href":"https:\/\/www.blogsoestado.com\/danielmatos\/wp-json\/wp\/v2\/types\/post"}],"replies":[{"embeddable":true,"href":"https:\/\/www.blogsoestado.com\/danielmatos\/wp-json\/wp\/v2\/comments?post=50399"}],"version-history":[{"count":0,"href":"https:\/\/www.blogsoestado.com\/danielmatos\/wp-json\/wp\/v2\/posts\/50399\/revisions"}],"wp:attachment":[{"href":"https:\/\/www.blogsoestado.com\/danielmatos\/wp-json\/wp\/v2\/media?parent=50399"}],"wp:term":[{"taxonomy":"category","embeddable":true,"href":"https:\/\/www.blogsoestado.com\/danielmatos\/wp-json\/wp\/v2\/categories?post=50399"},{"taxonomy":"post_tag","embeddable":true,"href":"https:\/\/www.blogsoestado.com\/danielmatos\/wp-json\/wp\/v2\/tags?post=50399"}],"curies":[{"name":"wp","href":"https:\/\/api.w.org\/{rel}","templated":true}]}}