{"id":50432,"date":"2018-04-15T14:48:52","date_gmt":"2018-04-15T17:48:52","guid":{"rendered":"https:\/\/www.blogsoestado.com\/danielmatos\/?p=50432"},"modified":"2018-04-15T14:48:52","modified_gmt":"2018-04-15T17:48:52","slug":"denuncias-debates-e-propostas-marcam-audiencia-promovida-por-cezar-bombeiro-sobre-escolas-comunitarias","status":"publish","type":"post","link":"https:\/\/www.blogsoestado.com\/danielmatos\/denuncias-debates-e-propostas-marcam-audiencia-promovida-por-cezar-bombeiro-sobre-escolas-comunitarias\/","title":{"rendered":"Den\u00fancias, debates e propostas marcam audi\u00eancia promovida por C\u00e9zar Bombeiro sobre escolas comunit\u00e1rias"},"content":{"rendered":"<figure id=\"attachment_50433\" aria-describedby=\"caption-attachment-50433\" style=\"width: 481px\" class=\"wp-caption aligncenter\"><img fetchpriority=\"high\" decoding=\"async\" class=\"size-full wp-image-50433\" src=\"https:\/\/www.blogsoestado.com\/danielmatos\/files\/2018\/04\/bombeiro-comunitario2.jpg\" alt=\"\" width=\"481\" height=\"480\" \/><figcaption id=\"caption-attachment-50433\" class=\"wp-caption-text\">C\u00e9zar Bombeiro informou que o debate, marcado por criticas e propostas, ser\u00e1 encaminhado, via documento, ao prefeito de S\u00e3o Lu\u00eds<\/figcaption><\/figure>\n<p>A C\u00e2mara Municipal realizou, na manh\u00e3 da \u00faltima sexta-feira, (13), uma audi\u00eancia p\u00fablica para promover um amplo debate sobre as escolas comunit\u00e1rias existentes em S\u00e3o Lu\u00eds, numa iniciativa do vereador C\u00e9zar Bombeiro (PSD). O evento aconteceu depois de ter visitado diversos desses estabelecimentos e ter visto de perto as dificuldades enfrentadas pelos mesmos, apesar da dedica\u00e7\u00e3o de diretores, professores e pais de alunos, o cerne do problema \u00e9 que todas elas precisam ser valorizadas e ter tratamento de parceiras com a Prefeitura de S\u00e3o Lu\u00eds.<\/p>\n<p>S\u00e3o elas que assumem a maior parte da responsabilidade do ensino infantil, uma vez que o munic\u00edpio n\u00e3o tem uma estrutura capaz de atender a demanda, o que proporciona a que impede que muitas crian\u00e7as fiquem exclu\u00eddas dos seus direitos \u00e0 educa\u00e7\u00e3o, afirma C\u00e9zar Bombeiro.<\/p>\n<p>A proposta do vereador de sugerir ao legislativo municipal a audi\u00eancia p\u00fablica foi para oportunizar um amplo debate entre as entidades que dirigem Escolas Comunit\u00e1rias, institui\u00e7\u00f5es p\u00fablicas e \u00f3rg\u00e3os municipais, entre os quais a Secretaria Municipal de Educa\u00e7\u00e3o.<\/p>\n<p>Foi lamento geral pelos presentes, as aus\u00eancias do Secret\u00e1rio de Estado da Educa\u00e7\u00e3o, da Promotoria da Educa\u00e7\u00e3o, da Defensoria P\u00fablica, que poderiam contribuir para a consider\u00e1vel melhoria da educa\u00e7\u00e3o infantil em S\u00e3o Lu\u00eds, disse o vereador Estev\u00e3o Arag\u00e3o (PSDB), integrante da mesa que dirigiu a audi\u00eancia p\u00fablica, presidida pelo vereador Francisco Carvalho (PSL) com a participa\u00e7\u00e3o do autor da audi\u00eancia p\u00fablica vereador C\u00e9zar Bombeiro e o Secret\u00e1rio Municipal de Educa\u00e7\u00e3o, professor Moacir Feitosa.<\/p>\n<p>Os dirigentes de Escolas Comunit\u00e1rias, que se manifestaram na audi\u00eancia fizeram fortes criticas a administra\u00e7\u00e3o municipal e registraram que os problemas n\u00e3o s\u00e3o maiores em decorr\u00eancia da sensibilidade do professor Moacir Feitosa, tendo algumas afirmado a sua responsabilidade em enfrentar o sucateamento praticado na pasta municipal.<\/p>\n<p>O professor Moacir Feitosa, Secret\u00e1rio Municipal de Educa\u00e7\u00e3o com amplos conhecimentos e habilidade que lhes \u00e9 inerente, procurou contornar os problemas, principalmente na quest\u00e3o dos conv\u00eanios e de uma maior intera\u00e7\u00e3o, reconhecendo que as Escolas Comunit\u00e1rias exercem uma importante participa\u00e7\u00e3o na educa\u00e7\u00e3o infantil da nossa capital e falou sobre quest\u00f5es que est\u00e3o em estudos e que v\u00e3o contemplar todas elas.<\/p>\n<p>O vereador Francisco Carvalho, que presidiu a audi\u00eancia p\u00fablica, elogiou a iniciativa do vereador C\u00e9zar Bombeiro e destacou a participa\u00e7\u00e3o de todas as representa\u00e7\u00f5es de escolas comunit\u00e1rias pelo elevado interesse em participar cada vez da educa\u00e7\u00e3o infantil de S\u00e3o Lu\u00eds. Salientou, a importante presen\u00e7a do secret\u00e1rio Moacir Feitosa , que soube ouvir as criticas e os reconhecimentos e deu respostas de esperan\u00e7as a todos com constru\u00e7\u00f5es futuras.<\/p>\n<p>C\u00e9zar Bombeiro, ao encerramento adiantou que todo o debate com criticas e propostas ser\u00e1 encaminhado atrav\u00e9s de documento ao Prefeito de S\u00e3o Lu\u00eds, a Secretaria Municipal de Educa\u00e7\u00e3o e ao Minist\u00e9rio P\u00fablico da Educa\u00e7\u00e3o.<\/p>\n","protected":false},"excerpt":{"rendered":"<p>A C\u00e2mara Municipal realizou, na manh\u00e3 da \u00faltima sexta-feira, (13), uma audi\u00eancia p\u00fablica para promover um amplo debate sobre as [&hellip;]<\/p>\n","protected":false},"author":0,"featured_media":0,"comment_status":"open","ping_status":"open","sticky":false,"template":"","format":"standard","meta":{"site-sidebar-layout":"default","site-content-layout":"","ast-site-content-layout":"default","site-content-style":"default","site-sidebar-style":"default","ast-global-header-display":"","ast-banner-title-visibility":"","ast-main-header-display":"","ast-hfb-above-header-display":"","ast-hfb-below-header-display":"","ast-hfb-mobile-header-display":"","site-post-title":"","ast-breadcrumbs-content":"","ast-featured-img":"","footer-sml-layout":"","ast-disable-related-posts":"","theme-transparent-header-meta":"","adv-header-id-meta":"","stick-header-meta":"","header-above-stick-meta":"","header-main-stick-meta":"","header-below-stick-meta":"","astra-migrate-meta-layouts":"default","ast-page-background-enabled":"default","ast-page-background-meta":{"desktop":{"background-color":"var(--ast-global-color-5)","background-image":"","background-repeat":"repeat","background-position":"center center","background-size":"auto","background-attachment":"scroll","background-type":"","background-media":"","overlay-type":"","overlay-color":"","overlay-opacity":"","overlay-gradient":""},"tablet":{"background-color":"","background-image":"","background-repeat":"repeat","background-position":"center center","background-size":"auto","background-attachment":"scroll","background-type":"","background-media":"","overlay-type":"","overlay-color":"","overlay-opacity":"","overlay-gradient":""},"mobile":{"background-color":"","background-image":"","background-repeat":"repeat","background-position":"center center","background-size":"auto","background-attachment":"scroll","background-type":"","background-media":"","overlay-type":"","overlay-color":"","overlay-opacity":"","overlay-gradient":""}},"ast-content-background-meta":{"desktop":{"background-color":"var(--ast-global-color-4)","background-image":"","background-repeat":"repeat","background-position":"center center","background-size":"auto","background-attachment":"scroll","background-type":"","background-media":"","overlay-type":"","overlay-color":"","overlay-opacity":"","overlay-gradient":""},"tablet":{"background-color":"var(--ast-global-color-4)","background-image":"","background-repeat":"repeat","background-position":"center center","background-size":"auto","background-attachment":"scroll","background-type":"","background-media":"","overlay-type":"","overlay-color":"","overlay-opacity":"","overlay-gradient":""},"mobile":{"background-color":"var(--ast-global-color-4)","background-image":"","background-repeat":"repeat","background-position":"center center","background-size":"auto","background-attachment":"scroll","background-type":"","background-media":"","overlay-type":"","overlay-color":"","overlay-opacity":"","overlay-gradient":""}},"footnotes":""},"categories":[1],"tags":[],"class_list":["post-50432","post","type-post","status-publish","format-standard","hentry","category-sem-categoria"],"yoast_head":"<!-- This site is optimized with the Yoast SEO plugin v26.6 - https:\/\/yoast.com\/wordpress\/plugins\/seo\/ -->\n<title>Den\u00fancias, debates e propostas marcam audi\u00eancia promovida por C\u00e9zar Bombeiro sobre escolas comunit\u00e1rias - Daniel Matos<\/title>\n<meta name=\"robots\" content=\"index, follow, max-snippet:-1, max-image-preview:large, max-video-preview:-1\" \/>\n<link rel=\"canonical\" href=\"https:\/\/www.blogsoestado.com\/danielmatos\/denuncias-debates-e-propostas-marcam-audiencia-promovida-por-cezar-bombeiro-sobre-escolas-comunitarias\/\" \/>\n<meta property=\"og:locale\" content=\"pt_BR\" \/>\n<meta property=\"og:type\" content=\"article\" \/>\n<meta property=\"og:title\" content=\"Den\u00fancias, debates e propostas marcam audi\u00eancia promovida por C\u00e9zar Bombeiro sobre escolas comunit\u00e1rias - Daniel Matos\" \/>\n<meta property=\"og:description\" content=\"A C\u00e2mara Municipal realizou, na manh\u00e3 da \u00faltima sexta-feira, (13), uma audi\u00eancia p\u00fablica para promover um amplo debate sobre as [&hellip;]\" \/>\n<meta property=\"og:url\" content=\"https:\/\/www.blogsoestado.com\/danielmatos\/denuncias-debates-e-propostas-marcam-audiencia-promovida-por-cezar-bombeiro-sobre-escolas-comunitarias\/\" \/>\n<meta property=\"og:site_name\" content=\"Daniel Matos\" \/>\n<meta property=\"article:published_time\" content=\"2018-04-15T17:48:52+00:00\" \/>\n<meta property=\"og:image\" content=\"https:\/\/www.blogsoestado.com\/danielmatos\/files\/2018\/04\/bombeiro-comunitario2.jpg\" \/>\n<meta name=\"twitter:card\" content=\"summary_large_image\" \/>\n<meta name=\"twitter:label1\" content=\"Est. tempo de leitura\" \/>\n\t<meta name=\"twitter:data1\" content=\"3 minutos\" \/>\n<script type=\"application\/ld+json\" class=\"yoast-schema-graph\">{\"@context\":\"https:\/\/schema.org\",\"@graph\":[{\"@type\":\"WebPage\",\"@id\":\"https:\/\/www.blogsoestado.com\/danielmatos\/denuncias-debates-e-propostas-marcam-audiencia-promovida-por-cezar-bombeiro-sobre-escolas-comunitarias\/\",\"url\":\"https:\/\/www.blogsoestado.com\/danielmatos\/denuncias-debates-e-propostas-marcam-audiencia-promovida-por-cezar-bombeiro-sobre-escolas-comunitarias\/\",\"name\":\"Den\u00fancias, debates e propostas marcam audi\u00eancia promovida por C\u00e9zar Bombeiro sobre escolas comunit\u00e1rias - Daniel Matos\",\"isPartOf\":{\"@id\":\"https:\/\/www.blogsoestado.com\/danielmatos\/#website\"},\"primaryImageOfPage\":{\"@id\":\"https:\/\/www.blogsoestado.com\/danielmatos\/denuncias-debates-e-propostas-marcam-audiencia-promovida-por-cezar-bombeiro-sobre-escolas-comunitarias\/#primaryimage\"},\"image\":{\"@id\":\"https:\/\/www.blogsoestado.com\/danielmatos\/denuncias-debates-e-propostas-marcam-audiencia-promovida-por-cezar-bombeiro-sobre-escolas-comunitarias\/#primaryimage\"},\"thumbnailUrl\":\"https:\/\/www.blogsoestado.com\/danielmatos\/files\/2018\/04\/bombeiro-comunitario2.jpg\",\"datePublished\":\"2018-04-15T17:48:52+00:00\",\"author\":{\"@id\":\"\"},\"breadcrumb\":{\"@id\":\"https:\/\/www.blogsoestado.com\/danielmatos\/denuncias-debates-e-propostas-marcam-audiencia-promovida-por-cezar-bombeiro-sobre-escolas-comunitarias\/#breadcrumb\"},\"inLanguage\":\"pt-BR\",\"potentialAction\":[{\"@type\":\"ReadAction\",\"target\":[\"https:\/\/www.blogsoestado.com\/danielmatos\/denuncias-debates-e-propostas-marcam-audiencia-promovida-por-cezar-bombeiro-sobre-escolas-comunitarias\/\"]}]},{\"@type\":\"ImageObject\",\"inLanguage\":\"pt-BR\",\"@id\":\"https:\/\/www.blogsoestado.com\/danielmatos\/denuncias-debates-e-propostas-marcam-audiencia-promovida-por-cezar-bombeiro-sobre-escolas-comunitarias\/#primaryimage\",\"url\":\"https:\/\/www.blogsoestado.com\/danielmatos\/files\/2018\/04\/bombeiro-comunitario2.jpg\",\"contentUrl\":\"https:\/\/www.blogsoestado.com\/danielmatos\/files\/2018\/04\/bombeiro-comunitario2.jpg\"},{\"@type\":\"BreadcrumbList\",\"@id\":\"https:\/\/www.blogsoestado.com\/danielmatos\/denuncias-debates-e-propostas-marcam-audiencia-promovida-por-cezar-bombeiro-sobre-escolas-comunitarias\/#breadcrumb\",\"itemListElement\":[{\"@type\":\"ListItem\",\"position\":1,\"name\":\"In\u00edcio\",\"item\":\"https:\/\/www.blogsoestado.com\/danielmatos\/\"},{\"@type\":\"ListItem\",\"position\":2,\"name\":\"Den\u00fancias, debates e propostas marcam audi\u00eancia promovida por C\u00e9zar Bombeiro sobre escolas comunit\u00e1rias\"}]},{\"@type\":\"WebSite\",\"@id\":\"https:\/\/www.blogsoestado.com\/danielmatos\/#website\",\"url\":\"https:\/\/www.blogsoestado.com\/danielmatos\/\",\"name\":\"Daniel Matos\",\"description\":\"\",\"potentialAction\":[{\"@type\":\"SearchAction\",\"target\":{\"@type\":\"EntryPoint\",\"urlTemplate\":\"https:\/\/www.blogsoestado.com\/danielmatos\/?s={search_term_string}\"},\"query-input\":{\"@type\":\"PropertyValueSpecification\",\"valueRequired\":true,\"valueName\":\"search_term_string\"}}],\"inLanguage\":\"pt-BR\"}]}<\/script>\n<!-- \/ Yoast SEO plugin. -->","yoast_head_json":{"title":"Den\u00fancias, debates e propostas marcam audi\u00eancia promovida por C\u00e9zar Bombeiro sobre escolas comunit\u00e1rias - Daniel Matos","robots":{"index":"index","follow":"follow","max-snippet":"max-snippet:-1","max-image-preview":"max-image-preview:large","max-video-preview":"max-video-preview:-1"},"canonical":"https:\/\/www.blogsoestado.com\/danielmatos\/denuncias-debates-e-propostas-marcam-audiencia-promovida-por-cezar-bombeiro-sobre-escolas-comunitarias\/","og_locale":"pt_BR","og_type":"article","og_title":"Den\u00fancias, debates e propostas marcam audi\u00eancia promovida por C\u00e9zar Bombeiro sobre escolas comunit\u00e1rias - Daniel Matos","og_description":"A C\u00e2mara Municipal realizou, na manh\u00e3 da \u00faltima sexta-feira, (13), uma audi\u00eancia p\u00fablica para promover um amplo debate sobre as [&hellip;]","og_url":"https:\/\/www.blogsoestado.com\/danielmatos\/denuncias-debates-e-propostas-marcam-audiencia-promovida-por-cezar-bombeiro-sobre-escolas-comunitarias\/","og_site_name":"Daniel Matos","article_published_time":"2018-04-15T17:48:52+00:00","og_image":[{"url":"https:\/\/www.blogsoestado.com\/danielmatos\/files\/2018\/04\/bombeiro-comunitario2.jpg","type":"","width":"","height":""}],"twitter_card":"summary_large_image","twitter_misc":{"Est. tempo de leitura":"3 minutos"},"schema":{"@context":"https:\/\/schema.org","@graph":[{"@type":"WebPage","@id":"https:\/\/www.blogsoestado.com\/danielmatos\/denuncias-debates-e-propostas-marcam-audiencia-promovida-por-cezar-bombeiro-sobre-escolas-comunitarias\/","url":"https:\/\/www.blogsoestado.com\/danielmatos\/denuncias-debates-e-propostas-marcam-audiencia-promovida-por-cezar-bombeiro-sobre-escolas-comunitarias\/","name":"Den\u00fancias, debates e propostas marcam audi\u00eancia promovida por C\u00e9zar Bombeiro sobre escolas comunit\u00e1rias - Daniel Matos","isPartOf":{"@id":"https:\/\/www.blogsoestado.com\/danielmatos\/#website"},"primaryImageOfPage":{"@id":"https:\/\/www.blogsoestado.com\/danielmatos\/denuncias-debates-e-propostas-marcam-audiencia-promovida-por-cezar-bombeiro-sobre-escolas-comunitarias\/#primaryimage"},"image":{"@id":"https:\/\/www.blogsoestado.com\/danielmatos\/denuncias-debates-e-propostas-marcam-audiencia-promovida-por-cezar-bombeiro-sobre-escolas-comunitarias\/#primaryimage"},"thumbnailUrl":"https:\/\/www.blogsoestado.com\/danielmatos\/files\/2018\/04\/bombeiro-comunitario2.jpg","datePublished":"2018-04-15T17:48:52+00:00","author":{"@id":""},"breadcrumb":{"@id":"https:\/\/www.blogsoestado.com\/danielmatos\/denuncias-debates-e-propostas-marcam-audiencia-promovida-por-cezar-bombeiro-sobre-escolas-comunitarias\/#breadcrumb"},"inLanguage":"pt-BR","potentialAction":[{"@type":"ReadAction","target":["https:\/\/www.blogsoestado.com\/danielmatos\/denuncias-debates-e-propostas-marcam-audiencia-promovida-por-cezar-bombeiro-sobre-escolas-comunitarias\/"]}]},{"@type":"ImageObject","inLanguage":"pt-BR","@id":"https:\/\/www.blogsoestado.com\/danielmatos\/denuncias-debates-e-propostas-marcam-audiencia-promovida-por-cezar-bombeiro-sobre-escolas-comunitarias\/#primaryimage","url":"https:\/\/www.blogsoestado.com\/danielmatos\/files\/2018\/04\/bombeiro-comunitario2.jpg","contentUrl":"https:\/\/www.blogsoestado.com\/danielmatos\/files\/2018\/04\/bombeiro-comunitario2.jpg"},{"@type":"BreadcrumbList","@id":"https:\/\/www.blogsoestado.com\/danielmatos\/denuncias-debates-e-propostas-marcam-audiencia-promovida-por-cezar-bombeiro-sobre-escolas-comunitarias\/#breadcrumb","itemListElement":[{"@type":"ListItem","position":1,"name":"In\u00edcio","item":"https:\/\/www.blogsoestado.com\/danielmatos\/"},{"@type":"ListItem","position":2,"name":"Den\u00fancias, debates e propostas marcam audi\u00eancia promovida por C\u00e9zar Bombeiro sobre escolas comunit\u00e1rias"}]},{"@type":"WebSite","@id":"https:\/\/www.blogsoestado.com\/danielmatos\/#website","url":"https:\/\/www.blogsoestado.com\/danielmatos\/","name":"Daniel Matos","description":"","potentialAction":[{"@type":"SearchAction","target":{"@type":"EntryPoint","urlTemplate":"https:\/\/www.blogsoestado.com\/danielmatos\/?s={search_term_string}"},"query-input":{"@type":"PropertyValueSpecification","valueRequired":true,"valueName":"search_term_string"}}],"inLanguage":"pt-BR"}]}},"jetpack_featured_media_url":"","_links":{"self":[{"href":"https:\/\/www.blogsoestado.com\/danielmatos\/wp-json\/wp\/v2\/posts\/50432","targetHints":{"allow":["GET"]}}],"collection":[{"href":"https:\/\/www.blogsoestado.com\/danielmatos\/wp-json\/wp\/v2\/posts"}],"about":[{"href":"https:\/\/www.blogsoestado.com\/danielmatos\/wp-json\/wp\/v2\/types\/post"}],"replies":[{"embeddable":true,"href":"https:\/\/www.blogsoestado.com\/danielmatos\/wp-json\/wp\/v2\/comments?post=50432"}],"version-history":[{"count":0,"href":"https:\/\/www.blogsoestado.com\/danielmatos\/wp-json\/wp\/v2\/posts\/50432\/revisions"}],"wp:attachment":[{"href":"https:\/\/www.blogsoestado.com\/danielmatos\/wp-json\/wp\/v2\/media?parent=50432"}],"wp:term":[{"taxonomy":"category","embeddable":true,"href":"https:\/\/www.blogsoestado.com\/danielmatos\/wp-json\/wp\/v2\/categories?post=50432"},{"taxonomy":"post_tag","embeddable":true,"href":"https:\/\/www.blogsoestado.com\/danielmatos\/wp-json\/wp\/v2\/tags?post=50432"}],"curies":[{"name":"wp","href":"https:\/\/api.w.org\/{rel}","templated":true}]}}