{"id":50436,"date":"2018-04-16T09:12:49","date_gmt":"2018-04-16T12:12:49","guid":{"rendered":"https:\/\/www.blogsoestado.com\/danielmatos\/?p=50436"},"modified":"2018-04-16T09:12:49","modified_gmt":"2018-04-16T12:12:49","slug":"justica-suspende-eleicao-da-camara-e-declara-nula-emenda-que-veda-reeleicao","status":"publish","type":"post","link":"https:\/\/www.blogsoestado.com\/danielmatos\/justica-suspende-eleicao-da-camara-e-declara-nula-emenda-que-veda-reeleicao\/","title":{"rendered":"Justi\u00e7a suspende elei\u00e7\u00e3o da C\u00e2mara e declara nula emenda que veda reelei\u00e7\u00e3o"},"content":{"rendered":"<p><a href=\"http:\/\/isaiasrocha.com.br\/?p=9608\"><strong>Do Blog do Isa\u00edas Rocha<\/strong><\/a><\/p>\n<figure id=\"attachment_50437\" aria-describedby=\"caption-attachment-50437\" style=\"width: 400px\" class=\"wp-caption alignright\"><img fetchpriority=\"high\" decoding=\"async\" class=\"wp-image-50437\" src=\"https:\/\/www.blogsoestado.com\/danielmatos\/files\/2018\/04\/camara-anula-300x171.jpg\" alt=\"\" width=\"400\" height=\"229\" \/><figcaption id=\"caption-attachment-50437\" class=\"wp-caption-text\">Elei\u00e7\u00e3o da Mesa Diretora da C\u00e2mara Municipal para o bi\u00eanio 2019\/2020 segue marcada por pol\u00eamica<\/figcaption><\/figure>\n<p>O desembargador Jos\u00e9 Jorge Figueiredo dos Anjos concedeu, neste domingo (15), pedido de tutela cautelar formulado pelo Diret\u00f3rio do PSL no Maranh\u00e3o, comandado pelo vereador Chico Carvalho, para suspender a elei\u00e7\u00e3o da Mesa Diretora da C\u00e2mara Municipal de S\u00e3o Lu\u00eds, bi\u00eanio 2019\/20, que deveria ocorrer hoje.<\/p>\n<p><a href=\"http:\/\/chrome-extension:\/\/oemmndcbldboiebfnladdacbdfmadadm\/http:\/\/isaiasrocha.com.br\/wp-content\/uploads\/2018\/04\/Decisa%CC%83o.-tutela-cautelar.pdf\">Confira a decis\u00e3o na \u00edntegra<\/a><\/p>\n<p>O partido interp\u00f4s recurso de Agravo de Instrumento no Plant\u00e3o Judici\u00e1rio de 2\u00ba grau, com pedido de efeito suspensivo para modificar senten\u00e7a proferida pelo desembargador Jamil Gedeon que manteve a realiza\u00e7\u00e3o do pleito para este domingo e a proibi\u00e7\u00e3o da reelei\u00e7\u00e3o dos atuais membros do colegiado.<\/p>\n<p><strong>PRECEDENTE NO TRIBUNAL<\/strong><\/p>\n<p>Em sua decis\u00e3o, o magistrado afirmou que j\u00e1 existe um precedente no pr\u00f3prio tribunal refor\u00e7ando seu entendimento sobre a \u201cemenda que n\u00e3o cumpre o interst\u00edcio ela \u00e9 inconstitucional\u201d. Ou seja, o pr\u00f3prio TJ-MA j\u00e1 entende isso, mas esse \u00e9 um assunto para a pr\u00f3xima mat\u00e9ria.<\/p>\n","protected":false},"excerpt":{"rendered":"<p>Do Blog do Isa\u00edas Rocha O desembargador Jos\u00e9 Jorge Figueiredo dos Anjos concedeu, neste domingo (15), pedido de tutela cautelar [&hellip;]<\/p>\n","protected":false},"author":0,"featured_media":0,"comment_status":"open","ping_status":"open","sticky":false,"template":"","format":"standard","meta":{"site-sidebar-layout":"default","site-content-layout":"","ast-site-content-layout":"default","site-content-style":"default","site-sidebar-style":"default","ast-global-header-display":"","ast-banner-title-visibility":"","ast-main-header-display":"","ast-hfb-above-header-display":"","ast-hfb-below-header-display":"","ast-hfb-mobile-header-display":"","site-post-title":"","ast-breadcrumbs-content":"","ast-featured-img":"","footer-sml-layout":"","ast-disable-related-posts":"","theme-transparent-header-meta":"","adv-header-id-meta":"","stick-header-meta":"","header-above-stick-meta":"","header-main-stick-meta":"","header-below-stick-meta":"","astra-migrate-meta-layouts":"default","ast-page-background-enabled":"default","ast-page-background-meta":{"desktop":{"background-color":"var(--ast-global-color-5)","background-image":"","background-repeat":"repeat","background-position":"center center","background-size":"auto","background-attachment":"scroll","background-type":"","background-media":"","overlay-type":"","overlay-color":"","overlay-opacity":"","overlay-gradient":""},"tablet":{"background-color":"","background-image":"","background-repeat":"repeat","background-position":"center center","background-size":"auto","background-attachment":"scroll","background-type":"","background-media":"","overlay-type":"","overlay-color":"","overlay-opacity":"","overlay-gradient":""},"mobile":{"background-color":"","background-image":"","background-repeat":"repeat","background-position":"center center","background-size":"auto","background-attachment":"scroll","background-type":"","background-media":"","overlay-type":"","overlay-color":"","overlay-opacity":"","overlay-gradient":""}},"ast-content-background-meta":{"desktop":{"background-color":"var(--ast-global-color-4)","background-image":"","background-repeat":"repeat","background-position":"center center","background-size":"auto","background-attachment":"scroll","background-type":"","background-media":"","overlay-type":"","overlay-color":"","overlay-opacity":"","overlay-gradient":""},"tablet":{"background-color":"var(--ast-global-color-4)","background-image":"","background-repeat":"repeat","background-position":"center center","background-size":"auto","background-attachment":"scroll","background-type":"","background-media":"","overlay-type":"","overlay-color":"","overlay-opacity":"","overlay-gradient":""},"mobile":{"background-color":"var(--ast-global-color-4)","background-image":"","background-repeat":"repeat","background-position":"center center","background-size":"auto","background-attachment":"scroll","background-type":"","background-media":"","overlay-type":"","overlay-color":"","overlay-opacity":"","overlay-gradient":""}},"footnotes":""},"categories":[1],"tags":[],"class_list":["post-50436","post","type-post","status-publish","format-standard","hentry","category-sem-categoria"],"yoast_head":"<!-- This site is optimized with the Yoast SEO plugin v26.6 - https:\/\/yoast.com\/wordpress\/plugins\/seo\/ -->\n<title>Justi\u00e7a suspende elei\u00e7\u00e3o da C\u00e2mara e declara nula emenda que veda reelei\u00e7\u00e3o - Daniel Matos<\/title>\n<meta name=\"robots\" content=\"index, follow, max-snippet:-1, max-image-preview:large, max-video-preview:-1\" \/>\n<link rel=\"canonical\" href=\"https:\/\/www.blogsoestado.com\/danielmatos\/justica-suspende-eleicao-da-camara-e-declara-nula-emenda-que-veda-reeleicao\/\" \/>\n<meta property=\"og:locale\" content=\"pt_BR\" \/>\n<meta property=\"og:type\" content=\"article\" \/>\n<meta property=\"og:title\" content=\"Justi\u00e7a suspende elei\u00e7\u00e3o da C\u00e2mara e declara nula emenda que veda reelei\u00e7\u00e3o - Daniel Matos\" \/>\n<meta property=\"og:description\" content=\"Do Blog do Isa\u00edas Rocha O desembargador Jos\u00e9 Jorge Figueiredo dos Anjos concedeu, neste domingo (15), pedido de tutela cautelar [&hellip;]\" \/>\n<meta property=\"og:url\" content=\"https:\/\/www.blogsoestado.com\/danielmatos\/justica-suspende-eleicao-da-camara-e-declara-nula-emenda-que-veda-reeleicao\/\" \/>\n<meta property=\"og:site_name\" content=\"Daniel Matos\" \/>\n<meta property=\"article:published_time\" content=\"2018-04-16T12:12:49+00:00\" \/>\n<meta property=\"og:image\" content=\"https:\/\/www.blogsoestado.com\/danielmatos\/files\/2018\/04\/camara-anula-300x171.jpg\" \/>\n<meta name=\"twitter:card\" content=\"summary_large_image\" \/>\n<meta name=\"twitter:label1\" content=\"Est. tempo de leitura\" \/>\n\t<meta name=\"twitter:data1\" content=\"1 minuto\" \/>\n<script type=\"application\/ld+json\" class=\"yoast-schema-graph\">{\"@context\":\"https:\/\/schema.org\",\"@graph\":[{\"@type\":\"WebPage\",\"@id\":\"https:\/\/www.blogsoestado.com\/danielmatos\/justica-suspende-eleicao-da-camara-e-declara-nula-emenda-que-veda-reeleicao\/\",\"url\":\"https:\/\/www.blogsoestado.com\/danielmatos\/justica-suspende-eleicao-da-camara-e-declara-nula-emenda-que-veda-reeleicao\/\",\"name\":\"Justi\u00e7a suspende elei\u00e7\u00e3o da C\u00e2mara e declara nula emenda que veda reelei\u00e7\u00e3o - Daniel Matos\",\"isPartOf\":{\"@id\":\"https:\/\/www.blogsoestado.com\/danielmatos\/#website\"},\"primaryImageOfPage\":{\"@id\":\"https:\/\/www.blogsoestado.com\/danielmatos\/justica-suspende-eleicao-da-camara-e-declara-nula-emenda-que-veda-reeleicao\/#primaryimage\"},\"image\":{\"@id\":\"https:\/\/www.blogsoestado.com\/danielmatos\/justica-suspende-eleicao-da-camara-e-declara-nula-emenda-que-veda-reeleicao\/#primaryimage\"},\"thumbnailUrl\":\"https:\/\/www.blogsoestado.com\/danielmatos\/files\/2018\/04\/camara-anula-300x171.jpg\",\"datePublished\":\"2018-04-16T12:12:49+00:00\",\"author\":{\"@id\":\"\"},\"breadcrumb\":{\"@id\":\"https:\/\/www.blogsoestado.com\/danielmatos\/justica-suspende-eleicao-da-camara-e-declara-nula-emenda-que-veda-reeleicao\/#breadcrumb\"},\"inLanguage\":\"pt-BR\",\"potentialAction\":[{\"@type\":\"ReadAction\",\"target\":[\"https:\/\/www.blogsoestado.com\/danielmatos\/justica-suspende-eleicao-da-camara-e-declara-nula-emenda-que-veda-reeleicao\/\"]}]},{\"@type\":\"ImageObject\",\"inLanguage\":\"pt-BR\",\"@id\":\"https:\/\/www.blogsoestado.com\/danielmatos\/justica-suspende-eleicao-da-camara-e-declara-nula-emenda-que-veda-reeleicao\/#primaryimage\",\"url\":\"https:\/\/www.blogsoestado.com\/danielmatos\/files\/2018\/04\/camara-anula-300x171.jpg\",\"contentUrl\":\"https:\/\/www.blogsoestado.com\/danielmatos\/files\/2018\/04\/camara-anula-300x171.jpg\"},{\"@type\":\"BreadcrumbList\",\"@id\":\"https:\/\/www.blogsoestado.com\/danielmatos\/justica-suspende-eleicao-da-camara-e-declara-nula-emenda-que-veda-reeleicao\/#breadcrumb\",\"itemListElement\":[{\"@type\":\"ListItem\",\"position\":1,\"name\":\"In\u00edcio\",\"item\":\"https:\/\/www.blogsoestado.com\/danielmatos\/\"},{\"@type\":\"ListItem\",\"position\":2,\"name\":\"Justi\u00e7a suspende elei\u00e7\u00e3o da C\u00e2mara e declara nula emenda que veda reelei\u00e7\u00e3o\"}]},{\"@type\":\"WebSite\",\"@id\":\"https:\/\/www.blogsoestado.com\/danielmatos\/#website\",\"url\":\"https:\/\/www.blogsoestado.com\/danielmatos\/\",\"name\":\"Daniel Matos\",\"description\":\"\",\"potentialAction\":[{\"@type\":\"SearchAction\",\"target\":{\"@type\":\"EntryPoint\",\"urlTemplate\":\"https:\/\/www.blogsoestado.com\/danielmatos\/?s={search_term_string}\"},\"query-input\":{\"@type\":\"PropertyValueSpecification\",\"valueRequired\":true,\"valueName\":\"search_term_string\"}}],\"inLanguage\":\"pt-BR\"}]}<\/script>\n<!-- \/ Yoast SEO plugin. -->","yoast_head_json":{"title":"Justi\u00e7a suspende elei\u00e7\u00e3o da C\u00e2mara e declara nula emenda que veda reelei\u00e7\u00e3o - Daniel Matos","robots":{"index":"index","follow":"follow","max-snippet":"max-snippet:-1","max-image-preview":"max-image-preview:large","max-video-preview":"max-video-preview:-1"},"canonical":"https:\/\/www.blogsoestado.com\/danielmatos\/justica-suspende-eleicao-da-camara-e-declara-nula-emenda-que-veda-reeleicao\/","og_locale":"pt_BR","og_type":"article","og_title":"Justi\u00e7a suspende elei\u00e7\u00e3o da C\u00e2mara e declara nula emenda que veda reelei\u00e7\u00e3o - Daniel Matos","og_description":"Do Blog do Isa\u00edas Rocha O desembargador Jos\u00e9 Jorge Figueiredo dos Anjos concedeu, neste domingo (15), pedido de tutela cautelar [&hellip;]","og_url":"https:\/\/www.blogsoestado.com\/danielmatos\/justica-suspende-eleicao-da-camara-e-declara-nula-emenda-que-veda-reeleicao\/","og_site_name":"Daniel Matos","article_published_time":"2018-04-16T12:12:49+00:00","og_image":[{"url":"https:\/\/www.blogsoestado.com\/danielmatos\/files\/2018\/04\/camara-anula-300x171.jpg","type":"","width":"","height":""}],"twitter_card":"summary_large_image","twitter_misc":{"Est. tempo de leitura":"1 minuto"},"schema":{"@context":"https:\/\/schema.org","@graph":[{"@type":"WebPage","@id":"https:\/\/www.blogsoestado.com\/danielmatos\/justica-suspende-eleicao-da-camara-e-declara-nula-emenda-que-veda-reeleicao\/","url":"https:\/\/www.blogsoestado.com\/danielmatos\/justica-suspende-eleicao-da-camara-e-declara-nula-emenda-que-veda-reeleicao\/","name":"Justi\u00e7a suspende elei\u00e7\u00e3o da C\u00e2mara e declara nula emenda que veda reelei\u00e7\u00e3o - Daniel Matos","isPartOf":{"@id":"https:\/\/www.blogsoestado.com\/danielmatos\/#website"},"primaryImageOfPage":{"@id":"https:\/\/www.blogsoestado.com\/danielmatos\/justica-suspende-eleicao-da-camara-e-declara-nula-emenda-que-veda-reeleicao\/#primaryimage"},"image":{"@id":"https:\/\/www.blogsoestado.com\/danielmatos\/justica-suspende-eleicao-da-camara-e-declara-nula-emenda-que-veda-reeleicao\/#primaryimage"},"thumbnailUrl":"https:\/\/www.blogsoestado.com\/danielmatos\/files\/2018\/04\/camara-anula-300x171.jpg","datePublished":"2018-04-16T12:12:49+00:00","author":{"@id":""},"breadcrumb":{"@id":"https:\/\/www.blogsoestado.com\/danielmatos\/justica-suspende-eleicao-da-camara-e-declara-nula-emenda-que-veda-reeleicao\/#breadcrumb"},"inLanguage":"pt-BR","potentialAction":[{"@type":"ReadAction","target":["https:\/\/www.blogsoestado.com\/danielmatos\/justica-suspende-eleicao-da-camara-e-declara-nula-emenda-que-veda-reeleicao\/"]}]},{"@type":"ImageObject","inLanguage":"pt-BR","@id":"https:\/\/www.blogsoestado.com\/danielmatos\/justica-suspende-eleicao-da-camara-e-declara-nula-emenda-que-veda-reeleicao\/#primaryimage","url":"https:\/\/www.blogsoestado.com\/danielmatos\/files\/2018\/04\/camara-anula-300x171.jpg","contentUrl":"https:\/\/www.blogsoestado.com\/danielmatos\/files\/2018\/04\/camara-anula-300x171.jpg"},{"@type":"BreadcrumbList","@id":"https:\/\/www.blogsoestado.com\/danielmatos\/justica-suspende-eleicao-da-camara-e-declara-nula-emenda-que-veda-reeleicao\/#breadcrumb","itemListElement":[{"@type":"ListItem","position":1,"name":"In\u00edcio","item":"https:\/\/www.blogsoestado.com\/danielmatos\/"},{"@type":"ListItem","position":2,"name":"Justi\u00e7a suspende elei\u00e7\u00e3o da C\u00e2mara e declara nula emenda que veda reelei\u00e7\u00e3o"}]},{"@type":"WebSite","@id":"https:\/\/www.blogsoestado.com\/danielmatos\/#website","url":"https:\/\/www.blogsoestado.com\/danielmatos\/","name":"Daniel Matos","description":"","potentialAction":[{"@type":"SearchAction","target":{"@type":"EntryPoint","urlTemplate":"https:\/\/www.blogsoestado.com\/danielmatos\/?s={search_term_string}"},"query-input":{"@type":"PropertyValueSpecification","valueRequired":true,"valueName":"search_term_string"}}],"inLanguage":"pt-BR"}]}},"jetpack_featured_media_url":"","_links":{"self":[{"href":"https:\/\/www.blogsoestado.com\/danielmatos\/wp-json\/wp\/v2\/posts\/50436","targetHints":{"allow":["GET"]}}],"collection":[{"href":"https:\/\/www.blogsoestado.com\/danielmatos\/wp-json\/wp\/v2\/posts"}],"about":[{"href":"https:\/\/www.blogsoestado.com\/danielmatos\/wp-json\/wp\/v2\/types\/post"}],"replies":[{"embeddable":true,"href":"https:\/\/www.blogsoestado.com\/danielmatos\/wp-json\/wp\/v2\/comments?post=50436"}],"version-history":[{"count":0,"href":"https:\/\/www.blogsoestado.com\/danielmatos\/wp-json\/wp\/v2\/posts\/50436\/revisions"}],"wp:attachment":[{"href":"https:\/\/www.blogsoestado.com\/danielmatos\/wp-json\/wp\/v2\/media?parent=50436"}],"wp:term":[{"taxonomy":"category","embeddable":true,"href":"https:\/\/www.blogsoestado.com\/danielmatos\/wp-json\/wp\/v2\/categories?post=50436"},{"taxonomy":"post_tag","embeddable":true,"href":"https:\/\/www.blogsoestado.com\/danielmatos\/wp-json\/wp\/v2\/tags?post=50436"}],"curies":[{"name":"wp","href":"https:\/\/api.w.org\/{rel}","templated":true}]}}