{"id":50456,"date":"2018-04-16T16:08:22","date_gmt":"2018-04-16T19:08:22","guid":{"rendered":"https:\/\/www.blogsoestado.com\/danielmatos\/?p=50456"},"modified":"2018-04-16T16:08:22","modified_gmt":"2018-04-16T19:08:22","slug":"corrente-de-solidariedade-mobiliza-varejo-e-comunidade","status":"publish","type":"post","link":"https:\/\/www.blogsoestado.com\/danielmatos\/corrente-de-solidariedade-mobiliza-varejo-e-comunidade\/","title":{"rendered":"Corrente de solidariedade mobiliza varejo e comunidade"},"content":{"rendered":"<h2><span style=\"color: #ff0000;\">Grupo Potiguar cria campanha de arrecada\u00e7\u00e3o de donativos para desabrigados de Tuntum<\/span><\/h2>\n<figure id=\"attachment_50457\" aria-describedby=\"caption-attachment-50457\" style=\"width: 516px\" class=\"wp-caption aligncenter\"><img fetchpriority=\"high\" decoding=\"async\" class=\"size-full wp-image-50457\" src=\"https:\/\/www.blogsoestado.com\/danielmatos\/files\/2018\/04\/potiguar-enchentes.jpg\" alt=\"\" width=\"516\" height=\"387\" \/><figcaption id=\"caption-attachment-50457\" class=\"wp-caption-text\">Doa\u00e7\u00f5es foram carregadas para a primeira viagem do Caminh\u00e3o Potiguar rumo \u00e0 Tuntum<\/figcaption><\/figure>\n<p>Sempre atuando forte no varejo maranhense, em especial na venda de itens para casa em geral, o Grupo Potiguar sentiu-se tocado e comovido ao ver as not\u00edcias sobre milhares de fam\u00edlias desabrigadas pelas enchentes dos rios que atingiram diversos munic\u00edpios maranhenses. E em muitos lares, a perda foi total, dos itens de vestu\u00e1rio e m\u00f3veis, at\u00e9 mesmo \u00e0s resid\u00eancias em \u00e1reas de risco, que foram parcial ou totalmente destru\u00eddas pelas \u00e1guas das chuvas, a exemplo da cidade de Tuntum (MA), uma das mais atingidas e por isso, escolhida pelo grupo para essa ajuda.<\/p>\n<figure id=\"attachment_50458\" aria-describedby=\"caption-attachment-50458\" style=\"width: 516px\" class=\"wp-caption aligncenter\"><img decoding=\"async\" class=\"size-full wp-image-50458\" src=\"https:\/\/www.blogsoestado.com\/danielmatos\/files\/2018\/04\/potiguar-enchentes2.jpg\" alt=\"\" width=\"516\" height=\"387\" \/><figcaption id=\"caption-attachment-50458\" class=\"wp-caption-text\">Alimentos, roupas e \u00e1gua foram os itens mais doados nas lojas e CD do Grupo Potiguar pela popula\u00e7\u00e3o<\/figcaption><\/figure>\n<p>\u201cNunca hav\u00edamos feito uma campanha dessas, mas ao ver pessoas perdendo tudo em seus lares, resolvemos nos mobilizar inicialmente somete via redes sociais e colocamos as nossas lojas no Centro, Forquilha, Coahama e Cohafuma al\u00e9m do CD \/ Centro de Distribui\u00e7\u00e3o \u00e0 disposi\u00e7\u00e3o das pessoas que quisessem doar algo para os desabrigados. Al\u00e9m de sermos pontos de coleta de itens, a Potiguar se comprometeu de fazer a entrega em caminh\u00f5es da empresa, levando as doa\u00e7\u00f5es diretamente \u00e0s comunidades atingidas, em duas datas. N\u00e3o sab\u00edamos como seria a ades\u00e3o, mas fomos surpreendidos com o resultado, e agora faremos j\u00e1 nessa segunda \u2013 feira (16.04) a primeira viagem para entrega de doa\u00e7\u00f5es e com um resultado excelente\u201d, explica o Gerente de Marketing do Grupo, Adriano Pestana.<\/p>\n<p>Nessa primeira semana de campanha, foram arrecadados mais de 10 mil Kg de doa\u00e7\u00f5es; que j\u00e1 foram levados para a cidade de Tuntum na primeira entrega programada. A segunda e \u00faltima entrega ser\u00e1 no dia 23.04.<\/p>\n<p>&nbsp;<\/p>\n<figure id=\"attachment_50459\" aria-describedby=\"caption-attachment-50459\" style=\"width: 640px\" class=\"wp-caption aligncenter\"><img decoding=\"async\" class=\"size-full wp-image-50459\" src=\"https:\/\/www.blogsoestado.com\/danielmatos\/files\/2018\/04\/potiguar-enchentes3.jpg\" alt=\"\" width=\"640\" height=\"427\" \/><figcaption id=\"caption-attachment-50459\" class=\"wp-caption-text\">O Diretor Administrativo do Grupo Potiguar Ricardo Silva, a analista de MKT Thaylana Sousa, o motorista F\u00e1bio Oliveira e o ajudante Wagner Amorim, na sa\u00edda do caminh\u00e3o em sua primeira viagem rumo \u00e0 Tuntum (MA) com as doa\u00e7\u00f5es<\/figcaption><\/figure>\n<p>As pessoas que quiserem ajudar podem doar os seguintes itens: Alimentos n\u00e3o perec\u00edveis, roupas, brinquedos, sapatos e \u00e1gua. Mas somente at\u00e9 o dia 21 de abril, quando encerra-se a campanha.<\/p>\n<p>\u201cAgradecemos muito a confian\u00e7a de clientes e pessoas da comunidade que, ao olharem nosso post na rede social, logo se engajaram, trouxeram suas doa\u00e7\u00f5es e contribu\u00edram para esse primeiro resultado t\u00e3o impactante, que com certeza vai ajudar a aliviar a dor e o sofrimento de muitas fam\u00edlias em Tuntum\u201d, complementou Adriano Pestana.<\/p>\n","protected":false},"excerpt":{"rendered":"<p>Grupo Potiguar cria campanha de arrecada\u00e7\u00e3o de donativos para desabrigados de Tuntum Sempre atuando forte no varejo maranhense, em especial [&hellip;]<\/p>\n","protected":false},"author":0,"featured_media":0,"comment_status":"open","ping_status":"open","sticky":false,"template":"","format":"standard","meta":{"site-sidebar-layout":"default","site-content-layout":"","ast-site-content-layout":"default","site-content-style":"default","site-sidebar-style":"default","ast-global-header-display":"","ast-banner-title-visibility":"","ast-main-header-display":"","ast-hfb-above-header-display":"","ast-hfb-below-header-display":"","ast-hfb-mobile-header-display":"","site-post-title":"","ast-breadcrumbs-content":"","ast-featured-img":"","footer-sml-layout":"","ast-disable-related-posts":"","theme-transparent-header-meta":"","adv-header-id-meta":"","stick-header-meta":"","header-above-stick-meta":"","header-main-stick-meta":"","header-below-stick-meta":"","astra-migrate-meta-layouts":"default","ast-page-background-enabled":"default","ast-page-background-meta":{"desktop":{"background-color":"var(--ast-global-color-5)","background-image":"","background-repeat":"repeat","background-position":"center center","background-size":"auto","background-attachment":"scroll","background-type":"","background-media":"","overlay-type":"","overlay-color":"","overlay-opacity":"","overlay-gradient":""},"tablet":{"background-color":"","background-image":"","background-repeat":"repeat","background-position":"center center","background-size":"auto","background-attachment":"scroll","background-type":"","background-media":"","overlay-type":"","overlay-color":"","overlay-opacity":"","overlay-gradient":""},"mobile":{"background-color":"","background-image":"","background-repeat":"repeat","background-position":"center center","background-size":"auto","background-attachment":"scroll","background-type":"","background-media":"","overlay-type":"","overlay-color":"","overlay-opacity":"","overlay-gradient":""}},"ast-content-background-meta":{"desktop":{"background-color":"var(--ast-global-color-4)","background-image":"","background-repeat":"repeat","background-position":"center center","background-size":"auto","background-attachment":"scroll","background-type":"","background-media":"","overlay-type":"","overlay-color":"","overlay-opacity":"","overlay-gradient":""},"tablet":{"background-color":"var(--ast-global-color-4)","background-image":"","background-repeat":"repeat","background-position":"center center","background-size":"auto","background-attachment":"scroll","background-type":"","background-media":"","overlay-type":"","overlay-color":"","overlay-opacity":"","overlay-gradient":""},"mobile":{"background-color":"var(--ast-global-color-4)","background-image":"","background-repeat":"repeat","background-position":"center center","background-size":"auto","background-attachment":"scroll","background-type":"","background-media":"","overlay-type":"","overlay-color":"","overlay-opacity":"","overlay-gradient":""}},"footnotes":""},"categories":[1],"tags":[],"class_list":["post-50456","post","type-post","status-publish","format-standard","hentry","category-sem-categoria"],"yoast_head":"<!-- This site is optimized with the Yoast SEO plugin v26.6 - https:\/\/yoast.com\/wordpress\/plugins\/seo\/ -->\n<title>Corrente de solidariedade mobiliza varejo e comunidade - Daniel Matos<\/title>\n<meta name=\"robots\" content=\"index, follow, max-snippet:-1, max-image-preview:large, max-video-preview:-1\" \/>\n<link rel=\"canonical\" href=\"https:\/\/www.blogsoestado.com\/danielmatos\/corrente-de-solidariedade-mobiliza-varejo-e-comunidade\/\" \/>\n<meta property=\"og:locale\" content=\"pt_BR\" \/>\n<meta property=\"og:type\" content=\"article\" \/>\n<meta property=\"og:title\" content=\"Corrente de solidariedade mobiliza varejo e comunidade - Daniel Matos\" \/>\n<meta property=\"og:description\" content=\"Grupo Potiguar cria campanha de arrecada\u00e7\u00e3o de donativos para desabrigados de Tuntum Sempre atuando forte no varejo maranhense, em especial [&hellip;]\" \/>\n<meta property=\"og:url\" content=\"https:\/\/www.blogsoestado.com\/danielmatos\/corrente-de-solidariedade-mobiliza-varejo-e-comunidade\/\" \/>\n<meta property=\"og:site_name\" content=\"Daniel Matos\" \/>\n<meta property=\"article:published_time\" content=\"2018-04-16T19:08:22+00:00\" \/>\n<meta property=\"og:image\" content=\"https:\/\/www.blogsoestado.com\/danielmatos\/files\/2018\/04\/potiguar-enchentes.jpg\" \/>\n<meta name=\"twitter:card\" content=\"summary_large_image\" \/>\n<meta name=\"twitter:label1\" content=\"Est. tempo de leitura\" \/>\n\t<meta name=\"twitter:data1\" content=\"2 minutos\" \/>\n<script type=\"application\/ld+json\" class=\"yoast-schema-graph\">{\"@context\":\"https:\/\/schema.org\",\"@graph\":[{\"@type\":\"WebPage\",\"@id\":\"https:\/\/www.blogsoestado.com\/danielmatos\/corrente-de-solidariedade-mobiliza-varejo-e-comunidade\/\",\"url\":\"https:\/\/www.blogsoestado.com\/danielmatos\/corrente-de-solidariedade-mobiliza-varejo-e-comunidade\/\",\"name\":\"Corrente de solidariedade mobiliza varejo e comunidade - Daniel Matos\",\"isPartOf\":{\"@id\":\"https:\/\/www.blogsoestado.com\/danielmatos\/#website\"},\"primaryImageOfPage\":{\"@id\":\"https:\/\/www.blogsoestado.com\/danielmatos\/corrente-de-solidariedade-mobiliza-varejo-e-comunidade\/#primaryimage\"},\"image\":{\"@id\":\"https:\/\/www.blogsoestado.com\/danielmatos\/corrente-de-solidariedade-mobiliza-varejo-e-comunidade\/#primaryimage\"},\"thumbnailUrl\":\"https:\/\/www.blogsoestado.com\/danielmatos\/files\/2018\/04\/potiguar-enchentes.jpg\",\"datePublished\":\"2018-04-16T19:08:22+00:00\",\"author\":{\"@id\":\"\"},\"breadcrumb\":{\"@id\":\"https:\/\/www.blogsoestado.com\/danielmatos\/corrente-de-solidariedade-mobiliza-varejo-e-comunidade\/#breadcrumb\"},\"inLanguage\":\"pt-BR\",\"potentialAction\":[{\"@type\":\"ReadAction\",\"target\":[\"https:\/\/www.blogsoestado.com\/danielmatos\/corrente-de-solidariedade-mobiliza-varejo-e-comunidade\/\"]}]},{\"@type\":\"ImageObject\",\"inLanguage\":\"pt-BR\",\"@id\":\"https:\/\/www.blogsoestado.com\/danielmatos\/corrente-de-solidariedade-mobiliza-varejo-e-comunidade\/#primaryimage\",\"url\":\"https:\/\/www.blogsoestado.com\/danielmatos\/files\/2018\/04\/potiguar-enchentes.jpg\",\"contentUrl\":\"https:\/\/www.blogsoestado.com\/danielmatos\/files\/2018\/04\/potiguar-enchentes.jpg\"},{\"@type\":\"BreadcrumbList\",\"@id\":\"https:\/\/www.blogsoestado.com\/danielmatos\/corrente-de-solidariedade-mobiliza-varejo-e-comunidade\/#breadcrumb\",\"itemListElement\":[{\"@type\":\"ListItem\",\"position\":1,\"name\":\"In\u00edcio\",\"item\":\"https:\/\/www.blogsoestado.com\/danielmatos\/\"},{\"@type\":\"ListItem\",\"position\":2,\"name\":\"Corrente de solidariedade mobiliza varejo e comunidade\"}]},{\"@type\":\"WebSite\",\"@id\":\"https:\/\/www.blogsoestado.com\/danielmatos\/#website\",\"url\":\"https:\/\/www.blogsoestado.com\/danielmatos\/\",\"name\":\"Daniel Matos\",\"description\":\"\",\"potentialAction\":[{\"@type\":\"SearchAction\",\"target\":{\"@type\":\"EntryPoint\",\"urlTemplate\":\"https:\/\/www.blogsoestado.com\/danielmatos\/?s={search_term_string}\"},\"query-input\":{\"@type\":\"PropertyValueSpecification\",\"valueRequired\":true,\"valueName\":\"search_term_string\"}}],\"inLanguage\":\"pt-BR\"}]}<\/script>\n<!-- \/ Yoast SEO plugin. -->","yoast_head_json":{"title":"Corrente de solidariedade mobiliza varejo e comunidade - Daniel Matos","robots":{"index":"index","follow":"follow","max-snippet":"max-snippet:-1","max-image-preview":"max-image-preview:large","max-video-preview":"max-video-preview:-1"},"canonical":"https:\/\/www.blogsoestado.com\/danielmatos\/corrente-de-solidariedade-mobiliza-varejo-e-comunidade\/","og_locale":"pt_BR","og_type":"article","og_title":"Corrente de solidariedade mobiliza varejo e comunidade - Daniel Matos","og_description":"Grupo Potiguar cria campanha de arrecada\u00e7\u00e3o de donativos para desabrigados de Tuntum Sempre atuando forte no varejo maranhense, em especial [&hellip;]","og_url":"https:\/\/www.blogsoestado.com\/danielmatos\/corrente-de-solidariedade-mobiliza-varejo-e-comunidade\/","og_site_name":"Daniel Matos","article_published_time":"2018-04-16T19:08:22+00:00","og_image":[{"url":"https:\/\/www.blogsoestado.com\/danielmatos\/files\/2018\/04\/potiguar-enchentes.jpg","type":"","width":"","height":""}],"twitter_card":"summary_large_image","twitter_misc":{"Est. tempo de leitura":"2 minutos"},"schema":{"@context":"https:\/\/schema.org","@graph":[{"@type":"WebPage","@id":"https:\/\/www.blogsoestado.com\/danielmatos\/corrente-de-solidariedade-mobiliza-varejo-e-comunidade\/","url":"https:\/\/www.blogsoestado.com\/danielmatos\/corrente-de-solidariedade-mobiliza-varejo-e-comunidade\/","name":"Corrente de solidariedade mobiliza varejo e comunidade - Daniel Matos","isPartOf":{"@id":"https:\/\/www.blogsoestado.com\/danielmatos\/#website"},"primaryImageOfPage":{"@id":"https:\/\/www.blogsoestado.com\/danielmatos\/corrente-de-solidariedade-mobiliza-varejo-e-comunidade\/#primaryimage"},"image":{"@id":"https:\/\/www.blogsoestado.com\/danielmatos\/corrente-de-solidariedade-mobiliza-varejo-e-comunidade\/#primaryimage"},"thumbnailUrl":"https:\/\/www.blogsoestado.com\/danielmatos\/files\/2018\/04\/potiguar-enchentes.jpg","datePublished":"2018-04-16T19:08:22+00:00","author":{"@id":""},"breadcrumb":{"@id":"https:\/\/www.blogsoestado.com\/danielmatos\/corrente-de-solidariedade-mobiliza-varejo-e-comunidade\/#breadcrumb"},"inLanguage":"pt-BR","potentialAction":[{"@type":"ReadAction","target":["https:\/\/www.blogsoestado.com\/danielmatos\/corrente-de-solidariedade-mobiliza-varejo-e-comunidade\/"]}]},{"@type":"ImageObject","inLanguage":"pt-BR","@id":"https:\/\/www.blogsoestado.com\/danielmatos\/corrente-de-solidariedade-mobiliza-varejo-e-comunidade\/#primaryimage","url":"https:\/\/www.blogsoestado.com\/danielmatos\/files\/2018\/04\/potiguar-enchentes.jpg","contentUrl":"https:\/\/www.blogsoestado.com\/danielmatos\/files\/2018\/04\/potiguar-enchentes.jpg"},{"@type":"BreadcrumbList","@id":"https:\/\/www.blogsoestado.com\/danielmatos\/corrente-de-solidariedade-mobiliza-varejo-e-comunidade\/#breadcrumb","itemListElement":[{"@type":"ListItem","position":1,"name":"In\u00edcio","item":"https:\/\/www.blogsoestado.com\/danielmatos\/"},{"@type":"ListItem","position":2,"name":"Corrente de solidariedade mobiliza varejo e comunidade"}]},{"@type":"WebSite","@id":"https:\/\/www.blogsoestado.com\/danielmatos\/#website","url":"https:\/\/www.blogsoestado.com\/danielmatos\/","name":"Daniel Matos","description":"","potentialAction":[{"@type":"SearchAction","target":{"@type":"EntryPoint","urlTemplate":"https:\/\/www.blogsoestado.com\/danielmatos\/?s={search_term_string}"},"query-input":{"@type":"PropertyValueSpecification","valueRequired":true,"valueName":"search_term_string"}}],"inLanguage":"pt-BR"}]}},"jetpack_featured_media_url":"","_links":{"self":[{"href":"https:\/\/www.blogsoestado.com\/danielmatos\/wp-json\/wp\/v2\/posts\/50456","targetHints":{"allow":["GET"]}}],"collection":[{"href":"https:\/\/www.blogsoestado.com\/danielmatos\/wp-json\/wp\/v2\/posts"}],"about":[{"href":"https:\/\/www.blogsoestado.com\/danielmatos\/wp-json\/wp\/v2\/types\/post"}],"replies":[{"embeddable":true,"href":"https:\/\/www.blogsoestado.com\/danielmatos\/wp-json\/wp\/v2\/comments?post=50456"}],"version-history":[{"count":0,"href":"https:\/\/www.blogsoestado.com\/danielmatos\/wp-json\/wp\/v2\/posts\/50456\/revisions"}],"wp:attachment":[{"href":"https:\/\/www.blogsoestado.com\/danielmatos\/wp-json\/wp\/v2\/media?parent=50456"}],"wp:term":[{"taxonomy":"category","embeddable":true,"href":"https:\/\/www.blogsoestado.com\/danielmatos\/wp-json\/wp\/v2\/categories?post=50456"},{"taxonomy":"post_tag","embeddable":true,"href":"https:\/\/www.blogsoestado.com\/danielmatos\/wp-json\/wp\/v2\/tags?post=50456"}],"curies":[{"name":"wp","href":"https:\/\/api.w.org\/{rel}","templated":true}]}}