{"id":50461,"date":"2018-04-16T17:33:21","date_gmt":"2018-04-16T20:33:21","guid":{"rendered":"https:\/\/www.blogsoestado.com\/danielmatos\/?p=50461"},"modified":"2018-04-16T17:33:21","modified_gmt":"2018-04-16T20:33:21","slug":"prefeito-fabio-gentil-insere-caxias-no-mapa-do-turismo-nacional-ao-inaugurar-mirante-da-balaiada","status":"publish","type":"post","link":"https:\/\/www.blogsoestado.com\/danielmatos\/prefeito-fabio-gentil-insere-caxias-no-mapa-do-turismo-nacional-ao-inaugurar-mirante-da-balaiada\/","title":{"rendered":"Prefeito F\u00e1bio Gentil insere Caxias no mapa do turismo nacional ao inaugurar Mirante da Balaiada"},"content":{"rendered":"<figure id=\"attachment_50463\" aria-describedby=\"caption-attachment-50463\" style=\"width: 640px\" class=\"wp-caption aligncenter\"><img fetchpriority=\"high\" decoding=\"async\" class=\"size-full wp-image-50463\" src=\"https:\/\/www.blogsoestado.com\/danielmatos\/files\/2018\/04\/mirante-balaiada.jpeg\" alt=\"\" width=\"640\" height=\"360\" \/><figcaption id=\"caption-attachment-50463\" class=\"wp-caption-text\">Mirante da Balaiada inseriu Caxias no mapa tur\u00edstico regional e nacional e elevou autoestima da popula\u00e7\u00e3o local<\/figcaption><\/figure>\n<p>Uma grande festa popular, com direito a quatro shows musicais, o principal deles o do cantor Paulo Ricardo, ex-l\u00edder da banda RPM, e inequ\u00edvoca demonstra\u00e7\u00e3o de prest\u00edgio pol\u00edtico. Assim foi a inaugura\u00e7\u00e3o do Mirante da Balaiada, no \u00faltimo s\u00e1bado, em Caxias. Verdadeiro presente da Prefeitura Municipal ao povo, p monumento \u00e9 a segunda obra entregue das\u00a0cinco anunciadas pelo prefeito F\u00e1bio Gentil (PRB) no in\u00edcio da gest\u00e3o. A promessa foi cumprida com louvor, para satisfa\u00e7\u00e3o e orgulho dos cidad\u00e3os caxienses e deleite dos turistas, atra\u00eddos em maior quantidade pelo imponente e arrebatador cart\u00e3o postal.<\/p>\n<p>Todas as autoridades p\u00fablicas e lideran\u00e7as pol\u00edticas presentes \u00e0 inaugura\u00e7\u00e3o destacaram a qualidade da obra e sua relev\u00e2ncia para o engrandecimento de Caxias, para a autoestima da popula\u00e7\u00e3o local e para a inclus\u00e3o do munic\u00edpio no mapa tur\u00edstico da regi\u00e3o Nordeste e at\u00e9 mesmo do Brasil. Para o prefeito F\u00e1bio Gentil, Caxias passa a ser outra cidade com a inaugura\u00e7\u00e3o do Mirante da Balaiada e ap\u00f3s a atual administra\u00e7\u00e3o. &#8220;Meu muito obrigado, fiquem com Deus&#8221;, disse o gestor, visivelmente emocionado e j\u00e1 af\u00f4nico de tanto vibrar com o importante feito da\u00a0 sua gest\u00e3o.<\/p>\n<p>O vice-prefeito Paulo Marinho J\u00fanior (PP) lembrou que h\u00e1 muito tempo Caxias n\u00e3o vivia momento t\u00e3o sublime. &#8220;Vivemos ano passado com a inaugura\u00e7\u00e3o da Pra\u00e7a da Chapada, e agora, com a entrega do Mirante da Balaiada&#8221;, enfatizou.<\/p>\n<p>O ex-prefeito Paulo Marinho parabenizou F\u00e1bio Gentil pela obra e se disse muito feliz em ver Caxias sendo administrada por aqueles que querem o melhor para a cidade. O deputado estadual e pr\u00e9-candidato ao Senado Alexandre Almeida (PSDB) disse que a obra toca o cora\u00e7\u00e3o de todos os caxienses e de todos os maranhenses. &#8220;A obra mexe com a autoestima do povo, verdadeiramente&#8221;, frisou.<\/p>\n<p><strong>Prest\u00edgio<\/strong><\/p>\n<p>Um dos pol\u00edticos de express\u00e3o nacional presentes \u00e0 solenidade, o senador \u00c1lvaro Dias (Podemos) ressaltou que obra n\u00e3o \u00e9 apenas um espa\u00e7o de lazer para os caxienses, mas tamb\u00e9m uma atra\u00e7\u00e3o tur\u00edstica que possibilita a gera\u00e7\u00e3o de emprego e renda para o povo&#8221;, assinalou. O deputado federal Cl\u00e9ber Verde (PRB) observou que Caxias, ao inaugurar o monumento, passar a ser refer\u00eancia n\u00e3o s\u00f3 para o Maranh\u00e3o e n\u00e3o s\u00f3 para o Nordeste, mas para todo o Brasil.<\/p>\n<p><strong>Sobre o Mirante da Balaiada<\/strong><\/p>\n<figure id=\"attachment_50470\" aria-describedby=\"caption-attachment-50470\" style=\"width: 640px\" class=\"wp-caption aligncenter\"><img decoding=\"async\" class=\"size-full wp-image-50470\" src=\"https:\/\/www.blogsoestado.com\/danielmatos\/files\/2018\/04\/mirante-balaiada3.jpeg\" alt=\"\" width=\"640\" height=\"448\" \/><figcaption id=\"caption-attachment-50470\" class=\"wp-caption-text\">Prefeito F\u00e1bio Gentil, ex-deputado Z\u00e9 Gentil, vice-prefeito Paulo Marinho J\u00fanior e senador \u00c1lvaro Dias descerram placa de inaugura\u00e7\u00e3o da obra<\/figcaption><\/figure>\n<p>O Mirante da Balaiada est\u00e1 situado em local estrat\u00e9gico, no Morro do Alecrim, posi\u00e7\u00e3o que valoriza o monumento s\u00edmbolo das ru\u00ednas do Quartel da Balaiada, movimento revolucion\u00e1rio ocorrido em Caxias no s\u00e9culo XIX. Ao lado do Mirante, a Prefeitura construiu a Pra\u00e7a Duque de Caxias, que fica em frente ao Centro de Estudos Superiores de Caxias (CESC\/UEMA). O logradouro p\u00fablico foi completamente reformado e revitalizado, e recebeu novo piso, lumin\u00e1rias, bancos e arboriza\u00e7\u00e3o, real\u00e7ando a beleza do local.<\/p>\n<p>No mesmo ato, foi a entregue a reforma do Memorial da Balaiada, que permitir\u00e1 aos visitantes todo o conforto que necessitam, seja durante a realiza\u00e7\u00e3o de pesquisas, seja em visita\u00e7\u00f5es para conhecer a rica hist\u00f3ria da cidade<strong>.<\/strong><\/p>\n<p><strong>Cart\u00e3o postal<\/strong><\/p>\n<p>Al\u00e9m de ser o ponto tur\u00edstico mais elevado da cidade,\u00a0o Mirante da Balaiada \u00e9 o mais novo cart\u00e3o postal de Caxias, com Parque Tur\u00edstico (que concentrar\u00e1 \u00e1rea de lazer, jardim bot\u00e2nico, pra\u00e7a de alimenta\u00e7\u00e3o e quiosques para a comercializa\u00e7\u00e3o do artesanato local), Casa de Leitura e Biblioteca, minizool\u00f3gico, c\u00f3rrego artificial e servi\u00e7o de internet gratuito para os visitantes.<\/p>\n<p>O local est\u00e1 sinalizado com placas, nas trilhas ser\u00e1 poss\u00edvel a leitura de versos de poetas caxienses. O Mirante ser\u00e1 administrado pela Secretaria adjunta de Turismo, que t\u00eam \u00e0 frente o secret\u00e1rio Fernando Santos, que trabalhar\u00e1 em parceria com a dire\u00e7\u00e3o do Memorial da Balaiada.<\/p>\n<p><strong>Assista ao v\u00eddeo:<\/strong><\/p>\n<div class=\"ast-oembed-container \" style=\"height: 100%;\"><iframe title=\"Inaugura\u00e7\u00e3o do Mirante da Balaiada, em Caxias\" width=\"500\" height=\"281\" src=\"https:\/\/www.youtube.com\/embed\/0lKIt-peVOU?feature=oembed\" frameborder=\"0\" allow=\"accelerometer; autoplay; clipboard-write; encrypted-media; gyroscope; picture-in-picture; web-share\" referrerpolicy=\"strict-origin-when-cross-origin\" allowfullscreen><\/iframe><\/div>\n","protected":false},"excerpt":{"rendered":"<p>Uma grande festa popular, com direito a quatro shows musicais, o principal deles o do cantor Paulo Ricardo, ex-l\u00edder da [&hellip;]<\/p>\n","protected":false},"author":0,"featured_media":0,"comment_status":"open","ping_status":"open","sticky":false,"template":"","format":"standard","meta":{"site-sidebar-layout":"default","site-content-layout":"","ast-site-content-layout":"default","site-content-style":"default","site-sidebar-style":"default","ast-global-header-display":"","ast-banner-title-visibility":"","ast-main-header-display":"","ast-hfb-above-header-display":"","ast-hfb-below-header-display":"","ast-hfb-mobile-header-display":"","site-post-title":"","ast-breadcrumbs-content":"","ast-featured-img":"","footer-sml-layout":"","ast-disable-related-posts":"","theme-transparent-header-meta":"","adv-header-id-meta":"","stick-header-meta":"","header-above-stick-meta":"","header-main-stick-meta":"","header-below-stick-meta":"","astra-migrate-meta-layouts":"default","ast-page-background-enabled":"default","ast-page-background-meta":{"desktop":{"background-color":"var(--ast-global-color-5)","background-image":"","background-repeat":"repeat","background-position":"center center","background-size":"auto","background-attachment":"scroll","background-type":"","background-media":"","overlay-type":"","overlay-color":"","overlay-opacity":"","overlay-gradient":""},"tablet":{"background-color":"","background-image":"","background-repeat":"repeat","background-position":"center center","background-size":"auto","background-attachment":"scroll","background-type":"","background-media":"","overlay-type":"","overlay-color":"","overlay-opacity":"","overlay-gradient":""},"mobile":{"background-color":"","background-image":"","background-repeat":"repeat","background-position":"center center","background-size":"auto","background-attachment":"scroll","background-type":"","background-media":"","overlay-type":"","overlay-color":"","overlay-opacity":"","overlay-gradient":""}},"ast-content-background-meta":{"desktop":{"background-color":"var(--ast-global-color-4)","background-image":"","background-repeat":"repeat","background-position":"center center","background-size":"auto","background-attachment":"scroll","background-type":"","background-media":"","overlay-type":"","overlay-color":"","overlay-opacity":"","overlay-gradient":""},"tablet":{"background-color":"var(--ast-global-color-4)","background-image":"","background-repeat":"repeat","background-position":"center center","background-size":"auto","background-attachment":"scroll","background-type":"","background-media":"","overlay-type":"","overlay-color":"","overlay-opacity":"","overlay-gradient":""},"mobile":{"background-color":"var(--ast-global-color-4)","background-image":"","background-repeat":"repeat","background-position":"center center","background-size":"auto","background-attachment":"scroll","background-type":"","background-media":"","overlay-type":"","overlay-color":"","overlay-opacity":"","overlay-gradient":""}},"footnotes":""},"categories":[1],"tags":[],"class_list":["post-50461","post","type-post","status-publish","format-standard","hentry","category-sem-categoria"],"yoast_head":"<!-- This site is optimized with the Yoast SEO plugin v26.6 - https:\/\/yoast.com\/wordpress\/plugins\/seo\/ -->\n<title>Prefeito F\u00e1bio Gentil insere Caxias no mapa do turismo nacional ao inaugurar Mirante da Balaiada - Daniel Matos<\/title>\n<meta name=\"robots\" content=\"index, follow, max-snippet:-1, max-image-preview:large, max-video-preview:-1\" \/>\n<link rel=\"canonical\" href=\"https:\/\/www.blogsoestado.com\/danielmatos\/prefeito-fabio-gentil-insere-caxias-no-mapa-do-turismo-nacional-ao-inaugurar-mirante-da-balaiada\/\" \/>\n<meta property=\"og:locale\" content=\"pt_BR\" \/>\n<meta property=\"og:type\" content=\"article\" \/>\n<meta property=\"og:title\" content=\"Prefeito F\u00e1bio Gentil insere Caxias no mapa do turismo nacional ao inaugurar Mirante da Balaiada - Daniel Matos\" \/>\n<meta property=\"og:description\" content=\"Uma grande festa popular, com direito a quatro shows musicais, o principal deles o do cantor Paulo Ricardo, ex-l\u00edder da [&hellip;]\" \/>\n<meta property=\"og:url\" content=\"https:\/\/www.blogsoestado.com\/danielmatos\/prefeito-fabio-gentil-insere-caxias-no-mapa-do-turismo-nacional-ao-inaugurar-mirante-da-balaiada\/\" \/>\n<meta property=\"og:site_name\" content=\"Daniel Matos\" \/>\n<meta property=\"article:published_time\" content=\"2018-04-16T20:33:21+00:00\" \/>\n<meta property=\"og:image\" content=\"https:\/\/www.blogsoestado.com\/danielmatos\/files\/2018\/04\/mirante-balaiada.jpeg\" \/>\n<meta name=\"twitter:card\" content=\"summary_large_image\" \/>\n<meta name=\"twitter:label1\" content=\"Est. tempo de leitura\" \/>\n\t<meta name=\"twitter:data1\" content=\"4 minutos\" \/>\n<script type=\"application\/ld+json\" class=\"yoast-schema-graph\">{\"@context\":\"https:\/\/schema.org\",\"@graph\":[{\"@type\":\"WebPage\",\"@id\":\"https:\/\/www.blogsoestado.com\/danielmatos\/prefeito-fabio-gentil-insere-caxias-no-mapa-do-turismo-nacional-ao-inaugurar-mirante-da-balaiada\/\",\"url\":\"https:\/\/www.blogsoestado.com\/danielmatos\/prefeito-fabio-gentil-insere-caxias-no-mapa-do-turismo-nacional-ao-inaugurar-mirante-da-balaiada\/\",\"name\":\"Prefeito F\u00e1bio Gentil insere Caxias no mapa do turismo nacional ao inaugurar Mirante da Balaiada - Daniel Matos\",\"isPartOf\":{\"@id\":\"https:\/\/www.blogsoestado.com\/danielmatos\/#website\"},\"primaryImageOfPage\":{\"@id\":\"https:\/\/www.blogsoestado.com\/danielmatos\/prefeito-fabio-gentil-insere-caxias-no-mapa-do-turismo-nacional-ao-inaugurar-mirante-da-balaiada\/#primaryimage\"},\"image\":{\"@id\":\"https:\/\/www.blogsoestado.com\/danielmatos\/prefeito-fabio-gentil-insere-caxias-no-mapa-do-turismo-nacional-ao-inaugurar-mirante-da-balaiada\/#primaryimage\"},\"thumbnailUrl\":\"https:\/\/www.blogsoestado.com\/danielmatos\/files\/2018\/04\/mirante-balaiada.jpeg\",\"datePublished\":\"2018-04-16T20:33:21+00:00\",\"author\":{\"@id\":\"\"},\"breadcrumb\":{\"@id\":\"https:\/\/www.blogsoestado.com\/danielmatos\/prefeito-fabio-gentil-insere-caxias-no-mapa-do-turismo-nacional-ao-inaugurar-mirante-da-balaiada\/#breadcrumb\"},\"inLanguage\":\"pt-BR\",\"potentialAction\":[{\"@type\":\"ReadAction\",\"target\":[\"https:\/\/www.blogsoestado.com\/danielmatos\/prefeito-fabio-gentil-insere-caxias-no-mapa-do-turismo-nacional-ao-inaugurar-mirante-da-balaiada\/\"]}]},{\"@type\":\"ImageObject\",\"inLanguage\":\"pt-BR\",\"@id\":\"https:\/\/www.blogsoestado.com\/danielmatos\/prefeito-fabio-gentil-insere-caxias-no-mapa-do-turismo-nacional-ao-inaugurar-mirante-da-balaiada\/#primaryimage\",\"url\":\"https:\/\/www.blogsoestado.com\/danielmatos\/files\/2018\/04\/mirante-balaiada.jpeg\",\"contentUrl\":\"https:\/\/www.blogsoestado.com\/danielmatos\/files\/2018\/04\/mirante-balaiada.jpeg\"},{\"@type\":\"BreadcrumbList\",\"@id\":\"https:\/\/www.blogsoestado.com\/danielmatos\/prefeito-fabio-gentil-insere-caxias-no-mapa-do-turismo-nacional-ao-inaugurar-mirante-da-balaiada\/#breadcrumb\",\"itemListElement\":[{\"@type\":\"ListItem\",\"position\":1,\"name\":\"In\u00edcio\",\"item\":\"https:\/\/www.blogsoestado.com\/danielmatos\/\"},{\"@type\":\"ListItem\",\"position\":2,\"name\":\"Prefeito F\u00e1bio Gentil insere Caxias no mapa do turismo nacional ao inaugurar Mirante da Balaiada\"}]},{\"@type\":\"WebSite\",\"@id\":\"https:\/\/www.blogsoestado.com\/danielmatos\/#website\",\"url\":\"https:\/\/www.blogsoestado.com\/danielmatos\/\",\"name\":\"Daniel Matos\",\"description\":\"\",\"potentialAction\":[{\"@type\":\"SearchAction\",\"target\":{\"@type\":\"EntryPoint\",\"urlTemplate\":\"https:\/\/www.blogsoestado.com\/danielmatos\/?s={search_term_string}\"},\"query-input\":{\"@type\":\"PropertyValueSpecification\",\"valueRequired\":true,\"valueName\":\"search_term_string\"}}],\"inLanguage\":\"pt-BR\"}]}<\/script>\n<!-- \/ Yoast SEO plugin. -->","yoast_head_json":{"title":"Prefeito F\u00e1bio Gentil insere Caxias no mapa do turismo nacional ao inaugurar Mirante da Balaiada - Daniel Matos","robots":{"index":"index","follow":"follow","max-snippet":"max-snippet:-1","max-image-preview":"max-image-preview:large","max-video-preview":"max-video-preview:-1"},"canonical":"https:\/\/www.blogsoestado.com\/danielmatos\/prefeito-fabio-gentil-insere-caxias-no-mapa-do-turismo-nacional-ao-inaugurar-mirante-da-balaiada\/","og_locale":"pt_BR","og_type":"article","og_title":"Prefeito F\u00e1bio Gentil insere Caxias no mapa do turismo nacional ao inaugurar Mirante da Balaiada - Daniel Matos","og_description":"Uma grande festa popular, com direito a quatro shows musicais, o principal deles o do cantor Paulo Ricardo, ex-l\u00edder da [&hellip;]","og_url":"https:\/\/www.blogsoestado.com\/danielmatos\/prefeito-fabio-gentil-insere-caxias-no-mapa-do-turismo-nacional-ao-inaugurar-mirante-da-balaiada\/","og_site_name":"Daniel Matos","article_published_time":"2018-04-16T20:33:21+00:00","og_image":[{"url":"https:\/\/www.blogsoestado.com\/danielmatos\/files\/2018\/04\/mirante-balaiada.jpeg","type":"","width":"","height":""}],"twitter_card":"summary_large_image","twitter_misc":{"Est. tempo de leitura":"4 minutos"},"schema":{"@context":"https:\/\/schema.org","@graph":[{"@type":"WebPage","@id":"https:\/\/www.blogsoestado.com\/danielmatos\/prefeito-fabio-gentil-insere-caxias-no-mapa-do-turismo-nacional-ao-inaugurar-mirante-da-balaiada\/","url":"https:\/\/www.blogsoestado.com\/danielmatos\/prefeito-fabio-gentil-insere-caxias-no-mapa-do-turismo-nacional-ao-inaugurar-mirante-da-balaiada\/","name":"Prefeito F\u00e1bio Gentil insere Caxias no mapa do turismo nacional ao inaugurar Mirante da Balaiada - Daniel Matos","isPartOf":{"@id":"https:\/\/www.blogsoestado.com\/danielmatos\/#website"},"primaryImageOfPage":{"@id":"https:\/\/www.blogsoestado.com\/danielmatos\/prefeito-fabio-gentil-insere-caxias-no-mapa-do-turismo-nacional-ao-inaugurar-mirante-da-balaiada\/#primaryimage"},"image":{"@id":"https:\/\/www.blogsoestado.com\/danielmatos\/prefeito-fabio-gentil-insere-caxias-no-mapa-do-turismo-nacional-ao-inaugurar-mirante-da-balaiada\/#primaryimage"},"thumbnailUrl":"https:\/\/www.blogsoestado.com\/danielmatos\/files\/2018\/04\/mirante-balaiada.jpeg","datePublished":"2018-04-16T20:33:21+00:00","author":{"@id":""},"breadcrumb":{"@id":"https:\/\/www.blogsoestado.com\/danielmatos\/prefeito-fabio-gentil-insere-caxias-no-mapa-do-turismo-nacional-ao-inaugurar-mirante-da-balaiada\/#breadcrumb"},"inLanguage":"pt-BR","potentialAction":[{"@type":"ReadAction","target":["https:\/\/www.blogsoestado.com\/danielmatos\/prefeito-fabio-gentil-insere-caxias-no-mapa-do-turismo-nacional-ao-inaugurar-mirante-da-balaiada\/"]}]},{"@type":"ImageObject","inLanguage":"pt-BR","@id":"https:\/\/www.blogsoestado.com\/danielmatos\/prefeito-fabio-gentil-insere-caxias-no-mapa-do-turismo-nacional-ao-inaugurar-mirante-da-balaiada\/#primaryimage","url":"https:\/\/www.blogsoestado.com\/danielmatos\/files\/2018\/04\/mirante-balaiada.jpeg","contentUrl":"https:\/\/www.blogsoestado.com\/danielmatos\/files\/2018\/04\/mirante-balaiada.jpeg"},{"@type":"BreadcrumbList","@id":"https:\/\/www.blogsoestado.com\/danielmatos\/prefeito-fabio-gentil-insere-caxias-no-mapa-do-turismo-nacional-ao-inaugurar-mirante-da-balaiada\/#breadcrumb","itemListElement":[{"@type":"ListItem","position":1,"name":"In\u00edcio","item":"https:\/\/www.blogsoestado.com\/danielmatos\/"},{"@type":"ListItem","position":2,"name":"Prefeito F\u00e1bio Gentil insere Caxias no mapa do turismo nacional ao inaugurar Mirante da Balaiada"}]},{"@type":"WebSite","@id":"https:\/\/www.blogsoestado.com\/danielmatos\/#website","url":"https:\/\/www.blogsoestado.com\/danielmatos\/","name":"Daniel Matos","description":"","potentialAction":[{"@type":"SearchAction","target":{"@type":"EntryPoint","urlTemplate":"https:\/\/www.blogsoestado.com\/danielmatos\/?s={search_term_string}"},"query-input":{"@type":"PropertyValueSpecification","valueRequired":true,"valueName":"search_term_string"}}],"inLanguage":"pt-BR"}]}},"jetpack_featured_media_url":"","_links":{"self":[{"href":"https:\/\/www.blogsoestado.com\/danielmatos\/wp-json\/wp\/v2\/posts\/50461","targetHints":{"allow":["GET"]}}],"collection":[{"href":"https:\/\/www.blogsoestado.com\/danielmatos\/wp-json\/wp\/v2\/posts"}],"about":[{"href":"https:\/\/www.blogsoestado.com\/danielmatos\/wp-json\/wp\/v2\/types\/post"}],"replies":[{"embeddable":true,"href":"https:\/\/www.blogsoestado.com\/danielmatos\/wp-json\/wp\/v2\/comments?post=50461"}],"version-history":[{"count":0,"href":"https:\/\/www.blogsoestado.com\/danielmatos\/wp-json\/wp\/v2\/posts\/50461\/revisions"}],"wp:attachment":[{"href":"https:\/\/www.blogsoestado.com\/danielmatos\/wp-json\/wp\/v2\/media?parent=50461"}],"wp:term":[{"taxonomy":"category","embeddable":true,"href":"https:\/\/www.blogsoestado.com\/danielmatos\/wp-json\/wp\/v2\/categories?post=50461"},{"taxonomy":"post_tag","embeddable":true,"href":"https:\/\/www.blogsoestado.com\/danielmatos\/wp-json\/wp\/v2\/tags?post=50461"}],"curies":[{"name":"wp","href":"https:\/\/api.w.org\/{rel}","templated":true}]}}