{"id":50478,"date":"2018-04-17T09:42:04","date_gmt":"2018-04-17T12:42:04","guid":{"rendered":"https:\/\/www.blogsoestado.com\/danielmatos\/?p=50478"},"modified":"2018-04-17T09:42:04","modified_gmt":"2018-04-17T12:42:04","slug":"prefeitura-enfrenta-o-inverno-mais-rigoroso-dos-ultimos-tempos-em-sao-luis","status":"publish","type":"post","link":"https:\/\/www.blogsoestado.com\/danielmatos\/prefeitura-enfrenta-o-inverno-mais-rigoroso-dos-ultimos-tempos-em-sao-luis\/","title":{"rendered":"Prefeitura enfrenta o inverno mais rigoroso dos \u00faltimos tempos em S\u00e3o Lu\u00eds"},"content":{"rendered":"<figure id=\"attachment_50479\" aria-describedby=\"caption-attachment-50479\" style=\"width: 640px\" class=\"wp-caption aligncenter\"><img fetchpriority=\"high\" decoding=\"async\" class=\"size-full wp-image-50479\" src=\"https:\/\/www.blogsoestado.com\/danielmatos\/files\/2018\/04\/slz-chuva.jpg\" alt=\"\" width=\"640\" height=\"427\" \/><figcaption id=\"caption-attachment-50479\" class=\"wp-caption-text\">A Prefeitura vem desempenhando com rigor obras de drenagem, limpeza de galerias e canais para amenizar os transtornos<\/figcaption><\/figure>\n<p>Essa segunda-feira (16) foi mais um dia de chuva intensa em S\u00e3o Lu\u00eds. Em poucas horas choveu mais de 100mm, o que representa quase 18% de todo o previsto para o m\u00eas de abril. O ano de 2018 est\u00e1 registrando um dos invernos mais rigorosos dos \u00faltimos tempos, e a Prefeitura de S\u00e3o Lu\u00eds est\u00e1 nas ruas diariamente trabalhando para minimizar os transtornos para a popula\u00e7\u00e3o, como nesta segunda-feira (16), quando rapidamente agiu nos pontos em que houve ac\u00famulo de \u00e1gua, como Curva do 90, Renascen\u00e7a e Divin\u00e9ia.<\/p>\n<p>De acordo com dados do Laborat\u00f3rio de Meteorologia do N\u00facleo Geoambiental (NuGeo) da Universidade Estadual do Maranh\u00e3o (Uema), mesmo faltando ainda uma quinzena para fechar o ciclo trimestral (fevereiro, mar\u00e7o e abril), o volume de chuvas j\u00e1 ultrapassou tanto m\u00e9dia hist\u00f3rica quanto o previsto para os tr\u00eas meses. Somente nestes primeiros 15 dias de abril j\u00e1 choveu cerca de 80% da m\u00e9dia hist\u00f3ria de todo o m\u00eas.<\/p>\n<p>A previs\u00e3o \u00e9 de mais chuva e com ela o agravamento de problemas urbanos comuns nas grandes cidades, como alagamentos, que t\u00eam como consequ\u00eancia engarrafamentos, tr\u00e2nsito lento, risco de deslizamentos de encostas entre outros. Mesmo Curitiba, capital do Paran\u00e1, tida como cidade modelo no Brasil no que diz respeito a infraestrutura urbana, vive dias de caos por causa das chuvas. E l\u00e1 bastam 40mm para comprometer a rotina dos moradores. Isto \u00e9 muito menos do que costuma chover em um dia inteiro em S\u00e3o Lu\u00eds durante o inverno.<\/p>\n<figure id=\"attachment_50480\" aria-describedby=\"caption-attachment-50480\" style=\"width: 640px\" class=\"wp-caption aligncenter\"><img decoding=\"async\" class=\"size-full wp-image-50480\" src=\"https:\/\/www.blogsoestado.com\/danielmatos\/files\/2018\/04\/slz-chuva3.jpg\" alt=\"\" width=\"640\" height=\"428\" \/><figcaption id=\"caption-attachment-50480\" class=\"wp-caption-text\">A enxurrada arrasta materiais para as galerias de escoamento e o lixo faz com que a \u00e1gua fique acumulada, causando os alagamentos<\/figcaption><\/figure>\n<p>Quanto \u00e0s chuvas n\u00e3o se pode fazer nada. Elas s\u00e3o um fen\u00f4meno natural importante. Mas \u00e9 poss\u00edvel diminuir os transtornos decorrentes dela. Em S\u00e3o Lu\u00eds, para minimizar os danos naturais decorrentes dos temporais, a Prefeitura de S\u00e3o Lu\u00eds, que j\u00e1 vinha desempenhando com rigor obras de drenagem, limpeza de galerias e canais, intensificou os servi\u00e7os com a chegada do per\u00edodo chuvoso.<\/p>\n<p>Mas nenhum investimento em infraestrutura vai surtir o efeito necess\u00e1rio se a popula\u00e7\u00e3o n\u00e3o contribuir. Hoje, uma das principais causas de alagamento em todas a cidades brasileiras \u00e9 o descarte irregular de lixo. Em S\u00e3o Lu\u00eds, s\u00e3o recolhidos das ruas todos os dias 300 toneladas de lixo que foi jogado fora de forma incorreta.<\/p>\n<p>Desde uma embalagem de bombom jogada pela janela do carro at\u00e9 um colch\u00e3o velho que foi colocado no canteiro central da avenida do bairro. A \u00e1gua das chuvas arrasta estes materiais para o bueiro por onde ela deveria escoar, mas o lixo faz com que a \u00e1gua fique acumulada e com isso vem os alagamentos, causando transtornos para toda a popula\u00e7\u00e3o.<\/p>\n","protected":false},"excerpt":{"rendered":"<p>Essa segunda-feira (16) foi mais um dia de chuva intensa em S\u00e3o Lu\u00eds. Em poucas horas choveu mais de 100mm, [&hellip;]<\/p>\n","protected":false},"author":0,"featured_media":0,"comment_status":"open","ping_status":"open","sticky":false,"template":"","format":"standard","meta":{"site-sidebar-layout":"default","site-content-layout":"","ast-site-content-layout":"default","site-content-style":"default","site-sidebar-style":"default","ast-global-header-display":"","ast-banner-title-visibility":"","ast-main-header-display":"","ast-hfb-above-header-display":"","ast-hfb-below-header-display":"","ast-hfb-mobile-header-display":"","site-post-title":"","ast-breadcrumbs-content":"","ast-featured-img":"","footer-sml-layout":"","ast-disable-related-posts":"","theme-transparent-header-meta":"","adv-header-id-meta":"","stick-header-meta":"","header-above-stick-meta":"","header-main-stick-meta":"","header-below-stick-meta":"","astra-migrate-meta-layouts":"default","ast-page-background-enabled":"default","ast-page-background-meta":{"desktop":{"background-color":"var(--ast-global-color-5)","background-image":"","background-repeat":"repeat","background-position":"center center","background-size":"auto","background-attachment":"scroll","background-type":"","background-media":"","overlay-type":"","overlay-color":"","overlay-opacity":"","overlay-gradient":""},"tablet":{"background-color":"","background-image":"","background-repeat":"repeat","background-position":"center center","background-size":"auto","background-attachment":"scroll","background-type":"","background-media":"","overlay-type":"","overlay-color":"","overlay-opacity":"","overlay-gradient":""},"mobile":{"background-color":"","background-image":"","background-repeat":"repeat","background-position":"center center","background-size":"auto","background-attachment":"scroll","background-type":"","background-media":"","overlay-type":"","overlay-color":"","overlay-opacity":"","overlay-gradient":""}},"ast-content-background-meta":{"desktop":{"background-color":"var(--ast-global-color-4)","background-image":"","background-repeat":"repeat","background-position":"center center","background-size":"auto","background-attachment":"scroll","background-type":"","background-media":"","overlay-type":"","overlay-color":"","overlay-opacity":"","overlay-gradient":""},"tablet":{"background-color":"var(--ast-global-color-4)","background-image":"","background-repeat":"repeat","background-position":"center center","background-size":"auto","background-attachment":"scroll","background-type":"","background-media":"","overlay-type":"","overlay-color":"","overlay-opacity":"","overlay-gradient":""},"mobile":{"background-color":"var(--ast-global-color-4)","background-image":"","background-repeat":"repeat","background-position":"center center","background-size":"auto","background-attachment":"scroll","background-type":"","background-media":"","overlay-type":"","overlay-color":"","overlay-opacity":"","overlay-gradient":""}},"footnotes":""},"categories":[1],"tags":[],"class_list":["post-50478","post","type-post","status-publish","format-standard","hentry","category-sem-categoria"],"yoast_head":"<!-- This site is optimized with the Yoast SEO plugin v26.6 - https:\/\/yoast.com\/wordpress\/plugins\/seo\/ -->\n<title>Prefeitura enfrenta o inverno mais rigoroso dos \u00faltimos tempos em S\u00e3o Lu\u00eds - Daniel Matos<\/title>\n<meta name=\"robots\" content=\"index, follow, max-snippet:-1, max-image-preview:large, max-video-preview:-1\" \/>\n<link rel=\"canonical\" href=\"https:\/\/www.blogsoestado.com\/danielmatos\/prefeitura-enfrenta-o-inverno-mais-rigoroso-dos-ultimos-tempos-em-sao-luis\/\" \/>\n<meta property=\"og:locale\" content=\"pt_BR\" \/>\n<meta property=\"og:type\" content=\"article\" \/>\n<meta property=\"og:title\" content=\"Prefeitura enfrenta o inverno mais rigoroso dos \u00faltimos tempos em S\u00e3o Lu\u00eds - Daniel Matos\" \/>\n<meta property=\"og:description\" content=\"Essa segunda-feira (16) foi mais um dia de chuva intensa em S\u00e3o Lu\u00eds. Em poucas horas choveu mais de 100mm, [&hellip;]\" \/>\n<meta property=\"og:url\" content=\"https:\/\/www.blogsoestado.com\/danielmatos\/prefeitura-enfrenta-o-inverno-mais-rigoroso-dos-ultimos-tempos-em-sao-luis\/\" \/>\n<meta property=\"og:site_name\" content=\"Daniel Matos\" \/>\n<meta property=\"article:published_time\" content=\"2018-04-17T12:42:04+00:00\" \/>\n<meta property=\"og:image\" content=\"https:\/\/www.blogsoestado.com\/danielmatos\/files\/2018\/04\/slz-chuva.jpg\" \/>\n<meta name=\"twitter:card\" content=\"summary_large_image\" \/>\n<meta name=\"twitter:label1\" content=\"Est. tempo de leitura\" \/>\n\t<meta name=\"twitter:data1\" content=\"3 minutos\" \/>\n<script type=\"application\/ld+json\" class=\"yoast-schema-graph\">{\"@context\":\"https:\/\/schema.org\",\"@graph\":[{\"@type\":\"WebPage\",\"@id\":\"https:\/\/www.blogsoestado.com\/danielmatos\/prefeitura-enfrenta-o-inverno-mais-rigoroso-dos-ultimos-tempos-em-sao-luis\/\",\"url\":\"https:\/\/www.blogsoestado.com\/danielmatos\/prefeitura-enfrenta-o-inverno-mais-rigoroso-dos-ultimos-tempos-em-sao-luis\/\",\"name\":\"Prefeitura enfrenta o inverno mais rigoroso dos \u00faltimos tempos em S\u00e3o Lu\u00eds - Daniel Matos\",\"isPartOf\":{\"@id\":\"https:\/\/www.blogsoestado.com\/danielmatos\/#website\"},\"primaryImageOfPage\":{\"@id\":\"https:\/\/www.blogsoestado.com\/danielmatos\/prefeitura-enfrenta-o-inverno-mais-rigoroso-dos-ultimos-tempos-em-sao-luis\/#primaryimage\"},\"image\":{\"@id\":\"https:\/\/www.blogsoestado.com\/danielmatos\/prefeitura-enfrenta-o-inverno-mais-rigoroso-dos-ultimos-tempos-em-sao-luis\/#primaryimage\"},\"thumbnailUrl\":\"https:\/\/www.blogsoestado.com\/danielmatos\/files\/2018\/04\/slz-chuva.jpg\",\"datePublished\":\"2018-04-17T12:42:04+00:00\",\"author\":{\"@id\":\"\"},\"breadcrumb\":{\"@id\":\"https:\/\/www.blogsoestado.com\/danielmatos\/prefeitura-enfrenta-o-inverno-mais-rigoroso-dos-ultimos-tempos-em-sao-luis\/#breadcrumb\"},\"inLanguage\":\"pt-BR\",\"potentialAction\":[{\"@type\":\"ReadAction\",\"target\":[\"https:\/\/www.blogsoestado.com\/danielmatos\/prefeitura-enfrenta-o-inverno-mais-rigoroso-dos-ultimos-tempos-em-sao-luis\/\"]}]},{\"@type\":\"ImageObject\",\"inLanguage\":\"pt-BR\",\"@id\":\"https:\/\/www.blogsoestado.com\/danielmatos\/prefeitura-enfrenta-o-inverno-mais-rigoroso-dos-ultimos-tempos-em-sao-luis\/#primaryimage\",\"url\":\"https:\/\/www.blogsoestado.com\/danielmatos\/files\/2018\/04\/slz-chuva.jpg\",\"contentUrl\":\"https:\/\/www.blogsoestado.com\/danielmatos\/files\/2018\/04\/slz-chuva.jpg\"},{\"@type\":\"BreadcrumbList\",\"@id\":\"https:\/\/www.blogsoestado.com\/danielmatos\/prefeitura-enfrenta-o-inverno-mais-rigoroso-dos-ultimos-tempos-em-sao-luis\/#breadcrumb\",\"itemListElement\":[{\"@type\":\"ListItem\",\"position\":1,\"name\":\"In\u00edcio\",\"item\":\"https:\/\/www.blogsoestado.com\/danielmatos\/\"},{\"@type\":\"ListItem\",\"position\":2,\"name\":\"Prefeitura enfrenta o inverno mais rigoroso dos \u00faltimos tempos em S\u00e3o Lu\u00eds\"}]},{\"@type\":\"WebSite\",\"@id\":\"https:\/\/www.blogsoestado.com\/danielmatos\/#website\",\"url\":\"https:\/\/www.blogsoestado.com\/danielmatos\/\",\"name\":\"Daniel Matos\",\"description\":\"\",\"potentialAction\":[{\"@type\":\"SearchAction\",\"target\":{\"@type\":\"EntryPoint\",\"urlTemplate\":\"https:\/\/www.blogsoestado.com\/danielmatos\/?s={search_term_string}\"},\"query-input\":{\"@type\":\"PropertyValueSpecification\",\"valueRequired\":true,\"valueName\":\"search_term_string\"}}],\"inLanguage\":\"pt-BR\"}]}<\/script>\n<!-- \/ Yoast SEO plugin. -->","yoast_head_json":{"title":"Prefeitura enfrenta o inverno mais rigoroso dos \u00faltimos tempos em S\u00e3o Lu\u00eds - Daniel Matos","robots":{"index":"index","follow":"follow","max-snippet":"max-snippet:-1","max-image-preview":"max-image-preview:large","max-video-preview":"max-video-preview:-1"},"canonical":"https:\/\/www.blogsoestado.com\/danielmatos\/prefeitura-enfrenta-o-inverno-mais-rigoroso-dos-ultimos-tempos-em-sao-luis\/","og_locale":"pt_BR","og_type":"article","og_title":"Prefeitura enfrenta o inverno mais rigoroso dos \u00faltimos tempos em S\u00e3o Lu\u00eds - Daniel Matos","og_description":"Essa segunda-feira (16) foi mais um dia de chuva intensa em S\u00e3o Lu\u00eds. Em poucas horas choveu mais de 100mm, [&hellip;]","og_url":"https:\/\/www.blogsoestado.com\/danielmatos\/prefeitura-enfrenta-o-inverno-mais-rigoroso-dos-ultimos-tempos-em-sao-luis\/","og_site_name":"Daniel Matos","article_published_time":"2018-04-17T12:42:04+00:00","og_image":[{"url":"https:\/\/www.blogsoestado.com\/danielmatos\/files\/2018\/04\/slz-chuva.jpg","type":"","width":"","height":""}],"twitter_card":"summary_large_image","twitter_misc":{"Est. tempo de leitura":"3 minutos"},"schema":{"@context":"https:\/\/schema.org","@graph":[{"@type":"WebPage","@id":"https:\/\/www.blogsoestado.com\/danielmatos\/prefeitura-enfrenta-o-inverno-mais-rigoroso-dos-ultimos-tempos-em-sao-luis\/","url":"https:\/\/www.blogsoestado.com\/danielmatos\/prefeitura-enfrenta-o-inverno-mais-rigoroso-dos-ultimos-tempos-em-sao-luis\/","name":"Prefeitura enfrenta o inverno mais rigoroso dos \u00faltimos tempos em S\u00e3o Lu\u00eds - Daniel Matos","isPartOf":{"@id":"https:\/\/www.blogsoestado.com\/danielmatos\/#website"},"primaryImageOfPage":{"@id":"https:\/\/www.blogsoestado.com\/danielmatos\/prefeitura-enfrenta-o-inverno-mais-rigoroso-dos-ultimos-tempos-em-sao-luis\/#primaryimage"},"image":{"@id":"https:\/\/www.blogsoestado.com\/danielmatos\/prefeitura-enfrenta-o-inverno-mais-rigoroso-dos-ultimos-tempos-em-sao-luis\/#primaryimage"},"thumbnailUrl":"https:\/\/www.blogsoestado.com\/danielmatos\/files\/2018\/04\/slz-chuva.jpg","datePublished":"2018-04-17T12:42:04+00:00","author":{"@id":""},"breadcrumb":{"@id":"https:\/\/www.blogsoestado.com\/danielmatos\/prefeitura-enfrenta-o-inverno-mais-rigoroso-dos-ultimos-tempos-em-sao-luis\/#breadcrumb"},"inLanguage":"pt-BR","potentialAction":[{"@type":"ReadAction","target":["https:\/\/www.blogsoestado.com\/danielmatos\/prefeitura-enfrenta-o-inverno-mais-rigoroso-dos-ultimos-tempos-em-sao-luis\/"]}]},{"@type":"ImageObject","inLanguage":"pt-BR","@id":"https:\/\/www.blogsoestado.com\/danielmatos\/prefeitura-enfrenta-o-inverno-mais-rigoroso-dos-ultimos-tempos-em-sao-luis\/#primaryimage","url":"https:\/\/www.blogsoestado.com\/danielmatos\/files\/2018\/04\/slz-chuva.jpg","contentUrl":"https:\/\/www.blogsoestado.com\/danielmatos\/files\/2018\/04\/slz-chuva.jpg"},{"@type":"BreadcrumbList","@id":"https:\/\/www.blogsoestado.com\/danielmatos\/prefeitura-enfrenta-o-inverno-mais-rigoroso-dos-ultimos-tempos-em-sao-luis\/#breadcrumb","itemListElement":[{"@type":"ListItem","position":1,"name":"In\u00edcio","item":"https:\/\/www.blogsoestado.com\/danielmatos\/"},{"@type":"ListItem","position":2,"name":"Prefeitura enfrenta o inverno mais rigoroso dos \u00faltimos tempos em S\u00e3o Lu\u00eds"}]},{"@type":"WebSite","@id":"https:\/\/www.blogsoestado.com\/danielmatos\/#website","url":"https:\/\/www.blogsoestado.com\/danielmatos\/","name":"Daniel Matos","description":"","potentialAction":[{"@type":"SearchAction","target":{"@type":"EntryPoint","urlTemplate":"https:\/\/www.blogsoestado.com\/danielmatos\/?s={search_term_string}"},"query-input":{"@type":"PropertyValueSpecification","valueRequired":true,"valueName":"search_term_string"}}],"inLanguage":"pt-BR"}]}},"jetpack_featured_media_url":"","_links":{"self":[{"href":"https:\/\/www.blogsoestado.com\/danielmatos\/wp-json\/wp\/v2\/posts\/50478","targetHints":{"allow":["GET"]}}],"collection":[{"href":"https:\/\/www.blogsoestado.com\/danielmatos\/wp-json\/wp\/v2\/posts"}],"about":[{"href":"https:\/\/www.blogsoestado.com\/danielmatos\/wp-json\/wp\/v2\/types\/post"}],"replies":[{"embeddable":true,"href":"https:\/\/www.blogsoestado.com\/danielmatos\/wp-json\/wp\/v2\/comments?post=50478"}],"version-history":[{"count":0,"href":"https:\/\/www.blogsoestado.com\/danielmatos\/wp-json\/wp\/v2\/posts\/50478\/revisions"}],"wp:attachment":[{"href":"https:\/\/www.blogsoestado.com\/danielmatos\/wp-json\/wp\/v2\/media?parent=50478"}],"wp:term":[{"taxonomy":"category","embeddable":true,"href":"https:\/\/www.blogsoestado.com\/danielmatos\/wp-json\/wp\/v2\/categories?post=50478"},{"taxonomy":"post_tag","embeddable":true,"href":"https:\/\/www.blogsoestado.com\/danielmatos\/wp-json\/wp\/v2\/tags?post=50478"}],"curies":[{"name":"wp","href":"https:\/\/api.w.org\/{rel}","templated":true}]}}