{"id":50484,"date":"2018-04-17T10:17:33","date_gmt":"2018-04-17T13:17:33","guid":{"rendered":"https:\/\/www.blogsoestado.com\/danielmatos\/?p=50484"},"modified":"2018-04-17T10:17:33","modified_gmt":"2018-04-17T13:17:33","slug":"presidente-do-tjma-entrega-relatorio-dos-100-dias-de-gestao-presidente-do-stf","status":"publish","type":"post","link":"https:\/\/www.blogsoestado.com\/danielmatos\/presidente-do-tjma-entrega-relatorio-dos-100-dias-de-gestao-presidente-do-stf\/","title":{"rendered":"Presidente do TJMA entrega \u201crelat\u00f3rio dos 100 dias de gest\u00e3o\u201d \u00e0 presidente do STF"},"content":{"rendered":"<figure id=\"attachment_50485\" aria-describedby=\"caption-attachment-50485\" style=\"width: 448px\" class=\"wp-caption alignleft\"><img fetchpriority=\"high\" decoding=\"async\" class=\"size-full wp-image-50485\" src=\"https:\/\/www.blogsoestado.com\/danielmatos\/files\/2018\/04\/jj-carmen-lucia.jpg\" alt=\"\" width=\"448\" height=\"324\" \/><figcaption id=\"caption-attachment-50485\" class=\"wp-caption-text\">Desembargador Jos\u00e9 Joaquim Figueiredo dos Anjos com a presidente do STF, ministra Carmen L\u00facia<\/figcaption><\/figure>\n<p>O presidente do Tribunal de Justi\u00e7a do Maranh\u00e3o, desembargador Jos\u00e9 Joaquim Figueiredo dos Anjos, esteve reunido nesta segunda-feira (16), com a presidente do Supremo Tribunal Federal (STF), ministra C\u00e1rmen L\u00facia, ocasi\u00e3o em que entregou o relat\u00f3rio dos 100 dias de gest\u00e3o \u00e0 frente da Corte maranhense.<\/p>\n<p>Ao entregar o relat\u00f3rio \u00e0 ministra C\u00e1rmen L\u00facia, Jos\u00e9 Joaquim Figueiredo dos Anjos explicou \u00e0 presidente do STF que no per\u00edodo de 100 dias de gest\u00e3o deu \u00eanfase a todas as a\u00e7\u00f5es institucionais que v\u00eam merecendo prioridade no Poder Judici\u00e1rio do Maranh\u00e3o.<\/p>\n<p>Na oportunidade, ele reafirmou a import\u00e2ncia do di\u00e1logo institucional entre os tribunais brasileiros que, no seu entendimento, \u00e9 muito positivo e importante para que as Cortes de Justi\u00e7a possam caminhar unidas e interagindo com equil\u00edbrio, como forma de fortalecer o Poder Judici\u00e1rio.<\/p>\n<p>A presidente do Supremo Tribunal de Justi\u00e7a agradeceu a visita do presidente do TJMA e falou da satisfa\u00e7\u00e3o em receber o relat\u00f3rio com as principais realiza\u00e7\u00f5es de sua gest\u00e3o na presid\u00eancia da Corte de Justi\u00e7a maranhense.<\/p>\n<p>O relat\u00f3rio foi entregue tamb\u00e9m ao vice-presidente do Superior Tribunal de Justi\u00e7a (STJ), ministro Humberto Martins, e ao corregedor nacional de Justi\u00e7a, Ot\u00e1vio de Noronha.<\/p>\n<p>Com os dois ministros, Jos\u00e9 Jos\u00e9 Joaquim Figueiredo dos Anjos discutiu pr\u00e1ticas inovadoras de gest\u00e3o, trocou ideias e compartilhou experi\u00eancias que, segundo o presidente do TJMA, permitem conhecer outras realidades e novos modelos de gest\u00f5es estrat\u00e9gicas.<\/p>\n<p>Fonte: Tribunal de Justi\u00e7a do Maranh\u00e3o<\/p>\n","protected":false},"excerpt":{"rendered":"<p>O presidente do Tribunal de Justi\u00e7a do Maranh\u00e3o, desembargador Jos\u00e9 Joaquim Figueiredo dos Anjos, esteve reunido nesta segunda-feira (16), com [&hellip;]<\/p>\n","protected":false},"author":0,"featured_media":0,"comment_status":"open","ping_status":"open","sticky":false,"template":"","format":"standard","meta":{"site-sidebar-layout":"default","site-content-layout":"","ast-site-content-layout":"default","site-content-style":"default","site-sidebar-style":"default","ast-global-header-display":"","ast-banner-title-visibility":"","ast-main-header-display":"","ast-hfb-above-header-display":"","ast-hfb-below-header-display":"","ast-hfb-mobile-header-display":"","site-post-title":"","ast-breadcrumbs-content":"","ast-featured-img":"","footer-sml-layout":"","ast-disable-related-posts":"","theme-transparent-header-meta":"","adv-header-id-meta":"","stick-header-meta":"","header-above-stick-meta":"","header-main-stick-meta":"","header-below-stick-meta":"","astra-migrate-meta-layouts":"default","ast-page-background-enabled":"default","ast-page-background-meta":{"desktop":{"background-color":"var(--ast-global-color-5)","background-image":"","background-repeat":"repeat","background-position":"center center","background-size":"auto","background-attachment":"scroll","background-type":"","background-media":"","overlay-type":"","overlay-color":"","overlay-opacity":"","overlay-gradient":""},"tablet":{"background-color":"","background-image":"","background-repeat":"repeat","background-position":"center center","background-size":"auto","background-attachment":"scroll","background-type":"","background-media":"","overlay-type":"","overlay-color":"","overlay-opacity":"","overlay-gradient":""},"mobile":{"background-color":"","background-image":"","background-repeat":"repeat","background-position":"center center","background-size":"auto","background-attachment":"scroll","background-type":"","background-media":"","overlay-type":"","overlay-color":"","overlay-opacity":"","overlay-gradient":""}},"ast-content-background-meta":{"desktop":{"background-color":"var(--ast-global-color-4)","background-image":"","background-repeat":"repeat","background-position":"center center","background-size":"auto","background-attachment":"scroll","background-type":"","background-media":"","overlay-type":"","overlay-color":"","overlay-opacity":"","overlay-gradient":""},"tablet":{"background-color":"var(--ast-global-color-4)","background-image":"","background-repeat":"repeat","background-position":"center center","background-size":"auto","background-attachment":"scroll","background-type":"","background-media":"","overlay-type":"","overlay-color":"","overlay-opacity":"","overlay-gradient":""},"mobile":{"background-color":"var(--ast-global-color-4)","background-image":"","background-repeat":"repeat","background-position":"center center","background-size":"auto","background-attachment":"scroll","background-type":"","background-media":"","overlay-type":"","overlay-color":"","overlay-opacity":"","overlay-gradient":""}},"footnotes":""},"categories":[1],"tags":[],"class_list":["post-50484","post","type-post","status-publish","format-standard","hentry","category-sem-categoria"],"yoast_head":"<!-- This site is optimized with the Yoast SEO plugin v26.6 - https:\/\/yoast.com\/wordpress\/plugins\/seo\/ -->\n<title>Presidente do TJMA entrega \u201crelat\u00f3rio dos 100 dias de gest\u00e3o\u201d \u00e0 presidente do STF - Daniel Matos<\/title>\n<meta name=\"robots\" content=\"index, follow, max-snippet:-1, max-image-preview:large, max-video-preview:-1\" \/>\n<link rel=\"canonical\" href=\"https:\/\/www.blogsoestado.com\/danielmatos\/presidente-do-tjma-entrega-relatorio-dos-100-dias-de-gestao-presidente-do-stf\/\" \/>\n<meta property=\"og:locale\" content=\"pt_BR\" \/>\n<meta property=\"og:type\" content=\"article\" \/>\n<meta property=\"og:title\" content=\"Presidente do TJMA entrega \u201crelat\u00f3rio dos 100 dias de gest\u00e3o\u201d \u00e0 presidente do STF - Daniel Matos\" \/>\n<meta property=\"og:description\" content=\"O presidente do Tribunal de Justi\u00e7a do Maranh\u00e3o, desembargador Jos\u00e9 Joaquim Figueiredo dos Anjos, esteve reunido nesta segunda-feira (16), com [&hellip;]\" \/>\n<meta property=\"og:url\" content=\"https:\/\/www.blogsoestado.com\/danielmatos\/presidente-do-tjma-entrega-relatorio-dos-100-dias-de-gestao-presidente-do-stf\/\" \/>\n<meta property=\"og:site_name\" content=\"Daniel Matos\" \/>\n<meta property=\"article:published_time\" content=\"2018-04-17T13:17:33+00:00\" \/>\n<meta property=\"og:image\" content=\"https:\/\/www.blogsoestado.com\/danielmatos\/files\/2018\/04\/jj-carmen-lucia.jpg\" \/>\n<meta name=\"twitter:card\" content=\"summary_large_image\" \/>\n<meta name=\"twitter:label1\" content=\"Est. tempo de leitura\" \/>\n\t<meta name=\"twitter:data1\" content=\"1 minuto\" \/>\n<script type=\"application\/ld+json\" class=\"yoast-schema-graph\">{\"@context\":\"https:\/\/schema.org\",\"@graph\":[{\"@type\":\"WebPage\",\"@id\":\"https:\/\/www.blogsoestado.com\/danielmatos\/presidente-do-tjma-entrega-relatorio-dos-100-dias-de-gestao-presidente-do-stf\/\",\"url\":\"https:\/\/www.blogsoestado.com\/danielmatos\/presidente-do-tjma-entrega-relatorio-dos-100-dias-de-gestao-presidente-do-stf\/\",\"name\":\"Presidente do TJMA entrega \u201crelat\u00f3rio dos 100 dias de gest\u00e3o\u201d \u00e0 presidente do STF - Daniel Matos\",\"isPartOf\":{\"@id\":\"https:\/\/www.blogsoestado.com\/danielmatos\/#website\"},\"primaryImageOfPage\":{\"@id\":\"https:\/\/www.blogsoestado.com\/danielmatos\/presidente-do-tjma-entrega-relatorio-dos-100-dias-de-gestao-presidente-do-stf\/#primaryimage\"},\"image\":{\"@id\":\"https:\/\/www.blogsoestado.com\/danielmatos\/presidente-do-tjma-entrega-relatorio-dos-100-dias-de-gestao-presidente-do-stf\/#primaryimage\"},\"thumbnailUrl\":\"https:\/\/www.blogsoestado.com\/danielmatos\/files\/2018\/04\/jj-carmen-lucia.jpg\",\"datePublished\":\"2018-04-17T13:17:33+00:00\",\"author\":{\"@id\":\"\"},\"breadcrumb\":{\"@id\":\"https:\/\/www.blogsoestado.com\/danielmatos\/presidente-do-tjma-entrega-relatorio-dos-100-dias-de-gestao-presidente-do-stf\/#breadcrumb\"},\"inLanguage\":\"pt-BR\",\"potentialAction\":[{\"@type\":\"ReadAction\",\"target\":[\"https:\/\/www.blogsoestado.com\/danielmatos\/presidente-do-tjma-entrega-relatorio-dos-100-dias-de-gestao-presidente-do-stf\/\"]}]},{\"@type\":\"ImageObject\",\"inLanguage\":\"pt-BR\",\"@id\":\"https:\/\/www.blogsoestado.com\/danielmatos\/presidente-do-tjma-entrega-relatorio-dos-100-dias-de-gestao-presidente-do-stf\/#primaryimage\",\"url\":\"https:\/\/www.blogsoestado.com\/danielmatos\/files\/2018\/04\/jj-carmen-lucia.jpg\",\"contentUrl\":\"https:\/\/www.blogsoestado.com\/danielmatos\/files\/2018\/04\/jj-carmen-lucia.jpg\"},{\"@type\":\"BreadcrumbList\",\"@id\":\"https:\/\/www.blogsoestado.com\/danielmatos\/presidente-do-tjma-entrega-relatorio-dos-100-dias-de-gestao-presidente-do-stf\/#breadcrumb\",\"itemListElement\":[{\"@type\":\"ListItem\",\"position\":1,\"name\":\"In\u00edcio\",\"item\":\"https:\/\/www.blogsoestado.com\/danielmatos\/\"},{\"@type\":\"ListItem\",\"position\":2,\"name\":\"Presidente do TJMA entrega \u201crelat\u00f3rio dos 100 dias de gest\u00e3o\u201d \u00e0 presidente do STF\"}]},{\"@type\":\"WebSite\",\"@id\":\"https:\/\/www.blogsoestado.com\/danielmatos\/#website\",\"url\":\"https:\/\/www.blogsoestado.com\/danielmatos\/\",\"name\":\"Daniel Matos\",\"description\":\"\",\"potentialAction\":[{\"@type\":\"SearchAction\",\"target\":{\"@type\":\"EntryPoint\",\"urlTemplate\":\"https:\/\/www.blogsoestado.com\/danielmatos\/?s={search_term_string}\"},\"query-input\":{\"@type\":\"PropertyValueSpecification\",\"valueRequired\":true,\"valueName\":\"search_term_string\"}}],\"inLanguage\":\"pt-BR\"}]}<\/script>\n<!-- \/ Yoast SEO plugin. -->","yoast_head_json":{"title":"Presidente do TJMA entrega \u201crelat\u00f3rio dos 100 dias de gest\u00e3o\u201d \u00e0 presidente do STF - Daniel Matos","robots":{"index":"index","follow":"follow","max-snippet":"max-snippet:-1","max-image-preview":"max-image-preview:large","max-video-preview":"max-video-preview:-1"},"canonical":"https:\/\/www.blogsoestado.com\/danielmatos\/presidente-do-tjma-entrega-relatorio-dos-100-dias-de-gestao-presidente-do-stf\/","og_locale":"pt_BR","og_type":"article","og_title":"Presidente do TJMA entrega \u201crelat\u00f3rio dos 100 dias de gest\u00e3o\u201d \u00e0 presidente do STF - Daniel Matos","og_description":"O presidente do Tribunal de Justi\u00e7a do Maranh\u00e3o, desembargador Jos\u00e9 Joaquim Figueiredo dos Anjos, esteve reunido nesta segunda-feira (16), com [&hellip;]","og_url":"https:\/\/www.blogsoestado.com\/danielmatos\/presidente-do-tjma-entrega-relatorio-dos-100-dias-de-gestao-presidente-do-stf\/","og_site_name":"Daniel Matos","article_published_time":"2018-04-17T13:17:33+00:00","og_image":[{"url":"https:\/\/www.blogsoestado.com\/danielmatos\/files\/2018\/04\/jj-carmen-lucia.jpg","type":"","width":"","height":""}],"twitter_card":"summary_large_image","twitter_misc":{"Est. tempo de leitura":"1 minuto"},"schema":{"@context":"https:\/\/schema.org","@graph":[{"@type":"WebPage","@id":"https:\/\/www.blogsoestado.com\/danielmatos\/presidente-do-tjma-entrega-relatorio-dos-100-dias-de-gestao-presidente-do-stf\/","url":"https:\/\/www.blogsoestado.com\/danielmatos\/presidente-do-tjma-entrega-relatorio-dos-100-dias-de-gestao-presidente-do-stf\/","name":"Presidente do TJMA entrega \u201crelat\u00f3rio dos 100 dias de gest\u00e3o\u201d \u00e0 presidente do STF - Daniel Matos","isPartOf":{"@id":"https:\/\/www.blogsoestado.com\/danielmatos\/#website"},"primaryImageOfPage":{"@id":"https:\/\/www.blogsoestado.com\/danielmatos\/presidente-do-tjma-entrega-relatorio-dos-100-dias-de-gestao-presidente-do-stf\/#primaryimage"},"image":{"@id":"https:\/\/www.blogsoestado.com\/danielmatos\/presidente-do-tjma-entrega-relatorio-dos-100-dias-de-gestao-presidente-do-stf\/#primaryimage"},"thumbnailUrl":"https:\/\/www.blogsoestado.com\/danielmatos\/files\/2018\/04\/jj-carmen-lucia.jpg","datePublished":"2018-04-17T13:17:33+00:00","author":{"@id":""},"breadcrumb":{"@id":"https:\/\/www.blogsoestado.com\/danielmatos\/presidente-do-tjma-entrega-relatorio-dos-100-dias-de-gestao-presidente-do-stf\/#breadcrumb"},"inLanguage":"pt-BR","potentialAction":[{"@type":"ReadAction","target":["https:\/\/www.blogsoestado.com\/danielmatos\/presidente-do-tjma-entrega-relatorio-dos-100-dias-de-gestao-presidente-do-stf\/"]}]},{"@type":"ImageObject","inLanguage":"pt-BR","@id":"https:\/\/www.blogsoestado.com\/danielmatos\/presidente-do-tjma-entrega-relatorio-dos-100-dias-de-gestao-presidente-do-stf\/#primaryimage","url":"https:\/\/www.blogsoestado.com\/danielmatos\/files\/2018\/04\/jj-carmen-lucia.jpg","contentUrl":"https:\/\/www.blogsoestado.com\/danielmatos\/files\/2018\/04\/jj-carmen-lucia.jpg"},{"@type":"BreadcrumbList","@id":"https:\/\/www.blogsoestado.com\/danielmatos\/presidente-do-tjma-entrega-relatorio-dos-100-dias-de-gestao-presidente-do-stf\/#breadcrumb","itemListElement":[{"@type":"ListItem","position":1,"name":"In\u00edcio","item":"https:\/\/www.blogsoestado.com\/danielmatos\/"},{"@type":"ListItem","position":2,"name":"Presidente do TJMA entrega \u201crelat\u00f3rio dos 100 dias de gest\u00e3o\u201d \u00e0 presidente do STF"}]},{"@type":"WebSite","@id":"https:\/\/www.blogsoestado.com\/danielmatos\/#website","url":"https:\/\/www.blogsoestado.com\/danielmatos\/","name":"Daniel Matos","description":"","potentialAction":[{"@type":"SearchAction","target":{"@type":"EntryPoint","urlTemplate":"https:\/\/www.blogsoestado.com\/danielmatos\/?s={search_term_string}"},"query-input":{"@type":"PropertyValueSpecification","valueRequired":true,"valueName":"search_term_string"}}],"inLanguage":"pt-BR"}]}},"jetpack_featured_media_url":"","_links":{"self":[{"href":"https:\/\/www.blogsoestado.com\/danielmatos\/wp-json\/wp\/v2\/posts\/50484","targetHints":{"allow":["GET"]}}],"collection":[{"href":"https:\/\/www.blogsoestado.com\/danielmatos\/wp-json\/wp\/v2\/posts"}],"about":[{"href":"https:\/\/www.blogsoestado.com\/danielmatos\/wp-json\/wp\/v2\/types\/post"}],"replies":[{"embeddable":true,"href":"https:\/\/www.blogsoestado.com\/danielmatos\/wp-json\/wp\/v2\/comments?post=50484"}],"version-history":[{"count":0,"href":"https:\/\/www.blogsoestado.com\/danielmatos\/wp-json\/wp\/v2\/posts\/50484\/revisions"}],"wp:attachment":[{"href":"https:\/\/www.blogsoestado.com\/danielmatos\/wp-json\/wp\/v2\/media?parent=50484"}],"wp:term":[{"taxonomy":"category","embeddable":true,"href":"https:\/\/www.blogsoestado.com\/danielmatos\/wp-json\/wp\/v2\/categories?post=50484"},{"taxonomy":"post_tag","embeddable":true,"href":"https:\/\/www.blogsoestado.com\/danielmatos\/wp-json\/wp\/v2\/tags?post=50484"}],"curies":[{"name":"wp","href":"https:\/\/api.w.org\/{rel}","templated":true}]}}