{"id":50490,"date":"2018-04-17T11:01:12","date_gmt":"2018-04-17T14:01:12","guid":{"rendered":"https:\/\/www.blogsoestado.com\/danielmatos\/?p=50490"},"modified":"2018-04-17T11:01:12","modified_gmt":"2018-04-17T14:01:12","slug":"prefeitura-de-santa-rita-intensifica-obras-de-calcamento","status":"publish","type":"post","link":"https:\/\/www.blogsoestado.com\/danielmatos\/prefeitura-de-santa-rita-intensifica-obras-de-calcamento\/","title":{"rendered":"Prefeitura de Santa Rita intensifica obras de cal\u00e7amento"},"content":{"rendered":"<figure id=\"attachment_50491\" aria-describedby=\"caption-attachment-50491\" style=\"width: 640px\" class=\"wp-caption aligncenter\"><img fetchpriority=\"high\" decoding=\"async\" class=\"size-full wp-image-50491\" src=\"https:\/\/www.blogsoestado.com\/danielmatos\/files\/2018\/04\/sta-rita-cal\u00e7amento.jpg\" alt=\"\" width=\"640\" height=\"307\" \/><figcaption id=\"caption-attachment-50491\" class=\"wp-caption-text\">Oper\u00e1rios contratados pela prefeitura trabalham no cal\u00e7amento de avenida para melhorar a mobilidade<\/figcaption><\/figure>\n<p>Mesmo com per\u00edodo chuvoso, a Prefeitura de Santa Rita vem intensificando servi\u00e7os de urbaniza\u00e7\u00e3o em v\u00e1rios pontos do munic\u00edpio. Um dos exemplos \u00e9 o cal\u00e7amento do trecho paralelo a BR 135, partindo da Pra\u00e7a da Juventude, na Vila F\u00e9 em Deus, seguindo de encontro \u00e0 camada asf\u00e1ltica que liga ao centro da cidade. S\u00e3o 600 metros de pavimenta\u00e7\u00e3o em bloquete, obra em fase de conclus\u00e3o.<\/p>\n<p>O secret\u00e1rio municipal de Infraestrutura, Ant\u00f4nio de Felipe, destacou que o espa\u00e7o ir\u00e1 assegurar uma melhor qualidade de vida e conforto, principalmente aos adeptos de atividade f\u00edsica, que usam o local diariamente para exercitar o corpo.<\/p>\n<figure id=\"attachment_50492\" aria-describedby=\"caption-attachment-50492\" style=\"width: 640px\" class=\"wp-caption aligncenter\"><img decoding=\"async\" class=\"size-full wp-image-50492\" src=\"https:\/\/www.blogsoestado.com\/danielmatos\/files\/2018\/04\/sta-rita-cal\u00e7amento2.jpg\" alt=\"\" width=\"640\" height=\"302\" \/><figcaption id=\"caption-attachment-50492\" class=\"wp-caption-text\">S\u00e3o 600 metros de pavimenta\u00e7\u00e3o em bloquete, obra em fase de conclus\u00e3o, mesmo no per\u00edodo chuvoso<\/figcaption><\/figure>\n<p>\u201cEsta a\u00e7\u00e3o ir\u00e1 beneficiar milhares de santarritenses, al\u00e9m de trazer dignidade a n\u00f3s moradores. Por isso estamos acelerando esta obra para que a popula\u00e7\u00e3o sinta os impactos positivos da administra\u00e7\u00e3o do Prefeito Hilton Gon\u00e7alo\u201d, disse.<\/p>\n","protected":false},"excerpt":{"rendered":"<p>Mesmo com per\u00edodo chuvoso, a Prefeitura de Santa Rita vem intensificando servi\u00e7os de urbaniza\u00e7\u00e3o em v\u00e1rios pontos do munic\u00edpio. Um [&hellip;]<\/p>\n","protected":false},"author":0,"featured_media":0,"comment_status":"open","ping_status":"open","sticky":false,"template":"","format":"standard","meta":{"site-sidebar-layout":"default","site-content-layout":"","ast-site-content-layout":"default","site-content-style":"default","site-sidebar-style":"default","ast-global-header-display":"","ast-banner-title-visibility":"","ast-main-header-display":"","ast-hfb-above-header-display":"","ast-hfb-below-header-display":"","ast-hfb-mobile-header-display":"","site-post-title":"","ast-breadcrumbs-content":"","ast-featured-img":"","footer-sml-layout":"","ast-disable-related-posts":"","theme-transparent-header-meta":"","adv-header-id-meta":"","stick-header-meta":"","header-above-stick-meta":"","header-main-stick-meta":"","header-below-stick-meta":"","astra-migrate-meta-layouts":"default","ast-page-background-enabled":"default","ast-page-background-meta":{"desktop":{"background-color":"var(--ast-global-color-5)","background-image":"","background-repeat":"repeat","background-position":"center center","background-size":"auto","background-attachment":"scroll","background-type":"","background-media":"","overlay-type":"","overlay-color":"","overlay-opacity":"","overlay-gradient":""},"tablet":{"background-color":"","background-image":"","background-repeat":"repeat","background-position":"center center","background-size":"auto","background-attachment":"scroll","background-type":"","background-media":"","overlay-type":"","overlay-color":"","overlay-opacity":"","overlay-gradient":""},"mobile":{"background-color":"","background-image":"","background-repeat":"repeat","background-position":"center center","background-size":"auto","background-attachment":"scroll","background-type":"","background-media":"","overlay-type":"","overlay-color":"","overlay-opacity":"","overlay-gradient":""}},"ast-content-background-meta":{"desktop":{"background-color":"var(--ast-global-color-4)","background-image":"","background-repeat":"repeat","background-position":"center center","background-size":"auto","background-attachment":"scroll","background-type":"","background-media":"","overlay-type":"","overlay-color":"","overlay-opacity":"","overlay-gradient":""},"tablet":{"background-color":"var(--ast-global-color-4)","background-image":"","background-repeat":"repeat","background-position":"center center","background-size":"auto","background-attachment":"scroll","background-type":"","background-media":"","overlay-type":"","overlay-color":"","overlay-opacity":"","overlay-gradient":""},"mobile":{"background-color":"var(--ast-global-color-4)","background-image":"","background-repeat":"repeat","background-position":"center center","background-size":"auto","background-attachment":"scroll","background-type":"","background-media":"","overlay-type":"","overlay-color":"","overlay-opacity":"","overlay-gradient":""}},"footnotes":""},"categories":[1],"tags":[],"class_list":["post-50490","post","type-post","status-publish","format-standard","hentry","category-sem-categoria"],"yoast_head":"<!-- This site is optimized with the Yoast SEO plugin v26.6 - https:\/\/yoast.com\/wordpress\/plugins\/seo\/ -->\n<title>Prefeitura de Santa Rita intensifica obras de cal\u00e7amento - Daniel Matos<\/title>\n<meta name=\"robots\" content=\"index, follow, max-snippet:-1, max-image-preview:large, max-video-preview:-1\" \/>\n<link rel=\"canonical\" href=\"https:\/\/www.blogsoestado.com\/danielmatos\/prefeitura-de-santa-rita-intensifica-obras-de-calcamento\/\" \/>\n<meta property=\"og:locale\" content=\"pt_BR\" \/>\n<meta property=\"og:type\" content=\"article\" \/>\n<meta property=\"og:title\" content=\"Prefeitura de Santa Rita intensifica obras de cal\u00e7amento - Daniel Matos\" \/>\n<meta property=\"og:description\" content=\"Mesmo com per\u00edodo chuvoso, a Prefeitura de Santa Rita vem intensificando servi\u00e7os de urbaniza\u00e7\u00e3o em v\u00e1rios pontos do munic\u00edpio. Um [&hellip;]\" \/>\n<meta property=\"og:url\" content=\"https:\/\/www.blogsoestado.com\/danielmatos\/prefeitura-de-santa-rita-intensifica-obras-de-calcamento\/\" \/>\n<meta property=\"og:site_name\" content=\"Daniel Matos\" \/>\n<meta property=\"article:published_time\" content=\"2018-04-17T14:01:12+00:00\" \/>\n<meta name=\"twitter:card\" content=\"summary_large_image\" \/>\n<meta name=\"twitter:label1\" content=\"Est. tempo de leitura\" \/>\n\t<meta name=\"twitter:data1\" content=\"1 minuto\" \/>\n<script type=\"application\/ld+json\" class=\"yoast-schema-graph\">{\"@context\":\"https:\/\/schema.org\",\"@graph\":[{\"@type\":\"WebPage\",\"@id\":\"https:\/\/www.blogsoestado.com\/danielmatos\/prefeitura-de-santa-rita-intensifica-obras-de-calcamento\/\",\"url\":\"https:\/\/www.blogsoestado.com\/danielmatos\/prefeitura-de-santa-rita-intensifica-obras-de-calcamento\/\",\"name\":\"Prefeitura de Santa Rita intensifica obras de cal\u00e7amento - Daniel Matos\",\"isPartOf\":{\"@id\":\"https:\/\/www.blogsoestado.com\/danielmatos\/#website\"},\"datePublished\":\"2018-04-17T14:01:12+00:00\",\"author\":{\"@id\":\"\"},\"breadcrumb\":{\"@id\":\"https:\/\/www.blogsoestado.com\/danielmatos\/prefeitura-de-santa-rita-intensifica-obras-de-calcamento\/#breadcrumb\"},\"inLanguage\":\"pt-BR\",\"potentialAction\":[{\"@type\":\"ReadAction\",\"target\":[\"https:\/\/www.blogsoestado.com\/danielmatos\/prefeitura-de-santa-rita-intensifica-obras-de-calcamento\/\"]}]},{\"@type\":\"BreadcrumbList\",\"@id\":\"https:\/\/www.blogsoestado.com\/danielmatos\/prefeitura-de-santa-rita-intensifica-obras-de-calcamento\/#breadcrumb\",\"itemListElement\":[{\"@type\":\"ListItem\",\"position\":1,\"name\":\"In\u00edcio\",\"item\":\"https:\/\/www.blogsoestado.com\/danielmatos\/\"},{\"@type\":\"ListItem\",\"position\":2,\"name\":\"Prefeitura de Santa Rita intensifica obras de cal\u00e7amento\"}]},{\"@type\":\"WebSite\",\"@id\":\"https:\/\/www.blogsoestado.com\/danielmatos\/#website\",\"url\":\"https:\/\/www.blogsoestado.com\/danielmatos\/\",\"name\":\"Daniel Matos\",\"description\":\"\",\"potentialAction\":[{\"@type\":\"SearchAction\",\"target\":{\"@type\":\"EntryPoint\",\"urlTemplate\":\"https:\/\/www.blogsoestado.com\/danielmatos\/?s={search_term_string}\"},\"query-input\":{\"@type\":\"PropertyValueSpecification\",\"valueRequired\":true,\"valueName\":\"search_term_string\"}}],\"inLanguage\":\"pt-BR\"}]}<\/script>\n<!-- \/ Yoast SEO plugin. -->","yoast_head_json":{"title":"Prefeitura de Santa Rita intensifica obras de cal\u00e7amento - Daniel Matos","robots":{"index":"index","follow":"follow","max-snippet":"max-snippet:-1","max-image-preview":"max-image-preview:large","max-video-preview":"max-video-preview:-1"},"canonical":"https:\/\/www.blogsoestado.com\/danielmatos\/prefeitura-de-santa-rita-intensifica-obras-de-calcamento\/","og_locale":"pt_BR","og_type":"article","og_title":"Prefeitura de Santa Rita intensifica obras de cal\u00e7amento - Daniel Matos","og_description":"Mesmo com per\u00edodo chuvoso, a Prefeitura de Santa Rita vem intensificando servi\u00e7os de urbaniza\u00e7\u00e3o em v\u00e1rios pontos do munic\u00edpio. Um [&hellip;]","og_url":"https:\/\/www.blogsoestado.com\/danielmatos\/prefeitura-de-santa-rita-intensifica-obras-de-calcamento\/","og_site_name":"Daniel Matos","article_published_time":"2018-04-17T14:01:12+00:00","twitter_card":"summary_large_image","twitter_misc":{"Est. tempo de leitura":"1 minuto"},"schema":{"@context":"https:\/\/schema.org","@graph":[{"@type":"WebPage","@id":"https:\/\/www.blogsoestado.com\/danielmatos\/prefeitura-de-santa-rita-intensifica-obras-de-calcamento\/","url":"https:\/\/www.blogsoestado.com\/danielmatos\/prefeitura-de-santa-rita-intensifica-obras-de-calcamento\/","name":"Prefeitura de Santa Rita intensifica obras de cal\u00e7amento - Daniel Matos","isPartOf":{"@id":"https:\/\/www.blogsoestado.com\/danielmatos\/#website"},"datePublished":"2018-04-17T14:01:12+00:00","author":{"@id":""},"breadcrumb":{"@id":"https:\/\/www.blogsoestado.com\/danielmatos\/prefeitura-de-santa-rita-intensifica-obras-de-calcamento\/#breadcrumb"},"inLanguage":"pt-BR","potentialAction":[{"@type":"ReadAction","target":["https:\/\/www.blogsoestado.com\/danielmatos\/prefeitura-de-santa-rita-intensifica-obras-de-calcamento\/"]}]},{"@type":"BreadcrumbList","@id":"https:\/\/www.blogsoestado.com\/danielmatos\/prefeitura-de-santa-rita-intensifica-obras-de-calcamento\/#breadcrumb","itemListElement":[{"@type":"ListItem","position":1,"name":"In\u00edcio","item":"https:\/\/www.blogsoestado.com\/danielmatos\/"},{"@type":"ListItem","position":2,"name":"Prefeitura de Santa Rita intensifica obras de cal\u00e7amento"}]},{"@type":"WebSite","@id":"https:\/\/www.blogsoestado.com\/danielmatos\/#website","url":"https:\/\/www.blogsoestado.com\/danielmatos\/","name":"Daniel Matos","description":"","potentialAction":[{"@type":"SearchAction","target":{"@type":"EntryPoint","urlTemplate":"https:\/\/www.blogsoestado.com\/danielmatos\/?s={search_term_string}"},"query-input":{"@type":"PropertyValueSpecification","valueRequired":true,"valueName":"search_term_string"}}],"inLanguage":"pt-BR"}]}},"jetpack_featured_media_url":"","_links":{"self":[{"href":"https:\/\/www.blogsoestado.com\/danielmatos\/wp-json\/wp\/v2\/posts\/50490","targetHints":{"allow":["GET"]}}],"collection":[{"href":"https:\/\/www.blogsoestado.com\/danielmatos\/wp-json\/wp\/v2\/posts"}],"about":[{"href":"https:\/\/www.blogsoestado.com\/danielmatos\/wp-json\/wp\/v2\/types\/post"}],"replies":[{"embeddable":true,"href":"https:\/\/www.blogsoestado.com\/danielmatos\/wp-json\/wp\/v2\/comments?post=50490"}],"version-history":[{"count":0,"href":"https:\/\/www.blogsoestado.com\/danielmatos\/wp-json\/wp\/v2\/posts\/50490\/revisions"}],"wp:attachment":[{"href":"https:\/\/www.blogsoestado.com\/danielmatos\/wp-json\/wp\/v2\/media?parent=50490"}],"wp:term":[{"taxonomy":"category","embeddable":true,"href":"https:\/\/www.blogsoestado.com\/danielmatos\/wp-json\/wp\/v2\/categories?post=50490"},{"taxonomy":"post_tag","embeddable":true,"href":"https:\/\/www.blogsoestado.com\/danielmatos\/wp-json\/wp\/v2\/tags?post=50490"}],"curies":[{"name":"wp","href":"https:\/\/api.w.org\/{rel}","templated":true}]}}