{"id":50510,"date":"2018-04-17T17:38:58","date_gmt":"2018-04-17T20:38:58","guid":{"rendered":"https:\/\/www.blogsoestado.com\/danielmatos\/?p=50510"},"modified":"2018-04-17T17:38:58","modified_gmt":"2018-04-17T20:38:58","slug":"caxienses-recebem-memorial-da-balaiada-reformado-durante-entrega-do-mirante","status":"publish","type":"post","link":"https:\/\/www.blogsoestado.com\/danielmatos\/caxienses-recebem-memorial-da-balaiada-reformado-durante-entrega-do-mirante\/","title":{"rendered":"Caxienses recebem Memorial da Balaiada reformado durante a entrega do Mirante"},"content":{"rendered":"<figure id=\"attachment_50511\" aria-describedby=\"caption-attachment-50511\" style=\"width: 640px\" class=\"wp-caption aligncenter\"><img fetchpriority=\"high\" decoding=\"async\" class=\"size-full wp-image-50511\" src=\"https:\/\/www.blogsoestado.com\/danielmatos\/files\/2018\/04\/memorial-balaiada.jpeg\" alt=\"\" width=\"640\" height=\"425\" \/><figcaption id=\"caption-attachment-50511\" class=\"wp-caption-text\">Memorial faz parte do complexo formado pela Pra\u00e7a Duque de Caxias e Mirante da Balaiada<\/figcaption><\/figure>\n<p>No \u00faltimo s\u00e1bado, dia 14 de abril, al\u00e9m da inaugura\u00e7\u00e3o do Mirante da Balaiada, o mais novo cart\u00e3o postal da cidade, os caxienses tamb\u00e9m receberam a reforma do Memorial da Balaiada que cont\u00e9m acervos, artefatos e mobili\u00e1rios de \u00e9poca.<\/p>\n<p>O local recebeu melhorias estruturais e foi climatizado. Logo na abertura, um grande p\u00fablico teve a oportunidade de visitar e conhecer a hist\u00f3ria da Guerra da Balaiada pela primeira vez.<\/p>\n<p>Os caxienses Wanderson dos Santos, Mauriane de Sousa e Roberto Rivelino falaram sobre a reforma do Memorial, que faz parte do complexo formado pela Pra\u00e7a Duque de Caxias e o Mirante da Balaiada.<\/p>\n<p>\u201cUma reforma que veio valorizar a cultura caxiense e brasileira\u201d, disse Wanderson dos Santos, caxiense.<\/p>\n<p>\u201c\u00c9 uma novidade em Caxias para as pessoas que v\u00eam de fora, que v\u00eam conhecer. \u00c9 muito lindo! Aqui retrata as coisas de antigamente dos escravos e muitas coisas legais, quem n\u00e3o conhece pode vir que \u00e9 muito legal\u201d, refor\u00e7ou Mauriane de Sousa, caxiense.<\/p>\n<p>\u201cUm ponto muito importante e hist\u00f3rico para a cidade, primeiramente para a popula\u00e7\u00e3o de Caxias, tendo em vista que o prefeito F\u00e1bio Gentil est\u00e1 com todo empenho e desenvoltura com a sociedade. Achei muito lindo\u201d, ressaltou Roberto Rivelino, caxiense.<\/p>\n<p><strong>Resgate<\/strong><\/p>\n<figure id=\"attachment_50513\" aria-describedby=\"caption-attachment-50513\" style=\"width: 640px\" class=\"wp-caption aligncenter\"><img decoding=\"async\" class=\"size-full wp-image-50513\" src=\"https:\/\/www.blogsoestado.com\/danielmatos\/files\/2018\/04\/memorial-balaiada4.jpeg\" alt=\"\" width=\"640\" height=\"425\" \/><figcaption id=\"caption-attachment-50513\" class=\"wp-caption-text\">Maquete com acervo arquitet\u00f4nico antigo remete ao ambiente de Caxias nos tempos da Balaiada<\/figcaption><\/figure>\n<p>A diretora do Memorial da Balaiada, Mercilene Torres, destaca que com a reforma e todo o atrativo tur\u00edstico que agora det\u00e9m o Morro do Alecrim, os caxienses tendem a conhecer ainda mais a pr\u00f3pria hist\u00f3ria.<\/p>\n<p>\u201cPorque as pessoas entraram, apreciaram, viram que o museu foi pintado, que est\u00e1 refrigerado, as salas ganharam portas novas e novas pinturas; isso deu uma repaginada no espa\u00e7o e fez com que as pessoas se sentissem bem no ambiente\u201d, destacou Mercilene Torres, diretora do Memorial da Balaiada.<\/p>\n<p>O secret\u00e1rio de Cultura, Patrim\u00f4nio Hist\u00f3rico, Esporte, Turismo e Juventude, Arthur Quirino, falou sobre o objetivo da reforma, que contemplou banheiros, audit\u00f3rio, maquete e seguir\u00e1 com a revitaliza\u00e7\u00e3o do acervo da Balaiada e dos m\u00f3veis.<\/p>\n<p>\u201cFizemos no intuito de atender n\u00e3o s\u00f3 os caxienses, mas tamb\u00e9m as pessoas que est\u00e3o vindo visitar Caxias. Entorno de 17 e 20 mil pessoas circulam por ano no Museu de v\u00e1rios lugares do mundo\u201d, lembrou o secret\u00e1rio.<\/p>\n","protected":false},"excerpt":{"rendered":"<p>No \u00faltimo s\u00e1bado, dia 14 de abril, al\u00e9m da inaugura\u00e7\u00e3o do Mirante da Balaiada, o mais novo cart\u00e3o postal da [&hellip;]<\/p>\n","protected":false},"author":0,"featured_media":0,"comment_status":"open","ping_status":"open","sticky":false,"template":"","format":"standard","meta":{"site-sidebar-layout":"default","site-content-layout":"","ast-site-content-layout":"default","site-content-style":"default","site-sidebar-style":"default","ast-global-header-display":"","ast-banner-title-visibility":"","ast-main-header-display":"","ast-hfb-above-header-display":"","ast-hfb-below-header-display":"","ast-hfb-mobile-header-display":"","site-post-title":"","ast-breadcrumbs-content":"","ast-featured-img":"","footer-sml-layout":"","ast-disable-related-posts":"","theme-transparent-header-meta":"","adv-header-id-meta":"","stick-header-meta":"","header-above-stick-meta":"","header-main-stick-meta":"","header-below-stick-meta":"","astra-migrate-meta-layouts":"default","ast-page-background-enabled":"default","ast-page-background-meta":{"desktop":{"background-color":"var(--ast-global-color-5)","background-image":"","background-repeat":"repeat","background-position":"center center","background-size":"auto","background-attachment":"scroll","background-type":"","background-media":"","overlay-type":"","overlay-color":"","overlay-opacity":"","overlay-gradient":""},"tablet":{"background-color":"","background-image":"","background-repeat":"repeat","background-position":"center center","background-size":"auto","background-attachment":"scroll","background-type":"","background-media":"","overlay-type":"","overlay-color":"","overlay-opacity":"","overlay-gradient":""},"mobile":{"background-color":"","background-image":"","background-repeat":"repeat","background-position":"center center","background-size":"auto","background-attachment":"scroll","background-type":"","background-media":"","overlay-type":"","overlay-color":"","overlay-opacity":"","overlay-gradient":""}},"ast-content-background-meta":{"desktop":{"background-color":"var(--ast-global-color-4)","background-image":"","background-repeat":"repeat","background-position":"center center","background-size":"auto","background-attachment":"scroll","background-type":"","background-media":"","overlay-type":"","overlay-color":"","overlay-opacity":"","overlay-gradient":""},"tablet":{"background-color":"var(--ast-global-color-4)","background-image":"","background-repeat":"repeat","background-position":"center center","background-size":"auto","background-attachment":"scroll","background-type":"","background-media":"","overlay-type":"","overlay-color":"","overlay-opacity":"","overlay-gradient":""},"mobile":{"background-color":"var(--ast-global-color-4)","background-image":"","background-repeat":"repeat","background-position":"center center","background-size":"auto","background-attachment":"scroll","background-type":"","background-media":"","overlay-type":"","overlay-color":"","overlay-opacity":"","overlay-gradient":""}},"footnotes":""},"categories":[1],"tags":[],"class_list":["post-50510","post","type-post","status-publish","format-standard","hentry","category-sem-categoria"],"yoast_head":"<!-- This site is optimized with the Yoast SEO plugin v26.6 - https:\/\/yoast.com\/wordpress\/plugins\/seo\/ -->\n<title>Caxienses recebem Memorial da Balaiada reformado durante a entrega do Mirante - Daniel Matos<\/title>\n<meta name=\"robots\" content=\"index, follow, max-snippet:-1, max-image-preview:large, max-video-preview:-1\" \/>\n<link rel=\"canonical\" href=\"https:\/\/www.blogsoestado.com\/danielmatos\/caxienses-recebem-memorial-da-balaiada-reformado-durante-entrega-do-mirante\/\" \/>\n<meta property=\"og:locale\" content=\"pt_BR\" \/>\n<meta property=\"og:type\" content=\"article\" \/>\n<meta property=\"og:title\" content=\"Caxienses recebem Memorial da Balaiada reformado durante a entrega do Mirante - Daniel Matos\" \/>\n<meta property=\"og:description\" content=\"No \u00faltimo s\u00e1bado, dia 14 de abril, al\u00e9m da inaugura\u00e7\u00e3o do Mirante da Balaiada, o mais novo cart\u00e3o postal da [&hellip;]\" \/>\n<meta property=\"og:url\" content=\"https:\/\/www.blogsoestado.com\/danielmatos\/caxienses-recebem-memorial-da-balaiada-reformado-durante-entrega-do-mirante\/\" \/>\n<meta property=\"og:site_name\" content=\"Daniel Matos\" \/>\n<meta property=\"article:published_time\" content=\"2018-04-17T20:38:58+00:00\" \/>\n<meta property=\"og:image\" content=\"https:\/\/www.blogsoestado.com\/danielmatos\/files\/2018\/04\/memorial-balaiada.jpeg\" \/>\n<meta name=\"twitter:card\" content=\"summary_large_image\" \/>\n<meta name=\"twitter:label1\" content=\"Est. tempo de leitura\" \/>\n\t<meta name=\"twitter:data1\" content=\"2 minutos\" \/>\n<script type=\"application\/ld+json\" class=\"yoast-schema-graph\">{\"@context\":\"https:\/\/schema.org\",\"@graph\":[{\"@type\":\"WebPage\",\"@id\":\"https:\/\/www.blogsoestado.com\/danielmatos\/caxienses-recebem-memorial-da-balaiada-reformado-durante-entrega-do-mirante\/\",\"url\":\"https:\/\/www.blogsoestado.com\/danielmatos\/caxienses-recebem-memorial-da-balaiada-reformado-durante-entrega-do-mirante\/\",\"name\":\"Caxienses recebem Memorial da Balaiada reformado durante a entrega do Mirante - Daniel Matos\",\"isPartOf\":{\"@id\":\"https:\/\/www.blogsoestado.com\/danielmatos\/#website\"},\"primaryImageOfPage\":{\"@id\":\"https:\/\/www.blogsoestado.com\/danielmatos\/caxienses-recebem-memorial-da-balaiada-reformado-durante-entrega-do-mirante\/#primaryimage\"},\"image\":{\"@id\":\"https:\/\/www.blogsoestado.com\/danielmatos\/caxienses-recebem-memorial-da-balaiada-reformado-durante-entrega-do-mirante\/#primaryimage\"},\"thumbnailUrl\":\"https:\/\/www.blogsoestado.com\/danielmatos\/files\/2018\/04\/memorial-balaiada.jpeg\",\"datePublished\":\"2018-04-17T20:38:58+00:00\",\"author\":{\"@id\":\"\"},\"breadcrumb\":{\"@id\":\"https:\/\/www.blogsoestado.com\/danielmatos\/caxienses-recebem-memorial-da-balaiada-reformado-durante-entrega-do-mirante\/#breadcrumb\"},\"inLanguage\":\"pt-BR\",\"potentialAction\":[{\"@type\":\"ReadAction\",\"target\":[\"https:\/\/www.blogsoestado.com\/danielmatos\/caxienses-recebem-memorial-da-balaiada-reformado-durante-entrega-do-mirante\/\"]}]},{\"@type\":\"ImageObject\",\"inLanguage\":\"pt-BR\",\"@id\":\"https:\/\/www.blogsoestado.com\/danielmatos\/caxienses-recebem-memorial-da-balaiada-reformado-durante-entrega-do-mirante\/#primaryimage\",\"url\":\"https:\/\/www.blogsoestado.com\/danielmatos\/files\/2018\/04\/memorial-balaiada.jpeg\",\"contentUrl\":\"https:\/\/www.blogsoestado.com\/danielmatos\/files\/2018\/04\/memorial-balaiada.jpeg\"},{\"@type\":\"BreadcrumbList\",\"@id\":\"https:\/\/www.blogsoestado.com\/danielmatos\/caxienses-recebem-memorial-da-balaiada-reformado-durante-entrega-do-mirante\/#breadcrumb\",\"itemListElement\":[{\"@type\":\"ListItem\",\"position\":1,\"name\":\"In\u00edcio\",\"item\":\"https:\/\/www.blogsoestado.com\/danielmatos\/\"},{\"@type\":\"ListItem\",\"position\":2,\"name\":\"Caxienses recebem Memorial da Balaiada reformado durante a entrega do Mirante\"}]},{\"@type\":\"WebSite\",\"@id\":\"https:\/\/www.blogsoestado.com\/danielmatos\/#website\",\"url\":\"https:\/\/www.blogsoestado.com\/danielmatos\/\",\"name\":\"Daniel Matos\",\"description\":\"\",\"potentialAction\":[{\"@type\":\"SearchAction\",\"target\":{\"@type\":\"EntryPoint\",\"urlTemplate\":\"https:\/\/www.blogsoestado.com\/danielmatos\/?s={search_term_string}\"},\"query-input\":{\"@type\":\"PropertyValueSpecification\",\"valueRequired\":true,\"valueName\":\"search_term_string\"}}],\"inLanguage\":\"pt-BR\"}]}<\/script>\n<!-- \/ Yoast SEO plugin. -->","yoast_head_json":{"title":"Caxienses recebem Memorial da Balaiada reformado durante a entrega do Mirante - Daniel Matos","robots":{"index":"index","follow":"follow","max-snippet":"max-snippet:-1","max-image-preview":"max-image-preview:large","max-video-preview":"max-video-preview:-1"},"canonical":"https:\/\/www.blogsoestado.com\/danielmatos\/caxienses-recebem-memorial-da-balaiada-reformado-durante-entrega-do-mirante\/","og_locale":"pt_BR","og_type":"article","og_title":"Caxienses recebem Memorial da Balaiada reformado durante a entrega do Mirante - Daniel Matos","og_description":"No \u00faltimo s\u00e1bado, dia 14 de abril, al\u00e9m da inaugura\u00e7\u00e3o do Mirante da Balaiada, o mais novo cart\u00e3o postal da [&hellip;]","og_url":"https:\/\/www.blogsoestado.com\/danielmatos\/caxienses-recebem-memorial-da-balaiada-reformado-durante-entrega-do-mirante\/","og_site_name":"Daniel Matos","article_published_time":"2018-04-17T20:38:58+00:00","og_image":[{"url":"https:\/\/www.blogsoestado.com\/danielmatos\/files\/2018\/04\/memorial-balaiada.jpeg","type":"","width":"","height":""}],"twitter_card":"summary_large_image","twitter_misc":{"Est. tempo de leitura":"2 minutos"},"schema":{"@context":"https:\/\/schema.org","@graph":[{"@type":"WebPage","@id":"https:\/\/www.blogsoestado.com\/danielmatos\/caxienses-recebem-memorial-da-balaiada-reformado-durante-entrega-do-mirante\/","url":"https:\/\/www.blogsoestado.com\/danielmatos\/caxienses-recebem-memorial-da-balaiada-reformado-durante-entrega-do-mirante\/","name":"Caxienses recebem Memorial da Balaiada reformado durante a entrega do Mirante - Daniel Matos","isPartOf":{"@id":"https:\/\/www.blogsoestado.com\/danielmatos\/#website"},"primaryImageOfPage":{"@id":"https:\/\/www.blogsoestado.com\/danielmatos\/caxienses-recebem-memorial-da-balaiada-reformado-durante-entrega-do-mirante\/#primaryimage"},"image":{"@id":"https:\/\/www.blogsoestado.com\/danielmatos\/caxienses-recebem-memorial-da-balaiada-reformado-durante-entrega-do-mirante\/#primaryimage"},"thumbnailUrl":"https:\/\/www.blogsoestado.com\/danielmatos\/files\/2018\/04\/memorial-balaiada.jpeg","datePublished":"2018-04-17T20:38:58+00:00","author":{"@id":""},"breadcrumb":{"@id":"https:\/\/www.blogsoestado.com\/danielmatos\/caxienses-recebem-memorial-da-balaiada-reformado-durante-entrega-do-mirante\/#breadcrumb"},"inLanguage":"pt-BR","potentialAction":[{"@type":"ReadAction","target":["https:\/\/www.blogsoestado.com\/danielmatos\/caxienses-recebem-memorial-da-balaiada-reformado-durante-entrega-do-mirante\/"]}]},{"@type":"ImageObject","inLanguage":"pt-BR","@id":"https:\/\/www.blogsoestado.com\/danielmatos\/caxienses-recebem-memorial-da-balaiada-reformado-durante-entrega-do-mirante\/#primaryimage","url":"https:\/\/www.blogsoestado.com\/danielmatos\/files\/2018\/04\/memorial-balaiada.jpeg","contentUrl":"https:\/\/www.blogsoestado.com\/danielmatos\/files\/2018\/04\/memorial-balaiada.jpeg"},{"@type":"BreadcrumbList","@id":"https:\/\/www.blogsoestado.com\/danielmatos\/caxienses-recebem-memorial-da-balaiada-reformado-durante-entrega-do-mirante\/#breadcrumb","itemListElement":[{"@type":"ListItem","position":1,"name":"In\u00edcio","item":"https:\/\/www.blogsoestado.com\/danielmatos\/"},{"@type":"ListItem","position":2,"name":"Caxienses recebem Memorial da Balaiada reformado durante a entrega do Mirante"}]},{"@type":"WebSite","@id":"https:\/\/www.blogsoestado.com\/danielmatos\/#website","url":"https:\/\/www.blogsoestado.com\/danielmatos\/","name":"Daniel Matos","description":"","potentialAction":[{"@type":"SearchAction","target":{"@type":"EntryPoint","urlTemplate":"https:\/\/www.blogsoestado.com\/danielmatos\/?s={search_term_string}"},"query-input":{"@type":"PropertyValueSpecification","valueRequired":true,"valueName":"search_term_string"}}],"inLanguage":"pt-BR"}]}},"jetpack_featured_media_url":"","_links":{"self":[{"href":"https:\/\/www.blogsoestado.com\/danielmatos\/wp-json\/wp\/v2\/posts\/50510","targetHints":{"allow":["GET"]}}],"collection":[{"href":"https:\/\/www.blogsoestado.com\/danielmatos\/wp-json\/wp\/v2\/posts"}],"about":[{"href":"https:\/\/www.blogsoestado.com\/danielmatos\/wp-json\/wp\/v2\/types\/post"}],"replies":[{"embeddable":true,"href":"https:\/\/www.blogsoestado.com\/danielmatos\/wp-json\/wp\/v2\/comments?post=50510"}],"version-history":[{"count":0,"href":"https:\/\/www.blogsoestado.com\/danielmatos\/wp-json\/wp\/v2\/posts\/50510\/revisions"}],"wp:attachment":[{"href":"https:\/\/www.blogsoestado.com\/danielmatos\/wp-json\/wp\/v2\/media?parent=50510"}],"wp:term":[{"taxonomy":"category","embeddable":true,"href":"https:\/\/www.blogsoestado.com\/danielmatos\/wp-json\/wp\/v2\/categories?post=50510"},{"taxonomy":"post_tag","embeddable":true,"href":"https:\/\/www.blogsoestado.com\/danielmatos\/wp-json\/wp\/v2\/tags?post=50510"}],"curies":[{"name":"wp","href":"https:\/\/api.w.org\/{rel}","templated":true}]}}