{"id":50515,"date":"2018-04-17T18:15:56","date_gmt":"2018-04-17T21:15:56","guid":{"rendered":"https:\/\/www.blogsoestado.com\/danielmatos\/?p=50515"},"modified":"2018-04-17T18:15:56","modified_gmt":"2018-04-17T21:15:56","slug":"famem-promove-i-seminario-sobre-gestao-de-residuos-solidos","status":"publish","type":"post","link":"https:\/\/www.blogsoestado.com\/danielmatos\/famem-promove-i-seminario-sobre-gestao-de-residuos-solidos\/","title":{"rendered":"FAMEM promove I Semin\u00e1rio sobre Gest\u00e3o de Res\u00edduos S\u00f3lidos"},"content":{"rendered":"<figure id=\"attachment_50516\" aria-describedby=\"caption-attachment-50516\" style=\"width: 640px\" class=\"wp-caption aligncenter\"><img fetchpriority=\"high\" decoding=\"async\" class=\"size-full wp-image-50516\" src=\"https:\/\/www.blogsoestado.com\/danielmatos\/files\/2018\/04\/tema-residuos.jpg\" alt=\"\" width=\"640\" height=\"424\" \/><figcaption id=\"caption-attachment-50516\" class=\"wp-caption-text\">Tema defendeu que Uni\u00e3o e Estados regionalizem os aterros, pois a atual pol\u00edtica de destina\u00e7\u00e3o de res\u00edduos \u00e9 excludente para os munic\u00edpios, pela falta de recursos<\/figcaption><\/figure>\n<p>\u201cO governo federal deve adotar uma pol\u00edtica eficaz para a destina\u00e7\u00e3o de res\u00edduos s\u00f3lidos nos munic\u00edpios. Ele discute, elabora projetos, mas n\u00e3o conversa com os munic\u00edpios, onde est\u00e3o os problemas. Quais as raz\u00f5es de se construir aterros sanit\u00e1rios, se n\u00e3o se disp\u00f5e de recursos para a implanta\u00e7\u00e3o de usinas de reciclagem? Na minha opini\u00e3o, Uni\u00e3o e Estados deveriam regionalizar os aterros, porque a atual pol\u00edtica de destina\u00e7\u00e3o de res\u00edduos \u00e9 excludente para os munic\u00edpios, pela falta de recursos\u201d.<\/p>\n<p>A afirma\u00e7\u00e3o foi feita pelo presidente da Federa\u00e7\u00e3o dos Munic\u00edpios do Estado do Maranh\u00e3o (FAMEM), e prefeito de Tuntum, Cleomar Tema, durante a abertura do I Semin\u00e1rio Sobre Gest\u00e3o de Res\u00edduos, que aconteceu no audit\u00f3rio daquela entidade, na manh\u00e3 desta ter\u00e7a-feira (17).<\/p>\n<p>O diretor administrativo da FAMEM, Gild\u00e1sio \u00c2ngelo destacou, em r\u00e1pido pronunciamento, a import\u00e2ncia do evento, de acordo com as diretrizes da Federa\u00e7\u00e3o em munir os gestores de qualifica\u00e7\u00e3o t\u00e9cnica sobre o tema e apontou uma solu\u00e7\u00e3o que acompanhou na Argentina, onde os res\u00edduos s\u00e3o transformados em adubo.<\/p>\n<p>J\u00e1 o promotor do Meio Ambiente, Fernando Barreto, que proferiu palestra abordando a atua\u00e7\u00e3o do Minist\u00e9rio P\u00fablico frente \u00e0 pol\u00edtica de res\u00edduos s\u00f3lidos no Estado do Maranh\u00e3o, afirmou que a lei 12.305\/2010, que trata do assunto, n\u00e3o estabelece apenas a constru\u00e7\u00e3o de aterros, mas normatiza todo um processo de preserva\u00e7\u00e3o ambiental.<\/p>\n<p>Fernando Barreto mostrou a import\u00e2ncia dos catadores de res\u00edduos recicl\u00e1veis no que concerne a economia e a preserva\u00e7\u00e3o do meio ambiente. No entendimento do representante do Minist\u00e9rio P\u00fablico, os poderes p\u00fablicos deveriam ajudar os catadores para que se organizem em cooperativas, por conta do importante papel que cumprem nesse processo.<\/p>\n<p>Tamb\u00e9m foram palestrantes no semin\u00e1rio, Karina Sousa, do Minist\u00e9rio das Cidades, Zilda Veloso, do Minist\u00e9rio do Meio Ambiente, Ticiane de Oliveira, da Secretaria de Estado do Meio Ambiente e Ana Lima, engenheira e consultora ambiental.<\/p>\n","protected":false},"excerpt":{"rendered":"<p>\u201cO governo federal deve adotar uma pol\u00edtica eficaz para a destina\u00e7\u00e3o de res\u00edduos s\u00f3lidos nos munic\u00edpios. Ele discute, elabora projetos, [&hellip;]<\/p>\n","protected":false},"author":0,"featured_media":0,"comment_status":"open","ping_status":"open","sticky":false,"template":"","format":"standard","meta":{"site-sidebar-layout":"default","site-content-layout":"","ast-site-content-layout":"default","site-content-style":"default","site-sidebar-style":"default","ast-global-header-display":"","ast-banner-title-visibility":"","ast-main-header-display":"","ast-hfb-above-header-display":"","ast-hfb-below-header-display":"","ast-hfb-mobile-header-display":"","site-post-title":"","ast-breadcrumbs-content":"","ast-featured-img":"","footer-sml-layout":"","ast-disable-related-posts":"","theme-transparent-header-meta":"","adv-header-id-meta":"","stick-header-meta":"","header-above-stick-meta":"","header-main-stick-meta":"","header-below-stick-meta":"","astra-migrate-meta-layouts":"default","ast-page-background-enabled":"default","ast-page-background-meta":{"desktop":{"background-color":"var(--ast-global-color-5)","background-image":"","background-repeat":"repeat","background-position":"center center","background-size":"auto","background-attachment":"scroll","background-type":"","background-media":"","overlay-type":"","overlay-color":"","overlay-opacity":"","overlay-gradient":""},"tablet":{"background-color":"","background-image":"","background-repeat":"repeat","background-position":"center center","background-size":"auto","background-attachment":"scroll","background-type":"","background-media":"","overlay-type":"","overlay-color":"","overlay-opacity":"","overlay-gradient":""},"mobile":{"background-color":"","background-image":"","background-repeat":"repeat","background-position":"center center","background-size":"auto","background-attachment":"scroll","background-type":"","background-media":"","overlay-type":"","overlay-color":"","overlay-opacity":"","overlay-gradient":""}},"ast-content-background-meta":{"desktop":{"background-color":"var(--ast-global-color-4)","background-image":"","background-repeat":"repeat","background-position":"center center","background-size":"auto","background-attachment":"scroll","background-type":"","background-media":"","overlay-type":"","overlay-color":"","overlay-opacity":"","overlay-gradient":""},"tablet":{"background-color":"var(--ast-global-color-4)","background-image":"","background-repeat":"repeat","background-position":"center center","background-size":"auto","background-attachment":"scroll","background-type":"","background-media":"","overlay-type":"","overlay-color":"","overlay-opacity":"","overlay-gradient":""},"mobile":{"background-color":"var(--ast-global-color-4)","background-image":"","background-repeat":"repeat","background-position":"center center","background-size":"auto","background-attachment":"scroll","background-type":"","background-media":"","overlay-type":"","overlay-color":"","overlay-opacity":"","overlay-gradient":""}},"footnotes":""},"categories":[1],"tags":[],"class_list":["post-50515","post","type-post","status-publish","format-standard","hentry","category-sem-categoria"],"yoast_head":"<!-- This site is optimized with the Yoast SEO plugin v26.6 - https:\/\/yoast.com\/wordpress\/plugins\/seo\/ -->\n<title>FAMEM promove I Semin\u00e1rio sobre Gest\u00e3o de Res\u00edduos S\u00f3lidos - Daniel Matos<\/title>\n<meta name=\"robots\" content=\"index, follow, max-snippet:-1, max-image-preview:large, max-video-preview:-1\" \/>\n<link rel=\"canonical\" href=\"https:\/\/www.blogsoestado.com\/danielmatos\/famem-promove-i-seminario-sobre-gestao-de-residuos-solidos\/\" \/>\n<meta property=\"og:locale\" content=\"pt_BR\" \/>\n<meta property=\"og:type\" content=\"article\" \/>\n<meta property=\"og:title\" content=\"FAMEM promove I Semin\u00e1rio sobre Gest\u00e3o de Res\u00edduos S\u00f3lidos - Daniel Matos\" \/>\n<meta property=\"og:description\" content=\"\u201cO governo federal deve adotar uma pol\u00edtica eficaz para a destina\u00e7\u00e3o de res\u00edduos s\u00f3lidos nos munic\u00edpios. Ele discute, elabora projetos, [&hellip;]\" \/>\n<meta property=\"og:url\" content=\"https:\/\/www.blogsoestado.com\/danielmatos\/famem-promove-i-seminario-sobre-gestao-de-residuos-solidos\/\" \/>\n<meta property=\"og:site_name\" content=\"Daniel Matos\" \/>\n<meta property=\"article:published_time\" content=\"2018-04-17T21:15:56+00:00\" \/>\n<meta property=\"og:image\" content=\"https:\/\/www.blogsoestado.com\/danielmatos\/files\/2018\/04\/tema-residuos.jpg\" \/>\n<meta name=\"twitter:card\" content=\"summary_large_image\" \/>\n<meta name=\"twitter:label1\" content=\"Est. tempo de leitura\" \/>\n\t<meta name=\"twitter:data1\" content=\"2 minutos\" \/>\n<script type=\"application\/ld+json\" class=\"yoast-schema-graph\">{\"@context\":\"https:\/\/schema.org\",\"@graph\":[{\"@type\":\"WebPage\",\"@id\":\"https:\/\/www.blogsoestado.com\/danielmatos\/famem-promove-i-seminario-sobre-gestao-de-residuos-solidos\/\",\"url\":\"https:\/\/www.blogsoestado.com\/danielmatos\/famem-promove-i-seminario-sobre-gestao-de-residuos-solidos\/\",\"name\":\"FAMEM promove I Semin\u00e1rio sobre Gest\u00e3o de Res\u00edduos S\u00f3lidos - Daniel Matos\",\"isPartOf\":{\"@id\":\"https:\/\/www.blogsoestado.com\/danielmatos\/#website\"},\"primaryImageOfPage\":{\"@id\":\"https:\/\/www.blogsoestado.com\/danielmatos\/famem-promove-i-seminario-sobre-gestao-de-residuos-solidos\/#primaryimage\"},\"image\":{\"@id\":\"https:\/\/www.blogsoestado.com\/danielmatos\/famem-promove-i-seminario-sobre-gestao-de-residuos-solidos\/#primaryimage\"},\"thumbnailUrl\":\"https:\/\/www.blogsoestado.com\/danielmatos\/files\/2018\/04\/tema-residuos.jpg\",\"datePublished\":\"2018-04-17T21:15:56+00:00\",\"author\":{\"@id\":\"\"},\"breadcrumb\":{\"@id\":\"https:\/\/www.blogsoestado.com\/danielmatos\/famem-promove-i-seminario-sobre-gestao-de-residuos-solidos\/#breadcrumb\"},\"inLanguage\":\"pt-BR\",\"potentialAction\":[{\"@type\":\"ReadAction\",\"target\":[\"https:\/\/www.blogsoestado.com\/danielmatos\/famem-promove-i-seminario-sobre-gestao-de-residuos-solidos\/\"]}]},{\"@type\":\"ImageObject\",\"inLanguage\":\"pt-BR\",\"@id\":\"https:\/\/www.blogsoestado.com\/danielmatos\/famem-promove-i-seminario-sobre-gestao-de-residuos-solidos\/#primaryimage\",\"url\":\"https:\/\/www.blogsoestado.com\/danielmatos\/files\/2018\/04\/tema-residuos.jpg\",\"contentUrl\":\"https:\/\/www.blogsoestado.com\/danielmatos\/files\/2018\/04\/tema-residuos.jpg\"},{\"@type\":\"BreadcrumbList\",\"@id\":\"https:\/\/www.blogsoestado.com\/danielmatos\/famem-promove-i-seminario-sobre-gestao-de-residuos-solidos\/#breadcrumb\",\"itemListElement\":[{\"@type\":\"ListItem\",\"position\":1,\"name\":\"In\u00edcio\",\"item\":\"https:\/\/www.blogsoestado.com\/danielmatos\/\"},{\"@type\":\"ListItem\",\"position\":2,\"name\":\"FAMEM promove I Semin\u00e1rio sobre Gest\u00e3o de Res\u00edduos S\u00f3lidos\"}]},{\"@type\":\"WebSite\",\"@id\":\"https:\/\/www.blogsoestado.com\/danielmatos\/#website\",\"url\":\"https:\/\/www.blogsoestado.com\/danielmatos\/\",\"name\":\"Daniel Matos\",\"description\":\"\",\"potentialAction\":[{\"@type\":\"SearchAction\",\"target\":{\"@type\":\"EntryPoint\",\"urlTemplate\":\"https:\/\/www.blogsoestado.com\/danielmatos\/?s={search_term_string}\"},\"query-input\":{\"@type\":\"PropertyValueSpecification\",\"valueRequired\":true,\"valueName\":\"search_term_string\"}}],\"inLanguage\":\"pt-BR\"}]}<\/script>\n<!-- \/ Yoast SEO plugin. -->","yoast_head_json":{"title":"FAMEM promove I Semin\u00e1rio sobre Gest\u00e3o de Res\u00edduos S\u00f3lidos - Daniel Matos","robots":{"index":"index","follow":"follow","max-snippet":"max-snippet:-1","max-image-preview":"max-image-preview:large","max-video-preview":"max-video-preview:-1"},"canonical":"https:\/\/www.blogsoestado.com\/danielmatos\/famem-promove-i-seminario-sobre-gestao-de-residuos-solidos\/","og_locale":"pt_BR","og_type":"article","og_title":"FAMEM promove I Semin\u00e1rio sobre Gest\u00e3o de Res\u00edduos S\u00f3lidos - Daniel Matos","og_description":"\u201cO governo federal deve adotar uma pol\u00edtica eficaz para a destina\u00e7\u00e3o de res\u00edduos s\u00f3lidos nos munic\u00edpios. Ele discute, elabora projetos, [&hellip;]","og_url":"https:\/\/www.blogsoestado.com\/danielmatos\/famem-promove-i-seminario-sobre-gestao-de-residuos-solidos\/","og_site_name":"Daniel Matos","article_published_time":"2018-04-17T21:15:56+00:00","og_image":[{"url":"https:\/\/www.blogsoestado.com\/danielmatos\/files\/2018\/04\/tema-residuos.jpg","type":"","width":"","height":""}],"twitter_card":"summary_large_image","twitter_misc":{"Est. tempo de leitura":"2 minutos"},"schema":{"@context":"https:\/\/schema.org","@graph":[{"@type":"WebPage","@id":"https:\/\/www.blogsoestado.com\/danielmatos\/famem-promove-i-seminario-sobre-gestao-de-residuos-solidos\/","url":"https:\/\/www.blogsoestado.com\/danielmatos\/famem-promove-i-seminario-sobre-gestao-de-residuos-solidos\/","name":"FAMEM promove I Semin\u00e1rio sobre Gest\u00e3o de Res\u00edduos S\u00f3lidos - Daniel Matos","isPartOf":{"@id":"https:\/\/www.blogsoestado.com\/danielmatos\/#website"},"primaryImageOfPage":{"@id":"https:\/\/www.blogsoestado.com\/danielmatos\/famem-promove-i-seminario-sobre-gestao-de-residuos-solidos\/#primaryimage"},"image":{"@id":"https:\/\/www.blogsoestado.com\/danielmatos\/famem-promove-i-seminario-sobre-gestao-de-residuos-solidos\/#primaryimage"},"thumbnailUrl":"https:\/\/www.blogsoestado.com\/danielmatos\/files\/2018\/04\/tema-residuos.jpg","datePublished":"2018-04-17T21:15:56+00:00","author":{"@id":""},"breadcrumb":{"@id":"https:\/\/www.blogsoestado.com\/danielmatos\/famem-promove-i-seminario-sobre-gestao-de-residuos-solidos\/#breadcrumb"},"inLanguage":"pt-BR","potentialAction":[{"@type":"ReadAction","target":["https:\/\/www.blogsoestado.com\/danielmatos\/famem-promove-i-seminario-sobre-gestao-de-residuos-solidos\/"]}]},{"@type":"ImageObject","inLanguage":"pt-BR","@id":"https:\/\/www.blogsoestado.com\/danielmatos\/famem-promove-i-seminario-sobre-gestao-de-residuos-solidos\/#primaryimage","url":"https:\/\/www.blogsoestado.com\/danielmatos\/files\/2018\/04\/tema-residuos.jpg","contentUrl":"https:\/\/www.blogsoestado.com\/danielmatos\/files\/2018\/04\/tema-residuos.jpg"},{"@type":"BreadcrumbList","@id":"https:\/\/www.blogsoestado.com\/danielmatos\/famem-promove-i-seminario-sobre-gestao-de-residuos-solidos\/#breadcrumb","itemListElement":[{"@type":"ListItem","position":1,"name":"In\u00edcio","item":"https:\/\/www.blogsoestado.com\/danielmatos\/"},{"@type":"ListItem","position":2,"name":"FAMEM promove I Semin\u00e1rio sobre Gest\u00e3o de Res\u00edduos S\u00f3lidos"}]},{"@type":"WebSite","@id":"https:\/\/www.blogsoestado.com\/danielmatos\/#website","url":"https:\/\/www.blogsoestado.com\/danielmatos\/","name":"Daniel Matos","description":"","potentialAction":[{"@type":"SearchAction","target":{"@type":"EntryPoint","urlTemplate":"https:\/\/www.blogsoestado.com\/danielmatos\/?s={search_term_string}"},"query-input":{"@type":"PropertyValueSpecification","valueRequired":true,"valueName":"search_term_string"}}],"inLanguage":"pt-BR"}]}},"jetpack_featured_media_url":"","_links":{"self":[{"href":"https:\/\/www.blogsoestado.com\/danielmatos\/wp-json\/wp\/v2\/posts\/50515","targetHints":{"allow":["GET"]}}],"collection":[{"href":"https:\/\/www.blogsoestado.com\/danielmatos\/wp-json\/wp\/v2\/posts"}],"about":[{"href":"https:\/\/www.blogsoestado.com\/danielmatos\/wp-json\/wp\/v2\/types\/post"}],"replies":[{"embeddable":true,"href":"https:\/\/www.blogsoestado.com\/danielmatos\/wp-json\/wp\/v2\/comments?post=50515"}],"version-history":[{"count":0,"href":"https:\/\/www.blogsoestado.com\/danielmatos\/wp-json\/wp\/v2\/posts\/50515\/revisions"}],"wp:attachment":[{"href":"https:\/\/www.blogsoestado.com\/danielmatos\/wp-json\/wp\/v2\/media?parent=50515"}],"wp:term":[{"taxonomy":"category","embeddable":true,"href":"https:\/\/www.blogsoestado.com\/danielmatos\/wp-json\/wp\/v2\/categories?post=50515"},{"taxonomy":"post_tag","embeddable":true,"href":"https:\/\/www.blogsoestado.com\/danielmatos\/wp-json\/wp\/v2\/tags?post=50515"}],"curies":[{"name":"wp","href":"https:\/\/api.w.org\/{rel}","templated":true}]}}