{"id":50523,"date":"2018-04-17T18:56:29","date_gmt":"2018-04-17T21:56:29","guid":{"rendered":"https:\/\/www.blogsoestado.com\/danielmatos\/?p=50523"},"modified":"2018-04-17T18:56:29","modified_gmt":"2018-04-17T21:56:29","slug":"parlamentares-se-unem-para-defender-convocacao-de-764-sub-judices-da-pm","status":"publish","type":"post","link":"https:\/\/www.blogsoestado.com\/danielmatos\/parlamentares-se-unem-para-defender-convocacao-de-764-sub-judices-da-pm\/","title":{"rendered":"Parlamentares se unem para defender convoca\u00e7\u00e3o de 764 sub judices da PM"},"content":{"rendered":"<p><img fetchpriority=\"high\" decoding=\"async\" class=\"aligncenter size-full wp-image-50525\" src=\"https:\/\/www.blogsoestado.com\/danielmatos\/files\/2018\/04\/dino-convoque.jpg\" alt=\"\" width=\"640\" height=\"358\" \/><\/p>\n<p>Um v\u00eddeo que circula em redes sociais, reproduzido abaixo por este blog, exibe um apelo em favor dos 764 candidatos <em>sub judices<\/em> do concurso da Pol\u00edcia Militar do Maranh\u00e3o realizado em 2012. O material cont\u00e9m o resumo da situa\u00e7\u00e3o dos participantes do certame, que ainda pleiteiam ingresso nos quadros da PM, e trechos de discursos dos deputados estaduais J\u00fanior Verde (PRB), Wellington do Curso (PSDB) e Sousa Neto (PRP), que comp\u00f5em a Comiss\u00e3o de Seguran\u00e7a P\u00fablica da\u00a0 Assembleia Legislativa, em defesa da convoca\u00e7\u00e3o.<\/p>\n<p>S\u00e3o 661 candidatos <em>sub judices<\/em> aptos que realizaram Teste de Aptid\u00e3o F\u00edsica (TAF) entre 26 de janeiro e 28 de fevereiro de 2017. Todos fizeram, tamb\u00e9m, avalia\u00e7\u00e3o psicot\u00e9cnica, exames m\u00e9dicos e odontol\u00f3gico entre 11 de janeiro e 12 de mar\u00e7o de 2017. Eles cobram a convoca\u00e7\u00e3o para o Curso de Forma\u00e7\u00e3o de\u00a0 Soldado da PM.<\/p>\n<p>Outros 103 candidatos<em> sub judices<\/em> que haviam sido favorecidos com decis\u00f5es judiciais para participar do Curso de Forma\u00e7\u00e3o e que tiveram as liminares suspensas tamb\u00e9m pleiteiam a convoca\u00e7\u00e3o para concluir a prepara\u00e7\u00e3o.<\/p>\n<p>J\u00fanior Verde, Wellington e Sousa Neto encaminharam indica\u00e7\u00e3o ao governador Fl\u00e1vio Dino (PCdoB) solicitando a convoca\u00e7\u00e3o dessa nova leva de <em>sub judices<\/em>, mas at\u00e9 o momento n\u00e3o foram atendidos.<\/p>\n<p>Agora, retomam o apelo, com o argumento justo e plaus\u00edvel de que o efetivo da PM precisa ser refor\u00e7ado para que as a\u00e7\u00f5es de seguran\u00e7a p\u00fablica no Maranh\u00e3o sejam aprimoradas. <strong>Assista ao v\u00eddeo:<\/strong><\/p>\n<div class=\"ast-oembed-container \" style=\"height: 100%;\"><iframe title=\"Subjudices da PM pedem convoca\u00e7\u00e3o\" width=\"500\" height=\"281\" src=\"https:\/\/www.youtube.com\/embed\/VT3gNPiZHWk?feature=oembed\" frameborder=\"0\" allow=\"accelerometer; autoplay; clipboard-write; encrypted-media; gyroscope; picture-in-picture; web-share\" referrerpolicy=\"strict-origin-when-cross-origin\" allowfullscreen><\/iframe><\/div>\n","protected":false},"excerpt":{"rendered":"<p>Um v\u00eddeo que circula em redes sociais, reproduzido abaixo por este blog, exibe um apelo em favor dos 764 candidatos [&hellip;]<\/p>\n","protected":false},"author":0,"featured_media":0,"comment_status":"open","ping_status":"open","sticky":false,"template":"","format":"standard","meta":{"site-sidebar-layout":"default","site-content-layout":"","ast-site-content-layout":"default","site-content-style":"default","site-sidebar-style":"default","ast-global-header-display":"","ast-banner-title-visibility":"","ast-main-header-display":"","ast-hfb-above-header-display":"","ast-hfb-below-header-display":"","ast-hfb-mobile-header-display":"","site-post-title":"","ast-breadcrumbs-content":"","ast-featured-img":"","footer-sml-layout":"","ast-disable-related-posts":"","theme-transparent-header-meta":"","adv-header-id-meta":"","stick-header-meta":"","header-above-stick-meta":"","header-main-stick-meta":"","header-below-stick-meta":"","astra-migrate-meta-layouts":"default","ast-page-background-enabled":"default","ast-page-background-meta":{"desktop":{"background-color":"var(--ast-global-color-5)","background-image":"","background-repeat":"repeat","background-position":"center center","background-size":"auto","background-attachment":"scroll","background-type":"","background-media":"","overlay-type":"","overlay-color":"","overlay-opacity":"","overlay-gradient":""},"tablet":{"background-color":"","background-image":"","background-repeat":"repeat","background-position":"center center","background-size":"auto","background-attachment":"scroll","background-type":"","background-media":"","overlay-type":"","overlay-color":"","overlay-opacity":"","overlay-gradient":""},"mobile":{"background-color":"","background-image":"","background-repeat":"repeat","background-position":"center center","background-size":"auto","background-attachment":"scroll","background-type":"","background-media":"","overlay-type":"","overlay-color":"","overlay-opacity":"","overlay-gradient":""}},"ast-content-background-meta":{"desktop":{"background-color":"var(--ast-global-color-4)","background-image":"","background-repeat":"repeat","background-position":"center center","background-size":"auto","background-attachment":"scroll","background-type":"","background-media":"","overlay-type":"","overlay-color":"","overlay-opacity":"","overlay-gradient":""},"tablet":{"background-color":"var(--ast-global-color-4)","background-image":"","background-repeat":"repeat","background-position":"center center","background-size":"auto","background-attachment":"scroll","background-type":"","background-media":"","overlay-type":"","overlay-color":"","overlay-opacity":"","overlay-gradient":""},"mobile":{"background-color":"var(--ast-global-color-4)","background-image":"","background-repeat":"repeat","background-position":"center center","background-size":"auto","background-attachment":"scroll","background-type":"","background-media":"","overlay-type":"","overlay-color":"","overlay-opacity":"","overlay-gradient":""}},"footnotes":""},"categories":[1],"tags":[],"class_list":["post-50523","post","type-post","status-publish","format-standard","hentry","category-sem-categoria"],"yoast_head":"<!-- This site is optimized with the Yoast SEO plugin v26.6 - https:\/\/yoast.com\/wordpress\/plugins\/seo\/ -->\n<title>Parlamentares se unem para defender convoca\u00e7\u00e3o de 764 sub judices da PM - Daniel Matos<\/title>\n<meta name=\"robots\" content=\"index, follow, max-snippet:-1, max-image-preview:large, max-video-preview:-1\" \/>\n<link rel=\"canonical\" href=\"https:\/\/www.blogsoestado.com\/danielmatos\/parlamentares-se-unem-para-defender-convocacao-de-764-sub-judices-da-pm\/\" \/>\n<meta property=\"og:locale\" content=\"pt_BR\" \/>\n<meta property=\"og:type\" content=\"article\" \/>\n<meta property=\"og:title\" content=\"Parlamentares se unem para defender convoca\u00e7\u00e3o de 764 sub judices da PM - Daniel Matos\" \/>\n<meta property=\"og:description\" content=\"Um v\u00eddeo que circula em redes sociais, reproduzido abaixo por este blog, exibe um apelo em favor dos 764 candidatos [&hellip;]\" \/>\n<meta property=\"og:url\" content=\"https:\/\/www.blogsoestado.com\/danielmatos\/parlamentares-se-unem-para-defender-convocacao-de-764-sub-judices-da-pm\/\" \/>\n<meta property=\"og:site_name\" content=\"Daniel Matos\" \/>\n<meta property=\"article:published_time\" content=\"2018-04-17T21:56:29+00:00\" \/>\n<meta property=\"og:image\" content=\"https:\/\/www.blogsoestado.com\/danielmatos\/files\/2018\/04\/dino-convoque.jpg\" \/>\n<meta name=\"twitter:card\" content=\"summary_large_image\" \/>\n<meta name=\"twitter:label1\" content=\"Est. tempo de leitura\" \/>\n\t<meta name=\"twitter:data1\" content=\"1 minuto\" \/>\n<script type=\"application\/ld+json\" class=\"yoast-schema-graph\">{\"@context\":\"https:\/\/schema.org\",\"@graph\":[{\"@type\":\"WebPage\",\"@id\":\"https:\/\/www.blogsoestado.com\/danielmatos\/parlamentares-se-unem-para-defender-convocacao-de-764-sub-judices-da-pm\/\",\"url\":\"https:\/\/www.blogsoestado.com\/danielmatos\/parlamentares-se-unem-para-defender-convocacao-de-764-sub-judices-da-pm\/\",\"name\":\"Parlamentares se unem para defender convoca\u00e7\u00e3o de 764 sub judices da PM - Daniel Matos\",\"isPartOf\":{\"@id\":\"https:\/\/www.blogsoestado.com\/danielmatos\/#website\"},\"primaryImageOfPage\":{\"@id\":\"https:\/\/www.blogsoestado.com\/danielmatos\/parlamentares-se-unem-para-defender-convocacao-de-764-sub-judices-da-pm\/#primaryimage\"},\"image\":{\"@id\":\"https:\/\/www.blogsoestado.com\/danielmatos\/parlamentares-se-unem-para-defender-convocacao-de-764-sub-judices-da-pm\/#primaryimage\"},\"thumbnailUrl\":\"https:\/\/www.blogsoestado.com\/danielmatos\/files\/2018\/04\/dino-convoque.jpg\",\"datePublished\":\"2018-04-17T21:56:29+00:00\",\"author\":{\"@id\":\"\"},\"breadcrumb\":{\"@id\":\"https:\/\/www.blogsoestado.com\/danielmatos\/parlamentares-se-unem-para-defender-convocacao-de-764-sub-judices-da-pm\/#breadcrumb\"},\"inLanguage\":\"pt-BR\",\"potentialAction\":[{\"@type\":\"ReadAction\",\"target\":[\"https:\/\/www.blogsoestado.com\/danielmatos\/parlamentares-se-unem-para-defender-convocacao-de-764-sub-judices-da-pm\/\"]}]},{\"@type\":\"ImageObject\",\"inLanguage\":\"pt-BR\",\"@id\":\"https:\/\/www.blogsoestado.com\/danielmatos\/parlamentares-se-unem-para-defender-convocacao-de-764-sub-judices-da-pm\/#primaryimage\",\"url\":\"https:\/\/www.blogsoestado.com\/danielmatos\/files\/2018\/04\/dino-convoque.jpg\",\"contentUrl\":\"https:\/\/www.blogsoestado.com\/danielmatos\/files\/2018\/04\/dino-convoque.jpg\"},{\"@type\":\"BreadcrumbList\",\"@id\":\"https:\/\/www.blogsoestado.com\/danielmatos\/parlamentares-se-unem-para-defender-convocacao-de-764-sub-judices-da-pm\/#breadcrumb\",\"itemListElement\":[{\"@type\":\"ListItem\",\"position\":1,\"name\":\"In\u00edcio\",\"item\":\"https:\/\/www.blogsoestado.com\/danielmatos\/\"},{\"@type\":\"ListItem\",\"position\":2,\"name\":\"Parlamentares se unem para defender convoca\u00e7\u00e3o de 764 sub judices da PM\"}]},{\"@type\":\"WebSite\",\"@id\":\"https:\/\/www.blogsoestado.com\/danielmatos\/#website\",\"url\":\"https:\/\/www.blogsoestado.com\/danielmatos\/\",\"name\":\"Daniel Matos\",\"description\":\"\",\"potentialAction\":[{\"@type\":\"SearchAction\",\"target\":{\"@type\":\"EntryPoint\",\"urlTemplate\":\"https:\/\/www.blogsoestado.com\/danielmatos\/?s={search_term_string}\"},\"query-input\":{\"@type\":\"PropertyValueSpecification\",\"valueRequired\":true,\"valueName\":\"search_term_string\"}}],\"inLanguage\":\"pt-BR\"}]}<\/script>\n<!-- \/ Yoast SEO plugin. -->","yoast_head_json":{"title":"Parlamentares se unem para defender convoca\u00e7\u00e3o de 764 sub judices da PM - Daniel Matos","robots":{"index":"index","follow":"follow","max-snippet":"max-snippet:-1","max-image-preview":"max-image-preview:large","max-video-preview":"max-video-preview:-1"},"canonical":"https:\/\/www.blogsoestado.com\/danielmatos\/parlamentares-se-unem-para-defender-convocacao-de-764-sub-judices-da-pm\/","og_locale":"pt_BR","og_type":"article","og_title":"Parlamentares se unem para defender convoca\u00e7\u00e3o de 764 sub judices da PM - Daniel Matos","og_description":"Um v\u00eddeo que circula em redes sociais, reproduzido abaixo por este blog, exibe um apelo em favor dos 764 candidatos [&hellip;]","og_url":"https:\/\/www.blogsoestado.com\/danielmatos\/parlamentares-se-unem-para-defender-convocacao-de-764-sub-judices-da-pm\/","og_site_name":"Daniel Matos","article_published_time":"2018-04-17T21:56:29+00:00","og_image":[{"url":"https:\/\/www.blogsoestado.com\/danielmatos\/files\/2018\/04\/dino-convoque.jpg","type":"","width":"","height":""}],"twitter_card":"summary_large_image","twitter_misc":{"Est. tempo de leitura":"1 minuto"},"schema":{"@context":"https:\/\/schema.org","@graph":[{"@type":"WebPage","@id":"https:\/\/www.blogsoestado.com\/danielmatos\/parlamentares-se-unem-para-defender-convocacao-de-764-sub-judices-da-pm\/","url":"https:\/\/www.blogsoestado.com\/danielmatos\/parlamentares-se-unem-para-defender-convocacao-de-764-sub-judices-da-pm\/","name":"Parlamentares se unem para defender convoca\u00e7\u00e3o de 764 sub judices da PM - Daniel Matos","isPartOf":{"@id":"https:\/\/www.blogsoestado.com\/danielmatos\/#website"},"primaryImageOfPage":{"@id":"https:\/\/www.blogsoestado.com\/danielmatos\/parlamentares-se-unem-para-defender-convocacao-de-764-sub-judices-da-pm\/#primaryimage"},"image":{"@id":"https:\/\/www.blogsoestado.com\/danielmatos\/parlamentares-se-unem-para-defender-convocacao-de-764-sub-judices-da-pm\/#primaryimage"},"thumbnailUrl":"https:\/\/www.blogsoestado.com\/danielmatos\/files\/2018\/04\/dino-convoque.jpg","datePublished":"2018-04-17T21:56:29+00:00","author":{"@id":""},"breadcrumb":{"@id":"https:\/\/www.blogsoestado.com\/danielmatos\/parlamentares-se-unem-para-defender-convocacao-de-764-sub-judices-da-pm\/#breadcrumb"},"inLanguage":"pt-BR","potentialAction":[{"@type":"ReadAction","target":["https:\/\/www.blogsoestado.com\/danielmatos\/parlamentares-se-unem-para-defender-convocacao-de-764-sub-judices-da-pm\/"]}]},{"@type":"ImageObject","inLanguage":"pt-BR","@id":"https:\/\/www.blogsoestado.com\/danielmatos\/parlamentares-se-unem-para-defender-convocacao-de-764-sub-judices-da-pm\/#primaryimage","url":"https:\/\/www.blogsoestado.com\/danielmatos\/files\/2018\/04\/dino-convoque.jpg","contentUrl":"https:\/\/www.blogsoestado.com\/danielmatos\/files\/2018\/04\/dino-convoque.jpg"},{"@type":"BreadcrumbList","@id":"https:\/\/www.blogsoestado.com\/danielmatos\/parlamentares-se-unem-para-defender-convocacao-de-764-sub-judices-da-pm\/#breadcrumb","itemListElement":[{"@type":"ListItem","position":1,"name":"In\u00edcio","item":"https:\/\/www.blogsoestado.com\/danielmatos\/"},{"@type":"ListItem","position":2,"name":"Parlamentares se unem para defender convoca\u00e7\u00e3o de 764 sub judices da PM"}]},{"@type":"WebSite","@id":"https:\/\/www.blogsoestado.com\/danielmatos\/#website","url":"https:\/\/www.blogsoestado.com\/danielmatos\/","name":"Daniel Matos","description":"","potentialAction":[{"@type":"SearchAction","target":{"@type":"EntryPoint","urlTemplate":"https:\/\/www.blogsoestado.com\/danielmatos\/?s={search_term_string}"},"query-input":{"@type":"PropertyValueSpecification","valueRequired":true,"valueName":"search_term_string"}}],"inLanguage":"pt-BR"}]}},"jetpack_featured_media_url":"","_links":{"self":[{"href":"https:\/\/www.blogsoestado.com\/danielmatos\/wp-json\/wp\/v2\/posts\/50523","targetHints":{"allow":["GET"]}}],"collection":[{"href":"https:\/\/www.blogsoestado.com\/danielmatos\/wp-json\/wp\/v2\/posts"}],"about":[{"href":"https:\/\/www.blogsoestado.com\/danielmatos\/wp-json\/wp\/v2\/types\/post"}],"replies":[{"embeddable":true,"href":"https:\/\/www.blogsoestado.com\/danielmatos\/wp-json\/wp\/v2\/comments?post=50523"}],"version-history":[{"count":0,"href":"https:\/\/www.blogsoestado.com\/danielmatos\/wp-json\/wp\/v2\/posts\/50523\/revisions"}],"wp:attachment":[{"href":"https:\/\/www.blogsoestado.com\/danielmatos\/wp-json\/wp\/v2\/media?parent=50523"}],"wp:term":[{"taxonomy":"category","embeddable":true,"href":"https:\/\/www.blogsoestado.com\/danielmatos\/wp-json\/wp\/v2\/categories?post=50523"},{"taxonomy":"post_tag","embeddable":true,"href":"https:\/\/www.blogsoestado.com\/danielmatos\/wp-json\/wp\/v2\/tags?post=50523"}],"curies":[{"name":"wp","href":"https:\/\/api.w.org\/{rel}","templated":true}]}}