{"id":50548,"date":"2018-04-18T20:00:50","date_gmt":"2018-04-18T23:00:50","guid":{"rendered":"https:\/\/www.blogsoestado.com\/danielmatos\/?p=50548"},"modified":"2018-04-18T20:00:50","modified_gmt":"2018-04-18T23:00:50","slug":"deputado-ze-inacio-participa-de-mesa-sobre-o-combate-ao-racismo","status":"publish","type":"post","link":"https:\/\/www.blogsoestado.com\/danielmatos\/deputado-ze-inacio-participa-de-mesa-sobre-o-combate-ao-racismo\/","title":{"rendered":"Deputado Z\u00e9 In\u00e1cio participa de mesa sobre o combate ao racismo"},"content":{"rendered":"<figure id=\"attachment_50549\" aria-describedby=\"caption-attachment-50549\" style=\"width: 640px\" class=\"wp-caption aligncenter\"><img fetchpriority=\"high\" decoding=\"async\" class=\"size-full wp-image-50549\" src=\"https:\/\/www.blogsoestado.com\/danielmatos\/files\/2018\/04\/inacio-mesa.jpg\" alt=\"\" width=\"640\" height=\"372\" \/><figcaption id=\"caption-attachment-50549\" class=\"wp-caption-text\">Z\u00e9 In\u00e1cio ressaltou import\u00e2ncia de haver mais deputado estaduais e federais, senadores, vereadores, prefeitos, gestores negros engajados \u00e0 luta<\/figcaption><\/figure>\n<p>O deputado Z\u00e9 In\u00e1cio participou nesta ter\u00e7a-feira (17) do encontro &#8220;A aboli\u00e7\u00e3o inacabada &#8211; 130 anos e a perman\u00eancia do racismo&#8221;. O evento que \u00e9 promovido pela CUT atrav\u00e9s da Secretaria Nacional de Combate ao Racismo.<\/p>\n<p>O deputado participou da mesa &#8216;Combate ao Racismo e de resgate da hist\u00f3ria dos negros&#8217; e falou sobre seus projetos de lei e proposi\u00e7\u00f5es que visam dar mais dignidade e valorizar o povo negro do Maranh\u00e3o.<\/p>\n<p>Entre as a\u00e7\u00f5es do deputado est\u00e3o os projetos de lei que criam o dia estadual das trabalhadoras dom\u00e9sticas &#8211; 27 de abril, o feriado estadual do dia da consci\u00eancia Negra &#8211; 20 de novembro, o projeto de lei que destina 20% de vagas em concursos no \u00e2mbito legislativa estadual para negros, al\u00e9m da cria\u00e7\u00e3o da medalha negro Cosme, para homenagear lideran\u00e7as no \u00e2mbito nacional e estadual que dedicaram ou dedicam-se a luta em favor do povo negro.<\/p>\n<p>O parlamentar comentou ainda a import\u00e2ncia de haverem mais deputado estaduais e federais, senadores, vereadores, prefeitos, gestores negros para contribuir nessa luta.<\/p>\n<p>Z\u00e9 In\u00e1cio lembrou que o dia 20 de novembro, agora feriado estadual do dia da consci\u00eancia Negra, &#8220;n\u00e3o ser\u00e1 s\u00f3 mais um dia para que n\u00e3o estejamos em nossos locais de trabalho, mas sim um dia para comemorar as lutas daqueles que muito fizeram por n\u00f3s no passado e dos que no dia-a-dia continuam na luta. E mais que isso, reivindicar direitos em favor da popula\u00e7\u00e3o negra e manifestar pelo combate ao racismo&#8221;.<\/p>\n<p>Participaram da mesa tamb\u00e9m o Secret\u00e1rio Estadual de Igualdade Racial Gerson Pinheiro, o Secret\u00e1rio Nacional de Combate ao Racismo do PT Martvs das Chagas e a sindicalista e economista norte-americana do Solidarity Center Jana Silverman.<\/p>\n","protected":false},"excerpt":{"rendered":"<p>O deputado Z\u00e9 In\u00e1cio participou nesta ter\u00e7a-feira (17) do encontro &#8220;A aboli\u00e7\u00e3o inacabada &#8211; 130 anos e a perman\u00eancia do [&hellip;]<\/p>\n","protected":false},"author":0,"featured_media":0,"comment_status":"open","ping_status":"open","sticky":false,"template":"","format":"standard","meta":{"site-sidebar-layout":"default","site-content-layout":"","ast-site-content-layout":"default","site-content-style":"default","site-sidebar-style":"default","ast-global-header-display":"","ast-banner-title-visibility":"","ast-main-header-display":"","ast-hfb-above-header-display":"","ast-hfb-below-header-display":"","ast-hfb-mobile-header-display":"","site-post-title":"","ast-breadcrumbs-content":"","ast-featured-img":"","footer-sml-layout":"","ast-disable-related-posts":"","theme-transparent-header-meta":"","adv-header-id-meta":"","stick-header-meta":"","header-above-stick-meta":"","header-main-stick-meta":"","header-below-stick-meta":"","astra-migrate-meta-layouts":"default","ast-page-background-enabled":"default","ast-page-background-meta":{"desktop":{"background-color":"var(--ast-global-color-5)","background-image":"","background-repeat":"repeat","background-position":"center center","background-size":"auto","background-attachment":"scroll","background-type":"","background-media":"","overlay-type":"","overlay-color":"","overlay-opacity":"","overlay-gradient":""},"tablet":{"background-color":"","background-image":"","background-repeat":"repeat","background-position":"center center","background-size":"auto","background-attachment":"scroll","background-type":"","background-media":"","overlay-type":"","overlay-color":"","overlay-opacity":"","overlay-gradient":""},"mobile":{"background-color":"","background-image":"","background-repeat":"repeat","background-position":"center center","background-size":"auto","background-attachment":"scroll","background-type":"","background-media":"","overlay-type":"","overlay-color":"","overlay-opacity":"","overlay-gradient":""}},"ast-content-background-meta":{"desktop":{"background-color":"var(--ast-global-color-4)","background-image":"","background-repeat":"repeat","background-position":"center center","background-size":"auto","background-attachment":"scroll","background-type":"","background-media":"","overlay-type":"","overlay-color":"","overlay-opacity":"","overlay-gradient":""},"tablet":{"background-color":"var(--ast-global-color-4)","background-image":"","background-repeat":"repeat","background-position":"center center","background-size":"auto","background-attachment":"scroll","background-type":"","background-media":"","overlay-type":"","overlay-color":"","overlay-opacity":"","overlay-gradient":""},"mobile":{"background-color":"var(--ast-global-color-4)","background-image":"","background-repeat":"repeat","background-position":"center center","background-size":"auto","background-attachment":"scroll","background-type":"","background-media":"","overlay-type":"","overlay-color":"","overlay-opacity":"","overlay-gradient":""}},"footnotes":""},"categories":[1],"tags":[],"class_list":["post-50548","post","type-post","status-publish","format-standard","hentry","category-sem-categoria"],"yoast_head":"<!-- This site is optimized with the Yoast SEO plugin v26.6 - https:\/\/yoast.com\/wordpress\/plugins\/seo\/ -->\n<title>Deputado Z\u00e9 In\u00e1cio participa de mesa sobre o combate ao racismo - Daniel Matos<\/title>\n<meta name=\"robots\" content=\"index, follow, max-snippet:-1, max-image-preview:large, max-video-preview:-1\" \/>\n<link rel=\"canonical\" href=\"https:\/\/www.blogsoestado.com\/danielmatos\/deputado-ze-inacio-participa-de-mesa-sobre-o-combate-ao-racismo\/\" \/>\n<meta property=\"og:locale\" content=\"pt_BR\" \/>\n<meta property=\"og:type\" content=\"article\" \/>\n<meta property=\"og:title\" content=\"Deputado Z\u00e9 In\u00e1cio participa de mesa sobre o combate ao racismo - Daniel Matos\" \/>\n<meta property=\"og:description\" content=\"O deputado Z\u00e9 In\u00e1cio participou nesta ter\u00e7a-feira (17) do encontro &#8220;A aboli\u00e7\u00e3o inacabada &#8211; 130 anos e a perman\u00eancia do [&hellip;]\" \/>\n<meta property=\"og:url\" content=\"https:\/\/www.blogsoestado.com\/danielmatos\/deputado-ze-inacio-participa-de-mesa-sobre-o-combate-ao-racismo\/\" \/>\n<meta property=\"og:site_name\" content=\"Daniel Matos\" \/>\n<meta property=\"article:published_time\" content=\"2018-04-18T23:00:50+00:00\" \/>\n<meta property=\"og:image\" content=\"https:\/\/www.blogsoestado.com\/danielmatos\/files\/2018\/04\/inacio-mesa.jpg\" \/>\n<meta name=\"twitter:card\" content=\"summary_large_image\" \/>\n<meta name=\"twitter:label1\" content=\"Est. tempo de leitura\" \/>\n\t<meta name=\"twitter:data1\" content=\"2 minutos\" \/>\n<script type=\"application\/ld+json\" class=\"yoast-schema-graph\">{\"@context\":\"https:\/\/schema.org\",\"@graph\":[{\"@type\":\"WebPage\",\"@id\":\"https:\/\/www.blogsoestado.com\/danielmatos\/deputado-ze-inacio-participa-de-mesa-sobre-o-combate-ao-racismo\/\",\"url\":\"https:\/\/www.blogsoestado.com\/danielmatos\/deputado-ze-inacio-participa-de-mesa-sobre-o-combate-ao-racismo\/\",\"name\":\"Deputado Z\u00e9 In\u00e1cio participa de mesa sobre o combate ao racismo - Daniel Matos\",\"isPartOf\":{\"@id\":\"https:\/\/www.blogsoestado.com\/danielmatos\/#website\"},\"primaryImageOfPage\":{\"@id\":\"https:\/\/www.blogsoestado.com\/danielmatos\/deputado-ze-inacio-participa-de-mesa-sobre-o-combate-ao-racismo\/#primaryimage\"},\"image\":{\"@id\":\"https:\/\/www.blogsoestado.com\/danielmatos\/deputado-ze-inacio-participa-de-mesa-sobre-o-combate-ao-racismo\/#primaryimage\"},\"thumbnailUrl\":\"https:\/\/www.blogsoestado.com\/danielmatos\/files\/2018\/04\/inacio-mesa.jpg\",\"datePublished\":\"2018-04-18T23:00:50+00:00\",\"author\":{\"@id\":\"\"},\"breadcrumb\":{\"@id\":\"https:\/\/www.blogsoestado.com\/danielmatos\/deputado-ze-inacio-participa-de-mesa-sobre-o-combate-ao-racismo\/#breadcrumb\"},\"inLanguage\":\"pt-BR\",\"potentialAction\":[{\"@type\":\"ReadAction\",\"target\":[\"https:\/\/www.blogsoestado.com\/danielmatos\/deputado-ze-inacio-participa-de-mesa-sobre-o-combate-ao-racismo\/\"]}]},{\"@type\":\"ImageObject\",\"inLanguage\":\"pt-BR\",\"@id\":\"https:\/\/www.blogsoestado.com\/danielmatos\/deputado-ze-inacio-participa-de-mesa-sobre-o-combate-ao-racismo\/#primaryimage\",\"url\":\"https:\/\/www.blogsoestado.com\/danielmatos\/files\/2018\/04\/inacio-mesa.jpg\",\"contentUrl\":\"https:\/\/www.blogsoestado.com\/danielmatos\/files\/2018\/04\/inacio-mesa.jpg\"},{\"@type\":\"BreadcrumbList\",\"@id\":\"https:\/\/www.blogsoestado.com\/danielmatos\/deputado-ze-inacio-participa-de-mesa-sobre-o-combate-ao-racismo\/#breadcrumb\",\"itemListElement\":[{\"@type\":\"ListItem\",\"position\":1,\"name\":\"In\u00edcio\",\"item\":\"https:\/\/www.blogsoestado.com\/danielmatos\/\"},{\"@type\":\"ListItem\",\"position\":2,\"name\":\"Deputado Z\u00e9 In\u00e1cio participa de mesa sobre o combate ao racismo\"}]},{\"@type\":\"WebSite\",\"@id\":\"https:\/\/www.blogsoestado.com\/danielmatos\/#website\",\"url\":\"https:\/\/www.blogsoestado.com\/danielmatos\/\",\"name\":\"Daniel Matos\",\"description\":\"\",\"potentialAction\":[{\"@type\":\"SearchAction\",\"target\":{\"@type\":\"EntryPoint\",\"urlTemplate\":\"https:\/\/www.blogsoestado.com\/danielmatos\/?s={search_term_string}\"},\"query-input\":{\"@type\":\"PropertyValueSpecification\",\"valueRequired\":true,\"valueName\":\"search_term_string\"}}],\"inLanguage\":\"pt-BR\"}]}<\/script>\n<!-- \/ Yoast SEO plugin. -->","yoast_head_json":{"title":"Deputado Z\u00e9 In\u00e1cio participa de mesa sobre o combate ao racismo - Daniel Matos","robots":{"index":"index","follow":"follow","max-snippet":"max-snippet:-1","max-image-preview":"max-image-preview:large","max-video-preview":"max-video-preview:-1"},"canonical":"https:\/\/www.blogsoestado.com\/danielmatos\/deputado-ze-inacio-participa-de-mesa-sobre-o-combate-ao-racismo\/","og_locale":"pt_BR","og_type":"article","og_title":"Deputado Z\u00e9 In\u00e1cio participa de mesa sobre o combate ao racismo - Daniel Matos","og_description":"O deputado Z\u00e9 In\u00e1cio participou nesta ter\u00e7a-feira (17) do encontro &#8220;A aboli\u00e7\u00e3o inacabada &#8211; 130 anos e a perman\u00eancia do [&hellip;]","og_url":"https:\/\/www.blogsoestado.com\/danielmatos\/deputado-ze-inacio-participa-de-mesa-sobre-o-combate-ao-racismo\/","og_site_name":"Daniel Matos","article_published_time":"2018-04-18T23:00:50+00:00","og_image":[{"url":"https:\/\/www.blogsoestado.com\/danielmatos\/files\/2018\/04\/inacio-mesa.jpg","type":"","width":"","height":""}],"twitter_card":"summary_large_image","twitter_misc":{"Est. tempo de leitura":"2 minutos"},"schema":{"@context":"https:\/\/schema.org","@graph":[{"@type":"WebPage","@id":"https:\/\/www.blogsoestado.com\/danielmatos\/deputado-ze-inacio-participa-de-mesa-sobre-o-combate-ao-racismo\/","url":"https:\/\/www.blogsoestado.com\/danielmatos\/deputado-ze-inacio-participa-de-mesa-sobre-o-combate-ao-racismo\/","name":"Deputado Z\u00e9 In\u00e1cio participa de mesa sobre o combate ao racismo - Daniel Matos","isPartOf":{"@id":"https:\/\/www.blogsoestado.com\/danielmatos\/#website"},"primaryImageOfPage":{"@id":"https:\/\/www.blogsoestado.com\/danielmatos\/deputado-ze-inacio-participa-de-mesa-sobre-o-combate-ao-racismo\/#primaryimage"},"image":{"@id":"https:\/\/www.blogsoestado.com\/danielmatos\/deputado-ze-inacio-participa-de-mesa-sobre-o-combate-ao-racismo\/#primaryimage"},"thumbnailUrl":"https:\/\/www.blogsoestado.com\/danielmatos\/files\/2018\/04\/inacio-mesa.jpg","datePublished":"2018-04-18T23:00:50+00:00","author":{"@id":""},"breadcrumb":{"@id":"https:\/\/www.blogsoestado.com\/danielmatos\/deputado-ze-inacio-participa-de-mesa-sobre-o-combate-ao-racismo\/#breadcrumb"},"inLanguage":"pt-BR","potentialAction":[{"@type":"ReadAction","target":["https:\/\/www.blogsoestado.com\/danielmatos\/deputado-ze-inacio-participa-de-mesa-sobre-o-combate-ao-racismo\/"]}]},{"@type":"ImageObject","inLanguage":"pt-BR","@id":"https:\/\/www.blogsoestado.com\/danielmatos\/deputado-ze-inacio-participa-de-mesa-sobre-o-combate-ao-racismo\/#primaryimage","url":"https:\/\/www.blogsoestado.com\/danielmatos\/files\/2018\/04\/inacio-mesa.jpg","contentUrl":"https:\/\/www.blogsoestado.com\/danielmatos\/files\/2018\/04\/inacio-mesa.jpg"},{"@type":"BreadcrumbList","@id":"https:\/\/www.blogsoestado.com\/danielmatos\/deputado-ze-inacio-participa-de-mesa-sobre-o-combate-ao-racismo\/#breadcrumb","itemListElement":[{"@type":"ListItem","position":1,"name":"In\u00edcio","item":"https:\/\/www.blogsoestado.com\/danielmatos\/"},{"@type":"ListItem","position":2,"name":"Deputado Z\u00e9 In\u00e1cio participa de mesa sobre o combate ao racismo"}]},{"@type":"WebSite","@id":"https:\/\/www.blogsoestado.com\/danielmatos\/#website","url":"https:\/\/www.blogsoestado.com\/danielmatos\/","name":"Daniel Matos","description":"","potentialAction":[{"@type":"SearchAction","target":{"@type":"EntryPoint","urlTemplate":"https:\/\/www.blogsoestado.com\/danielmatos\/?s={search_term_string}"},"query-input":{"@type":"PropertyValueSpecification","valueRequired":true,"valueName":"search_term_string"}}],"inLanguage":"pt-BR"}]}},"jetpack_featured_media_url":"","_links":{"self":[{"href":"https:\/\/www.blogsoestado.com\/danielmatos\/wp-json\/wp\/v2\/posts\/50548","targetHints":{"allow":["GET"]}}],"collection":[{"href":"https:\/\/www.blogsoestado.com\/danielmatos\/wp-json\/wp\/v2\/posts"}],"about":[{"href":"https:\/\/www.blogsoestado.com\/danielmatos\/wp-json\/wp\/v2\/types\/post"}],"replies":[{"embeddable":true,"href":"https:\/\/www.blogsoestado.com\/danielmatos\/wp-json\/wp\/v2\/comments?post=50548"}],"version-history":[{"count":0,"href":"https:\/\/www.blogsoestado.com\/danielmatos\/wp-json\/wp\/v2\/posts\/50548\/revisions"}],"wp:attachment":[{"href":"https:\/\/www.blogsoestado.com\/danielmatos\/wp-json\/wp\/v2\/media?parent=50548"}],"wp:term":[{"taxonomy":"category","embeddable":true,"href":"https:\/\/www.blogsoestado.com\/danielmatos\/wp-json\/wp\/v2\/categories?post=50548"},{"taxonomy":"post_tag","embeddable":true,"href":"https:\/\/www.blogsoestado.com\/danielmatos\/wp-json\/wp\/v2\/tags?post=50548"}],"curies":[{"name":"wp","href":"https:\/\/api.w.org\/{rel}","templated":true}]}}