{"id":50562,"date":"2018-04-19T11:05:49","date_gmt":"2018-04-19T14:05:49","guid":{"rendered":"https:\/\/www.blogsoestado.com\/danielmatos\/?p=50562"},"modified":"2018-04-19T11:05:49","modified_gmt":"2018-04-19T14:05:49","slug":"wellington-debatera-em-audiencia-publica-descompressao-salarial-de-professores","status":"publish","type":"post","link":"https:\/\/www.blogsoestado.com\/danielmatos\/wellington-debatera-em-audiencia-publica-descompressao-salarial-de-professores\/","title":{"rendered":"Wellington debater\u00e1 em audi\u00eancia p\u00fablica descompress\u00e3o salarial de professores"},"content":{"rendered":"<p><img fetchpriority=\"high\" decoding=\"async\" class=\"aligncenter size-full wp-image-50563\" src=\"https:\/\/www.blogsoestado.com\/danielmatos\/files\/2018\/04\/w-descompressao.jpg\" alt=\"\" width=\"480\" height=\"480\" \/><\/p>\n<p>m defesa da educa\u00e7\u00e3o p\u00fablica e valoriza\u00e7\u00e3o do magist\u00e9rio, o deputado estadual Wellington do Curso (PSDB) utilizou as redes sociais para convidar os mais de 40 mil professores do Maranh\u00e3o para audi\u00eancia p\u00fablica que discutir\u00e1 sobre o processo de descompress\u00e3o salarial. A audi\u00eancia acontecer\u00e1 na pr\u00f3xima quinta-feira, dia 19, no audit\u00f3rio da OAB, a partir das 15h.<\/p>\n<p>\u201cPor meio de manobras judiciais, Fl\u00e1vio Dino tenta, de todas as formas, dar mais um calote nos professores do Maranh\u00e3o. O processo da descompress\u00e3o j\u00e1 transitou em julgado desde 2011 e, agora, tentam retomar a discuss\u00e3o. Isso n\u00e3o pode acontecer. Professores, contem comigo! Continuarei firme em defesa dos direitos de cada professor do Maranh\u00e3o. N\u00e3o existe educa\u00e7\u00e3o p\u00fablica de qualidade sem valoriza\u00e7\u00e3o de professor\u201d, disse Wellington, que tamb\u00e9m \u00e9 professor.<\/p>\n","protected":false},"excerpt":{"rendered":"<p>m defesa da educa\u00e7\u00e3o p\u00fablica e valoriza\u00e7\u00e3o do magist\u00e9rio, o deputado estadual Wellington do Curso (PSDB) utilizou as redes sociais [&hellip;]<\/p>\n","protected":false},"author":0,"featured_media":0,"comment_status":"open","ping_status":"open","sticky":false,"template":"","format":"standard","meta":{"site-sidebar-layout":"default","site-content-layout":"","ast-site-content-layout":"default","site-content-style":"default","site-sidebar-style":"default","ast-global-header-display":"","ast-banner-title-visibility":"","ast-main-header-display":"","ast-hfb-above-header-display":"","ast-hfb-below-header-display":"","ast-hfb-mobile-header-display":"","site-post-title":"","ast-breadcrumbs-content":"","ast-featured-img":"","footer-sml-layout":"","ast-disable-related-posts":"","theme-transparent-header-meta":"","adv-header-id-meta":"","stick-header-meta":"","header-above-stick-meta":"","header-main-stick-meta":"","header-below-stick-meta":"","astra-migrate-meta-layouts":"default","ast-page-background-enabled":"default","ast-page-background-meta":{"desktop":{"background-color":"var(--ast-global-color-5)","background-image":"","background-repeat":"repeat","background-position":"center center","background-size":"auto","background-attachment":"scroll","background-type":"","background-media":"","overlay-type":"","overlay-color":"","overlay-opacity":"","overlay-gradient":""},"tablet":{"background-color":"","background-image":"","background-repeat":"repeat","background-position":"center center","background-size":"auto","background-attachment":"scroll","background-type":"","background-media":"","overlay-type":"","overlay-color":"","overlay-opacity":"","overlay-gradient":""},"mobile":{"background-color":"","background-image":"","background-repeat":"repeat","background-position":"center center","background-size":"auto","background-attachment":"scroll","background-type":"","background-media":"","overlay-type":"","overlay-color":"","overlay-opacity":"","overlay-gradient":""}},"ast-content-background-meta":{"desktop":{"background-color":"var(--ast-global-color-4)","background-image":"","background-repeat":"repeat","background-position":"center center","background-size":"auto","background-attachment":"scroll","background-type":"","background-media":"","overlay-type":"","overlay-color":"","overlay-opacity":"","overlay-gradient":""},"tablet":{"background-color":"var(--ast-global-color-4)","background-image":"","background-repeat":"repeat","background-position":"center center","background-size":"auto","background-attachment":"scroll","background-type":"","background-media":"","overlay-type":"","overlay-color":"","overlay-opacity":"","overlay-gradient":""},"mobile":{"background-color":"var(--ast-global-color-4)","background-image":"","background-repeat":"repeat","background-position":"center center","background-size":"auto","background-attachment":"scroll","background-type":"","background-media":"","overlay-type":"","overlay-color":"","overlay-opacity":"","overlay-gradient":""}},"footnotes":""},"categories":[1],"tags":[],"class_list":["post-50562","post","type-post","status-publish","format-standard","hentry","category-sem-categoria"],"yoast_head":"<!-- This site is optimized with the Yoast SEO plugin v26.6 - https:\/\/yoast.com\/wordpress\/plugins\/seo\/ -->\n<title>Wellington debater\u00e1 em audi\u00eancia p\u00fablica descompress\u00e3o salarial de professores - Daniel Matos<\/title>\n<meta name=\"robots\" content=\"index, follow, max-snippet:-1, max-image-preview:large, max-video-preview:-1\" \/>\n<link rel=\"canonical\" href=\"https:\/\/www.blogsoestado.com\/danielmatos\/wellington-debatera-em-audiencia-publica-descompressao-salarial-de-professores\/\" \/>\n<meta property=\"og:locale\" content=\"pt_BR\" \/>\n<meta property=\"og:type\" content=\"article\" \/>\n<meta property=\"og:title\" content=\"Wellington debater\u00e1 em audi\u00eancia p\u00fablica descompress\u00e3o salarial de professores - Daniel Matos\" \/>\n<meta property=\"og:description\" content=\"m defesa da educa\u00e7\u00e3o p\u00fablica e valoriza\u00e7\u00e3o do magist\u00e9rio, o deputado estadual Wellington do Curso (PSDB) utilizou as redes sociais [&hellip;]\" \/>\n<meta property=\"og:url\" content=\"https:\/\/www.blogsoestado.com\/danielmatos\/wellington-debatera-em-audiencia-publica-descompressao-salarial-de-professores\/\" \/>\n<meta property=\"og:site_name\" content=\"Daniel Matos\" \/>\n<meta property=\"article:published_time\" content=\"2018-04-19T14:05:49+00:00\" \/>\n<meta property=\"og:image\" content=\"https:\/\/www.blogsoestado.com\/danielmatos\/files\/2018\/04\/w-descompressao.jpg\" \/>\n<meta name=\"twitter:card\" content=\"summary_large_image\" \/>\n<meta name=\"twitter:label1\" content=\"Est. tempo de leitura\" \/>\n\t<meta name=\"twitter:data1\" content=\"1 minuto\" \/>\n<script type=\"application\/ld+json\" class=\"yoast-schema-graph\">{\"@context\":\"https:\/\/schema.org\",\"@graph\":[{\"@type\":\"WebPage\",\"@id\":\"https:\/\/www.blogsoestado.com\/danielmatos\/wellington-debatera-em-audiencia-publica-descompressao-salarial-de-professores\/\",\"url\":\"https:\/\/www.blogsoestado.com\/danielmatos\/wellington-debatera-em-audiencia-publica-descompressao-salarial-de-professores\/\",\"name\":\"Wellington debater\u00e1 em audi\u00eancia p\u00fablica descompress\u00e3o salarial de professores - Daniel Matos\",\"isPartOf\":{\"@id\":\"https:\/\/www.blogsoestado.com\/danielmatos\/#website\"},\"primaryImageOfPage\":{\"@id\":\"https:\/\/www.blogsoestado.com\/danielmatos\/wellington-debatera-em-audiencia-publica-descompressao-salarial-de-professores\/#primaryimage\"},\"image\":{\"@id\":\"https:\/\/www.blogsoestado.com\/danielmatos\/wellington-debatera-em-audiencia-publica-descompressao-salarial-de-professores\/#primaryimage\"},\"thumbnailUrl\":\"https:\/\/www.blogsoestado.com\/danielmatos\/files\/2018\/04\/w-descompressao.jpg\",\"datePublished\":\"2018-04-19T14:05:49+00:00\",\"author\":{\"@id\":\"\"},\"breadcrumb\":{\"@id\":\"https:\/\/www.blogsoestado.com\/danielmatos\/wellington-debatera-em-audiencia-publica-descompressao-salarial-de-professores\/#breadcrumb\"},\"inLanguage\":\"pt-BR\",\"potentialAction\":[{\"@type\":\"ReadAction\",\"target\":[\"https:\/\/www.blogsoestado.com\/danielmatos\/wellington-debatera-em-audiencia-publica-descompressao-salarial-de-professores\/\"]}]},{\"@type\":\"ImageObject\",\"inLanguage\":\"pt-BR\",\"@id\":\"https:\/\/www.blogsoestado.com\/danielmatos\/wellington-debatera-em-audiencia-publica-descompressao-salarial-de-professores\/#primaryimage\",\"url\":\"https:\/\/www.blogsoestado.com\/danielmatos\/files\/2018\/04\/w-descompressao.jpg\",\"contentUrl\":\"https:\/\/www.blogsoestado.com\/danielmatos\/files\/2018\/04\/w-descompressao.jpg\"},{\"@type\":\"BreadcrumbList\",\"@id\":\"https:\/\/www.blogsoestado.com\/danielmatos\/wellington-debatera-em-audiencia-publica-descompressao-salarial-de-professores\/#breadcrumb\",\"itemListElement\":[{\"@type\":\"ListItem\",\"position\":1,\"name\":\"In\u00edcio\",\"item\":\"https:\/\/www.blogsoestado.com\/danielmatos\/\"},{\"@type\":\"ListItem\",\"position\":2,\"name\":\"Wellington debater\u00e1 em audi\u00eancia p\u00fablica descompress\u00e3o salarial de professores\"}]},{\"@type\":\"WebSite\",\"@id\":\"https:\/\/www.blogsoestado.com\/danielmatos\/#website\",\"url\":\"https:\/\/www.blogsoestado.com\/danielmatos\/\",\"name\":\"Daniel Matos\",\"description\":\"\",\"potentialAction\":[{\"@type\":\"SearchAction\",\"target\":{\"@type\":\"EntryPoint\",\"urlTemplate\":\"https:\/\/www.blogsoestado.com\/danielmatos\/?s={search_term_string}\"},\"query-input\":{\"@type\":\"PropertyValueSpecification\",\"valueRequired\":true,\"valueName\":\"search_term_string\"}}],\"inLanguage\":\"pt-BR\"}]}<\/script>\n<!-- \/ Yoast SEO plugin. -->","yoast_head_json":{"title":"Wellington debater\u00e1 em audi\u00eancia p\u00fablica descompress\u00e3o salarial de professores - Daniel Matos","robots":{"index":"index","follow":"follow","max-snippet":"max-snippet:-1","max-image-preview":"max-image-preview:large","max-video-preview":"max-video-preview:-1"},"canonical":"https:\/\/www.blogsoestado.com\/danielmatos\/wellington-debatera-em-audiencia-publica-descompressao-salarial-de-professores\/","og_locale":"pt_BR","og_type":"article","og_title":"Wellington debater\u00e1 em audi\u00eancia p\u00fablica descompress\u00e3o salarial de professores - Daniel Matos","og_description":"m defesa da educa\u00e7\u00e3o p\u00fablica e valoriza\u00e7\u00e3o do magist\u00e9rio, o deputado estadual Wellington do Curso (PSDB) utilizou as redes sociais [&hellip;]","og_url":"https:\/\/www.blogsoestado.com\/danielmatos\/wellington-debatera-em-audiencia-publica-descompressao-salarial-de-professores\/","og_site_name":"Daniel Matos","article_published_time":"2018-04-19T14:05:49+00:00","og_image":[{"url":"https:\/\/www.blogsoestado.com\/danielmatos\/files\/2018\/04\/w-descompressao.jpg","type":"","width":"","height":""}],"twitter_card":"summary_large_image","twitter_misc":{"Est. tempo de leitura":"1 minuto"},"schema":{"@context":"https:\/\/schema.org","@graph":[{"@type":"WebPage","@id":"https:\/\/www.blogsoestado.com\/danielmatos\/wellington-debatera-em-audiencia-publica-descompressao-salarial-de-professores\/","url":"https:\/\/www.blogsoestado.com\/danielmatos\/wellington-debatera-em-audiencia-publica-descompressao-salarial-de-professores\/","name":"Wellington debater\u00e1 em audi\u00eancia p\u00fablica descompress\u00e3o salarial de professores - Daniel Matos","isPartOf":{"@id":"https:\/\/www.blogsoestado.com\/danielmatos\/#website"},"primaryImageOfPage":{"@id":"https:\/\/www.blogsoestado.com\/danielmatos\/wellington-debatera-em-audiencia-publica-descompressao-salarial-de-professores\/#primaryimage"},"image":{"@id":"https:\/\/www.blogsoestado.com\/danielmatos\/wellington-debatera-em-audiencia-publica-descompressao-salarial-de-professores\/#primaryimage"},"thumbnailUrl":"https:\/\/www.blogsoestado.com\/danielmatos\/files\/2018\/04\/w-descompressao.jpg","datePublished":"2018-04-19T14:05:49+00:00","author":{"@id":""},"breadcrumb":{"@id":"https:\/\/www.blogsoestado.com\/danielmatos\/wellington-debatera-em-audiencia-publica-descompressao-salarial-de-professores\/#breadcrumb"},"inLanguage":"pt-BR","potentialAction":[{"@type":"ReadAction","target":["https:\/\/www.blogsoestado.com\/danielmatos\/wellington-debatera-em-audiencia-publica-descompressao-salarial-de-professores\/"]}]},{"@type":"ImageObject","inLanguage":"pt-BR","@id":"https:\/\/www.blogsoestado.com\/danielmatos\/wellington-debatera-em-audiencia-publica-descompressao-salarial-de-professores\/#primaryimage","url":"https:\/\/www.blogsoestado.com\/danielmatos\/files\/2018\/04\/w-descompressao.jpg","contentUrl":"https:\/\/www.blogsoestado.com\/danielmatos\/files\/2018\/04\/w-descompressao.jpg"},{"@type":"BreadcrumbList","@id":"https:\/\/www.blogsoestado.com\/danielmatos\/wellington-debatera-em-audiencia-publica-descompressao-salarial-de-professores\/#breadcrumb","itemListElement":[{"@type":"ListItem","position":1,"name":"In\u00edcio","item":"https:\/\/www.blogsoestado.com\/danielmatos\/"},{"@type":"ListItem","position":2,"name":"Wellington debater\u00e1 em audi\u00eancia p\u00fablica descompress\u00e3o salarial de professores"}]},{"@type":"WebSite","@id":"https:\/\/www.blogsoestado.com\/danielmatos\/#website","url":"https:\/\/www.blogsoestado.com\/danielmatos\/","name":"Daniel Matos","description":"","potentialAction":[{"@type":"SearchAction","target":{"@type":"EntryPoint","urlTemplate":"https:\/\/www.blogsoestado.com\/danielmatos\/?s={search_term_string}"},"query-input":{"@type":"PropertyValueSpecification","valueRequired":true,"valueName":"search_term_string"}}],"inLanguage":"pt-BR"}]}},"jetpack_featured_media_url":"","_links":{"self":[{"href":"https:\/\/www.blogsoestado.com\/danielmatos\/wp-json\/wp\/v2\/posts\/50562","targetHints":{"allow":["GET"]}}],"collection":[{"href":"https:\/\/www.blogsoestado.com\/danielmatos\/wp-json\/wp\/v2\/posts"}],"about":[{"href":"https:\/\/www.blogsoestado.com\/danielmatos\/wp-json\/wp\/v2\/types\/post"}],"replies":[{"embeddable":true,"href":"https:\/\/www.blogsoestado.com\/danielmatos\/wp-json\/wp\/v2\/comments?post=50562"}],"version-history":[{"count":0,"href":"https:\/\/www.blogsoestado.com\/danielmatos\/wp-json\/wp\/v2\/posts\/50562\/revisions"}],"wp:attachment":[{"href":"https:\/\/www.blogsoestado.com\/danielmatos\/wp-json\/wp\/v2\/media?parent=50562"}],"wp:term":[{"taxonomy":"category","embeddable":true,"href":"https:\/\/www.blogsoestado.com\/danielmatos\/wp-json\/wp\/v2\/categories?post=50562"},{"taxonomy":"post_tag","embeddable":true,"href":"https:\/\/www.blogsoestado.com\/danielmatos\/wp-json\/wp\/v2\/tags?post=50562"}],"curies":[{"name":"wp","href":"https:\/\/api.w.org\/{rel}","templated":true}]}}