{"id":50568,"date":"2018-04-19T16:19:35","date_gmt":"2018-04-19T19:19:35","guid":{"rendered":"https:\/\/www.blogsoestado.com\/danielmatos\/?p=50568"},"modified":"2018-04-19T16:19:35","modified_gmt":"2018-04-19T19:19:35","slug":"painel-realizado-na-camara-municipal-discute-seguranca-publica-em-sao-luis","status":"publish","type":"post","link":"https:\/\/www.blogsoestado.com\/danielmatos\/painel-realizado-na-camara-municipal-discute-seguranca-publica-em-sao-luis\/","title":{"rendered":"Painel realizado na C\u00e2mara Municipal discute seguran\u00e7a p\u00fablica em S\u00e3o Lu\u00eds"},"content":{"rendered":"<figure id=\"attachment_50569\" aria-describedby=\"caption-attachment-50569\" style=\"width: 640px\" class=\"wp-caption aligncenter\"><img fetchpriority=\"high\" decoding=\"async\" class=\"size-full wp-image-50569\" src=\"https:\/\/www.blogsoestado.com\/danielmatos\/files\/2018\/04\/painel-astro.jpg\" alt=\"\" width=\"640\" height=\"353\" \/><figcaption id=\"caption-attachment-50569\" class=\"wp-caption-text\">Plen\u00e1rio e galeria da C\u00e2mara Municipal ficaram lotados durante a realiza\u00e7\u00e3o do painel sobre seguran\u00e7a p\u00fablica<\/figcaption><\/figure>\n<p>A C\u00e2mara Municipal de S\u00e3o Lu\u00eds realizou na manh\u00e3 de quarta-feira (18), um painel sobre seguran\u00e7a p\u00fablica, com o tema \u201cSeguran\u00e7a \u00e9 Coisa\u201d. A dire\u00e7\u00e3o dos trabalhos foi feita pelo presidente da casa, vereador Astro de Ogum (PR), autor da proposi\u00e7\u00e3o, e contou com a presen\u00e7a de autoridades que atuam na \u00e1rea de seguran\u00e7a publica em S\u00e3o Lu\u00eds e no Estado do Maranh\u00e3o.<\/p>\n<p>As principais a\u00e7\u00f5es dos executivos estadual e municipal foram debatidas pelos vereadores com os representantes do Governo do Estado e da prefeitura de S\u00e3o Lu\u00eds, que mostraram as estat\u00edsticas criminais da cidade, A\u00e7\u00f5es Especiais de policiamento no Combate a criminalidade e o armamento da Guarda Municipal S\u00e3o Lu\u00eds.<\/p>\n<p>O painel com o tema \u201cSeguran\u00e7a \u00e9 Coisa\u201d teve inicio \u00e0s 10h, com o presidente da casa Astro de Ogum, parabenizando as a\u00e7\u00f5es do secret\u00e1rio de Estado de Seguran\u00e7a, delegado Jeferson Portela,<\/p>\n<p>\u201cEu fico feliz em saber que tanto o secret\u00e1rio como Governo do Estado, que est\u00e3o focados e trabalhando na defesa do cidad\u00e3o de S\u00e3o Lu\u00eds. e tenho visto uma melhora significativa em nossa seguran\u00e7a\u201d, parabenizou Astro de Ogum.<\/p>\n<p>Participaram do Painel, \u201cSeguran\u00e7a \u00e9 Coisa S\u00e9ria\u201d promovido pela C\u00e2mara Municipal, os vereadores, Osmar Filho, Pav\u00e3o Filho, Edson Gaguinho, Cesar Bombeiro, Ant\u00f4nio Garcez, Pedro Lucas, Concita Pinto, Paulo Victor, Marcial Lima, Francisco Chaguinhas,Gutemberg Araujo, e Josu\u00e9 Pinheiro. Representando o Governo do estado, esteve presente o secret\u00e1rio de Seguran\u00e7a P\u00fablica Jeferson Portela.<\/p>\n","protected":false},"excerpt":{"rendered":"<p>A C\u00e2mara Municipal de S\u00e3o Lu\u00eds realizou na manh\u00e3 de quarta-feira (18), um painel sobre seguran\u00e7a p\u00fablica, com o tema [&hellip;]<\/p>\n","protected":false},"author":0,"featured_media":0,"comment_status":"open","ping_status":"open","sticky":false,"template":"","format":"standard","meta":{"site-sidebar-layout":"default","site-content-layout":"","ast-site-content-layout":"default","site-content-style":"default","site-sidebar-style":"default","ast-global-header-display":"","ast-banner-title-visibility":"","ast-main-header-display":"","ast-hfb-above-header-display":"","ast-hfb-below-header-display":"","ast-hfb-mobile-header-display":"","site-post-title":"","ast-breadcrumbs-content":"","ast-featured-img":"","footer-sml-layout":"","ast-disable-related-posts":"","theme-transparent-header-meta":"","adv-header-id-meta":"","stick-header-meta":"","header-above-stick-meta":"","header-main-stick-meta":"","header-below-stick-meta":"","astra-migrate-meta-layouts":"default","ast-page-background-enabled":"default","ast-page-background-meta":{"desktop":{"background-color":"var(--ast-global-color-5)","background-image":"","background-repeat":"repeat","background-position":"center center","background-size":"auto","background-attachment":"scroll","background-type":"","background-media":"","overlay-type":"","overlay-color":"","overlay-opacity":"","overlay-gradient":""},"tablet":{"background-color":"","background-image":"","background-repeat":"repeat","background-position":"center center","background-size":"auto","background-attachment":"scroll","background-type":"","background-media":"","overlay-type":"","overlay-color":"","overlay-opacity":"","overlay-gradient":""},"mobile":{"background-color":"","background-image":"","background-repeat":"repeat","background-position":"center center","background-size":"auto","background-attachment":"scroll","background-type":"","background-media":"","overlay-type":"","overlay-color":"","overlay-opacity":"","overlay-gradient":""}},"ast-content-background-meta":{"desktop":{"background-color":"var(--ast-global-color-4)","background-image":"","background-repeat":"repeat","background-position":"center center","background-size":"auto","background-attachment":"scroll","background-type":"","background-media":"","overlay-type":"","overlay-color":"","overlay-opacity":"","overlay-gradient":""},"tablet":{"background-color":"var(--ast-global-color-4)","background-image":"","background-repeat":"repeat","background-position":"center center","background-size":"auto","background-attachment":"scroll","background-type":"","background-media":"","overlay-type":"","overlay-color":"","overlay-opacity":"","overlay-gradient":""},"mobile":{"background-color":"var(--ast-global-color-4)","background-image":"","background-repeat":"repeat","background-position":"center center","background-size":"auto","background-attachment":"scroll","background-type":"","background-media":"","overlay-type":"","overlay-color":"","overlay-opacity":"","overlay-gradient":""}},"footnotes":""},"categories":[1],"tags":[],"class_list":["post-50568","post","type-post","status-publish","format-standard","hentry","category-sem-categoria"],"yoast_head":"<!-- This site is optimized with the Yoast SEO plugin v26.6 - https:\/\/yoast.com\/wordpress\/plugins\/seo\/ -->\n<title>Painel realizado na C\u00e2mara Municipal discute seguran\u00e7a p\u00fablica em S\u00e3o Lu\u00eds - Daniel Matos<\/title>\n<meta name=\"robots\" content=\"index, follow, max-snippet:-1, max-image-preview:large, max-video-preview:-1\" \/>\n<link rel=\"canonical\" href=\"https:\/\/www.blogsoestado.com\/danielmatos\/painel-realizado-na-camara-municipal-discute-seguranca-publica-em-sao-luis\/\" \/>\n<meta property=\"og:locale\" content=\"pt_BR\" \/>\n<meta property=\"og:type\" content=\"article\" \/>\n<meta property=\"og:title\" content=\"Painel realizado na C\u00e2mara Municipal discute seguran\u00e7a p\u00fablica em S\u00e3o Lu\u00eds - Daniel Matos\" \/>\n<meta property=\"og:description\" content=\"A C\u00e2mara Municipal de S\u00e3o Lu\u00eds realizou na manh\u00e3 de quarta-feira (18), um painel sobre seguran\u00e7a p\u00fablica, com o tema [&hellip;]\" \/>\n<meta property=\"og:url\" content=\"https:\/\/www.blogsoestado.com\/danielmatos\/painel-realizado-na-camara-municipal-discute-seguranca-publica-em-sao-luis\/\" \/>\n<meta property=\"og:site_name\" content=\"Daniel Matos\" \/>\n<meta property=\"article:published_time\" content=\"2018-04-19T19:19:35+00:00\" \/>\n<meta property=\"og:image\" content=\"https:\/\/www.blogsoestado.com\/danielmatos\/files\/2018\/04\/painel-astro.jpg\" \/>\n<meta name=\"twitter:card\" content=\"summary_large_image\" \/>\n<meta name=\"twitter:label1\" content=\"Est. tempo de leitura\" \/>\n\t<meta name=\"twitter:data1\" content=\"1 minuto\" \/>\n<script type=\"application\/ld+json\" class=\"yoast-schema-graph\">{\"@context\":\"https:\/\/schema.org\",\"@graph\":[{\"@type\":\"WebPage\",\"@id\":\"https:\/\/www.blogsoestado.com\/danielmatos\/painel-realizado-na-camara-municipal-discute-seguranca-publica-em-sao-luis\/\",\"url\":\"https:\/\/www.blogsoestado.com\/danielmatos\/painel-realizado-na-camara-municipal-discute-seguranca-publica-em-sao-luis\/\",\"name\":\"Painel realizado na C\u00e2mara Municipal discute seguran\u00e7a p\u00fablica em S\u00e3o Lu\u00eds - Daniel Matos\",\"isPartOf\":{\"@id\":\"https:\/\/www.blogsoestado.com\/danielmatos\/#website\"},\"primaryImageOfPage\":{\"@id\":\"https:\/\/www.blogsoestado.com\/danielmatos\/painel-realizado-na-camara-municipal-discute-seguranca-publica-em-sao-luis\/#primaryimage\"},\"image\":{\"@id\":\"https:\/\/www.blogsoestado.com\/danielmatos\/painel-realizado-na-camara-municipal-discute-seguranca-publica-em-sao-luis\/#primaryimage\"},\"thumbnailUrl\":\"https:\/\/www.blogsoestado.com\/danielmatos\/files\/2018\/04\/painel-astro.jpg\",\"datePublished\":\"2018-04-19T19:19:35+00:00\",\"author\":{\"@id\":\"\"},\"breadcrumb\":{\"@id\":\"https:\/\/www.blogsoestado.com\/danielmatos\/painel-realizado-na-camara-municipal-discute-seguranca-publica-em-sao-luis\/#breadcrumb\"},\"inLanguage\":\"pt-BR\",\"potentialAction\":[{\"@type\":\"ReadAction\",\"target\":[\"https:\/\/www.blogsoestado.com\/danielmatos\/painel-realizado-na-camara-municipal-discute-seguranca-publica-em-sao-luis\/\"]}]},{\"@type\":\"ImageObject\",\"inLanguage\":\"pt-BR\",\"@id\":\"https:\/\/www.blogsoestado.com\/danielmatos\/painel-realizado-na-camara-municipal-discute-seguranca-publica-em-sao-luis\/#primaryimage\",\"url\":\"https:\/\/www.blogsoestado.com\/danielmatos\/files\/2018\/04\/painel-astro.jpg\",\"contentUrl\":\"https:\/\/www.blogsoestado.com\/danielmatos\/files\/2018\/04\/painel-astro.jpg\"},{\"@type\":\"BreadcrumbList\",\"@id\":\"https:\/\/www.blogsoestado.com\/danielmatos\/painel-realizado-na-camara-municipal-discute-seguranca-publica-em-sao-luis\/#breadcrumb\",\"itemListElement\":[{\"@type\":\"ListItem\",\"position\":1,\"name\":\"In\u00edcio\",\"item\":\"https:\/\/www.blogsoestado.com\/danielmatos\/\"},{\"@type\":\"ListItem\",\"position\":2,\"name\":\"Painel realizado na C\u00e2mara Municipal discute seguran\u00e7a p\u00fablica em S\u00e3o Lu\u00eds\"}]},{\"@type\":\"WebSite\",\"@id\":\"https:\/\/www.blogsoestado.com\/danielmatos\/#website\",\"url\":\"https:\/\/www.blogsoestado.com\/danielmatos\/\",\"name\":\"Daniel Matos\",\"description\":\"\",\"potentialAction\":[{\"@type\":\"SearchAction\",\"target\":{\"@type\":\"EntryPoint\",\"urlTemplate\":\"https:\/\/www.blogsoestado.com\/danielmatos\/?s={search_term_string}\"},\"query-input\":{\"@type\":\"PropertyValueSpecification\",\"valueRequired\":true,\"valueName\":\"search_term_string\"}}],\"inLanguage\":\"pt-BR\"}]}<\/script>\n<!-- \/ Yoast SEO plugin. -->","yoast_head_json":{"title":"Painel realizado na C\u00e2mara Municipal discute seguran\u00e7a p\u00fablica em S\u00e3o Lu\u00eds - Daniel Matos","robots":{"index":"index","follow":"follow","max-snippet":"max-snippet:-1","max-image-preview":"max-image-preview:large","max-video-preview":"max-video-preview:-1"},"canonical":"https:\/\/www.blogsoestado.com\/danielmatos\/painel-realizado-na-camara-municipal-discute-seguranca-publica-em-sao-luis\/","og_locale":"pt_BR","og_type":"article","og_title":"Painel realizado na C\u00e2mara Municipal discute seguran\u00e7a p\u00fablica em S\u00e3o Lu\u00eds - Daniel Matos","og_description":"A C\u00e2mara Municipal de S\u00e3o Lu\u00eds realizou na manh\u00e3 de quarta-feira (18), um painel sobre seguran\u00e7a p\u00fablica, com o tema [&hellip;]","og_url":"https:\/\/www.blogsoestado.com\/danielmatos\/painel-realizado-na-camara-municipal-discute-seguranca-publica-em-sao-luis\/","og_site_name":"Daniel Matos","article_published_time":"2018-04-19T19:19:35+00:00","og_image":[{"url":"https:\/\/www.blogsoestado.com\/danielmatos\/files\/2018\/04\/painel-astro.jpg","type":"","width":"","height":""}],"twitter_card":"summary_large_image","twitter_misc":{"Est. tempo de leitura":"1 minuto"},"schema":{"@context":"https:\/\/schema.org","@graph":[{"@type":"WebPage","@id":"https:\/\/www.blogsoestado.com\/danielmatos\/painel-realizado-na-camara-municipal-discute-seguranca-publica-em-sao-luis\/","url":"https:\/\/www.blogsoestado.com\/danielmatos\/painel-realizado-na-camara-municipal-discute-seguranca-publica-em-sao-luis\/","name":"Painel realizado na C\u00e2mara Municipal discute seguran\u00e7a p\u00fablica em S\u00e3o Lu\u00eds - Daniel Matos","isPartOf":{"@id":"https:\/\/www.blogsoestado.com\/danielmatos\/#website"},"primaryImageOfPage":{"@id":"https:\/\/www.blogsoestado.com\/danielmatos\/painel-realizado-na-camara-municipal-discute-seguranca-publica-em-sao-luis\/#primaryimage"},"image":{"@id":"https:\/\/www.blogsoestado.com\/danielmatos\/painel-realizado-na-camara-municipal-discute-seguranca-publica-em-sao-luis\/#primaryimage"},"thumbnailUrl":"https:\/\/www.blogsoestado.com\/danielmatos\/files\/2018\/04\/painel-astro.jpg","datePublished":"2018-04-19T19:19:35+00:00","author":{"@id":""},"breadcrumb":{"@id":"https:\/\/www.blogsoestado.com\/danielmatos\/painel-realizado-na-camara-municipal-discute-seguranca-publica-em-sao-luis\/#breadcrumb"},"inLanguage":"pt-BR","potentialAction":[{"@type":"ReadAction","target":["https:\/\/www.blogsoestado.com\/danielmatos\/painel-realizado-na-camara-municipal-discute-seguranca-publica-em-sao-luis\/"]}]},{"@type":"ImageObject","inLanguage":"pt-BR","@id":"https:\/\/www.blogsoestado.com\/danielmatos\/painel-realizado-na-camara-municipal-discute-seguranca-publica-em-sao-luis\/#primaryimage","url":"https:\/\/www.blogsoestado.com\/danielmatos\/files\/2018\/04\/painel-astro.jpg","contentUrl":"https:\/\/www.blogsoestado.com\/danielmatos\/files\/2018\/04\/painel-astro.jpg"},{"@type":"BreadcrumbList","@id":"https:\/\/www.blogsoestado.com\/danielmatos\/painel-realizado-na-camara-municipal-discute-seguranca-publica-em-sao-luis\/#breadcrumb","itemListElement":[{"@type":"ListItem","position":1,"name":"In\u00edcio","item":"https:\/\/www.blogsoestado.com\/danielmatos\/"},{"@type":"ListItem","position":2,"name":"Painel realizado na C\u00e2mara Municipal discute seguran\u00e7a p\u00fablica em S\u00e3o Lu\u00eds"}]},{"@type":"WebSite","@id":"https:\/\/www.blogsoestado.com\/danielmatos\/#website","url":"https:\/\/www.blogsoestado.com\/danielmatos\/","name":"Daniel Matos","description":"","potentialAction":[{"@type":"SearchAction","target":{"@type":"EntryPoint","urlTemplate":"https:\/\/www.blogsoestado.com\/danielmatos\/?s={search_term_string}"},"query-input":{"@type":"PropertyValueSpecification","valueRequired":true,"valueName":"search_term_string"}}],"inLanguage":"pt-BR"}]}},"jetpack_featured_media_url":"","_links":{"self":[{"href":"https:\/\/www.blogsoestado.com\/danielmatos\/wp-json\/wp\/v2\/posts\/50568","targetHints":{"allow":["GET"]}}],"collection":[{"href":"https:\/\/www.blogsoestado.com\/danielmatos\/wp-json\/wp\/v2\/posts"}],"about":[{"href":"https:\/\/www.blogsoestado.com\/danielmatos\/wp-json\/wp\/v2\/types\/post"}],"replies":[{"embeddable":true,"href":"https:\/\/www.blogsoestado.com\/danielmatos\/wp-json\/wp\/v2\/comments?post=50568"}],"version-history":[{"count":0,"href":"https:\/\/www.blogsoestado.com\/danielmatos\/wp-json\/wp\/v2\/posts\/50568\/revisions"}],"wp:attachment":[{"href":"https:\/\/www.blogsoestado.com\/danielmatos\/wp-json\/wp\/v2\/media?parent=50568"}],"wp:term":[{"taxonomy":"category","embeddable":true,"href":"https:\/\/www.blogsoestado.com\/danielmatos\/wp-json\/wp\/v2\/categories?post=50568"},{"taxonomy":"post_tag","embeddable":true,"href":"https:\/\/www.blogsoestado.com\/danielmatos\/wp-json\/wp\/v2\/tags?post=50568"}],"curies":[{"name":"wp","href":"https:\/\/api.w.org\/{rel}","templated":true}]}}