{"id":50571,"date":"2018-04-19T17:18:31","date_gmt":"2018-04-19T20:18:31","guid":{"rendered":"https:\/\/www.blogsoestado.com\/danielmatos\/?p=50571"},"modified":"2018-04-19T17:18:31","modified_gmt":"2018-04-19T20:18:31","slug":"eleicoes-2018-luis-vannucci-cumpre-intensa-agenda-politica-em-sao-luis","status":"publish","type":"post","link":"https:\/\/www.blogsoestado.com\/danielmatos\/eleicoes-2018-luis-vannucci-cumpre-intensa-agenda-politica-em-sao-luis\/","title":{"rendered":"Elei\u00e7\u00f5es 2018: Lu\u00eds Vannucci cumpre intensa agenda pol\u00edtica em S\u00e3o Lu\u00eds"},"content":{"rendered":"<figure id=\"attachment_50572\" aria-describedby=\"caption-attachment-50572\" style=\"width: 640px\" class=\"wp-caption aligncenter\"><img fetchpriority=\"high\" decoding=\"async\" class=\"size-full wp-image-50572\" src=\"https:\/\/www.blogsoestado.com\/danielmatos\/files\/2018\/04\/vannucci.jpg\" alt=\"\" width=\"640\" height=\"480\" \/><figcaption id=\"caption-attachment-50572\" class=\"wp-caption-text\">Em um dos compromissos da sua agenda, Vannucci se reuniu com o superintendente da Funda\u00e7\u00e3o Palmares no Estado, Alam Ramalho.<\/figcaption><\/figure>\n<p>O advogado maranhense lan\u00e7ou pr\u00e9-candidatura para deputado federal e \u00e9 visto circulando em todo o Estado em busca de apoios de lideran\u00e7as comunit\u00e1rias e pol\u00edticos<\/p>\n<p>O pr\u00e9-candidato a deputado federal Lu\u00eds Vannucci cumpriu intensa agenda de compromissos em S\u00e3o Lu\u00eds, durante todo o dia de ontem. Vannucci teve encontros com lideran\u00e7as, suplente de vereador e pr\u00e9-candidato a deputado estadual.<\/p>\n<p>Com o objetivo de debater sobre os problemas e necessidades das comunidades quilombolas do Maranh\u00e3o, Vannucci se reuniu com o superintendente da Funda\u00e7\u00e3o Palmares no Estado, Alam Ramalho.<\/p>\n<figure id=\"attachment_50573\" aria-describedby=\"caption-attachment-50573\" style=\"width: 640px\" class=\"wp-caption aligncenter\"><img decoding=\"async\" class=\"size-full wp-image-50573\" src=\"https:\/\/www.blogsoestado.com\/danielmatos\/files\/2018\/04\/vannucci2.jpg\" alt=\"\" width=\"640\" height=\"480\" \/><figcaption id=\"caption-attachment-50573\" class=\"wp-caption-text\">Lu\u00eds Vannucci dialogou com l\u00edderes populares de bairros de S\u00e3o Lu\u00eds e agradeceu pela boa recep\u00e7\u00e3o<\/figcaption><\/figure>\n<p>Em seguida, Lu\u00eds esteve com o l\u00edder comunit\u00e1rio Rodrigo Sacav\u00e9m e professoras da Escola Comunit\u00e1ria Doutor M\u00e1rio Diniz para tratar assuntos pertinentes \u00e0s dificuldades e problemas sociais daquela comunidade.<\/p>\n<p>Para debater sobre a pol\u00edtica da Grande Ilha, Vannucci conversou com o suplente de vereador de S\u00e3o Armando Costa.<\/p>\n<p>Por fim, \u00e1rea Itaqui Bacanga em pauta. Lu\u00eds Vannucci se reuniu com o pr\u00e9-candidato a deputado estadual e l\u00edder na \u00e1rea, Alex Kennedy, e os l\u00edderes Cueca Martins e Maxsuell.<\/p>\n<p><strong>Saiba mais:<\/strong><\/p>\n<p>O advogado maranhense Lu\u00eds Vannucci \u00e9 conhecido dos bastidores pol\u00edticos, desde os seus 18 anos, quando come\u00e7ou a trabalhar em campanhas pol\u00edticas de sucesso. Aos 23, Vannucci seguiu para Bras\u00edlia, onde atuou no Minist\u00e9rio do Turismo (MTur) como assessor especial, al\u00e9m de ter trabalhado na Secretaria de Governo da Presid\u00eancia da Rep\u00fablica.<\/p>\n","protected":false},"excerpt":{"rendered":"<p>O advogado maranhense lan\u00e7ou pr\u00e9-candidatura para deputado federal e \u00e9 visto circulando em todo o Estado em busca de apoios [&hellip;]<\/p>\n","protected":false},"author":0,"featured_media":0,"comment_status":"open","ping_status":"open","sticky":false,"template":"","format":"standard","meta":{"site-sidebar-layout":"default","site-content-layout":"","ast-site-content-layout":"default","site-content-style":"default","site-sidebar-style":"default","ast-global-header-display":"","ast-banner-title-visibility":"","ast-main-header-display":"","ast-hfb-above-header-display":"","ast-hfb-below-header-display":"","ast-hfb-mobile-header-display":"","site-post-title":"","ast-breadcrumbs-content":"","ast-featured-img":"","footer-sml-layout":"","ast-disable-related-posts":"","theme-transparent-header-meta":"","adv-header-id-meta":"","stick-header-meta":"","header-above-stick-meta":"","header-main-stick-meta":"","header-below-stick-meta":"","astra-migrate-meta-layouts":"default","ast-page-background-enabled":"default","ast-page-background-meta":{"desktop":{"background-color":"var(--ast-global-color-5)","background-image":"","background-repeat":"repeat","background-position":"center center","background-size":"auto","background-attachment":"scroll","background-type":"","background-media":"","overlay-type":"","overlay-color":"","overlay-opacity":"","overlay-gradient":""},"tablet":{"background-color":"","background-image":"","background-repeat":"repeat","background-position":"center center","background-size":"auto","background-attachment":"scroll","background-type":"","background-media":"","overlay-type":"","overlay-color":"","overlay-opacity":"","overlay-gradient":""},"mobile":{"background-color":"","background-image":"","background-repeat":"repeat","background-position":"center center","background-size":"auto","background-attachment":"scroll","background-type":"","background-media":"","overlay-type":"","overlay-color":"","overlay-opacity":"","overlay-gradient":""}},"ast-content-background-meta":{"desktop":{"background-color":"var(--ast-global-color-4)","background-image":"","background-repeat":"repeat","background-position":"center center","background-size":"auto","background-attachment":"scroll","background-type":"","background-media":"","overlay-type":"","overlay-color":"","overlay-opacity":"","overlay-gradient":""},"tablet":{"background-color":"var(--ast-global-color-4)","background-image":"","background-repeat":"repeat","background-position":"center center","background-size":"auto","background-attachment":"scroll","background-type":"","background-media":"","overlay-type":"","overlay-color":"","overlay-opacity":"","overlay-gradient":""},"mobile":{"background-color":"var(--ast-global-color-4)","background-image":"","background-repeat":"repeat","background-position":"center center","background-size":"auto","background-attachment":"scroll","background-type":"","background-media":"","overlay-type":"","overlay-color":"","overlay-opacity":"","overlay-gradient":""}},"footnotes":""},"categories":[1],"tags":[],"class_list":["post-50571","post","type-post","status-publish","format-standard","hentry","category-sem-categoria"],"yoast_head":"<!-- This site is optimized with the Yoast SEO plugin v26.6 - https:\/\/yoast.com\/wordpress\/plugins\/seo\/ -->\n<title>Elei\u00e7\u00f5es 2018: Lu\u00eds Vannucci cumpre intensa agenda pol\u00edtica em S\u00e3o Lu\u00eds - Daniel Matos<\/title>\n<meta name=\"robots\" content=\"index, follow, max-snippet:-1, max-image-preview:large, max-video-preview:-1\" \/>\n<link rel=\"canonical\" href=\"https:\/\/www.blogsoestado.com\/danielmatos\/eleicoes-2018-luis-vannucci-cumpre-intensa-agenda-politica-em-sao-luis\/\" \/>\n<meta property=\"og:locale\" content=\"pt_BR\" \/>\n<meta property=\"og:type\" content=\"article\" \/>\n<meta property=\"og:title\" content=\"Elei\u00e7\u00f5es 2018: Lu\u00eds Vannucci cumpre intensa agenda pol\u00edtica em S\u00e3o Lu\u00eds - Daniel Matos\" \/>\n<meta property=\"og:description\" content=\"O advogado maranhense lan\u00e7ou pr\u00e9-candidatura para deputado federal e \u00e9 visto circulando em todo o Estado em busca de apoios [&hellip;]\" \/>\n<meta property=\"og:url\" content=\"https:\/\/www.blogsoestado.com\/danielmatos\/eleicoes-2018-luis-vannucci-cumpre-intensa-agenda-politica-em-sao-luis\/\" \/>\n<meta property=\"og:site_name\" content=\"Daniel Matos\" \/>\n<meta property=\"article:published_time\" content=\"2018-04-19T20:18:31+00:00\" \/>\n<meta property=\"og:image\" content=\"https:\/\/www.blogsoestado.com\/danielmatos\/files\/2018\/04\/vannucci.jpg\" \/>\n<meta name=\"twitter:card\" content=\"summary_large_image\" \/>\n<meta name=\"twitter:label1\" content=\"Est. tempo de leitura\" \/>\n\t<meta name=\"twitter:data1\" content=\"2 minutos\" \/>\n<script type=\"application\/ld+json\" class=\"yoast-schema-graph\">{\"@context\":\"https:\/\/schema.org\",\"@graph\":[{\"@type\":\"WebPage\",\"@id\":\"https:\/\/www.blogsoestado.com\/danielmatos\/eleicoes-2018-luis-vannucci-cumpre-intensa-agenda-politica-em-sao-luis\/\",\"url\":\"https:\/\/www.blogsoestado.com\/danielmatos\/eleicoes-2018-luis-vannucci-cumpre-intensa-agenda-politica-em-sao-luis\/\",\"name\":\"Elei\u00e7\u00f5es 2018: Lu\u00eds Vannucci cumpre intensa agenda pol\u00edtica em S\u00e3o Lu\u00eds - Daniel Matos\",\"isPartOf\":{\"@id\":\"https:\/\/www.blogsoestado.com\/danielmatos\/#website\"},\"primaryImageOfPage\":{\"@id\":\"https:\/\/www.blogsoestado.com\/danielmatos\/eleicoes-2018-luis-vannucci-cumpre-intensa-agenda-politica-em-sao-luis\/#primaryimage\"},\"image\":{\"@id\":\"https:\/\/www.blogsoestado.com\/danielmatos\/eleicoes-2018-luis-vannucci-cumpre-intensa-agenda-politica-em-sao-luis\/#primaryimage\"},\"thumbnailUrl\":\"https:\/\/www.blogsoestado.com\/danielmatos\/files\/2018\/04\/vannucci.jpg\",\"datePublished\":\"2018-04-19T20:18:31+00:00\",\"author\":{\"@id\":\"\"},\"breadcrumb\":{\"@id\":\"https:\/\/www.blogsoestado.com\/danielmatos\/eleicoes-2018-luis-vannucci-cumpre-intensa-agenda-politica-em-sao-luis\/#breadcrumb\"},\"inLanguage\":\"pt-BR\",\"potentialAction\":[{\"@type\":\"ReadAction\",\"target\":[\"https:\/\/www.blogsoestado.com\/danielmatos\/eleicoes-2018-luis-vannucci-cumpre-intensa-agenda-politica-em-sao-luis\/\"]}]},{\"@type\":\"ImageObject\",\"inLanguage\":\"pt-BR\",\"@id\":\"https:\/\/www.blogsoestado.com\/danielmatos\/eleicoes-2018-luis-vannucci-cumpre-intensa-agenda-politica-em-sao-luis\/#primaryimage\",\"url\":\"https:\/\/www.blogsoestado.com\/danielmatos\/files\/2018\/04\/vannucci.jpg\",\"contentUrl\":\"https:\/\/www.blogsoestado.com\/danielmatos\/files\/2018\/04\/vannucci.jpg\"},{\"@type\":\"BreadcrumbList\",\"@id\":\"https:\/\/www.blogsoestado.com\/danielmatos\/eleicoes-2018-luis-vannucci-cumpre-intensa-agenda-politica-em-sao-luis\/#breadcrumb\",\"itemListElement\":[{\"@type\":\"ListItem\",\"position\":1,\"name\":\"In\u00edcio\",\"item\":\"https:\/\/www.blogsoestado.com\/danielmatos\/\"},{\"@type\":\"ListItem\",\"position\":2,\"name\":\"Elei\u00e7\u00f5es 2018: Lu\u00eds Vannucci cumpre intensa agenda pol\u00edtica em S\u00e3o Lu\u00eds\"}]},{\"@type\":\"WebSite\",\"@id\":\"https:\/\/www.blogsoestado.com\/danielmatos\/#website\",\"url\":\"https:\/\/www.blogsoestado.com\/danielmatos\/\",\"name\":\"Daniel Matos\",\"description\":\"\",\"potentialAction\":[{\"@type\":\"SearchAction\",\"target\":{\"@type\":\"EntryPoint\",\"urlTemplate\":\"https:\/\/www.blogsoestado.com\/danielmatos\/?s={search_term_string}\"},\"query-input\":{\"@type\":\"PropertyValueSpecification\",\"valueRequired\":true,\"valueName\":\"search_term_string\"}}],\"inLanguage\":\"pt-BR\"}]}<\/script>\n<!-- \/ Yoast SEO plugin. -->","yoast_head_json":{"title":"Elei\u00e7\u00f5es 2018: Lu\u00eds Vannucci cumpre intensa agenda pol\u00edtica em S\u00e3o Lu\u00eds - Daniel Matos","robots":{"index":"index","follow":"follow","max-snippet":"max-snippet:-1","max-image-preview":"max-image-preview:large","max-video-preview":"max-video-preview:-1"},"canonical":"https:\/\/www.blogsoestado.com\/danielmatos\/eleicoes-2018-luis-vannucci-cumpre-intensa-agenda-politica-em-sao-luis\/","og_locale":"pt_BR","og_type":"article","og_title":"Elei\u00e7\u00f5es 2018: Lu\u00eds Vannucci cumpre intensa agenda pol\u00edtica em S\u00e3o Lu\u00eds - Daniel Matos","og_description":"O advogado maranhense lan\u00e7ou pr\u00e9-candidatura para deputado federal e \u00e9 visto circulando em todo o Estado em busca de apoios [&hellip;]","og_url":"https:\/\/www.blogsoestado.com\/danielmatos\/eleicoes-2018-luis-vannucci-cumpre-intensa-agenda-politica-em-sao-luis\/","og_site_name":"Daniel Matos","article_published_time":"2018-04-19T20:18:31+00:00","og_image":[{"url":"https:\/\/www.blogsoestado.com\/danielmatos\/files\/2018\/04\/vannucci.jpg","type":"","width":"","height":""}],"twitter_card":"summary_large_image","twitter_misc":{"Est. tempo de leitura":"2 minutos"},"schema":{"@context":"https:\/\/schema.org","@graph":[{"@type":"WebPage","@id":"https:\/\/www.blogsoestado.com\/danielmatos\/eleicoes-2018-luis-vannucci-cumpre-intensa-agenda-politica-em-sao-luis\/","url":"https:\/\/www.blogsoestado.com\/danielmatos\/eleicoes-2018-luis-vannucci-cumpre-intensa-agenda-politica-em-sao-luis\/","name":"Elei\u00e7\u00f5es 2018: Lu\u00eds Vannucci cumpre intensa agenda pol\u00edtica em S\u00e3o Lu\u00eds - Daniel Matos","isPartOf":{"@id":"https:\/\/www.blogsoestado.com\/danielmatos\/#website"},"primaryImageOfPage":{"@id":"https:\/\/www.blogsoestado.com\/danielmatos\/eleicoes-2018-luis-vannucci-cumpre-intensa-agenda-politica-em-sao-luis\/#primaryimage"},"image":{"@id":"https:\/\/www.blogsoestado.com\/danielmatos\/eleicoes-2018-luis-vannucci-cumpre-intensa-agenda-politica-em-sao-luis\/#primaryimage"},"thumbnailUrl":"https:\/\/www.blogsoestado.com\/danielmatos\/files\/2018\/04\/vannucci.jpg","datePublished":"2018-04-19T20:18:31+00:00","author":{"@id":""},"breadcrumb":{"@id":"https:\/\/www.blogsoestado.com\/danielmatos\/eleicoes-2018-luis-vannucci-cumpre-intensa-agenda-politica-em-sao-luis\/#breadcrumb"},"inLanguage":"pt-BR","potentialAction":[{"@type":"ReadAction","target":["https:\/\/www.blogsoestado.com\/danielmatos\/eleicoes-2018-luis-vannucci-cumpre-intensa-agenda-politica-em-sao-luis\/"]}]},{"@type":"ImageObject","inLanguage":"pt-BR","@id":"https:\/\/www.blogsoestado.com\/danielmatos\/eleicoes-2018-luis-vannucci-cumpre-intensa-agenda-politica-em-sao-luis\/#primaryimage","url":"https:\/\/www.blogsoestado.com\/danielmatos\/files\/2018\/04\/vannucci.jpg","contentUrl":"https:\/\/www.blogsoestado.com\/danielmatos\/files\/2018\/04\/vannucci.jpg"},{"@type":"BreadcrumbList","@id":"https:\/\/www.blogsoestado.com\/danielmatos\/eleicoes-2018-luis-vannucci-cumpre-intensa-agenda-politica-em-sao-luis\/#breadcrumb","itemListElement":[{"@type":"ListItem","position":1,"name":"In\u00edcio","item":"https:\/\/www.blogsoestado.com\/danielmatos\/"},{"@type":"ListItem","position":2,"name":"Elei\u00e7\u00f5es 2018: Lu\u00eds Vannucci cumpre intensa agenda pol\u00edtica em S\u00e3o Lu\u00eds"}]},{"@type":"WebSite","@id":"https:\/\/www.blogsoestado.com\/danielmatos\/#website","url":"https:\/\/www.blogsoestado.com\/danielmatos\/","name":"Daniel Matos","description":"","potentialAction":[{"@type":"SearchAction","target":{"@type":"EntryPoint","urlTemplate":"https:\/\/www.blogsoestado.com\/danielmatos\/?s={search_term_string}"},"query-input":{"@type":"PropertyValueSpecification","valueRequired":true,"valueName":"search_term_string"}}],"inLanguage":"pt-BR"}]}},"jetpack_featured_media_url":"","_links":{"self":[{"href":"https:\/\/www.blogsoestado.com\/danielmatos\/wp-json\/wp\/v2\/posts\/50571","targetHints":{"allow":["GET"]}}],"collection":[{"href":"https:\/\/www.blogsoestado.com\/danielmatos\/wp-json\/wp\/v2\/posts"}],"about":[{"href":"https:\/\/www.blogsoestado.com\/danielmatos\/wp-json\/wp\/v2\/types\/post"}],"replies":[{"embeddable":true,"href":"https:\/\/www.blogsoestado.com\/danielmatos\/wp-json\/wp\/v2\/comments?post=50571"}],"version-history":[{"count":0,"href":"https:\/\/www.blogsoestado.com\/danielmatos\/wp-json\/wp\/v2\/posts\/50571\/revisions"}],"wp:attachment":[{"href":"https:\/\/www.blogsoestado.com\/danielmatos\/wp-json\/wp\/v2\/media?parent=50571"}],"wp:term":[{"taxonomy":"category","embeddable":true,"href":"https:\/\/www.blogsoestado.com\/danielmatos\/wp-json\/wp\/v2\/categories?post=50571"},{"taxonomy":"post_tag","embeddable":true,"href":"https:\/\/www.blogsoestado.com\/danielmatos\/wp-json\/wp\/v2\/tags?post=50571"}],"curies":[{"name":"wp","href":"https:\/\/api.w.org\/{rel}","templated":true}]}}