{"id":50584,"date":"2018-04-20T10:34:13","date_gmt":"2018-04-20T13:34:13","guid":{"rendered":"https:\/\/www.blogsoestado.com\/danielmatos\/?p=50584"},"modified":"2018-04-20T10:34:13","modified_gmt":"2018-04-20T13:34:13","slug":"um-modus-operandi-sujo-utilizado-pelo-governo-comunista-diz-sousa-neto-sobre-uso-politico-da-pm","status":"publish","type":"post","link":"https:\/\/www.blogsoestado.com\/danielmatos\/um-modus-operandi-sujo-utilizado-pelo-governo-comunista-diz-sousa-neto-sobre-uso-politico-da-pm\/","title":{"rendered":"&#8220;Um modus operandi sujo utilizado pelo governo comunista&#8221;, diz Sousa Neto sobre uso pol\u00edtico da PM"},"content":{"rendered":"<figure id=\"attachment_50585\" aria-describedby=\"caption-attachment-50585\" style=\"width: 640px\" class=\"wp-caption aligncenter\"><img fetchpriority=\"high\" decoding=\"async\" class=\"size-full wp-image-50585\" src=\"https:\/\/www.blogsoestado.com\/danielmatos\/files\/2018\/04\/sousa-modus.jpg\" alt=\"\" width=\"640\" height=\"427\" \/><figcaption id=\"caption-attachment-50585\" class=\"wp-caption-text\">Deputado Sousa Neto defendeu investiga\u00e7\u00e3o urgente da den\u00fancia, para que a elei\u00e7\u00e3o n\u00e3o seja comprometida<\/figcaption><\/figure>\n<p>O deputado estadual Sousa Neto (PRP) fez grave den\u00fancia, nessa quinta-feira (19), de uso pol\u00edtico da Pol\u00edcia Militar, pelo governo de Fl\u00e1vio Dino (PCdoB), para perseguir membros da oposi\u00e7\u00e3o que possam causar problema ao plano de reelei\u00e7\u00e3o comunista.\u00a0O parlamentar revelou que batalh\u00f5es e unidades policiais, em todo o Maranh\u00e3o, est\u00e3o sendo coagidos, por determina\u00e7\u00e3o do pr\u00f3prio governador, do secret\u00e1rio Jefferson Portela e do comando da institui\u00e7\u00e3o, a informarem, conforme of\u00edcio, nomes de pol\u00edticos e lideran\u00e7as que fazem oposi\u00e7\u00e3o em todos os munic\u00edpios e regi\u00f5es.<\/p>\n<p>&#8220;Um verdadeiro absurdo!&#8221;, exclamou o parlamentar. &#8220;\u00c9 mais um esc\u00e2ndalo que trago para conhecimento de todos os maranhenses e que comprova o <em>modus operandi<\/em> sujo utilizado pelo governo comunista&#8221;, detonou.<\/p>\n<p>Para Sousa Neto, \u00e9 necess\u00e1rio e urgente que haja investiga\u00e7\u00e3o sobre esse fato; do contr\u00e1rio, comprometer\u00e1 a lisura do processo eleitoral deste ano. &#8220;N\u00e3o podemos permitir que esse governo criminoso volte a agir, como fez nas elei\u00e7\u00f5es municipais, que usou \u00e0s for\u00e7as de seguran\u00e7a para perseguir advers\u00e1rios, abusou do poder e da m\u00e1quina p\u00fablica em favor dos seus aliados.<\/p>\n<figure id=\"attachment_50578\" aria-describedby=\"caption-attachment-50578\" style=\"width: 600px\" class=\"wp-caption aligncenter\"><img decoding=\"async\" class=\"wp-image-50578\" src=\"https:\/\/www.blogsoestado.com\/danielmatos\/files\/2018\/04\/dino-estadao3.jpeg\" alt=\"\" width=\"600\" height=\"800\" \/><figcaption id=\"caption-attachment-50578\" class=\"wp-caption-text\">Memorando com ordem do comando da PM para que sejam identificadas lideran\u00e7as do interior qie possam causar embara\u00e7os ao governo na elei\u00e7\u00e3o<\/figcaption><\/figure>\n<p>O deputado anunciou que, na segunda-feira (23), far\u00e1 um pronunciamento na Assembleia Legislativa para cobrar provid\u00eancias urgentes dos \u00f3rg\u00e3os competentes e explica\u00e7\u00f5es sobre a proced\u00eancia do documento ao comando da PM. &#8220;A Pol\u00edcia Militar n\u00e3o pode ficar sob o comando de Fl\u00e1vio Dino, candidato \u00e0 reelei\u00e7\u00e3o, e nem ser usada para fazer pol\u00edtica e intimidar quem se declarar oposi\u00e7\u00e3o&#8221;, alertou.<\/p>\n","protected":false},"excerpt":{"rendered":"<p>O deputado estadual Sousa Neto (PRP) fez grave den\u00fancia, nessa quinta-feira (19), de uso pol\u00edtico da Pol\u00edcia Militar, pelo governo [&hellip;]<\/p>\n","protected":false},"author":0,"featured_media":0,"comment_status":"open","ping_status":"open","sticky":false,"template":"","format":"standard","meta":{"site-sidebar-layout":"default","site-content-layout":"","ast-site-content-layout":"default","site-content-style":"default","site-sidebar-style":"default","ast-global-header-display":"","ast-banner-title-visibility":"","ast-main-header-display":"","ast-hfb-above-header-display":"","ast-hfb-below-header-display":"","ast-hfb-mobile-header-display":"","site-post-title":"","ast-breadcrumbs-content":"","ast-featured-img":"","footer-sml-layout":"","ast-disable-related-posts":"","theme-transparent-header-meta":"","adv-header-id-meta":"","stick-header-meta":"","header-above-stick-meta":"","header-main-stick-meta":"","header-below-stick-meta":"","astra-migrate-meta-layouts":"default","ast-page-background-enabled":"default","ast-page-background-meta":{"desktop":{"background-color":"var(--ast-global-color-5)","background-image":"","background-repeat":"repeat","background-position":"center center","background-size":"auto","background-attachment":"scroll","background-type":"","background-media":"","overlay-type":"","overlay-color":"","overlay-opacity":"","overlay-gradient":""},"tablet":{"background-color":"","background-image":"","background-repeat":"repeat","background-position":"center center","background-size":"auto","background-attachment":"scroll","background-type":"","background-media":"","overlay-type":"","overlay-color":"","overlay-opacity":"","overlay-gradient":""},"mobile":{"background-color":"","background-image":"","background-repeat":"repeat","background-position":"center center","background-size":"auto","background-attachment":"scroll","background-type":"","background-media":"","overlay-type":"","overlay-color":"","overlay-opacity":"","overlay-gradient":""}},"ast-content-background-meta":{"desktop":{"background-color":"var(--ast-global-color-4)","background-image":"","background-repeat":"repeat","background-position":"center center","background-size":"auto","background-attachment":"scroll","background-type":"","background-media":"","overlay-type":"","overlay-color":"","overlay-opacity":"","overlay-gradient":""},"tablet":{"background-color":"var(--ast-global-color-4)","background-image":"","background-repeat":"repeat","background-position":"center center","background-size":"auto","background-attachment":"scroll","background-type":"","background-media":"","overlay-type":"","overlay-color":"","overlay-opacity":"","overlay-gradient":""},"mobile":{"background-color":"var(--ast-global-color-4)","background-image":"","background-repeat":"repeat","background-position":"center center","background-size":"auto","background-attachment":"scroll","background-type":"","background-media":"","overlay-type":"","overlay-color":"","overlay-opacity":"","overlay-gradient":""}},"footnotes":""},"categories":[1],"tags":[],"class_list":["post-50584","post","type-post","status-publish","format-standard","hentry","category-sem-categoria"],"yoast_head":"<!-- This site is optimized with the Yoast SEO plugin v26.6 - https:\/\/yoast.com\/wordpress\/plugins\/seo\/ -->\n<title>&quot;Um modus operandi sujo utilizado pelo governo comunista&quot;, diz Sousa Neto sobre uso pol\u00edtico da PM - Daniel Matos<\/title>\n<meta name=\"robots\" content=\"index, follow, max-snippet:-1, max-image-preview:large, max-video-preview:-1\" \/>\n<link rel=\"canonical\" href=\"https:\/\/www.blogsoestado.com\/danielmatos\/um-modus-operandi-sujo-utilizado-pelo-governo-comunista-diz-sousa-neto-sobre-uso-politico-da-pm\/\" \/>\n<meta property=\"og:locale\" content=\"pt_BR\" \/>\n<meta property=\"og:type\" content=\"article\" \/>\n<meta property=\"og:title\" content=\"&quot;Um modus operandi sujo utilizado pelo governo comunista&quot;, diz Sousa Neto sobre uso pol\u00edtico da PM - Daniel Matos\" \/>\n<meta property=\"og:description\" content=\"O deputado estadual Sousa Neto (PRP) fez grave den\u00fancia, nessa quinta-feira (19), de uso pol\u00edtico da Pol\u00edcia Militar, pelo governo [&hellip;]\" \/>\n<meta property=\"og:url\" content=\"https:\/\/www.blogsoestado.com\/danielmatos\/um-modus-operandi-sujo-utilizado-pelo-governo-comunista-diz-sousa-neto-sobre-uso-politico-da-pm\/\" \/>\n<meta property=\"og:site_name\" content=\"Daniel Matos\" \/>\n<meta property=\"article:published_time\" content=\"2018-04-20T13:34:13+00:00\" \/>\n<meta property=\"og:image\" content=\"https:\/\/www.blogsoestado.com\/danielmatos\/files\/2018\/04\/sousa-modus.jpg\" \/>\n<meta name=\"twitter:card\" content=\"summary_large_image\" \/>\n<meta name=\"twitter:label1\" content=\"Est. tempo de leitura\" \/>\n\t<meta name=\"twitter:data1\" content=\"2 minutos\" \/>\n<script type=\"application\/ld+json\" class=\"yoast-schema-graph\">{\"@context\":\"https:\/\/schema.org\",\"@graph\":[{\"@type\":\"WebPage\",\"@id\":\"https:\/\/www.blogsoestado.com\/danielmatos\/um-modus-operandi-sujo-utilizado-pelo-governo-comunista-diz-sousa-neto-sobre-uso-politico-da-pm\/\",\"url\":\"https:\/\/www.blogsoestado.com\/danielmatos\/um-modus-operandi-sujo-utilizado-pelo-governo-comunista-diz-sousa-neto-sobre-uso-politico-da-pm\/\",\"name\":\"\\\"Um modus operandi sujo utilizado pelo governo comunista\\\", diz Sousa Neto sobre uso pol\u00edtico da PM - Daniel Matos\",\"isPartOf\":{\"@id\":\"https:\/\/www.blogsoestado.com\/danielmatos\/#website\"},\"primaryImageOfPage\":{\"@id\":\"https:\/\/www.blogsoestado.com\/danielmatos\/um-modus-operandi-sujo-utilizado-pelo-governo-comunista-diz-sousa-neto-sobre-uso-politico-da-pm\/#primaryimage\"},\"image\":{\"@id\":\"https:\/\/www.blogsoestado.com\/danielmatos\/um-modus-operandi-sujo-utilizado-pelo-governo-comunista-diz-sousa-neto-sobre-uso-politico-da-pm\/#primaryimage\"},\"thumbnailUrl\":\"https:\/\/www.blogsoestado.com\/danielmatos\/files\/2018\/04\/sousa-modus.jpg\",\"datePublished\":\"2018-04-20T13:34:13+00:00\",\"author\":{\"@id\":\"\"},\"breadcrumb\":{\"@id\":\"https:\/\/www.blogsoestado.com\/danielmatos\/um-modus-operandi-sujo-utilizado-pelo-governo-comunista-diz-sousa-neto-sobre-uso-politico-da-pm\/#breadcrumb\"},\"inLanguage\":\"pt-BR\",\"potentialAction\":[{\"@type\":\"ReadAction\",\"target\":[\"https:\/\/www.blogsoestado.com\/danielmatos\/um-modus-operandi-sujo-utilizado-pelo-governo-comunista-diz-sousa-neto-sobre-uso-politico-da-pm\/\"]}]},{\"@type\":\"ImageObject\",\"inLanguage\":\"pt-BR\",\"@id\":\"https:\/\/www.blogsoestado.com\/danielmatos\/um-modus-operandi-sujo-utilizado-pelo-governo-comunista-diz-sousa-neto-sobre-uso-politico-da-pm\/#primaryimage\",\"url\":\"https:\/\/www.blogsoestado.com\/danielmatos\/files\/2018\/04\/sousa-modus.jpg\",\"contentUrl\":\"https:\/\/www.blogsoestado.com\/danielmatos\/files\/2018\/04\/sousa-modus.jpg\"},{\"@type\":\"BreadcrumbList\",\"@id\":\"https:\/\/www.blogsoestado.com\/danielmatos\/um-modus-operandi-sujo-utilizado-pelo-governo-comunista-diz-sousa-neto-sobre-uso-politico-da-pm\/#breadcrumb\",\"itemListElement\":[{\"@type\":\"ListItem\",\"position\":1,\"name\":\"In\u00edcio\",\"item\":\"https:\/\/www.blogsoestado.com\/danielmatos\/\"},{\"@type\":\"ListItem\",\"position\":2,\"name\":\"&#8220;Um modus operandi sujo utilizado pelo governo comunista&#8221;, diz Sousa Neto sobre uso pol\u00edtico da PM\"}]},{\"@type\":\"WebSite\",\"@id\":\"https:\/\/www.blogsoestado.com\/danielmatos\/#website\",\"url\":\"https:\/\/www.blogsoestado.com\/danielmatos\/\",\"name\":\"Daniel Matos\",\"description\":\"\",\"potentialAction\":[{\"@type\":\"SearchAction\",\"target\":{\"@type\":\"EntryPoint\",\"urlTemplate\":\"https:\/\/www.blogsoestado.com\/danielmatos\/?s={search_term_string}\"},\"query-input\":{\"@type\":\"PropertyValueSpecification\",\"valueRequired\":true,\"valueName\":\"search_term_string\"}}],\"inLanguage\":\"pt-BR\"}]}<\/script>\n<!-- \/ Yoast SEO plugin. -->","yoast_head_json":{"title":"\"Um modus operandi sujo utilizado pelo governo comunista\", diz Sousa Neto sobre uso pol\u00edtico da PM - Daniel Matos","robots":{"index":"index","follow":"follow","max-snippet":"max-snippet:-1","max-image-preview":"max-image-preview:large","max-video-preview":"max-video-preview:-1"},"canonical":"https:\/\/www.blogsoestado.com\/danielmatos\/um-modus-operandi-sujo-utilizado-pelo-governo-comunista-diz-sousa-neto-sobre-uso-politico-da-pm\/","og_locale":"pt_BR","og_type":"article","og_title":"\"Um modus operandi sujo utilizado pelo governo comunista\", diz Sousa Neto sobre uso pol\u00edtico da PM - Daniel Matos","og_description":"O deputado estadual Sousa Neto (PRP) fez grave den\u00fancia, nessa quinta-feira (19), de uso pol\u00edtico da Pol\u00edcia Militar, pelo governo [&hellip;]","og_url":"https:\/\/www.blogsoestado.com\/danielmatos\/um-modus-operandi-sujo-utilizado-pelo-governo-comunista-diz-sousa-neto-sobre-uso-politico-da-pm\/","og_site_name":"Daniel Matos","article_published_time":"2018-04-20T13:34:13+00:00","og_image":[{"url":"https:\/\/www.blogsoestado.com\/danielmatos\/files\/2018\/04\/sousa-modus.jpg","type":"","width":"","height":""}],"twitter_card":"summary_large_image","twitter_misc":{"Est. tempo de leitura":"2 minutos"},"schema":{"@context":"https:\/\/schema.org","@graph":[{"@type":"WebPage","@id":"https:\/\/www.blogsoestado.com\/danielmatos\/um-modus-operandi-sujo-utilizado-pelo-governo-comunista-diz-sousa-neto-sobre-uso-politico-da-pm\/","url":"https:\/\/www.blogsoestado.com\/danielmatos\/um-modus-operandi-sujo-utilizado-pelo-governo-comunista-diz-sousa-neto-sobre-uso-politico-da-pm\/","name":"\"Um modus operandi sujo utilizado pelo governo comunista\", diz Sousa Neto sobre uso pol\u00edtico da PM - Daniel Matos","isPartOf":{"@id":"https:\/\/www.blogsoestado.com\/danielmatos\/#website"},"primaryImageOfPage":{"@id":"https:\/\/www.blogsoestado.com\/danielmatos\/um-modus-operandi-sujo-utilizado-pelo-governo-comunista-diz-sousa-neto-sobre-uso-politico-da-pm\/#primaryimage"},"image":{"@id":"https:\/\/www.blogsoestado.com\/danielmatos\/um-modus-operandi-sujo-utilizado-pelo-governo-comunista-diz-sousa-neto-sobre-uso-politico-da-pm\/#primaryimage"},"thumbnailUrl":"https:\/\/www.blogsoestado.com\/danielmatos\/files\/2018\/04\/sousa-modus.jpg","datePublished":"2018-04-20T13:34:13+00:00","author":{"@id":""},"breadcrumb":{"@id":"https:\/\/www.blogsoestado.com\/danielmatos\/um-modus-operandi-sujo-utilizado-pelo-governo-comunista-diz-sousa-neto-sobre-uso-politico-da-pm\/#breadcrumb"},"inLanguage":"pt-BR","potentialAction":[{"@type":"ReadAction","target":["https:\/\/www.blogsoestado.com\/danielmatos\/um-modus-operandi-sujo-utilizado-pelo-governo-comunista-diz-sousa-neto-sobre-uso-politico-da-pm\/"]}]},{"@type":"ImageObject","inLanguage":"pt-BR","@id":"https:\/\/www.blogsoestado.com\/danielmatos\/um-modus-operandi-sujo-utilizado-pelo-governo-comunista-diz-sousa-neto-sobre-uso-politico-da-pm\/#primaryimage","url":"https:\/\/www.blogsoestado.com\/danielmatos\/files\/2018\/04\/sousa-modus.jpg","contentUrl":"https:\/\/www.blogsoestado.com\/danielmatos\/files\/2018\/04\/sousa-modus.jpg"},{"@type":"BreadcrumbList","@id":"https:\/\/www.blogsoestado.com\/danielmatos\/um-modus-operandi-sujo-utilizado-pelo-governo-comunista-diz-sousa-neto-sobre-uso-politico-da-pm\/#breadcrumb","itemListElement":[{"@type":"ListItem","position":1,"name":"In\u00edcio","item":"https:\/\/www.blogsoestado.com\/danielmatos\/"},{"@type":"ListItem","position":2,"name":"&#8220;Um modus operandi sujo utilizado pelo governo comunista&#8221;, diz Sousa Neto sobre uso pol\u00edtico da PM"}]},{"@type":"WebSite","@id":"https:\/\/www.blogsoestado.com\/danielmatos\/#website","url":"https:\/\/www.blogsoestado.com\/danielmatos\/","name":"Daniel Matos","description":"","potentialAction":[{"@type":"SearchAction","target":{"@type":"EntryPoint","urlTemplate":"https:\/\/www.blogsoestado.com\/danielmatos\/?s={search_term_string}"},"query-input":{"@type":"PropertyValueSpecification","valueRequired":true,"valueName":"search_term_string"}}],"inLanguage":"pt-BR"}]}},"jetpack_featured_media_url":"","_links":{"self":[{"href":"https:\/\/www.blogsoestado.com\/danielmatos\/wp-json\/wp\/v2\/posts\/50584","targetHints":{"allow":["GET"]}}],"collection":[{"href":"https:\/\/www.blogsoestado.com\/danielmatos\/wp-json\/wp\/v2\/posts"}],"about":[{"href":"https:\/\/www.blogsoestado.com\/danielmatos\/wp-json\/wp\/v2\/types\/post"}],"replies":[{"embeddable":true,"href":"https:\/\/www.blogsoestado.com\/danielmatos\/wp-json\/wp\/v2\/comments?post=50584"}],"version-history":[{"count":0,"href":"https:\/\/www.blogsoestado.com\/danielmatos\/wp-json\/wp\/v2\/posts\/50584\/revisions"}],"wp:attachment":[{"href":"https:\/\/www.blogsoestado.com\/danielmatos\/wp-json\/wp\/v2\/media?parent=50584"}],"wp:term":[{"taxonomy":"category","embeddable":true,"href":"https:\/\/www.blogsoestado.com\/danielmatos\/wp-json\/wp\/v2\/categories?post=50584"},{"taxonomy":"post_tag","embeddable":true,"href":"https:\/\/www.blogsoestado.com\/danielmatos\/wp-json\/wp\/v2\/tags?post=50584"}],"curies":[{"name":"wp","href":"https:\/\/api.w.org\/{rel}","templated":true}]}}