{"id":50589,"date":"2018-04-20T11:27:29","date_gmt":"2018-04-20T14:27:29","guid":{"rendered":"https:\/\/www.blogsoestado.com\/danielmatos\/?p=50589"},"modified":"2018-04-20T11:27:29","modified_gmt":"2018-04-20T14:27:29","slug":"em-nota-universidade-ceuma-informa-que-evento-contrario-aos-direitos-humanos-nao-ocorrera-em-suas-instalacoes","status":"publish","type":"post","link":"https:\/\/www.blogsoestado.com\/danielmatos\/em-nota-universidade-ceuma-informa-que-evento-contrario-aos-direitos-humanos-nao-ocorrera-em-suas-instalacoes\/","title":{"rendered":"Em nota, Universidade Ceuma informa que evento contr\u00e1rio aos direitos humanos n\u00e3o ocorrer\u00e1 em suas instala\u00e7\u00f5es"},"content":{"rendered":"<figure id=\"attachment_50322\" aria-describedby=\"caption-attachment-50322\" style=\"width: 448px\" class=\"wp-caption alignright\"><img fetchpriority=\"high\" decoding=\"async\" class=\"size-full wp-image-50322\" src=\"https:\/\/www.blogsoestado.com\/danielmatos\/files\/2018\/04\/selo-ceuma.jpg\" alt=\"\" width=\"448\" height=\"224\" \/><figcaption id=\"caption-attachment-50322\" class=\"wp-caption-text\">Universidade Ceuma n\u00e3o permitiu realiza\u00e7\u00e3o da atividade de cunho ideol\u00f3gico em suas instala\u00e7\u00f5es<\/figcaption><\/figure>\n<p>Em nota de esclarecimento subscrita por sua Reitoria, a Universidade Ceuma informa que a atividade &#8220;Os Falsos M\u00e1rtires da Teologia da Liberta\u00e7\u00e3o&#8221;, idealizada pelo grupo Expresso Livre, n\u00e3o foi autorizada pela institui\u00e7\u00e3o e n\u00e3o ser\u00e1 realizada em suas instala\u00e7\u00f5es.<\/p>\n<p>A Universidade Ceuma anuncia que todos os detalhes da divulga\u00e7\u00e3o da atividade envolvendo o seu nome, sem a devida autoriza\u00e7\u00e3o, ser\u00e3o levantados, para que sejam tomadas as medidas cab\u00edveis.<\/p>\n<p>A institui\u00e7\u00e3o observou que repudia toda e qualquer manifesta\u00e7\u00e3o contr\u00e1ria aos direitos humanos e ao exerc\u00edcio da cidadania.Abaixo, a nota, na \u00edntegra:<\/p>\n<p><img decoding=\"async\" class=\"aligncenter size-full wp-image-50590\" src=\"https:\/\/www.blogsoestado.com\/danielmatos\/files\/2018\/04\/nota-esclarecimento-ceuma.jpg\" alt=\"\" width=\"480\" height=\"635\" \/><\/p>\n","protected":false},"excerpt":{"rendered":"<p>Em nota de esclarecimento subscrita por sua Reitoria, a Universidade Ceuma informa que a atividade &#8220;Os Falsos M\u00e1rtires da Teologia [&hellip;]<\/p>\n","protected":false},"author":0,"featured_media":0,"comment_status":"open","ping_status":"open","sticky":false,"template":"","format":"standard","meta":{"site-sidebar-layout":"default","site-content-layout":"","ast-site-content-layout":"default","site-content-style":"default","site-sidebar-style":"default","ast-global-header-display":"","ast-banner-title-visibility":"","ast-main-header-display":"","ast-hfb-above-header-display":"","ast-hfb-below-header-display":"","ast-hfb-mobile-header-display":"","site-post-title":"","ast-breadcrumbs-content":"","ast-featured-img":"","footer-sml-layout":"","ast-disable-related-posts":"","theme-transparent-header-meta":"","adv-header-id-meta":"","stick-header-meta":"","header-above-stick-meta":"","header-main-stick-meta":"","header-below-stick-meta":"","astra-migrate-meta-layouts":"default","ast-page-background-enabled":"default","ast-page-background-meta":{"desktop":{"background-color":"var(--ast-global-color-5)","background-image":"","background-repeat":"repeat","background-position":"center center","background-size":"auto","background-attachment":"scroll","background-type":"","background-media":"","overlay-type":"","overlay-color":"","overlay-opacity":"","overlay-gradient":""},"tablet":{"background-color":"","background-image":"","background-repeat":"repeat","background-position":"center center","background-size":"auto","background-attachment":"scroll","background-type":"","background-media":"","overlay-type":"","overlay-color":"","overlay-opacity":"","overlay-gradient":""},"mobile":{"background-color":"","background-image":"","background-repeat":"repeat","background-position":"center center","background-size":"auto","background-attachment":"scroll","background-type":"","background-media":"","overlay-type":"","overlay-color":"","overlay-opacity":"","overlay-gradient":""}},"ast-content-background-meta":{"desktop":{"background-color":"var(--ast-global-color-4)","background-image":"","background-repeat":"repeat","background-position":"center center","background-size":"auto","background-attachment":"scroll","background-type":"","background-media":"","overlay-type":"","overlay-color":"","overlay-opacity":"","overlay-gradient":""},"tablet":{"background-color":"var(--ast-global-color-4)","background-image":"","background-repeat":"repeat","background-position":"center center","background-size":"auto","background-attachment":"scroll","background-type":"","background-media":"","overlay-type":"","overlay-color":"","overlay-opacity":"","overlay-gradient":""},"mobile":{"background-color":"var(--ast-global-color-4)","background-image":"","background-repeat":"repeat","background-position":"center center","background-size":"auto","background-attachment":"scroll","background-type":"","background-media":"","overlay-type":"","overlay-color":"","overlay-opacity":"","overlay-gradient":""}},"footnotes":""},"categories":[1],"tags":[],"class_list":["post-50589","post","type-post","status-publish","format-standard","hentry","category-sem-categoria"],"yoast_head":"<!-- This site is optimized with the Yoast SEO plugin v26.6 - https:\/\/yoast.com\/wordpress\/plugins\/seo\/ -->\n<title>Em nota, Universidade Ceuma informa que evento contr\u00e1rio aos direitos humanos n\u00e3o ocorrer\u00e1 em suas instala\u00e7\u00f5es - Daniel Matos<\/title>\n<meta name=\"robots\" content=\"index, follow, max-snippet:-1, max-image-preview:large, max-video-preview:-1\" \/>\n<link rel=\"canonical\" href=\"https:\/\/www.blogsoestado.com\/danielmatos\/em-nota-universidade-ceuma-informa-que-evento-contrario-aos-direitos-humanos-nao-ocorrera-em-suas-instalacoes\/\" \/>\n<meta property=\"og:locale\" content=\"pt_BR\" \/>\n<meta property=\"og:type\" content=\"article\" \/>\n<meta property=\"og:title\" content=\"Em nota, Universidade Ceuma informa que evento contr\u00e1rio aos direitos humanos n\u00e3o ocorrer\u00e1 em suas instala\u00e7\u00f5es - Daniel Matos\" \/>\n<meta property=\"og:description\" content=\"Em nota de esclarecimento subscrita por sua Reitoria, a Universidade Ceuma informa que a atividade &#8220;Os Falsos M\u00e1rtires da Teologia [&hellip;]\" \/>\n<meta property=\"og:url\" content=\"https:\/\/www.blogsoestado.com\/danielmatos\/em-nota-universidade-ceuma-informa-que-evento-contrario-aos-direitos-humanos-nao-ocorrera-em-suas-instalacoes\/\" \/>\n<meta property=\"og:site_name\" content=\"Daniel Matos\" \/>\n<meta property=\"article:published_time\" content=\"2018-04-20T14:27:29+00:00\" \/>\n<meta property=\"og:image\" content=\"https:\/\/www.blogsoestado.com\/danielmatos\/files\/2018\/04\/selo-ceuma.jpg\" \/>\n<meta name=\"twitter:card\" content=\"summary_large_image\" \/>\n<meta name=\"twitter:label1\" content=\"Est. tempo de leitura\" \/>\n\t<meta name=\"twitter:data1\" content=\"1 minuto\" \/>\n<script type=\"application\/ld+json\" class=\"yoast-schema-graph\">{\"@context\":\"https:\/\/schema.org\",\"@graph\":[{\"@type\":\"WebPage\",\"@id\":\"https:\/\/www.blogsoestado.com\/danielmatos\/em-nota-universidade-ceuma-informa-que-evento-contrario-aos-direitos-humanos-nao-ocorrera-em-suas-instalacoes\/\",\"url\":\"https:\/\/www.blogsoestado.com\/danielmatos\/em-nota-universidade-ceuma-informa-que-evento-contrario-aos-direitos-humanos-nao-ocorrera-em-suas-instalacoes\/\",\"name\":\"Em nota, Universidade Ceuma informa que evento contr\u00e1rio aos direitos humanos n\u00e3o ocorrer\u00e1 em suas instala\u00e7\u00f5es - Daniel Matos\",\"isPartOf\":{\"@id\":\"https:\/\/www.blogsoestado.com\/danielmatos\/#website\"},\"primaryImageOfPage\":{\"@id\":\"https:\/\/www.blogsoestado.com\/danielmatos\/em-nota-universidade-ceuma-informa-que-evento-contrario-aos-direitos-humanos-nao-ocorrera-em-suas-instalacoes\/#primaryimage\"},\"image\":{\"@id\":\"https:\/\/www.blogsoestado.com\/danielmatos\/em-nota-universidade-ceuma-informa-que-evento-contrario-aos-direitos-humanos-nao-ocorrera-em-suas-instalacoes\/#primaryimage\"},\"thumbnailUrl\":\"https:\/\/www.blogsoestado.com\/danielmatos\/files\/2018\/04\/selo-ceuma.jpg\",\"datePublished\":\"2018-04-20T14:27:29+00:00\",\"author\":{\"@id\":\"\"},\"breadcrumb\":{\"@id\":\"https:\/\/www.blogsoestado.com\/danielmatos\/em-nota-universidade-ceuma-informa-que-evento-contrario-aos-direitos-humanos-nao-ocorrera-em-suas-instalacoes\/#breadcrumb\"},\"inLanguage\":\"pt-BR\",\"potentialAction\":[{\"@type\":\"ReadAction\",\"target\":[\"https:\/\/www.blogsoestado.com\/danielmatos\/em-nota-universidade-ceuma-informa-que-evento-contrario-aos-direitos-humanos-nao-ocorrera-em-suas-instalacoes\/\"]}]},{\"@type\":\"ImageObject\",\"inLanguage\":\"pt-BR\",\"@id\":\"https:\/\/www.blogsoestado.com\/danielmatos\/em-nota-universidade-ceuma-informa-que-evento-contrario-aos-direitos-humanos-nao-ocorrera-em-suas-instalacoes\/#primaryimage\",\"url\":\"https:\/\/www.blogsoestado.com\/danielmatos\/files\/2018\/04\/selo-ceuma.jpg\",\"contentUrl\":\"https:\/\/www.blogsoestado.com\/danielmatos\/files\/2018\/04\/selo-ceuma.jpg\"},{\"@type\":\"BreadcrumbList\",\"@id\":\"https:\/\/www.blogsoestado.com\/danielmatos\/em-nota-universidade-ceuma-informa-que-evento-contrario-aos-direitos-humanos-nao-ocorrera-em-suas-instalacoes\/#breadcrumb\",\"itemListElement\":[{\"@type\":\"ListItem\",\"position\":1,\"name\":\"In\u00edcio\",\"item\":\"https:\/\/www.blogsoestado.com\/danielmatos\/\"},{\"@type\":\"ListItem\",\"position\":2,\"name\":\"Em nota, Universidade Ceuma informa que evento contr\u00e1rio aos direitos humanos n\u00e3o ocorrer\u00e1 em suas instala\u00e7\u00f5es\"}]},{\"@type\":\"WebSite\",\"@id\":\"https:\/\/www.blogsoestado.com\/danielmatos\/#website\",\"url\":\"https:\/\/www.blogsoestado.com\/danielmatos\/\",\"name\":\"Daniel Matos\",\"description\":\"\",\"potentialAction\":[{\"@type\":\"SearchAction\",\"target\":{\"@type\":\"EntryPoint\",\"urlTemplate\":\"https:\/\/www.blogsoestado.com\/danielmatos\/?s={search_term_string}\"},\"query-input\":{\"@type\":\"PropertyValueSpecification\",\"valueRequired\":true,\"valueName\":\"search_term_string\"}}],\"inLanguage\":\"pt-BR\"}]}<\/script>\n<!-- \/ Yoast SEO plugin. -->","yoast_head_json":{"title":"Em nota, Universidade Ceuma informa que evento contr\u00e1rio aos direitos humanos n\u00e3o ocorrer\u00e1 em suas instala\u00e7\u00f5es - Daniel Matos","robots":{"index":"index","follow":"follow","max-snippet":"max-snippet:-1","max-image-preview":"max-image-preview:large","max-video-preview":"max-video-preview:-1"},"canonical":"https:\/\/www.blogsoestado.com\/danielmatos\/em-nota-universidade-ceuma-informa-que-evento-contrario-aos-direitos-humanos-nao-ocorrera-em-suas-instalacoes\/","og_locale":"pt_BR","og_type":"article","og_title":"Em nota, Universidade Ceuma informa que evento contr\u00e1rio aos direitos humanos n\u00e3o ocorrer\u00e1 em suas instala\u00e7\u00f5es - Daniel Matos","og_description":"Em nota de esclarecimento subscrita por sua Reitoria, a Universidade Ceuma informa que a atividade &#8220;Os Falsos M\u00e1rtires da Teologia [&hellip;]","og_url":"https:\/\/www.blogsoestado.com\/danielmatos\/em-nota-universidade-ceuma-informa-que-evento-contrario-aos-direitos-humanos-nao-ocorrera-em-suas-instalacoes\/","og_site_name":"Daniel Matos","article_published_time":"2018-04-20T14:27:29+00:00","og_image":[{"url":"https:\/\/www.blogsoestado.com\/danielmatos\/files\/2018\/04\/selo-ceuma.jpg","type":"","width":"","height":""}],"twitter_card":"summary_large_image","twitter_misc":{"Est. tempo de leitura":"1 minuto"},"schema":{"@context":"https:\/\/schema.org","@graph":[{"@type":"WebPage","@id":"https:\/\/www.blogsoestado.com\/danielmatos\/em-nota-universidade-ceuma-informa-que-evento-contrario-aos-direitos-humanos-nao-ocorrera-em-suas-instalacoes\/","url":"https:\/\/www.blogsoestado.com\/danielmatos\/em-nota-universidade-ceuma-informa-que-evento-contrario-aos-direitos-humanos-nao-ocorrera-em-suas-instalacoes\/","name":"Em nota, Universidade Ceuma informa que evento contr\u00e1rio aos direitos humanos n\u00e3o ocorrer\u00e1 em suas instala\u00e7\u00f5es - Daniel Matos","isPartOf":{"@id":"https:\/\/www.blogsoestado.com\/danielmatos\/#website"},"primaryImageOfPage":{"@id":"https:\/\/www.blogsoestado.com\/danielmatos\/em-nota-universidade-ceuma-informa-que-evento-contrario-aos-direitos-humanos-nao-ocorrera-em-suas-instalacoes\/#primaryimage"},"image":{"@id":"https:\/\/www.blogsoestado.com\/danielmatos\/em-nota-universidade-ceuma-informa-que-evento-contrario-aos-direitos-humanos-nao-ocorrera-em-suas-instalacoes\/#primaryimage"},"thumbnailUrl":"https:\/\/www.blogsoestado.com\/danielmatos\/files\/2018\/04\/selo-ceuma.jpg","datePublished":"2018-04-20T14:27:29+00:00","author":{"@id":""},"breadcrumb":{"@id":"https:\/\/www.blogsoestado.com\/danielmatos\/em-nota-universidade-ceuma-informa-que-evento-contrario-aos-direitos-humanos-nao-ocorrera-em-suas-instalacoes\/#breadcrumb"},"inLanguage":"pt-BR","potentialAction":[{"@type":"ReadAction","target":["https:\/\/www.blogsoestado.com\/danielmatos\/em-nota-universidade-ceuma-informa-que-evento-contrario-aos-direitos-humanos-nao-ocorrera-em-suas-instalacoes\/"]}]},{"@type":"ImageObject","inLanguage":"pt-BR","@id":"https:\/\/www.blogsoestado.com\/danielmatos\/em-nota-universidade-ceuma-informa-que-evento-contrario-aos-direitos-humanos-nao-ocorrera-em-suas-instalacoes\/#primaryimage","url":"https:\/\/www.blogsoestado.com\/danielmatos\/files\/2018\/04\/selo-ceuma.jpg","contentUrl":"https:\/\/www.blogsoestado.com\/danielmatos\/files\/2018\/04\/selo-ceuma.jpg"},{"@type":"BreadcrumbList","@id":"https:\/\/www.blogsoestado.com\/danielmatos\/em-nota-universidade-ceuma-informa-que-evento-contrario-aos-direitos-humanos-nao-ocorrera-em-suas-instalacoes\/#breadcrumb","itemListElement":[{"@type":"ListItem","position":1,"name":"In\u00edcio","item":"https:\/\/www.blogsoestado.com\/danielmatos\/"},{"@type":"ListItem","position":2,"name":"Em nota, Universidade Ceuma informa que evento contr\u00e1rio aos direitos humanos n\u00e3o ocorrer\u00e1 em suas instala\u00e7\u00f5es"}]},{"@type":"WebSite","@id":"https:\/\/www.blogsoestado.com\/danielmatos\/#website","url":"https:\/\/www.blogsoestado.com\/danielmatos\/","name":"Daniel Matos","description":"","potentialAction":[{"@type":"SearchAction","target":{"@type":"EntryPoint","urlTemplate":"https:\/\/www.blogsoestado.com\/danielmatos\/?s={search_term_string}"},"query-input":{"@type":"PropertyValueSpecification","valueRequired":true,"valueName":"search_term_string"}}],"inLanguage":"pt-BR"}]}},"jetpack_featured_media_url":"","_links":{"self":[{"href":"https:\/\/www.blogsoestado.com\/danielmatos\/wp-json\/wp\/v2\/posts\/50589","targetHints":{"allow":["GET"]}}],"collection":[{"href":"https:\/\/www.blogsoestado.com\/danielmatos\/wp-json\/wp\/v2\/posts"}],"about":[{"href":"https:\/\/www.blogsoestado.com\/danielmatos\/wp-json\/wp\/v2\/types\/post"}],"replies":[{"embeddable":true,"href":"https:\/\/www.blogsoestado.com\/danielmatos\/wp-json\/wp\/v2\/comments?post=50589"}],"version-history":[{"count":0,"href":"https:\/\/www.blogsoestado.com\/danielmatos\/wp-json\/wp\/v2\/posts\/50589\/revisions"}],"wp:attachment":[{"href":"https:\/\/www.blogsoestado.com\/danielmatos\/wp-json\/wp\/v2\/media?parent=50589"}],"wp:term":[{"taxonomy":"category","embeddable":true,"href":"https:\/\/www.blogsoestado.com\/danielmatos\/wp-json\/wp\/v2\/categories?post=50589"},{"taxonomy":"post_tag","embeddable":true,"href":"https:\/\/www.blogsoestado.com\/danielmatos\/wp-json\/wp\/v2\/tags?post=50589"}],"curies":[{"name":"wp","href":"https:\/\/api.w.org\/{rel}","templated":true}]}}