{"id":50592,"date":"2018-04-20T11:39:00","date_gmt":"2018-04-20T14:39:00","guid":{"rendered":"https:\/\/www.blogsoestado.com\/danielmatos\/?p=50592"},"modified":"2018-04-20T11:39:00","modified_gmt":"2018-04-20T14:39:00","slug":"astro-de-ogum-convoca-eleicao-da-camara-municipal-para-8-de-agosto","status":"publish","type":"post","link":"https:\/\/www.blogsoestado.com\/danielmatos\/astro-de-ogum-convoca-eleicao-da-camara-municipal-para-8-de-agosto\/","title":{"rendered":"Astro de Ogum convoca elei\u00e7\u00e3o da C\u00e2mara Municipal para 8 de agosto"},"content":{"rendered":"<figure id=\"attachment_50500\" aria-describedby=\"caption-attachment-50500\" style=\"width: 448px\" class=\"wp-caption alignleft\"><img fetchpriority=\"high\" decoding=\"async\" class=\"size-full wp-image-50500\" src=\"https:\/\/www.blogsoestado.com\/danielmatos\/files\/2018\/04\/astro-vice.jpg\" alt=\"\" width=\"448\" height=\"298\" \/><figcaption id=\"caption-attachment-50500\" class=\"wp-caption-text\">Astro fez divulgar edital com regras e prazos da elei\u00e7\u00e3o para a Mesa Diretora da C\u00e2mara<\/figcaption><\/figure>\n<p>O presidente da C\u00e2mara Municipal de S\u00e3o Luis, Astro de Ogum (PR), lan\u00e7ou edital convocando elei\u00e7\u00e3o para a Mesa Diretora daquele poder para o pr\u00f3ximo dia 8 de agosto. O pleito no Legislaivo Municipal de S\u00e3o Luis est\u00e1 judicializado.<\/p>\n<p>Quando terminou seu \u00faltimo mandato como presidente daquela Casa, o vereador Isa\u00edas Pereirinha (PSL), apresentou projeto extinguindo a reelei\u00e7\u00e3o para os membros da Mesa, dentro de uma mesma legislatura. Ocorre que, agora, o PSL entrou com a\u00e7\u00e3o judicial para revogar tal decis\u00e3o, sob o argumento de que a mat\u00e9ria apresentada por Pereirinha, na \u00e9poca foi aprovada de forma equivocada, pela falta de interst\u00edcio entre primeira e segunda vota\u00e7\u00e3o.<\/p>\n<p>O PTB recorreu e o desembargador Jamil Gedeon manteve a proibi\u00e7\u00e3o da reelei\u00e7\u00e3o, de forma monocr\u00e1tica e determinou que o presidente da Casa estabelecesse prazo para a elei\u00e7\u00e3o. Logo em seguida, o desembargador Jos\u00e9 Jorge Figueiredo dos Anjos concedeu decis\u00e3o favor\u00e1vel \u00e0 a\u00e7\u00e3o do PSL, mas o mesmo Jamil Gedeon cassou a liminar do colega e o caso ser\u00e1 decidido na pr\u00f3xima quarta-feira, (25), pelo Pleno do Tribunal de Justi\u00e7a. Veja a \u00edntegra do edital:<\/p>\n<p><strong>C\u00c2MARA MUNICIPAL DE S\u00c3O LUIS<\/strong><\/p>\n<p><strong>ESTADO DO MARANH\u00c3O<\/strong><\/p>\n<p><strong>EDITAL DE CONVOCA\u00c7\u00c3O<\/strong><\/p>\n<p><strong>ELEI\u00c7\u00c3O DA MESA DIRETORA DA C\u00c2MARA MUNICIPAL DE S\u00c3O LU\u00cdS,<\/strong><\/p>\n<p><strong>ESTADO DO MARANH\u00c3O \u2013 BI\u00caNIO 2019-2020<\/strong><\/p>\n<p>O PRESIDENTE DA C\u00c2MARA MUNICIPAL DE S\u00c3O LU\u00cdS \u2013 ESTADO DO MARANH\u00c3O, no uso de suas atribui\u00e7\u00f5es legais, na forma do Regimento Interno (Resolu\u00e7\u00e3o 05\/2015) e, em aten\u00e7\u00e3o ao disposto no par\u00e1grafo \u00fanico do artigo 51 da Lei Org\u00e2nica do Munic\u00edpio de S\u00e3o Lu\u00eds, resolve tornar p\u00fablico e CONVOCAR toda Edilidade deste Poder Legiferante, para participar da ELEI\u00c7\u00c3O de escolha da Mesa Diretora que conduzir\u00e1 os trabalhos da C\u00e2mara Municipal de S\u00e3o Lu\u00eds\/MA, durante o bi\u00eanio 2019\/2020, de acordo com as seguintes normas.<\/p>\n<p><strong>DATA E LOCAL DA ELEI\u00c7\u00c3O:<\/strong><\/p>\n<p>A elei\u00e7\u00e3o para escolha dos membros da Mesa Diretora bi\u00eanio o 2019\/2020, ser\u00e1<\/p>\n<p>realizada impreterivelmente a partir das 09:00hs do dia 08 de Agosto de 2018, no Plen\u00e1rio da C\u00e2mara de vereadores, localizado na Rua das Estrelas, no 257, centro, S\u00e3o Lu\u00eds.<\/p>\n<p><strong>HOR\u00c1RIO, PRAZO E CONDI\u00c7\u00d5ES PARA REGISTRO DE CHAPA:<\/strong><\/p>\n<p>O registro de chapa dar-se-\u00e1 at\u00e9 30 (trinta) minutos antes do in\u00edcio da vota\u00e7\u00e3o (art.<\/p>\n<p>16, \u00a7 1o do RI).<\/p>\n<p>Os interessados dever\u00e3o inscrever-se atrav\u00e9s de requerimento \u00fanico o qual dever\u00e1<\/p>\n<p>constar os cargos previstos no art. 9o do Regimento Interno, bem como, o nome e assinatura leg\u00edvel dos respectivos membros, sendo vedada a inscri\u00e7\u00e3o de vereadores em mais de uma chapa, que dever\u00e1 ser protocolada junto ao Setor Legislativo da C\u00e2mara Municipal de S\u00e3o Lu\u00eds.<\/p>\n<p>Na composi\u00e7\u00e3o da chapa para a elei\u00e7\u00e3o da Mesa Diretora, ser\u00e1 obrigat\u00f3rio que at\u00e9<\/p>\n<p>20% (vinte por cento) das vagas sejam compostas de mulheres (art. 16, \u00a7 5o, RI).<\/p>\n<p><strong>DAS DISPOSI\u00c7\u00d5ES FINAIS:<\/strong><\/p>\n<p>O prazo para inscri\u00e7\u00e3o de chapas \u00e9 improrrog\u00e1vel e a vota\u00e7\u00e3o ser\u00e1 aberta atrav\u00e9s de chamada nominal.<\/p>\n<p>A vota\u00e7\u00e3o ser\u00e1 presidida pelo Vereador Presidente e os votos declarados abertamente.<\/p>\n<p>Ser\u00e1 considerada vencedora a chapa que conseguir a maior numero de votos validos.<\/p>\n<p>O processo eleitoral s\u00f3 poder\u00e1 ser realizado com a presen\u00e7a da maioria absoluta dos membros da C\u00e2mara Municipal (art. 16, RI).<\/p>\n<p>A apura\u00e7\u00e3o ser\u00e1 realizada e o resultado proclamado imediatamente (art. 16, \u00a7 3o), sendo que os eleitos tomar\u00e3o posse no dia 1o de janeiro de 2019 (art. 20 do RI).<\/p>\n<p>Gabinete do Presidente da C\u00e2mara Municipal de S\u00e3o Lu\u00eds (MA), aos 19 de Abril de 2018.<\/p>\n<p>Generval Martiniano Moreira Leite<\/p>\n<p>Presidente da C\u00e2mara Municipal de S\u00e3o Luis<\/p>\n","protected":false},"excerpt":{"rendered":"<p>O presidente da C\u00e2mara Municipal de S\u00e3o Luis, Astro de Ogum (PR), lan\u00e7ou edital convocando elei\u00e7\u00e3o para a Mesa Diretora [&hellip;]<\/p>\n","protected":false},"author":0,"featured_media":0,"comment_status":"open","ping_status":"open","sticky":false,"template":"","format":"standard","meta":{"site-sidebar-layout":"default","site-content-layout":"","ast-site-content-layout":"default","site-content-style":"default","site-sidebar-style":"default","ast-global-header-display":"","ast-banner-title-visibility":"","ast-main-header-display":"","ast-hfb-above-header-display":"","ast-hfb-below-header-display":"","ast-hfb-mobile-header-display":"","site-post-title":"","ast-breadcrumbs-content":"","ast-featured-img":"","footer-sml-layout":"","ast-disable-related-posts":"","theme-transparent-header-meta":"","adv-header-id-meta":"","stick-header-meta":"","header-above-stick-meta":"","header-main-stick-meta":"","header-below-stick-meta":"","astra-migrate-meta-layouts":"default","ast-page-background-enabled":"default","ast-page-background-meta":{"desktop":{"background-color":"var(--ast-global-color-5)","background-image":"","background-repeat":"repeat","background-position":"center center","background-size":"auto","background-attachment":"scroll","background-type":"","background-media":"","overlay-type":"","overlay-color":"","overlay-opacity":"","overlay-gradient":""},"tablet":{"background-color":"","background-image":"","background-repeat":"repeat","background-position":"center center","background-size":"auto","background-attachment":"scroll","background-type":"","background-media":"","overlay-type":"","overlay-color":"","overlay-opacity":"","overlay-gradient":""},"mobile":{"background-color":"","background-image":"","background-repeat":"repeat","background-position":"center center","background-size":"auto","background-attachment":"scroll","background-type":"","background-media":"","overlay-type":"","overlay-color":"","overlay-opacity":"","overlay-gradient":""}},"ast-content-background-meta":{"desktop":{"background-color":"var(--ast-global-color-4)","background-image":"","background-repeat":"repeat","background-position":"center center","background-size":"auto","background-attachment":"scroll","background-type":"","background-media":"","overlay-type":"","overlay-color":"","overlay-opacity":"","overlay-gradient":""},"tablet":{"background-color":"var(--ast-global-color-4)","background-image":"","background-repeat":"repeat","background-position":"center center","background-size":"auto","background-attachment":"scroll","background-type":"","background-media":"","overlay-type":"","overlay-color":"","overlay-opacity":"","overlay-gradient":""},"mobile":{"background-color":"var(--ast-global-color-4)","background-image":"","background-repeat":"repeat","background-position":"center center","background-size":"auto","background-attachment":"scroll","background-type":"","background-media":"","overlay-type":"","overlay-color":"","overlay-opacity":"","overlay-gradient":""}},"footnotes":""},"categories":[1],"tags":[],"class_list":["post-50592","post","type-post","status-publish","format-standard","hentry","category-sem-categoria"],"yoast_head":"<!-- This site is optimized with the Yoast SEO plugin v26.6 - https:\/\/yoast.com\/wordpress\/plugins\/seo\/ -->\n<title>Astro de Ogum convoca elei\u00e7\u00e3o da C\u00e2mara Municipal para 8 de agosto - Daniel Matos<\/title>\n<meta name=\"robots\" content=\"index, follow, max-snippet:-1, max-image-preview:large, max-video-preview:-1\" \/>\n<link rel=\"canonical\" href=\"https:\/\/www.blogsoestado.com\/danielmatos\/astro-de-ogum-convoca-eleicao-da-camara-municipal-para-8-de-agosto\/\" \/>\n<meta property=\"og:locale\" content=\"pt_BR\" \/>\n<meta property=\"og:type\" content=\"article\" \/>\n<meta property=\"og:title\" content=\"Astro de Ogum convoca elei\u00e7\u00e3o da C\u00e2mara Municipal para 8 de agosto - Daniel Matos\" \/>\n<meta property=\"og:description\" content=\"O presidente da C\u00e2mara Municipal de S\u00e3o Luis, Astro de Ogum (PR), lan\u00e7ou edital convocando elei\u00e7\u00e3o para a Mesa Diretora [&hellip;]\" \/>\n<meta property=\"og:url\" content=\"https:\/\/www.blogsoestado.com\/danielmatos\/astro-de-ogum-convoca-eleicao-da-camara-municipal-para-8-de-agosto\/\" \/>\n<meta property=\"og:site_name\" content=\"Daniel Matos\" \/>\n<meta property=\"article:published_time\" content=\"2018-04-20T14:39:00+00:00\" \/>\n<meta property=\"og:image\" content=\"https:\/\/www.blogsoestado.com\/danielmatos\/files\/2018\/04\/astro-vice.jpg\" \/>\n<meta name=\"twitter:card\" content=\"summary_large_image\" \/>\n<meta name=\"twitter:label1\" content=\"Est. tempo de leitura\" \/>\n\t<meta name=\"twitter:data1\" content=\"3 minutos\" \/>\n<script type=\"application\/ld+json\" class=\"yoast-schema-graph\">{\"@context\":\"https:\/\/schema.org\",\"@graph\":[{\"@type\":\"WebPage\",\"@id\":\"https:\/\/www.blogsoestado.com\/danielmatos\/astro-de-ogum-convoca-eleicao-da-camara-municipal-para-8-de-agosto\/\",\"url\":\"https:\/\/www.blogsoestado.com\/danielmatos\/astro-de-ogum-convoca-eleicao-da-camara-municipal-para-8-de-agosto\/\",\"name\":\"Astro de Ogum convoca elei\u00e7\u00e3o da C\u00e2mara Municipal para 8 de agosto - Daniel Matos\",\"isPartOf\":{\"@id\":\"https:\/\/www.blogsoestado.com\/danielmatos\/#website\"},\"primaryImageOfPage\":{\"@id\":\"https:\/\/www.blogsoestado.com\/danielmatos\/astro-de-ogum-convoca-eleicao-da-camara-municipal-para-8-de-agosto\/#primaryimage\"},\"image\":{\"@id\":\"https:\/\/www.blogsoestado.com\/danielmatos\/astro-de-ogum-convoca-eleicao-da-camara-municipal-para-8-de-agosto\/#primaryimage\"},\"thumbnailUrl\":\"https:\/\/www.blogsoestado.com\/danielmatos\/files\/2018\/04\/astro-vice.jpg\",\"datePublished\":\"2018-04-20T14:39:00+00:00\",\"author\":{\"@id\":\"\"},\"breadcrumb\":{\"@id\":\"https:\/\/www.blogsoestado.com\/danielmatos\/astro-de-ogum-convoca-eleicao-da-camara-municipal-para-8-de-agosto\/#breadcrumb\"},\"inLanguage\":\"pt-BR\",\"potentialAction\":[{\"@type\":\"ReadAction\",\"target\":[\"https:\/\/www.blogsoestado.com\/danielmatos\/astro-de-ogum-convoca-eleicao-da-camara-municipal-para-8-de-agosto\/\"]}]},{\"@type\":\"ImageObject\",\"inLanguage\":\"pt-BR\",\"@id\":\"https:\/\/www.blogsoestado.com\/danielmatos\/astro-de-ogum-convoca-eleicao-da-camara-municipal-para-8-de-agosto\/#primaryimage\",\"url\":\"https:\/\/www.blogsoestado.com\/danielmatos\/files\/2018\/04\/astro-vice.jpg\",\"contentUrl\":\"https:\/\/www.blogsoestado.com\/danielmatos\/files\/2018\/04\/astro-vice.jpg\"},{\"@type\":\"BreadcrumbList\",\"@id\":\"https:\/\/www.blogsoestado.com\/danielmatos\/astro-de-ogum-convoca-eleicao-da-camara-municipal-para-8-de-agosto\/#breadcrumb\",\"itemListElement\":[{\"@type\":\"ListItem\",\"position\":1,\"name\":\"In\u00edcio\",\"item\":\"https:\/\/www.blogsoestado.com\/danielmatos\/\"},{\"@type\":\"ListItem\",\"position\":2,\"name\":\"Astro de Ogum convoca elei\u00e7\u00e3o da C\u00e2mara Municipal para 8 de agosto\"}]},{\"@type\":\"WebSite\",\"@id\":\"https:\/\/www.blogsoestado.com\/danielmatos\/#website\",\"url\":\"https:\/\/www.blogsoestado.com\/danielmatos\/\",\"name\":\"Daniel Matos\",\"description\":\"\",\"potentialAction\":[{\"@type\":\"SearchAction\",\"target\":{\"@type\":\"EntryPoint\",\"urlTemplate\":\"https:\/\/www.blogsoestado.com\/danielmatos\/?s={search_term_string}\"},\"query-input\":{\"@type\":\"PropertyValueSpecification\",\"valueRequired\":true,\"valueName\":\"search_term_string\"}}],\"inLanguage\":\"pt-BR\"}]}<\/script>\n<!-- \/ Yoast SEO plugin. -->","yoast_head_json":{"title":"Astro de Ogum convoca elei\u00e7\u00e3o da C\u00e2mara Municipal para 8 de agosto - Daniel Matos","robots":{"index":"index","follow":"follow","max-snippet":"max-snippet:-1","max-image-preview":"max-image-preview:large","max-video-preview":"max-video-preview:-1"},"canonical":"https:\/\/www.blogsoestado.com\/danielmatos\/astro-de-ogum-convoca-eleicao-da-camara-municipal-para-8-de-agosto\/","og_locale":"pt_BR","og_type":"article","og_title":"Astro de Ogum convoca elei\u00e7\u00e3o da C\u00e2mara Municipal para 8 de agosto - Daniel Matos","og_description":"O presidente da C\u00e2mara Municipal de S\u00e3o Luis, Astro de Ogum (PR), lan\u00e7ou edital convocando elei\u00e7\u00e3o para a Mesa Diretora [&hellip;]","og_url":"https:\/\/www.blogsoestado.com\/danielmatos\/astro-de-ogum-convoca-eleicao-da-camara-municipal-para-8-de-agosto\/","og_site_name":"Daniel Matos","article_published_time":"2018-04-20T14:39:00+00:00","og_image":[{"url":"https:\/\/www.blogsoestado.com\/danielmatos\/files\/2018\/04\/astro-vice.jpg","type":"","width":"","height":""}],"twitter_card":"summary_large_image","twitter_misc":{"Est. tempo de leitura":"3 minutos"},"schema":{"@context":"https:\/\/schema.org","@graph":[{"@type":"WebPage","@id":"https:\/\/www.blogsoestado.com\/danielmatos\/astro-de-ogum-convoca-eleicao-da-camara-municipal-para-8-de-agosto\/","url":"https:\/\/www.blogsoestado.com\/danielmatos\/astro-de-ogum-convoca-eleicao-da-camara-municipal-para-8-de-agosto\/","name":"Astro de Ogum convoca elei\u00e7\u00e3o da C\u00e2mara Municipal para 8 de agosto - Daniel Matos","isPartOf":{"@id":"https:\/\/www.blogsoestado.com\/danielmatos\/#website"},"primaryImageOfPage":{"@id":"https:\/\/www.blogsoestado.com\/danielmatos\/astro-de-ogum-convoca-eleicao-da-camara-municipal-para-8-de-agosto\/#primaryimage"},"image":{"@id":"https:\/\/www.blogsoestado.com\/danielmatos\/astro-de-ogum-convoca-eleicao-da-camara-municipal-para-8-de-agosto\/#primaryimage"},"thumbnailUrl":"https:\/\/www.blogsoestado.com\/danielmatos\/files\/2018\/04\/astro-vice.jpg","datePublished":"2018-04-20T14:39:00+00:00","author":{"@id":""},"breadcrumb":{"@id":"https:\/\/www.blogsoestado.com\/danielmatos\/astro-de-ogum-convoca-eleicao-da-camara-municipal-para-8-de-agosto\/#breadcrumb"},"inLanguage":"pt-BR","potentialAction":[{"@type":"ReadAction","target":["https:\/\/www.blogsoestado.com\/danielmatos\/astro-de-ogum-convoca-eleicao-da-camara-municipal-para-8-de-agosto\/"]}]},{"@type":"ImageObject","inLanguage":"pt-BR","@id":"https:\/\/www.blogsoestado.com\/danielmatos\/astro-de-ogum-convoca-eleicao-da-camara-municipal-para-8-de-agosto\/#primaryimage","url":"https:\/\/www.blogsoestado.com\/danielmatos\/files\/2018\/04\/astro-vice.jpg","contentUrl":"https:\/\/www.blogsoestado.com\/danielmatos\/files\/2018\/04\/astro-vice.jpg"},{"@type":"BreadcrumbList","@id":"https:\/\/www.blogsoestado.com\/danielmatos\/astro-de-ogum-convoca-eleicao-da-camara-municipal-para-8-de-agosto\/#breadcrumb","itemListElement":[{"@type":"ListItem","position":1,"name":"In\u00edcio","item":"https:\/\/www.blogsoestado.com\/danielmatos\/"},{"@type":"ListItem","position":2,"name":"Astro de Ogum convoca elei\u00e7\u00e3o da C\u00e2mara Municipal para 8 de agosto"}]},{"@type":"WebSite","@id":"https:\/\/www.blogsoestado.com\/danielmatos\/#website","url":"https:\/\/www.blogsoestado.com\/danielmatos\/","name":"Daniel Matos","description":"","potentialAction":[{"@type":"SearchAction","target":{"@type":"EntryPoint","urlTemplate":"https:\/\/www.blogsoestado.com\/danielmatos\/?s={search_term_string}"},"query-input":{"@type":"PropertyValueSpecification","valueRequired":true,"valueName":"search_term_string"}}],"inLanguage":"pt-BR"}]}},"jetpack_featured_media_url":"","_links":{"self":[{"href":"https:\/\/www.blogsoestado.com\/danielmatos\/wp-json\/wp\/v2\/posts\/50592","targetHints":{"allow":["GET"]}}],"collection":[{"href":"https:\/\/www.blogsoestado.com\/danielmatos\/wp-json\/wp\/v2\/posts"}],"about":[{"href":"https:\/\/www.blogsoestado.com\/danielmatos\/wp-json\/wp\/v2\/types\/post"}],"replies":[{"embeddable":true,"href":"https:\/\/www.blogsoestado.com\/danielmatos\/wp-json\/wp\/v2\/comments?post=50592"}],"version-history":[{"count":0,"href":"https:\/\/www.blogsoestado.com\/danielmatos\/wp-json\/wp\/v2\/posts\/50592\/revisions"}],"wp:attachment":[{"href":"https:\/\/www.blogsoestado.com\/danielmatos\/wp-json\/wp\/v2\/media?parent=50592"}],"wp:term":[{"taxonomy":"category","embeddable":true,"href":"https:\/\/www.blogsoestado.com\/danielmatos\/wp-json\/wp\/v2\/categories?post=50592"},{"taxonomy":"post_tag","embeddable":true,"href":"https:\/\/www.blogsoestado.com\/danielmatos\/wp-json\/wp\/v2\/tags?post=50592"}],"curies":[{"name":"wp","href":"https:\/\/api.w.org\/{rel}","templated":true}]}}