{"id":50594,"date":"2018-04-20T13:00:33","date_gmt":"2018-04-20T16:00:33","guid":{"rendered":"https:\/\/www.blogsoestado.com\/danielmatos\/?p=50594"},"modified":"2018-04-20T13:00:33","modified_gmt":"2018-04-20T16:00:33","slug":"vereador-cezar-bombeiro-propoe-painel-sobre-uso-abastecimento-e-desperdicio-da-agua","status":"publish","type":"post","link":"https:\/\/www.blogsoestado.com\/danielmatos\/vereador-cezar-bombeiro-propoe-painel-sobre-uso-abastecimento-e-desperdicio-da-agua\/","title":{"rendered":"Vereador C\u00e9zar Bombeiro prop\u00f5e painel sobre uso, abastecimento e desperd\u00edcio da \u00e1gua"},"content":{"rendered":"<figure id=\"attachment_50595\" aria-describedby=\"caption-attachment-50595\" style=\"width: 448px\" class=\"wp-caption alignright\"><img fetchpriority=\"high\" decoding=\"async\" class=\"size-full wp-image-50595\" src=\"https:\/\/www.blogsoestado.com\/danielmatos\/files\/2018\/04\/bombeiro-desperdicio.jpg\" alt=\"\" width=\"448\" height=\"297\" \/><figcaption id=\"caption-attachment-50595\" class=\"wp-caption-text\">C\u00e9zar Bombeiro alerta que as fontes de abastecimento de \u00e1gua de S\u00e3o Lu\u00eds j\u00e1 n\u00e3o atendem a demanda a contento<\/figcaption><\/figure>\n<p>Encontra-se na ordem do dia para ser votado pelo plen\u00e1rio da C\u00e2mara Municipal o requerimento n\u00ba 133\/2018,de autoria do vereador C\u00e9zar Bombeiro (PSD), propondo a realiza\u00e7\u00e3o de um painel com o tema \u201cUso sustent\u00e1vel, abastecimento, desperd\u00edcio e a qualidade da \u00e1gua em S\u00e3o Lu\u00eds\u201d. A mat\u00e9ria dever\u00e1 ser apreciada e votada na pr\u00f3xima segunda-feira (23).<\/p>\n<p>Com essa iniciativa, o parlamentar do PSD pretende promover um amplo debate sobre o assunto, bem como outros inerentes ao tema, relacionado a problemas que atingem os consumidores, principalmente das comunidades de todos os bairros, sendo os mais prejudicados os considerados de periferia. Para tanto, ele insere na tem\u00e1tica as condi\u00e7\u00f5es sanit\u00e1rias em que vivem essas popula\u00e7\u00f5es. Outro \u00edtem a ser abordado, adianta ele, \u00e9 a cobran\u00e7a das contas de fornecimento da \u00e1gua, sem o devido retorno para consumo do usu\u00e1rio.<\/p>\n<p>Para obter um alcance de abrang\u00eancia sobre a discuss\u00e3o a ser realizada no painel, C\u00e9zar Bombeiro estar\u00e1 convidando para participar do evento representantes do governo do Estado e da Prefeitura de S\u00e3o Lu\u00eds, da Companhia de Saneamento Ambiental do Maranh\u00e3o (Caema), professores, estudiosos e t\u00e9cnicos de universidades e institui\u00e7\u00f5es da sociedade civil, bem como de entidades populares e comunit\u00e1rias.<\/p>\n<p>O vereador fala com \u00eanfase que \u201csem um consumo respons\u00e1vel e com o desperd\u00edcio, n\u00e3o ir\u00e1 demorar muito tempo para que todos n\u00f3s estejamos sofrendo graves consequ\u00eancias\u201d. Dentro dessa \u00f3tica, ele d\u00e1 destaque para os setores mais carentes, \u201cpois n\u00f3s todos temos conhecimento de que s\u00e3o os que mais sofrem, devido a falta de uma devida assist\u00eancia por parte dos poderes p\u00fablicos\u201d.<\/p>\n<p><strong>ABASTECIMENTO<\/strong><\/p>\n<p>C\u00e9zar Bombeiro acentua que as fontes de abastecimento de \u00e1gua que S\u00e3o Lu\u00eds disp\u00f5e j\u00e1 n\u00e3o atendem a demanda a contento. Lembra ele que o Sistema Paci\u00eancia atende o centro da cidade e alguns bairros circunvizinhos, enquanto o Sistema Italuis, funcionando em regime de rod\u00edzio, \u00e9 voltado para o atendimento da maior parte da capital, al\u00e9m de uma terceira via que s\u00e3o po\u00e7os artesianos, em sua maioria administrada pelo poder p\u00fablico em prec\u00e1rias condi\u00e7\u00f5es.<\/p>\n<p>\u201cPara que n\u00f3s possamos colocar em debate todas essas quest\u00f5es, informando e conscientizando a popula\u00e7\u00e3o sobre a import\u00e2ncia do uso, abastecimento, desperd\u00edcio e qualidade da \u00e1gua \u00e9 que estamos tendo a iniciativa de realizar esse painel\u201d, afirma C\u00e9zar Bombeiro para finalizar: \u201ccom isso esperamos corresponder ao esperado para cada vez mais conscientizar e informar a popula\u00e7\u00e3o sobre a import\u00e2ncia desse importante bem que alimenta nossa vida, que \u00e9 a \u00e1gua\u201d.<\/p>\n","protected":false},"excerpt":{"rendered":"<p>Encontra-se na ordem do dia para ser votado pelo plen\u00e1rio da C\u00e2mara Municipal o requerimento n\u00ba 133\/2018,de autoria do vereador [&hellip;]<\/p>\n","protected":false},"author":0,"featured_media":0,"comment_status":"open","ping_status":"open","sticky":false,"template":"","format":"standard","meta":{"site-sidebar-layout":"default","site-content-layout":"","ast-site-content-layout":"default","site-content-style":"default","site-sidebar-style":"default","ast-global-header-display":"","ast-banner-title-visibility":"","ast-main-header-display":"","ast-hfb-above-header-display":"","ast-hfb-below-header-display":"","ast-hfb-mobile-header-display":"","site-post-title":"","ast-breadcrumbs-content":"","ast-featured-img":"","footer-sml-layout":"","ast-disable-related-posts":"","theme-transparent-header-meta":"","adv-header-id-meta":"","stick-header-meta":"","header-above-stick-meta":"","header-main-stick-meta":"","header-below-stick-meta":"","astra-migrate-meta-layouts":"default","ast-page-background-enabled":"default","ast-page-background-meta":{"desktop":{"background-color":"var(--ast-global-color-5)","background-image":"","background-repeat":"repeat","background-position":"center center","background-size":"auto","background-attachment":"scroll","background-type":"","background-media":"","overlay-type":"","overlay-color":"","overlay-opacity":"","overlay-gradient":""},"tablet":{"background-color":"","background-image":"","background-repeat":"repeat","background-position":"center center","background-size":"auto","background-attachment":"scroll","background-type":"","background-media":"","overlay-type":"","overlay-color":"","overlay-opacity":"","overlay-gradient":""},"mobile":{"background-color":"","background-image":"","background-repeat":"repeat","background-position":"center center","background-size":"auto","background-attachment":"scroll","background-type":"","background-media":"","overlay-type":"","overlay-color":"","overlay-opacity":"","overlay-gradient":""}},"ast-content-background-meta":{"desktop":{"background-color":"var(--ast-global-color-4)","background-image":"","background-repeat":"repeat","background-position":"center center","background-size":"auto","background-attachment":"scroll","background-type":"","background-media":"","overlay-type":"","overlay-color":"","overlay-opacity":"","overlay-gradient":""},"tablet":{"background-color":"var(--ast-global-color-4)","background-image":"","background-repeat":"repeat","background-position":"center center","background-size":"auto","background-attachment":"scroll","background-type":"","background-media":"","overlay-type":"","overlay-color":"","overlay-opacity":"","overlay-gradient":""},"mobile":{"background-color":"var(--ast-global-color-4)","background-image":"","background-repeat":"repeat","background-position":"center center","background-size":"auto","background-attachment":"scroll","background-type":"","background-media":"","overlay-type":"","overlay-color":"","overlay-opacity":"","overlay-gradient":""}},"footnotes":""},"categories":[1],"tags":[],"class_list":["post-50594","post","type-post","status-publish","format-standard","hentry","category-sem-categoria"],"yoast_head":"<!-- This site is optimized with the Yoast SEO plugin v26.6 - https:\/\/yoast.com\/wordpress\/plugins\/seo\/ -->\n<title>Vereador C\u00e9zar Bombeiro prop\u00f5e painel sobre uso, abastecimento e desperd\u00edcio da \u00e1gua - Daniel Matos<\/title>\n<meta name=\"robots\" content=\"index, follow, max-snippet:-1, max-image-preview:large, max-video-preview:-1\" \/>\n<link rel=\"canonical\" href=\"https:\/\/www.blogsoestado.com\/danielmatos\/vereador-cezar-bombeiro-propoe-painel-sobre-uso-abastecimento-e-desperdicio-da-agua\/\" \/>\n<meta property=\"og:locale\" content=\"pt_BR\" \/>\n<meta property=\"og:type\" content=\"article\" \/>\n<meta property=\"og:title\" content=\"Vereador C\u00e9zar Bombeiro prop\u00f5e painel sobre uso, abastecimento e desperd\u00edcio da \u00e1gua - Daniel Matos\" \/>\n<meta property=\"og:description\" content=\"Encontra-se na ordem do dia para ser votado pelo plen\u00e1rio da C\u00e2mara Municipal o requerimento n\u00ba 133\/2018,de autoria do vereador [&hellip;]\" \/>\n<meta property=\"og:url\" content=\"https:\/\/www.blogsoestado.com\/danielmatos\/vereador-cezar-bombeiro-propoe-painel-sobre-uso-abastecimento-e-desperdicio-da-agua\/\" \/>\n<meta property=\"og:site_name\" content=\"Daniel Matos\" \/>\n<meta property=\"article:published_time\" content=\"2018-04-20T16:00:33+00:00\" \/>\n<meta property=\"og:image\" content=\"https:\/\/www.blogsoestado.com\/danielmatos\/files\/2018\/04\/bombeiro-desperdicio.jpg\" \/>\n<meta name=\"twitter:card\" content=\"summary_large_image\" \/>\n<meta name=\"twitter:label1\" content=\"Est. tempo de leitura\" \/>\n\t<meta name=\"twitter:data1\" content=\"2 minutos\" \/>\n<script type=\"application\/ld+json\" class=\"yoast-schema-graph\">{\"@context\":\"https:\/\/schema.org\",\"@graph\":[{\"@type\":\"WebPage\",\"@id\":\"https:\/\/www.blogsoestado.com\/danielmatos\/vereador-cezar-bombeiro-propoe-painel-sobre-uso-abastecimento-e-desperdicio-da-agua\/\",\"url\":\"https:\/\/www.blogsoestado.com\/danielmatos\/vereador-cezar-bombeiro-propoe-painel-sobre-uso-abastecimento-e-desperdicio-da-agua\/\",\"name\":\"Vereador C\u00e9zar Bombeiro prop\u00f5e painel sobre uso, abastecimento e desperd\u00edcio da \u00e1gua - Daniel Matos\",\"isPartOf\":{\"@id\":\"https:\/\/www.blogsoestado.com\/danielmatos\/#website\"},\"primaryImageOfPage\":{\"@id\":\"https:\/\/www.blogsoestado.com\/danielmatos\/vereador-cezar-bombeiro-propoe-painel-sobre-uso-abastecimento-e-desperdicio-da-agua\/#primaryimage\"},\"image\":{\"@id\":\"https:\/\/www.blogsoestado.com\/danielmatos\/vereador-cezar-bombeiro-propoe-painel-sobre-uso-abastecimento-e-desperdicio-da-agua\/#primaryimage\"},\"thumbnailUrl\":\"https:\/\/www.blogsoestado.com\/danielmatos\/files\/2018\/04\/bombeiro-desperdicio.jpg\",\"datePublished\":\"2018-04-20T16:00:33+00:00\",\"author\":{\"@id\":\"\"},\"breadcrumb\":{\"@id\":\"https:\/\/www.blogsoestado.com\/danielmatos\/vereador-cezar-bombeiro-propoe-painel-sobre-uso-abastecimento-e-desperdicio-da-agua\/#breadcrumb\"},\"inLanguage\":\"pt-BR\",\"potentialAction\":[{\"@type\":\"ReadAction\",\"target\":[\"https:\/\/www.blogsoestado.com\/danielmatos\/vereador-cezar-bombeiro-propoe-painel-sobre-uso-abastecimento-e-desperdicio-da-agua\/\"]}]},{\"@type\":\"ImageObject\",\"inLanguage\":\"pt-BR\",\"@id\":\"https:\/\/www.blogsoestado.com\/danielmatos\/vereador-cezar-bombeiro-propoe-painel-sobre-uso-abastecimento-e-desperdicio-da-agua\/#primaryimage\",\"url\":\"https:\/\/www.blogsoestado.com\/danielmatos\/files\/2018\/04\/bombeiro-desperdicio.jpg\",\"contentUrl\":\"https:\/\/www.blogsoestado.com\/danielmatos\/files\/2018\/04\/bombeiro-desperdicio.jpg\"},{\"@type\":\"BreadcrumbList\",\"@id\":\"https:\/\/www.blogsoestado.com\/danielmatos\/vereador-cezar-bombeiro-propoe-painel-sobre-uso-abastecimento-e-desperdicio-da-agua\/#breadcrumb\",\"itemListElement\":[{\"@type\":\"ListItem\",\"position\":1,\"name\":\"In\u00edcio\",\"item\":\"https:\/\/www.blogsoestado.com\/danielmatos\/\"},{\"@type\":\"ListItem\",\"position\":2,\"name\":\"Vereador C\u00e9zar Bombeiro prop\u00f5e painel sobre uso, abastecimento e desperd\u00edcio da \u00e1gua\"}]},{\"@type\":\"WebSite\",\"@id\":\"https:\/\/www.blogsoestado.com\/danielmatos\/#website\",\"url\":\"https:\/\/www.blogsoestado.com\/danielmatos\/\",\"name\":\"Daniel Matos\",\"description\":\"\",\"potentialAction\":[{\"@type\":\"SearchAction\",\"target\":{\"@type\":\"EntryPoint\",\"urlTemplate\":\"https:\/\/www.blogsoestado.com\/danielmatos\/?s={search_term_string}\"},\"query-input\":{\"@type\":\"PropertyValueSpecification\",\"valueRequired\":true,\"valueName\":\"search_term_string\"}}],\"inLanguage\":\"pt-BR\"}]}<\/script>\n<!-- \/ Yoast SEO plugin. -->","yoast_head_json":{"title":"Vereador C\u00e9zar Bombeiro prop\u00f5e painel sobre uso, abastecimento e desperd\u00edcio da \u00e1gua - Daniel Matos","robots":{"index":"index","follow":"follow","max-snippet":"max-snippet:-1","max-image-preview":"max-image-preview:large","max-video-preview":"max-video-preview:-1"},"canonical":"https:\/\/www.blogsoestado.com\/danielmatos\/vereador-cezar-bombeiro-propoe-painel-sobre-uso-abastecimento-e-desperdicio-da-agua\/","og_locale":"pt_BR","og_type":"article","og_title":"Vereador C\u00e9zar Bombeiro prop\u00f5e painel sobre uso, abastecimento e desperd\u00edcio da \u00e1gua - Daniel Matos","og_description":"Encontra-se na ordem do dia para ser votado pelo plen\u00e1rio da C\u00e2mara Municipal o requerimento n\u00ba 133\/2018,de autoria do vereador [&hellip;]","og_url":"https:\/\/www.blogsoestado.com\/danielmatos\/vereador-cezar-bombeiro-propoe-painel-sobre-uso-abastecimento-e-desperdicio-da-agua\/","og_site_name":"Daniel Matos","article_published_time":"2018-04-20T16:00:33+00:00","og_image":[{"url":"https:\/\/www.blogsoestado.com\/danielmatos\/files\/2018\/04\/bombeiro-desperdicio.jpg","type":"","width":"","height":""}],"twitter_card":"summary_large_image","twitter_misc":{"Est. tempo de leitura":"2 minutos"},"schema":{"@context":"https:\/\/schema.org","@graph":[{"@type":"WebPage","@id":"https:\/\/www.blogsoestado.com\/danielmatos\/vereador-cezar-bombeiro-propoe-painel-sobre-uso-abastecimento-e-desperdicio-da-agua\/","url":"https:\/\/www.blogsoestado.com\/danielmatos\/vereador-cezar-bombeiro-propoe-painel-sobre-uso-abastecimento-e-desperdicio-da-agua\/","name":"Vereador C\u00e9zar Bombeiro prop\u00f5e painel sobre uso, abastecimento e desperd\u00edcio da \u00e1gua - Daniel Matos","isPartOf":{"@id":"https:\/\/www.blogsoestado.com\/danielmatos\/#website"},"primaryImageOfPage":{"@id":"https:\/\/www.blogsoestado.com\/danielmatos\/vereador-cezar-bombeiro-propoe-painel-sobre-uso-abastecimento-e-desperdicio-da-agua\/#primaryimage"},"image":{"@id":"https:\/\/www.blogsoestado.com\/danielmatos\/vereador-cezar-bombeiro-propoe-painel-sobre-uso-abastecimento-e-desperdicio-da-agua\/#primaryimage"},"thumbnailUrl":"https:\/\/www.blogsoestado.com\/danielmatos\/files\/2018\/04\/bombeiro-desperdicio.jpg","datePublished":"2018-04-20T16:00:33+00:00","author":{"@id":""},"breadcrumb":{"@id":"https:\/\/www.blogsoestado.com\/danielmatos\/vereador-cezar-bombeiro-propoe-painel-sobre-uso-abastecimento-e-desperdicio-da-agua\/#breadcrumb"},"inLanguage":"pt-BR","potentialAction":[{"@type":"ReadAction","target":["https:\/\/www.blogsoestado.com\/danielmatos\/vereador-cezar-bombeiro-propoe-painel-sobre-uso-abastecimento-e-desperdicio-da-agua\/"]}]},{"@type":"ImageObject","inLanguage":"pt-BR","@id":"https:\/\/www.blogsoestado.com\/danielmatos\/vereador-cezar-bombeiro-propoe-painel-sobre-uso-abastecimento-e-desperdicio-da-agua\/#primaryimage","url":"https:\/\/www.blogsoestado.com\/danielmatos\/files\/2018\/04\/bombeiro-desperdicio.jpg","contentUrl":"https:\/\/www.blogsoestado.com\/danielmatos\/files\/2018\/04\/bombeiro-desperdicio.jpg"},{"@type":"BreadcrumbList","@id":"https:\/\/www.blogsoestado.com\/danielmatos\/vereador-cezar-bombeiro-propoe-painel-sobre-uso-abastecimento-e-desperdicio-da-agua\/#breadcrumb","itemListElement":[{"@type":"ListItem","position":1,"name":"In\u00edcio","item":"https:\/\/www.blogsoestado.com\/danielmatos\/"},{"@type":"ListItem","position":2,"name":"Vereador C\u00e9zar Bombeiro prop\u00f5e painel sobre uso, abastecimento e desperd\u00edcio da \u00e1gua"}]},{"@type":"WebSite","@id":"https:\/\/www.blogsoestado.com\/danielmatos\/#website","url":"https:\/\/www.blogsoestado.com\/danielmatos\/","name":"Daniel Matos","description":"","potentialAction":[{"@type":"SearchAction","target":{"@type":"EntryPoint","urlTemplate":"https:\/\/www.blogsoestado.com\/danielmatos\/?s={search_term_string}"},"query-input":{"@type":"PropertyValueSpecification","valueRequired":true,"valueName":"search_term_string"}}],"inLanguage":"pt-BR"}]}},"jetpack_featured_media_url":"","_links":{"self":[{"href":"https:\/\/www.blogsoestado.com\/danielmatos\/wp-json\/wp\/v2\/posts\/50594","targetHints":{"allow":["GET"]}}],"collection":[{"href":"https:\/\/www.blogsoestado.com\/danielmatos\/wp-json\/wp\/v2\/posts"}],"about":[{"href":"https:\/\/www.blogsoestado.com\/danielmatos\/wp-json\/wp\/v2\/types\/post"}],"replies":[{"embeddable":true,"href":"https:\/\/www.blogsoestado.com\/danielmatos\/wp-json\/wp\/v2\/comments?post=50594"}],"version-history":[{"count":0,"href":"https:\/\/www.blogsoestado.com\/danielmatos\/wp-json\/wp\/v2\/posts\/50594\/revisions"}],"wp:attachment":[{"href":"https:\/\/www.blogsoestado.com\/danielmatos\/wp-json\/wp\/v2\/media?parent=50594"}],"wp:term":[{"taxonomy":"category","embeddable":true,"href":"https:\/\/www.blogsoestado.com\/danielmatos\/wp-json\/wp\/v2\/categories?post=50594"},{"taxonomy":"post_tag","embeddable":true,"href":"https:\/\/www.blogsoestado.com\/danielmatos\/wp-json\/wp\/v2\/tags?post=50594"}],"curies":[{"name":"wp","href":"https:\/\/api.w.org\/{rel}","templated":true}]}}