{"id":50597,"date":"2018-04-20T14:30:01","date_gmt":"2018-04-20T17:30:01","guid":{"rendered":"https:\/\/www.blogsoestado.com\/danielmatos\/?p=50597"},"modified":"2018-04-20T14:30:01","modified_gmt":"2018-04-20T17:30:01","slug":"piso-salarial-no-servico-publico-e-debatido-em-painel-na-camara-municipal","status":"publish","type":"post","link":"https:\/\/www.blogsoestado.com\/danielmatos\/piso-salarial-no-servico-publico-e-debatido-em-painel-na-camara-municipal\/","title":{"rendered":"Piso salarial no servi\u00e7o p\u00fablico \u00e9 debatido em painel na C\u00e2mara Municipal"},"content":{"rendered":"<figure id=\"attachment_50598\" aria-describedby=\"caption-attachment-50598\" style=\"width: 448px\" class=\"wp-caption alignright\"><img fetchpriority=\"high\" decoding=\"async\" class=\"size-full wp-image-50598\" src=\"https:\/\/www.blogsoestado.com\/danielmatos\/files\/2018\/04\/marcial-painel.jpg\" alt=\"\" width=\"448\" height=\"298\" \/><figcaption id=\"caption-attachment-50598\" class=\"wp-caption-text\">Marcial Lima defendeu participa\u00e7\u00e3o da C\u00e2mara Municipal no debate<\/figcaption><\/figure>\n<p>Por iniciativa do vereador Marcial Lima (PRTB), a C\u00e2mara Municipal de S\u00e3o Lu\u00eds realizou, na manh\u00e3 desta sexta-feira, (20), um painel com o tema \u201cPiso salarial no servi\u00e7o p\u00fablico\u201d. Ele explicou que adotou essa provid\u00eancia em raz\u00e3o da falta de incentivo existente entre as diversas categorias de servidores.<\/p>\n<p>Outra justificativa para a promo\u00e7\u00e3o desse evento no seu entendimento \u00e9 porque \u201ca C\u00e2mara tem que se preocupar com esse assunto de grande import\u00e2ncia e participar da frustra\u00e7\u00e3o do servidor diante dessa quest\u00e3o\u201d. Continua ele dizendo que \u201cno meu caso espec\u00edfico como vereador o que posso fazer \u00e9 pronunciamento aqui na C\u00e2mara, cobrar de secret\u00e1rio da pasta e a\u00e7\u00f5es correlatas\u201d.<\/p>\n<p>Para ele, \u201ca C\u00e2mara tem que estar presente nesse caso, bem como n\u00f3s temos de atentar que tem categoria profissional que n\u00e3o tem aumento de sal\u00e1rio h\u00e1 muito tempo\u201d. Aproveitando, o vereador do PRTB cita ainda \u201co caso dos servidores municipais sem v\u00ednculo, esses s\u00e3o os mais prejudicados\u201d.<\/p>\n<p>Marcial Lima enfatiza que \u201ca prefeitura tem preservar quem trabalha, principalmente com um sal\u00e1rio digno, j\u00e1 que o seu maior patrim\u00f4nio \u00e9 o servidor\u201d.<\/p>\n<p>Fizeram uso da palavra defendendo o piso salarial de suas categorias a professora Esilabeth Castelo Branco, presidente do Sindeduca\u00e7\u00e3o, quando falou sobre as dificuldades enfrentadas pelos professores, e a luta por defesa do sal\u00e1rio do magist\u00e9rio.<\/p>\n<p>Tamb\u00e9m marcou presen\u00e7a o presidente do Sindicato dos Jornalistas, Douglas Cunha, que discorreu acerca das batalhas enfrentadas para que a classe receba o piso a que tem direito, \u201co que \u00e9 uma grande luta\u201d. Outro que falou em nome da categoria foi o jornalista Djalma Rodrigues, que, entre seus coment\u00e1rios, afirmou s\u00f3 conhecer dois \u00f3rg\u00e3os p\u00fablicos que pagam piso para profissionais de comunica\u00e7\u00e3o, que s\u00e3o o Tribunal de Justi\u00e7a e i Minist\u00e9rio P\u00fablico.<\/p>\n<p>No painel ainda estiveram presentes o presidente da Associa\u00e7\u00e3o dos Profissionais de Comunica\u00e7\u00e3o do Maranh\u00e3o, Fl\u00e1vio Chocolate; o presidente do Sindicato dos Radialistas, Jota Kerly, a diretora do Sindicato dos Banc\u00e1rios Gerlane Pimente, representando o presidente da entidade; Senhor \u00cdndio, presidente do Sindleg e vice-presidente da ASSISMU, e o diretor do Sindicato dos Radialistas, Jos\u00e9 Santos.<\/p>\n<p>Ao final do painel foi realizada uma reuni\u00e3o entre os presentes para elaborar um documento sobre o que foi debatido, bem como a abordagem das reivindica\u00e7\u00f5es apresentadas, entre outros assuntos. O documento ser\u00e1 divulgado na pr\u00f3xima semana e encaminhado a quem for necess\u00e1rio dentro dos \u00f3rg\u00e3os p\u00fablicos a serem escolhidos.<\/p>\n","protected":false},"excerpt":{"rendered":"<p>Por iniciativa do vereador Marcial Lima (PRTB), a C\u00e2mara Municipal de S\u00e3o Lu\u00eds realizou, na manh\u00e3 desta sexta-feira, (20), um [&hellip;]<\/p>\n","protected":false},"author":0,"featured_media":0,"comment_status":"open","ping_status":"open","sticky":false,"template":"","format":"standard","meta":{"site-sidebar-layout":"default","site-content-layout":"","ast-site-content-layout":"default","site-content-style":"default","site-sidebar-style":"default","ast-global-header-display":"","ast-banner-title-visibility":"","ast-main-header-display":"","ast-hfb-above-header-display":"","ast-hfb-below-header-display":"","ast-hfb-mobile-header-display":"","site-post-title":"","ast-breadcrumbs-content":"","ast-featured-img":"","footer-sml-layout":"","ast-disable-related-posts":"","theme-transparent-header-meta":"","adv-header-id-meta":"","stick-header-meta":"","header-above-stick-meta":"","header-main-stick-meta":"","header-below-stick-meta":"","astra-migrate-meta-layouts":"default","ast-page-background-enabled":"default","ast-page-background-meta":{"desktop":{"background-color":"var(--ast-global-color-5)","background-image":"","background-repeat":"repeat","background-position":"center center","background-size":"auto","background-attachment":"scroll","background-type":"","background-media":"","overlay-type":"","overlay-color":"","overlay-opacity":"","overlay-gradient":""},"tablet":{"background-color":"","background-image":"","background-repeat":"repeat","background-position":"center center","background-size":"auto","background-attachment":"scroll","background-type":"","background-media":"","overlay-type":"","overlay-color":"","overlay-opacity":"","overlay-gradient":""},"mobile":{"background-color":"","background-image":"","background-repeat":"repeat","background-position":"center center","background-size":"auto","background-attachment":"scroll","background-type":"","background-media":"","overlay-type":"","overlay-color":"","overlay-opacity":"","overlay-gradient":""}},"ast-content-background-meta":{"desktop":{"background-color":"var(--ast-global-color-4)","background-image":"","background-repeat":"repeat","background-position":"center center","background-size":"auto","background-attachment":"scroll","background-type":"","background-media":"","overlay-type":"","overlay-color":"","overlay-opacity":"","overlay-gradient":""},"tablet":{"background-color":"var(--ast-global-color-4)","background-image":"","background-repeat":"repeat","background-position":"center center","background-size":"auto","background-attachment":"scroll","background-type":"","background-media":"","overlay-type":"","overlay-color":"","overlay-opacity":"","overlay-gradient":""},"mobile":{"background-color":"var(--ast-global-color-4)","background-image":"","background-repeat":"repeat","background-position":"center center","background-size":"auto","background-attachment":"scroll","background-type":"","background-media":"","overlay-type":"","overlay-color":"","overlay-opacity":"","overlay-gradient":""}},"footnotes":""},"categories":[1],"tags":[],"class_list":["post-50597","post","type-post","status-publish","format-standard","hentry","category-sem-categoria"],"yoast_head":"<!-- This site is optimized with the Yoast SEO plugin v26.6 - https:\/\/yoast.com\/wordpress\/plugins\/seo\/ -->\n<title>Piso salarial no servi\u00e7o p\u00fablico \u00e9 debatido em painel na C\u00e2mara Municipal - Daniel Matos<\/title>\n<meta name=\"robots\" content=\"index, follow, max-snippet:-1, max-image-preview:large, max-video-preview:-1\" \/>\n<link rel=\"canonical\" href=\"https:\/\/www.blogsoestado.com\/danielmatos\/piso-salarial-no-servico-publico-e-debatido-em-painel-na-camara-municipal\/\" \/>\n<meta property=\"og:locale\" content=\"pt_BR\" \/>\n<meta property=\"og:type\" content=\"article\" \/>\n<meta property=\"og:title\" content=\"Piso salarial no servi\u00e7o p\u00fablico \u00e9 debatido em painel na C\u00e2mara Municipal - Daniel Matos\" \/>\n<meta property=\"og:description\" content=\"Por iniciativa do vereador Marcial Lima (PRTB), a C\u00e2mara Municipal de S\u00e3o Lu\u00eds realizou, na manh\u00e3 desta sexta-feira, (20), um [&hellip;]\" \/>\n<meta property=\"og:url\" content=\"https:\/\/www.blogsoestado.com\/danielmatos\/piso-salarial-no-servico-publico-e-debatido-em-painel-na-camara-municipal\/\" \/>\n<meta property=\"og:site_name\" content=\"Daniel Matos\" \/>\n<meta property=\"article:published_time\" content=\"2018-04-20T17:30:01+00:00\" \/>\n<meta property=\"og:image\" content=\"https:\/\/www.blogsoestado.com\/danielmatos\/files\/2018\/04\/marcial-painel.jpg\" \/>\n<meta name=\"twitter:card\" content=\"summary_large_image\" \/>\n<meta name=\"twitter:label1\" content=\"Est. tempo de leitura\" \/>\n\t<meta name=\"twitter:data1\" content=\"2 minutos\" \/>\n<script type=\"application\/ld+json\" class=\"yoast-schema-graph\">{\"@context\":\"https:\/\/schema.org\",\"@graph\":[{\"@type\":\"WebPage\",\"@id\":\"https:\/\/www.blogsoestado.com\/danielmatos\/piso-salarial-no-servico-publico-e-debatido-em-painel-na-camara-municipal\/\",\"url\":\"https:\/\/www.blogsoestado.com\/danielmatos\/piso-salarial-no-servico-publico-e-debatido-em-painel-na-camara-municipal\/\",\"name\":\"Piso salarial no servi\u00e7o p\u00fablico \u00e9 debatido em painel na C\u00e2mara Municipal - Daniel Matos\",\"isPartOf\":{\"@id\":\"https:\/\/www.blogsoestado.com\/danielmatos\/#website\"},\"primaryImageOfPage\":{\"@id\":\"https:\/\/www.blogsoestado.com\/danielmatos\/piso-salarial-no-servico-publico-e-debatido-em-painel-na-camara-municipal\/#primaryimage\"},\"image\":{\"@id\":\"https:\/\/www.blogsoestado.com\/danielmatos\/piso-salarial-no-servico-publico-e-debatido-em-painel-na-camara-municipal\/#primaryimage\"},\"thumbnailUrl\":\"https:\/\/www.blogsoestado.com\/danielmatos\/files\/2018\/04\/marcial-painel.jpg\",\"datePublished\":\"2018-04-20T17:30:01+00:00\",\"author\":{\"@id\":\"\"},\"breadcrumb\":{\"@id\":\"https:\/\/www.blogsoestado.com\/danielmatos\/piso-salarial-no-servico-publico-e-debatido-em-painel-na-camara-municipal\/#breadcrumb\"},\"inLanguage\":\"pt-BR\",\"potentialAction\":[{\"@type\":\"ReadAction\",\"target\":[\"https:\/\/www.blogsoestado.com\/danielmatos\/piso-salarial-no-servico-publico-e-debatido-em-painel-na-camara-municipal\/\"]}]},{\"@type\":\"ImageObject\",\"inLanguage\":\"pt-BR\",\"@id\":\"https:\/\/www.blogsoestado.com\/danielmatos\/piso-salarial-no-servico-publico-e-debatido-em-painel-na-camara-municipal\/#primaryimage\",\"url\":\"https:\/\/www.blogsoestado.com\/danielmatos\/files\/2018\/04\/marcial-painel.jpg\",\"contentUrl\":\"https:\/\/www.blogsoestado.com\/danielmatos\/files\/2018\/04\/marcial-painel.jpg\"},{\"@type\":\"BreadcrumbList\",\"@id\":\"https:\/\/www.blogsoestado.com\/danielmatos\/piso-salarial-no-servico-publico-e-debatido-em-painel-na-camara-municipal\/#breadcrumb\",\"itemListElement\":[{\"@type\":\"ListItem\",\"position\":1,\"name\":\"In\u00edcio\",\"item\":\"https:\/\/www.blogsoestado.com\/danielmatos\/\"},{\"@type\":\"ListItem\",\"position\":2,\"name\":\"Piso salarial no servi\u00e7o p\u00fablico \u00e9 debatido em painel na C\u00e2mara Municipal\"}]},{\"@type\":\"WebSite\",\"@id\":\"https:\/\/www.blogsoestado.com\/danielmatos\/#website\",\"url\":\"https:\/\/www.blogsoestado.com\/danielmatos\/\",\"name\":\"Daniel Matos\",\"description\":\"\",\"potentialAction\":[{\"@type\":\"SearchAction\",\"target\":{\"@type\":\"EntryPoint\",\"urlTemplate\":\"https:\/\/www.blogsoestado.com\/danielmatos\/?s={search_term_string}\"},\"query-input\":{\"@type\":\"PropertyValueSpecification\",\"valueRequired\":true,\"valueName\":\"search_term_string\"}}],\"inLanguage\":\"pt-BR\"}]}<\/script>\n<!-- \/ Yoast SEO plugin. -->","yoast_head_json":{"title":"Piso salarial no servi\u00e7o p\u00fablico \u00e9 debatido em painel na C\u00e2mara Municipal - Daniel Matos","robots":{"index":"index","follow":"follow","max-snippet":"max-snippet:-1","max-image-preview":"max-image-preview:large","max-video-preview":"max-video-preview:-1"},"canonical":"https:\/\/www.blogsoestado.com\/danielmatos\/piso-salarial-no-servico-publico-e-debatido-em-painel-na-camara-municipal\/","og_locale":"pt_BR","og_type":"article","og_title":"Piso salarial no servi\u00e7o p\u00fablico \u00e9 debatido em painel na C\u00e2mara Municipal - Daniel Matos","og_description":"Por iniciativa do vereador Marcial Lima (PRTB), a C\u00e2mara Municipal de S\u00e3o Lu\u00eds realizou, na manh\u00e3 desta sexta-feira, (20), um [&hellip;]","og_url":"https:\/\/www.blogsoestado.com\/danielmatos\/piso-salarial-no-servico-publico-e-debatido-em-painel-na-camara-municipal\/","og_site_name":"Daniel Matos","article_published_time":"2018-04-20T17:30:01+00:00","og_image":[{"url":"https:\/\/www.blogsoestado.com\/danielmatos\/files\/2018\/04\/marcial-painel.jpg","type":"","width":"","height":""}],"twitter_card":"summary_large_image","twitter_misc":{"Est. tempo de leitura":"2 minutos"},"schema":{"@context":"https:\/\/schema.org","@graph":[{"@type":"WebPage","@id":"https:\/\/www.blogsoestado.com\/danielmatos\/piso-salarial-no-servico-publico-e-debatido-em-painel-na-camara-municipal\/","url":"https:\/\/www.blogsoestado.com\/danielmatos\/piso-salarial-no-servico-publico-e-debatido-em-painel-na-camara-municipal\/","name":"Piso salarial no servi\u00e7o p\u00fablico \u00e9 debatido em painel na C\u00e2mara Municipal - Daniel Matos","isPartOf":{"@id":"https:\/\/www.blogsoestado.com\/danielmatos\/#website"},"primaryImageOfPage":{"@id":"https:\/\/www.blogsoestado.com\/danielmatos\/piso-salarial-no-servico-publico-e-debatido-em-painel-na-camara-municipal\/#primaryimage"},"image":{"@id":"https:\/\/www.blogsoestado.com\/danielmatos\/piso-salarial-no-servico-publico-e-debatido-em-painel-na-camara-municipal\/#primaryimage"},"thumbnailUrl":"https:\/\/www.blogsoestado.com\/danielmatos\/files\/2018\/04\/marcial-painel.jpg","datePublished":"2018-04-20T17:30:01+00:00","author":{"@id":""},"breadcrumb":{"@id":"https:\/\/www.blogsoestado.com\/danielmatos\/piso-salarial-no-servico-publico-e-debatido-em-painel-na-camara-municipal\/#breadcrumb"},"inLanguage":"pt-BR","potentialAction":[{"@type":"ReadAction","target":["https:\/\/www.blogsoestado.com\/danielmatos\/piso-salarial-no-servico-publico-e-debatido-em-painel-na-camara-municipal\/"]}]},{"@type":"ImageObject","inLanguage":"pt-BR","@id":"https:\/\/www.blogsoestado.com\/danielmatos\/piso-salarial-no-servico-publico-e-debatido-em-painel-na-camara-municipal\/#primaryimage","url":"https:\/\/www.blogsoestado.com\/danielmatos\/files\/2018\/04\/marcial-painel.jpg","contentUrl":"https:\/\/www.blogsoestado.com\/danielmatos\/files\/2018\/04\/marcial-painel.jpg"},{"@type":"BreadcrumbList","@id":"https:\/\/www.blogsoestado.com\/danielmatos\/piso-salarial-no-servico-publico-e-debatido-em-painel-na-camara-municipal\/#breadcrumb","itemListElement":[{"@type":"ListItem","position":1,"name":"In\u00edcio","item":"https:\/\/www.blogsoestado.com\/danielmatos\/"},{"@type":"ListItem","position":2,"name":"Piso salarial no servi\u00e7o p\u00fablico \u00e9 debatido em painel na C\u00e2mara Municipal"}]},{"@type":"WebSite","@id":"https:\/\/www.blogsoestado.com\/danielmatos\/#website","url":"https:\/\/www.blogsoestado.com\/danielmatos\/","name":"Daniel Matos","description":"","potentialAction":[{"@type":"SearchAction","target":{"@type":"EntryPoint","urlTemplate":"https:\/\/www.blogsoestado.com\/danielmatos\/?s={search_term_string}"},"query-input":{"@type":"PropertyValueSpecification","valueRequired":true,"valueName":"search_term_string"}}],"inLanguage":"pt-BR"}]}},"jetpack_featured_media_url":"","_links":{"self":[{"href":"https:\/\/www.blogsoestado.com\/danielmatos\/wp-json\/wp\/v2\/posts\/50597","targetHints":{"allow":["GET"]}}],"collection":[{"href":"https:\/\/www.blogsoestado.com\/danielmatos\/wp-json\/wp\/v2\/posts"}],"about":[{"href":"https:\/\/www.blogsoestado.com\/danielmatos\/wp-json\/wp\/v2\/types\/post"}],"replies":[{"embeddable":true,"href":"https:\/\/www.blogsoestado.com\/danielmatos\/wp-json\/wp\/v2\/comments?post=50597"}],"version-history":[{"count":0,"href":"https:\/\/www.blogsoestado.com\/danielmatos\/wp-json\/wp\/v2\/posts\/50597\/revisions"}],"wp:attachment":[{"href":"https:\/\/www.blogsoestado.com\/danielmatos\/wp-json\/wp\/v2\/media?parent=50597"}],"wp:term":[{"taxonomy":"category","embeddable":true,"href":"https:\/\/www.blogsoestado.com\/danielmatos\/wp-json\/wp\/v2\/categories?post=50597"},{"taxonomy":"post_tag","embeddable":true,"href":"https:\/\/www.blogsoestado.com\/danielmatos\/wp-json\/wp\/v2\/tags?post=50597"}],"curies":[{"name":"wp","href":"https:\/\/api.w.org\/{rel}","templated":true}]}}