{"id":50603,"date":"2018-04-20T14:53:54","date_gmt":"2018-04-20T17:53:54","guid":{"rendered":"https:\/\/www.blogsoestado.com\/danielmatos\/?p=50603"},"modified":"2018-04-20T14:53:54","modified_gmt":"2018-04-20T17:53:54","slug":"xote-da-prometida-agita-o-feriado-deste-sabado","status":"publish","type":"post","link":"https:\/\/www.blogsoestado.com\/danielmatos\/xote-da-prometida-agita-o-feriado-deste-sabado\/","title":{"rendered":"Xote da Prometida agita o feriado deste s\u00e1bado"},"content":{"rendered":"<h2><span style=\"color: #ff0000;\">Os cantores Dorgival Dantas, Wallas Arrais e o DJ Jos\u00e9 Pinteiro animam a programa\u00e7\u00e3o musical do \u201cXote da Prometida\u201d neste s\u00e1bado (21), a partir das 21h no Sal\u00e3o de Conven\u00e7\u00f5es do Blue Tree Towers<\/span><\/h2>\n<figure id=\"attachment_50604\" aria-describedby=\"caption-attachment-50604\" style=\"width: 640px\" class=\"wp-caption aligncenter\"><img fetchpriority=\"high\" decoding=\"async\" class=\"size-full wp-image-50604\" src=\"https:\/\/www.blogsoestado.com\/danielmatos\/files\/2018\/04\/dorgival5.jpg\" alt=\"\" width=\"640\" height=\"425\" \/><figcaption id=\"caption-attachment-50604\" class=\"wp-caption-text\">Dorgival Dantas presenteia o p\u00fablico com o primeiro DVD e quinto CD de sua carreira: \u201cSimplesmente Dorgival Dantas\u201d<\/figcaption><\/figure>\n<p>\u201cTchau, tchau, amor. \u00c9 tarde demais. Tchau, tchau, j\u00e1 vou! N\u00e3o volto atr\u00e1s\u201d, j\u00e1 sabem de quem \u00e9 esse sucesso? Simplesmente de autoria dele, o poeta de todas as gera\u00e7\u00f5es, Dorgival Dantas, que se apresenta neste s\u00e1bado (21) no \u201cXote da Prometida\u201d, com Wallas Arrais e o DJ Jos\u00e9 Pinteiro, a partir das 21h, no Sal\u00e3o de Conven\u00e7\u00f5es do Blue Tree Towers, antigo Hotel Pestana, em S\u00e3o Lu\u00eds.<\/p>\n<p>Com m\u00fasicas envolventes e um repert\u00f3rio bastante animado, Dorgival traz na bagagem sucessos como, \u201cTarde Demais\u201d, \u201cPaix\u00e3o Errada\u201d, \u201cValeu\u201d, \u201cDest\u00e1\u201d, \u201cCora\u00e7\u00e3o\u201d, \u201cPrimeiro Passo\u201d e outras que ganharam as r\u00e1dios e novelas do Brasil.<\/p>\n<p>A discografia do Potiguar, Dorgival Dantas, tem 5 \u00e1lbuns: O Homem do Cora\u00e7\u00e3o (2006), Primeiro Passo (2007), Turn\u00ea 2008 (2008), Sanfona e Voz (2012). Simplesmente Dorgival &#8211; Ao Vivo (2013), seu primeiro DVD com participa\u00e7\u00f5es para l\u00e1 de especiais como: Chambinho do Acordeon, Solange Almeida, Xand Avi\u00e3o, seu filho C\u00edcero Dantas, Bell Marques, Fl\u00e1vio Jos\u00e9, Jorge e Mateus e a dupla C\u00e9sar Menotti e Fabiano.<\/p>\n<p>Para o evento, a produ\u00e7\u00e3o promete caprichar na organiza\u00e7\u00e3o. \u201cDessa vez quisemos apresentar ao diferente com o poeta e seus convidados. Viemos para esse sal\u00e3o climatizado do Blue Tree, que al\u00e9m de ser coberto, apresenta toda uma estrutura especial para nosso p\u00fablico, fora o visual que \u00e9 magn\u00edfico. Teremos uma noite m\u00e1gica com esses artistas fenomenais\u201d, conta Marcelo Arag\u00e3o, s\u00f3cio-diretor da 4M\u00e3os Entretenimento.<\/p>\n<p><strong>Dorgival Dantas<\/strong><\/p>\n<div class=\"ast-oembed-container \" style=\"height: 100%;\"><iframe title=\"Dorgival Dantas - Paix\u00e3o Errada - Part. Jorge &amp; Mateus [DVD Simplesmente Dorgival Dantas]\" width=\"500\" height=\"281\" src=\"https:\/\/www.youtube.com\/embed\/mAVYM6R8r18?feature=oembed\" frameborder=\"0\" allow=\"accelerometer; autoplay; clipboard-write; encrypted-media; gyroscope; picture-in-picture; web-share\" referrerpolicy=\"strict-origin-when-cross-origin\" allowfullscreen><\/iframe><\/div>\n<p>A hist\u00f3ria do poeta, cantor, sanfoneiro e compositor, Dorgival Dantas come\u00e7a em Olho D\u2019\u00e1gua do Borges, no Rio Grande do Norte, onde nasceu em 1971. O tecladista ingressou na carreira musical aos 14 anos de idade, influenciado pelo pai, C\u00edcero Dantas, que tamb\u00e9m era sanfoneiro.<\/p>\n<p>Ap\u00f3s oito anos do lan\u00e7amento de seu primeiro CD (2006- Universal Music), Dorgival Dantas, o \u201cPoeta das Can\u00e7\u00f5es\u201d nos presenteia com seu primeiro DVD e quinto CD de sua carreira: \u201cSimplesmente Dorgival Dantas\u201d.<\/p>\n<p>Gravado no segundo semestre de 2013, esse novo projeto \u00e9 um passeio nas obras deste multi-instrumentista declaradamente apaixonado pela sanfona, no resgate de obras que figuram como \u201chinos\u201d junto aos amantes do forr\u00f3.<\/p>\n<figure id=\"attachment_50606\" aria-describedby=\"caption-attachment-50606\" style=\"width: 336px\" class=\"wp-caption alignright\"><img decoding=\"async\" class=\"size-full wp-image-50606\" src=\"https:\/\/www.blogsoestado.com\/danielmatos\/files\/2018\/04\/wallas.jpg\" alt=\"\" width=\"336\" height=\"336\" \/><figcaption id=\"caption-attachment-50606\" class=\"wp-caption-text\">O cantor Wallas Arrais apresentar\u00e1 um repert\u00f3rio especial, com grandes sucessos<\/figcaption><\/figure>\n<p>A trajet\u00f3ria art\u00edstica de Dorgival Dantas come\u00e7ou atrav\u00e9s de suas p\u00e9rolas musicais cantadas por outros artistas como Bruno e Marrone, Alexandre Pires, Tch\u00ea Garotos, Frank Aguiar, Michel Tel\u00f3, Avi\u00f5es do Forr\u00f3, entre outros.<\/p>\n<p>Em 2006, lan\u00e7a \u201cO Homem do Cora\u00e7\u00e3o\u201d, com destaque para os sucessos \u201cEu n\u00e3o vou mais chorar\u201d e \u201cPorque\u201d. Em 2007, veio \u201cPrimeiro Passo\u201d, com direito a turn\u00ea por todo o Pa\u00eds. Em 2011 o \u00e1lbum duplo \u201cQuanto Custa\u201d, que traz os sucessos \u201cDeclara\u00e7\u00e3o\u201d e \u201cCora\u00e7\u00e3o Teimoso\u201d. Em 2012, mais um \u00e1lbum, \u201cSanfona e Voz\u201d, emplacando as faixas \u201cKKK\u201d e \u201cAcabou na Lama\u201d.<\/p>\n<p>De l\u00e1 para c\u00e1, deixou seus cr\u00e9ditos tamb\u00e9m em novelas da Rede Globo: \u201cBarriguinha\u201d, em Malha\u00e7\u00e3o gravada pelo Avi\u00f5es do Forr\u00f3; \u2013 a consagrada \u201cVoc\u00ea N\u00e3o Vale Nada\u201d, hit de Norminha (Dira Paes), na novela \u201cCaminho das \u00cdndias, nas vozes da banda Calcinha Preta; \u201cPode Chorar\u201d, trilha sonora de \u201cAraguaia\u201d e \u201cAmor Covarde\u201d, em \u201cFina Estampa\u201d, ambas nas vozes da dupla Jorge e Mateus.<\/p>\n<p><strong>Wallas Arrais<\/strong><\/p>\n<div class=\"ast-oembed-container \" style=\"height: 100%;\"><iframe title=\"Wallas Arrais - Frio na Barriga feat. Xand Avi\u00e3o\" width=\"500\" height=\"281\" src=\"https:\/\/www.youtube.com\/embed\/b76k1M9rSQM?feature=oembed\" frameborder=\"0\" allow=\"accelerometer; autoplay; clipboard-write; encrypted-media; gyroscope; picture-in-picture; web-share\" referrerpolicy=\"strict-origin-when-cross-origin\" allowfullscreen><\/iframe><\/div>\n<p>Outro astro que estar\u00e1 no evento \u00e9 o cantor Wallas Arrais e apresentar\u00e1 um repert\u00f3rio especial para todos curtirem grandes sucessos. Entre eles, \u201cFrio na barriga\u201d que gravou com participa\u00e7\u00e3o do cantor Xand Avi\u00e3o e encontra-se entre as mais pedidas nas r\u00e1dios do Brasil, tamb\u00e9m outros hits comp\u00f5em o repert\u00f3rio, como \u201cAmn\u00e9sia\u201d, \u201cMesa de bar\u201d, \u201cBeijar na boca de outro\u201d e muito mais.<\/p>\n<p><strong>DJ Jos\u00e9 Pinteiro<\/strong><\/p>\n<figure id=\"attachment_50605\" aria-describedby=\"caption-attachment-50605\" style=\"width: 640px\" class=\"wp-caption aligncenter\"><img decoding=\"async\" class=\"size-full wp-image-50605\" src=\"https:\/\/www.blogsoestado.com\/danielmatos\/files\/2018\/04\/dj-jose.jpg\" alt=\"\" width=\"640\" height=\"424\" \/><figcaption id=\"caption-attachment-50605\" class=\"wp-caption-text\">Desde o Carnaval, o DJ Jos\u00e9 Pinteiro se dedica 100% \u00e0 m\u00fasica, ap\u00f3s desvincular-se do estaleiro do pai<\/figcaption><\/figure>\n<p>Ele vem se destacando na m\u00fasica eletr\u00f4nica. Desde o Carnaval que Jos\u00e9 Pinteiro vem se dedicando 100% \u00e0 m\u00fasica. O jovem de 26 anos desvinculou-se do estaleiro do pai, no qual trabalhava h\u00e1 nove, para dar expediente exclusivamente no home studio que montou num dos quartos da sua casa. \u00c9 onde comp\u00f5e e produz. \u201cSe n\u00e3o for por um caminho autoral, \u00e9 muito dif\u00edcil evoluir, voc\u00ea estagna. Eu \u2018tava\u2019 incomodado de n\u00e3o ter tempo pra tirar ideias do papel. Tenho de escrever \u2013 a maioria das m\u00fasicas \u00e9 composi\u00e7\u00e3o minha \u2013 e para isso \u00e9 preciso estar com a cabe\u00e7a fresca. \u00c9 uma arte!\u201d, nos diz ele, autocr\u00edtico e ponderado: \u201cSe eu n\u00e3o decidisse agora, n\u00e3o faria l\u00e1 na frente e me arrependeria\u201d.<\/p>\n<div class=\"ast-oembed-container \" style=\"height: 100%;\"><iframe title=\"Jopin - 2016 Recap\" width=\"500\" height=\"281\" src=\"https:\/\/www.youtube.com\/embed\/ingZJZxMCus?feature=oembed\" frameborder=\"0\" allow=\"accelerometer; autoplay; clipboard-write; encrypted-media; gyroscope; picture-in-picture; web-share\" referrerpolicy=\"strict-origin-when-cross-origin\" allowfullscreen><\/iframe><\/div>\n<p>Nesse lan\u00e7ar-se ao mar \u2013 agora n\u00e3o mais os barcos que produzia, mas a si mesmo \u2013, nasceu Jopin, nome art\u00edstico com que deve se apresentar daqui pra frente. Sete m\u00fasicas est\u00e3o prontas e no gatilho: a primeira delas, Touch the Ground (feat. Maggie), logo chegar\u00e1 em todas as plataformas digitais. Por ora, vai seguir como artista independente, sem estar atrelado a nenhuma gravadora.<\/p>\n<p><strong>Xote Solid\u00e1rio<\/strong><\/p>\n<p>Uma forma de ajudar as cidades com problemas de alimenta\u00e7\u00e3o devido as enchentes nos \u00faltimos dias no Maranh\u00e3o, a organizou lan\u00e7ou a promo\u00e7\u00e3o \u201cXote Solid\u00e1ria\u201d. Doando uma lata de leite em p\u00f3, voc\u00ea ganha R$ 50 de desconto no valor do ingresso para qualquer setor. Promo\u00e7\u00e3o v\u00e1lida enquanto durar o estoque.<\/p>\n<p><strong>Servi\u00e7o<\/strong><\/p>\n<p><strong>O qu\u00ea:<\/strong> Xote da Prometida<\/p>\n<p><strong>Quando:<\/strong> S\u00e1bado, dia 21 de abril, feriado.<\/p>\n<p><strong>Onde:<\/strong> Blue Tree Towers<\/p>\n<p><strong>Atra\u00e7\u00f5es:<\/strong> Dorgival Dantas, Wallas Dantas e DJ Jos\u00e9 Pinteiro<\/p>\n<p><strong>Venda:<\/strong> Os ingressos est\u00e3o \u00e0 venda na Bilheteria Digital, Lojas Degraus e Loja 4M\u00e3os Store. O setor sal\u00e3o custa R$ 90 e a Varanda R$ 150, com servi\u00e7o de salgados.<\/p>\n<p><strong>Informa\u00e7\u00f5es:<\/strong> (98) 3016-6663<\/p>\n<p><strong>Realiza\u00e7\u00e3o:<\/strong> 4M\u00e3os Entretenimento, Tica Produ\u00e7\u00f5es e Raina Produ\u00e7\u00f5es.<\/p>\n","protected":false},"excerpt":{"rendered":"<p>Os cantores Dorgival Dantas, Wallas Arrais e o DJ Jos\u00e9 Pinteiro animam a programa\u00e7\u00e3o musical do \u201cXote da Prometida\u201d neste [&hellip;]<\/p>\n","protected":false},"author":0,"featured_media":0,"comment_status":"open","ping_status":"open","sticky":false,"template":"","format":"standard","meta":{"site-sidebar-layout":"default","site-content-layout":"","ast-site-content-layout":"default","site-content-style":"default","site-sidebar-style":"default","ast-global-header-display":"","ast-banner-title-visibility":"","ast-main-header-display":"","ast-hfb-above-header-display":"","ast-hfb-below-header-display":"","ast-hfb-mobile-header-display":"","site-post-title":"","ast-breadcrumbs-content":"","ast-featured-img":"","footer-sml-layout":"","ast-disable-related-posts":"","theme-transparent-header-meta":"","adv-header-id-meta":"","stick-header-meta":"","header-above-stick-meta":"","header-main-stick-meta":"","header-below-stick-meta":"","astra-migrate-meta-layouts":"default","ast-page-background-enabled":"default","ast-page-background-meta":{"desktop":{"background-color":"var(--ast-global-color-5)","background-image":"","background-repeat":"repeat","background-position":"center center","background-size":"auto","background-attachment":"scroll","background-type":"","background-media":"","overlay-type":"","overlay-color":"","overlay-opacity":"","overlay-gradient":""},"tablet":{"background-color":"","background-image":"","background-repeat":"repeat","background-position":"center center","background-size":"auto","background-attachment":"scroll","background-type":"","background-media":"","overlay-type":"","overlay-color":"","overlay-opacity":"","overlay-gradient":""},"mobile":{"background-color":"","background-image":"","background-repeat":"repeat","background-position":"center center","background-size":"auto","background-attachment":"scroll","background-type":"","background-media":"","overlay-type":"","overlay-color":"","overlay-opacity":"","overlay-gradient":""}},"ast-content-background-meta":{"desktop":{"background-color":"var(--ast-global-color-4)","background-image":"","background-repeat":"repeat","background-position":"center center","background-size":"auto","background-attachment":"scroll","background-type":"","background-media":"","overlay-type":"","overlay-color":"","overlay-opacity":"","overlay-gradient":""},"tablet":{"background-color":"var(--ast-global-color-4)","background-image":"","background-repeat":"repeat","background-position":"center center","background-size":"auto","background-attachment":"scroll","background-type":"","background-media":"","overlay-type":"","overlay-color":"","overlay-opacity":"","overlay-gradient":""},"mobile":{"background-color":"var(--ast-global-color-4)","background-image":"","background-repeat":"repeat","background-position":"center center","background-size":"auto","background-attachment":"scroll","background-type":"","background-media":"","overlay-type":"","overlay-color":"","overlay-opacity":"","overlay-gradient":""}},"footnotes":""},"categories":[1],"tags":[],"class_list":["post-50603","post","type-post","status-publish","format-standard","hentry","category-sem-categoria"],"yoast_head":"<!-- This site is optimized with the Yoast SEO plugin v26.6 - https:\/\/yoast.com\/wordpress\/plugins\/seo\/ -->\n<title>Xote da Prometida agita o feriado deste s\u00e1bado - Daniel Matos<\/title>\n<meta name=\"robots\" content=\"index, follow, max-snippet:-1, max-image-preview:large, max-video-preview:-1\" \/>\n<link rel=\"canonical\" href=\"https:\/\/www.blogsoestado.com\/danielmatos\/xote-da-prometida-agita-o-feriado-deste-sabado\/\" \/>\n<meta property=\"og:locale\" content=\"pt_BR\" \/>\n<meta property=\"og:type\" content=\"article\" \/>\n<meta property=\"og:title\" content=\"Xote da Prometida agita o feriado deste s\u00e1bado - Daniel Matos\" \/>\n<meta property=\"og:description\" content=\"Os cantores Dorgival Dantas, Wallas Arrais e o DJ Jos\u00e9 Pinteiro animam a programa\u00e7\u00e3o musical do \u201cXote da Prometida\u201d neste [&hellip;]\" \/>\n<meta property=\"og:url\" content=\"https:\/\/www.blogsoestado.com\/danielmatos\/xote-da-prometida-agita-o-feriado-deste-sabado\/\" \/>\n<meta property=\"og:site_name\" content=\"Daniel Matos\" \/>\n<meta property=\"article:published_time\" content=\"2018-04-20T17:53:54+00:00\" \/>\n<meta property=\"og:image\" content=\"https:\/\/www.blogsoestado.com\/danielmatos\/files\/2018\/04\/dorgival5.jpg\" \/>\n<meta name=\"twitter:card\" content=\"summary_large_image\" \/>\n<meta name=\"twitter:label1\" content=\"Est. tempo de leitura\" \/>\n\t<meta name=\"twitter:data1\" content=\"5 minutos\" \/>\n<script type=\"application\/ld+json\" class=\"yoast-schema-graph\">{\"@context\":\"https:\/\/schema.org\",\"@graph\":[{\"@type\":\"WebPage\",\"@id\":\"https:\/\/www.blogsoestado.com\/danielmatos\/xote-da-prometida-agita-o-feriado-deste-sabado\/\",\"url\":\"https:\/\/www.blogsoestado.com\/danielmatos\/xote-da-prometida-agita-o-feriado-deste-sabado\/\",\"name\":\"Xote da Prometida agita o feriado deste s\u00e1bado - Daniel Matos\",\"isPartOf\":{\"@id\":\"https:\/\/www.blogsoestado.com\/danielmatos\/#website\"},\"primaryImageOfPage\":{\"@id\":\"https:\/\/www.blogsoestado.com\/danielmatos\/xote-da-prometida-agita-o-feriado-deste-sabado\/#primaryimage\"},\"image\":{\"@id\":\"https:\/\/www.blogsoestado.com\/danielmatos\/xote-da-prometida-agita-o-feriado-deste-sabado\/#primaryimage\"},\"thumbnailUrl\":\"https:\/\/www.blogsoestado.com\/danielmatos\/files\/2018\/04\/dorgival5.jpg\",\"datePublished\":\"2018-04-20T17:53:54+00:00\",\"author\":{\"@id\":\"\"},\"breadcrumb\":{\"@id\":\"https:\/\/www.blogsoestado.com\/danielmatos\/xote-da-prometida-agita-o-feriado-deste-sabado\/#breadcrumb\"},\"inLanguage\":\"pt-BR\",\"potentialAction\":[{\"@type\":\"ReadAction\",\"target\":[\"https:\/\/www.blogsoestado.com\/danielmatos\/xote-da-prometida-agita-o-feriado-deste-sabado\/\"]}]},{\"@type\":\"ImageObject\",\"inLanguage\":\"pt-BR\",\"@id\":\"https:\/\/www.blogsoestado.com\/danielmatos\/xote-da-prometida-agita-o-feriado-deste-sabado\/#primaryimage\",\"url\":\"https:\/\/www.blogsoestado.com\/danielmatos\/files\/2018\/04\/dorgival5.jpg\",\"contentUrl\":\"https:\/\/www.blogsoestado.com\/danielmatos\/files\/2018\/04\/dorgival5.jpg\"},{\"@type\":\"BreadcrumbList\",\"@id\":\"https:\/\/www.blogsoestado.com\/danielmatos\/xote-da-prometida-agita-o-feriado-deste-sabado\/#breadcrumb\",\"itemListElement\":[{\"@type\":\"ListItem\",\"position\":1,\"name\":\"In\u00edcio\",\"item\":\"https:\/\/www.blogsoestado.com\/danielmatos\/\"},{\"@type\":\"ListItem\",\"position\":2,\"name\":\"Xote da Prometida agita o feriado deste s\u00e1bado\"}]},{\"@type\":\"WebSite\",\"@id\":\"https:\/\/www.blogsoestado.com\/danielmatos\/#website\",\"url\":\"https:\/\/www.blogsoestado.com\/danielmatos\/\",\"name\":\"Daniel Matos\",\"description\":\"\",\"potentialAction\":[{\"@type\":\"SearchAction\",\"target\":{\"@type\":\"EntryPoint\",\"urlTemplate\":\"https:\/\/www.blogsoestado.com\/danielmatos\/?s={search_term_string}\"},\"query-input\":{\"@type\":\"PropertyValueSpecification\",\"valueRequired\":true,\"valueName\":\"search_term_string\"}}],\"inLanguage\":\"pt-BR\"}]}<\/script>\n<!-- \/ Yoast SEO plugin. -->","yoast_head_json":{"title":"Xote da Prometida agita o feriado deste s\u00e1bado - Daniel Matos","robots":{"index":"index","follow":"follow","max-snippet":"max-snippet:-1","max-image-preview":"max-image-preview:large","max-video-preview":"max-video-preview:-1"},"canonical":"https:\/\/www.blogsoestado.com\/danielmatos\/xote-da-prometida-agita-o-feriado-deste-sabado\/","og_locale":"pt_BR","og_type":"article","og_title":"Xote da Prometida agita o feriado deste s\u00e1bado - Daniel Matos","og_description":"Os cantores Dorgival Dantas, Wallas Arrais e o DJ Jos\u00e9 Pinteiro animam a programa\u00e7\u00e3o musical do \u201cXote da Prometida\u201d neste [&hellip;]","og_url":"https:\/\/www.blogsoestado.com\/danielmatos\/xote-da-prometida-agita-o-feriado-deste-sabado\/","og_site_name":"Daniel Matos","article_published_time":"2018-04-20T17:53:54+00:00","og_image":[{"url":"https:\/\/www.blogsoestado.com\/danielmatos\/files\/2018\/04\/dorgival5.jpg","type":"","width":"","height":""}],"twitter_card":"summary_large_image","twitter_misc":{"Est. tempo de leitura":"5 minutos"},"schema":{"@context":"https:\/\/schema.org","@graph":[{"@type":"WebPage","@id":"https:\/\/www.blogsoestado.com\/danielmatos\/xote-da-prometida-agita-o-feriado-deste-sabado\/","url":"https:\/\/www.blogsoestado.com\/danielmatos\/xote-da-prometida-agita-o-feriado-deste-sabado\/","name":"Xote da Prometida agita o feriado deste s\u00e1bado - Daniel Matos","isPartOf":{"@id":"https:\/\/www.blogsoestado.com\/danielmatos\/#website"},"primaryImageOfPage":{"@id":"https:\/\/www.blogsoestado.com\/danielmatos\/xote-da-prometida-agita-o-feriado-deste-sabado\/#primaryimage"},"image":{"@id":"https:\/\/www.blogsoestado.com\/danielmatos\/xote-da-prometida-agita-o-feriado-deste-sabado\/#primaryimage"},"thumbnailUrl":"https:\/\/www.blogsoestado.com\/danielmatos\/files\/2018\/04\/dorgival5.jpg","datePublished":"2018-04-20T17:53:54+00:00","author":{"@id":""},"breadcrumb":{"@id":"https:\/\/www.blogsoestado.com\/danielmatos\/xote-da-prometida-agita-o-feriado-deste-sabado\/#breadcrumb"},"inLanguage":"pt-BR","potentialAction":[{"@type":"ReadAction","target":["https:\/\/www.blogsoestado.com\/danielmatos\/xote-da-prometida-agita-o-feriado-deste-sabado\/"]}]},{"@type":"ImageObject","inLanguage":"pt-BR","@id":"https:\/\/www.blogsoestado.com\/danielmatos\/xote-da-prometida-agita-o-feriado-deste-sabado\/#primaryimage","url":"https:\/\/www.blogsoestado.com\/danielmatos\/files\/2018\/04\/dorgival5.jpg","contentUrl":"https:\/\/www.blogsoestado.com\/danielmatos\/files\/2018\/04\/dorgival5.jpg"},{"@type":"BreadcrumbList","@id":"https:\/\/www.blogsoestado.com\/danielmatos\/xote-da-prometida-agita-o-feriado-deste-sabado\/#breadcrumb","itemListElement":[{"@type":"ListItem","position":1,"name":"In\u00edcio","item":"https:\/\/www.blogsoestado.com\/danielmatos\/"},{"@type":"ListItem","position":2,"name":"Xote da Prometida agita o feriado deste s\u00e1bado"}]},{"@type":"WebSite","@id":"https:\/\/www.blogsoestado.com\/danielmatos\/#website","url":"https:\/\/www.blogsoestado.com\/danielmatos\/","name":"Daniel Matos","description":"","potentialAction":[{"@type":"SearchAction","target":{"@type":"EntryPoint","urlTemplate":"https:\/\/www.blogsoestado.com\/danielmatos\/?s={search_term_string}"},"query-input":{"@type":"PropertyValueSpecification","valueRequired":true,"valueName":"search_term_string"}}],"inLanguage":"pt-BR"}]}},"jetpack_featured_media_url":"","_links":{"self":[{"href":"https:\/\/www.blogsoestado.com\/danielmatos\/wp-json\/wp\/v2\/posts\/50603","targetHints":{"allow":["GET"]}}],"collection":[{"href":"https:\/\/www.blogsoestado.com\/danielmatos\/wp-json\/wp\/v2\/posts"}],"about":[{"href":"https:\/\/www.blogsoestado.com\/danielmatos\/wp-json\/wp\/v2\/types\/post"}],"replies":[{"embeddable":true,"href":"https:\/\/www.blogsoestado.com\/danielmatos\/wp-json\/wp\/v2\/comments?post=50603"}],"version-history":[{"count":0,"href":"https:\/\/www.blogsoestado.com\/danielmatos\/wp-json\/wp\/v2\/posts\/50603\/revisions"}],"wp:attachment":[{"href":"https:\/\/www.blogsoestado.com\/danielmatos\/wp-json\/wp\/v2\/media?parent=50603"}],"wp:term":[{"taxonomy":"category","embeddable":true,"href":"https:\/\/www.blogsoestado.com\/danielmatos\/wp-json\/wp\/v2\/categories?post=50603"},{"taxonomy":"post_tag","embeddable":true,"href":"https:\/\/www.blogsoestado.com\/danielmatos\/wp-json\/wp\/v2\/tags?post=50603"}],"curies":[{"name":"wp","href":"https:\/\/api.w.org\/{rel}","templated":true}]}}