{"id":50609,"date":"2018-04-20T15:56:08","date_gmt":"2018-04-20T18:56:08","guid":{"rendered":"https:\/\/www.blogsoestado.com\/danielmatos\/?p=50609"},"modified":"2018-04-20T15:56:08","modified_gmt":"2018-04-20T18:56:08","slug":"presidente-do-tjma-recebe-membros-do-movimento-maranhao-contra-corrupcao","status":"publish","type":"post","link":"https:\/\/www.blogsoestado.com\/danielmatos\/presidente-do-tjma-recebe-membros-do-movimento-maranhao-contra-corrupcao\/","title":{"rendered":"Presidente do TJMA recebe membros do movimento \u201cMaranh\u00e3o contra a Corrup\u00e7\u00e3o\u201d"},"content":{"rendered":"<figure id=\"attachment_50610\" aria-describedby=\"caption-attachment-50610\" style=\"width: 640px\" class=\"wp-caption aligncenter\"><img fetchpriority=\"high\" decoding=\"async\" class=\"size-full wp-image-50610\" src=\"https:\/\/www.blogsoestado.com\/danielmatos\/files\/2018\/04\/jj-movimento.jpg\" alt=\"\" width=\"640\" height=\"426\" \/><figcaption id=\"caption-attachment-50610\" class=\"wp-caption-text\">Presidente Jos\u00e9 Joaquim Figueiredo dos Anjos confirmou o apoio institucional do Tribunal de Justi\u00e7a ao movimento<\/figcaption><\/figure>\n<p>Integrantes do movimento jur\u00eddico \u201cMaranh\u00e3o contra a Corrup\u00e7\u00e3o\u201d fizeram uma visita institucional, nesta sexta-feira (20), ao presidente do Tribunal de Justi\u00e7a do Maranh\u00e3o, desembargador Jos\u00e9 Joaquim Figueiredo dos Anjos, com o objetivo de pedir o apoio do Tribunal e a sua presen\u00e7a no semin\u00e1rio do movimento, que ser\u00e1 realizado no dia 21 de maio, no audit\u00f3rio Madalena Serejo, do F\u00f3rum de S\u00e3o Lu\u00eds, no Calhau.<\/p>\n<p>Confirmando apoio institucional do Tribunal de Justi\u00e7a ao movimento, o presidente Joaquim Figueiredo disse, ainda, que incentivar\u00e1 a participa\u00e7\u00e3o de todos os ju\u00edzes que atuam com processos relativos ao tema da campanha.<\/p>\n<p>Segundo o juiz da Vara de Interesses Difusos e Coletivos da Comarca da Ilha de S\u00e3o Lu\u00eds, Douglas de Melo Martins, este \u00e9 o terceiro ano consecutivo da realiza\u00e7\u00e3o do semin\u00e1rio e do mutir\u00e3o, que t\u00eam a participa\u00e7\u00e3o de ju\u00edzes, promotores, membros do Tribunal de Contas, delegados de pol\u00edcia, advogados, estudantes, entre demais profissionais engajados no combate \u00e0 corrup\u00e7\u00e3o.<\/p>\n<p>De acordo com o magistrado, o mais importante \u00e9 que o movimento tem conseguido prevenir a corrup\u00e7\u00e3o. \u201c\u00c9 bom lembrar que a corrup\u00e7\u00e3o ocorre em pol\u00edticas p\u00fablicas, desvio de recursos p\u00fablicos que s\u00e3o fundamentais para a promo\u00e7\u00e3o dos direitos humanos, que s\u00e3o o direito \u00e0 sa\u00fade, educa\u00e7\u00e3o, lazer, servi\u00e7os sociais que os munic\u00edpios precisam fornecer. Quando os recursos s\u00e3o desviados, n\u00f3s temos viola\u00e7\u00f5es dos direitos humanos. Esse movimento \u00e9 uma forma de preven\u00e7\u00e3o\u201d, disse Douglas Martins.<\/p>\n<p>A ju\u00edza Mirella C\u00e9zar Freitas, da 2\u00aa Vara da Comarca de Itapecuru Mirim, disse que este \u00e9 um movimento volunt\u00e1rio que reconhece a import\u00e2ncia das medidas de preven\u00e7\u00e3o ao combate \u00e0 corrup\u00e7\u00e3o, como improbidade administrativa, crimes contra a administra\u00e7\u00e3o p\u00fablica e que tamb\u00e9m tem o apoio da Corregedoria Geral da Justi\u00e7a.<\/p>\n<p>Estiveram presentes na reuni\u00e3o os desembargadores Froz Sobrinho e Jo\u00e3o Santana, o promotor de Justi\u00e7a Lindonjonson Gon\u00e7alves de Sousa, o juiz presidente da Associa\u00e7\u00e3o dos Magistrados do Maranh\u00e3o, Angelo Santos, e os ju\u00edzes Marco Adriano Fonseca (1\u00aa Vara de Pedreiras), Marcelo Santana Farias (1\u00aa Vara de Lago da Pedra) e Carlos Alberto Matos Brito (Comarca de Penalva).<\/p>\n<p><strong>Fonte:<\/strong> Tribunal de Justi\u00e7a do Maranh\u00e3o<\/p>\n","protected":false},"excerpt":{"rendered":"<p>Integrantes do movimento jur\u00eddico \u201cMaranh\u00e3o contra a Corrup\u00e7\u00e3o\u201d fizeram uma visita institucional, nesta sexta-feira (20), ao presidente do Tribunal de [&hellip;]<\/p>\n","protected":false},"author":0,"featured_media":0,"comment_status":"open","ping_status":"open","sticky":false,"template":"","format":"standard","meta":{"site-sidebar-layout":"default","site-content-layout":"","ast-site-content-layout":"default","site-content-style":"default","site-sidebar-style":"default","ast-global-header-display":"","ast-banner-title-visibility":"","ast-main-header-display":"","ast-hfb-above-header-display":"","ast-hfb-below-header-display":"","ast-hfb-mobile-header-display":"","site-post-title":"","ast-breadcrumbs-content":"","ast-featured-img":"","footer-sml-layout":"","ast-disable-related-posts":"","theme-transparent-header-meta":"","adv-header-id-meta":"","stick-header-meta":"","header-above-stick-meta":"","header-main-stick-meta":"","header-below-stick-meta":"","astra-migrate-meta-layouts":"default","ast-page-background-enabled":"default","ast-page-background-meta":{"desktop":{"background-color":"var(--ast-global-color-5)","background-image":"","background-repeat":"repeat","background-position":"center center","background-size":"auto","background-attachment":"scroll","background-type":"","background-media":"","overlay-type":"","overlay-color":"","overlay-opacity":"","overlay-gradient":""},"tablet":{"background-color":"","background-image":"","background-repeat":"repeat","background-position":"center center","background-size":"auto","background-attachment":"scroll","background-type":"","background-media":"","overlay-type":"","overlay-color":"","overlay-opacity":"","overlay-gradient":""},"mobile":{"background-color":"","background-image":"","background-repeat":"repeat","background-position":"center center","background-size":"auto","background-attachment":"scroll","background-type":"","background-media":"","overlay-type":"","overlay-color":"","overlay-opacity":"","overlay-gradient":""}},"ast-content-background-meta":{"desktop":{"background-color":"var(--ast-global-color-4)","background-image":"","background-repeat":"repeat","background-position":"center center","background-size":"auto","background-attachment":"scroll","background-type":"","background-media":"","overlay-type":"","overlay-color":"","overlay-opacity":"","overlay-gradient":""},"tablet":{"background-color":"var(--ast-global-color-4)","background-image":"","background-repeat":"repeat","background-position":"center center","background-size":"auto","background-attachment":"scroll","background-type":"","background-media":"","overlay-type":"","overlay-color":"","overlay-opacity":"","overlay-gradient":""},"mobile":{"background-color":"var(--ast-global-color-4)","background-image":"","background-repeat":"repeat","background-position":"center center","background-size":"auto","background-attachment":"scroll","background-type":"","background-media":"","overlay-type":"","overlay-color":"","overlay-opacity":"","overlay-gradient":""}},"footnotes":""},"categories":[1],"tags":[],"class_list":["post-50609","post","type-post","status-publish","format-standard","hentry","category-sem-categoria"],"yoast_head":"<!-- This site is optimized with the Yoast SEO plugin v26.6 - https:\/\/yoast.com\/wordpress\/plugins\/seo\/ -->\n<title>Presidente do TJMA recebe membros do movimento \u201cMaranh\u00e3o contra a Corrup\u00e7\u00e3o\u201d - Daniel Matos<\/title>\n<meta name=\"robots\" content=\"index, follow, max-snippet:-1, max-image-preview:large, max-video-preview:-1\" \/>\n<link rel=\"canonical\" href=\"https:\/\/www.blogsoestado.com\/danielmatos\/presidente-do-tjma-recebe-membros-do-movimento-maranhao-contra-corrupcao\/\" \/>\n<meta property=\"og:locale\" content=\"pt_BR\" \/>\n<meta property=\"og:type\" content=\"article\" \/>\n<meta property=\"og:title\" content=\"Presidente do TJMA recebe membros do movimento \u201cMaranh\u00e3o contra a Corrup\u00e7\u00e3o\u201d - Daniel Matos\" \/>\n<meta property=\"og:description\" content=\"Integrantes do movimento jur\u00eddico \u201cMaranh\u00e3o contra a Corrup\u00e7\u00e3o\u201d fizeram uma visita institucional, nesta sexta-feira (20), ao presidente do Tribunal de [&hellip;]\" \/>\n<meta property=\"og:url\" content=\"https:\/\/www.blogsoestado.com\/danielmatos\/presidente-do-tjma-recebe-membros-do-movimento-maranhao-contra-corrupcao\/\" \/>\n<meta property=\"og:site_name\" content=\"Daniel Matos\" \/>\n<meta property=\"article:published_time\" content=\"2018-04-20T18:56:08+00:00\" \/>\n<meta property=\"og:image\" content=\"https:\/\/www.blogsoestado.com\/danielmatos\/files\/2018\/04\/jj-movimento.jpg\" \/>\n<meta name=\"twitter:card\" content=\"summary_large_image\" \/>\n<meta name=\"twitter:label1\" content=\"Est. tempo de leitura\" \/>\n\t<meta name=\"twitter:data1\" content=\"2 minutos\" \/>\n<script type=\"application\/ld+json\" class=\"yoast-schema-graph\">{\"@context\":\"https:\/\/schema.org\",\"@graph\":[{\"@type\":\"WebPage\",\"@id\":\"https:\/\/www.blogsoestado.com\/danielmatos\/presidente-do-tjma-recebe-membros-do-movimento-maranhao-contra-corrupcao\/\",\"url\":\"https:\/\/www.blogsoestado.com\/danielmatos\/presidente-do-tjma-recebe-membros-do-movimento-maranhao-contra-corrupcao\/\",\"name\":\"Presidente do TJMA recebe membros do movimento \u201cMaranh\u00e3o contra a Corrup\u00e7\u00e3o\u201d - Daniel Matos\",\"isPartOf\":{\"@id\":\"https:\/\/www.blogsoestado.com\/danielmatos\/#website\"},\"primaryImageOfPage\":{\"@id\":\"https:\/\/www.blogsoestado.com\/danielmatos\/presidente-do-tjma-recebe-membros-do-movimento-maranhao-contra-corrupcao\/#primaryimage\"},\"image\":{\"@id\":\"https:\/\/www.blogsoestado.com\/danielmatos\/presidente-do-tjma-recebe-membros-do-movimento-maranhao-contra-corrupcao\/#primaryimage\"},\"thumbnailUrl\":\"https:\/\/www.blogsoestado.com\/danielmatos\/files\/2018\/04\/jj-movimento.jpg\",\"datePublished\":\"2018-04-20T18:56:08+00:00\",\"author\":{\"@id\":\"\"},\"breadcrumb\":{\"@id\":\"https:\/\/www.blogsoestado.com\/danielmatos\/presidente-do-tjma-recebe-membros-do-movimento-maranhao-contra-corrupcao\/#breadcrumb\"},\"inLanguage\":\"pt-BR\",\"potentialAction\":[{\"@type\":\"ReadAction\",\"target\":[\"https:\/\/www.blogsoestado.com\/danielmatos\/presidente-do-tjma-recebe-membros-do-movimento-maranhao-contra-corrupcao\/\"]}]},{\"@type\":\"ImageObject\",\"inLanguage\":\"pt-BR\",\"@id\":\"https:\/\/www.blogsoestado.com\/danielmatos\/presidente-do-tjma-recebe-membros-do-movimento-maranhao-contra-corrupcao\/#primaryimage\",\"url\":\"https:\/\/www.blogsoestado.com\/danielmatos\/files\/2018\/04\/jj-movimento.jpg\",\"contentUrl\":\"https:\/\/www.blogsoestado.com\/danielmatos\/files\/2018\/04\/jj-movimento.jpg\"},{\"@type\":\"BreadcrumbList\",\"@id\":\"https:\/\/www.blogsoestado.com\/danielmatos\/presidente-do-tjma-recebe-membros-do-movimento-maranhao-contra-corrupcao\/#breadcrumb\",\"itemListElement\":[{\"@type\":\"ListItem\",\"position\":1,\"name\":\"In\u00edcio\",\"item\":\"https:\/\/www.blogsoestado.com\/danielmatos\/\"},{\"@type\":\"ListItem\",\"position\":2,\"name\":\"Presidente do TJMA recebe membros do movimento \u201cMaranh\u00e3o contra a Corrup\u00e7\u00e3o\u201d\"}]},{\"@type\":\"WebSite\",\"@id\":\"https:\/\/www.blogsoestado.com\/danielmatos\/#website\",\"url\":\"https:\/\/www.blogsoestado.com\/danielmatos\/\",\"name\":\"Daniel Matos\",\"description\":\"\",\"potentialAction\":[{\"@type\":\"SearchAction\",\"target\":{\"@type\":\"EntryPoint\",\"urlTemplate\":\"https:\/\/www.blogsoestado.com\/danielmatos\/?s={search_term_string}\"},\"query-input\":{\"@type\":\"PropertyValueSpecification\",\"valueRequired\":true,\"valueName\":\"search_term_string\"}}],\"inLanguage\":\"pt-BR\"}]}<\/script>\n<!-- \/ Yoast SEO plugin. -->","yoast_head_json":{"title":"Presidente do TJMA recebe membros do movimento \u201cMaranh\u00e3o contra a Corrup\u00e7\u00e3o\u201d - Daniel Matos","robots":{"index":"index","follow":"follow","max-snippet":"max-snippet:-1","max-image-preview":"max-image-preview:large","max-video-preview":"max-video-preview:-1"},"canonical":"https:\/\/www.blogsoestado.com\/danielmatos\/presidente-do-tjma-recebe-membros-do-movimento-maranhao-contra-corrupcao\/","og_locale":"pt_BR","og_type":"article","og_title":"Presidente do TJMA recebe membros do movimento \u201cMaranh\u00e3o contra a Corrup\u00e7\u00e3o\u201d - Daniel Matos","og_description":"Integrantes do movimento jur\u00eddico \u201cMaranh\u00e3o contra a Corrup\u00e7\u00e3o\u201d fizeram uma visita institucional, nesta sexta-feira (20), ao presidente do Tribunal de [&hellip;]","og_url":"https:\/\/www.blogsoestado.com\/danielmatos\/presidente-do-tjma-recebe-membros-do-movimento-maranhao-contra-corrupcao\/","og_site_name":"Daniel Matos","article_published_time":"2018-04-20T18:56:08+00:00","og_image":[{"url":"https:\/\/www.blogsoestado.com\/danielmatos\/files\/2018\/04\/jj-movimento.jpg","type":"","width":"","height":""}],"twitter_card":"summary_large_image","twitter_misc":{"Est. tempo de leitura":"2 minutos"},"schema":{"@context":"https:\/\/schema.org","@graph":[{"@type":"WebPage","@id":"https:\/\/www.blogsoestado.com\/danielmatos\/presidente-do-tjma-recebe-membros-do-movimento-maranhao-contra-corrupcao\/","url":"https:\/\/www.blogsoestado.com\/danielmatos\/presidente-do-tjma-recebe-membros-do-movimento-maranhao-contra-corrupcao\/","name":"Presidente do TJMA recebe membros do movimento \u201cMaranh\u00e3o contra a Corrup\u00e7\u00e3o\u201d - Daniel Matos","isPartOf":{"@id":"https:\/\/www.blogsoestado.com\/danielmatos\/#website"},"primaryImageOfPage":{"@id":"https:\/\/www.blogsoestado.com\/danielmatos\/presidente-do-tjma-recebe-membros-do-movimento-maranhao-contra-corrupcao\/#primaryimage"},"image":{"@id":"https:\/\/www.blogsoestado.com\/danielmatos\/presidente-do-tjma-recebe-membros-do-movimento-maranhao-contra-corrupcao\/#primaryimage"},"thumbnailUrl":"https:\/\/www.blogsoestado.com\/danielmatos\/files\/2018\/04\/jj-movimento.jpg","datePublished":"2018-04-20T18:56:08+00:00","author":{"@id":""},"breadcrumb":{"@id":"https:\/\/www.blogsoestado.com\/danielmatos\/presidente-do-tjma-recebe-membros-do-movimento-maranhao-contra-corrupcao\/#breadcrumb"},"inLanguage":"pt-BR","potentialAction":[{"@type":"ReadAction","target":["https:\/\/www.blogsoestado.com\/danielmatos\/presidente-do-tjma-recebe-membros-do-movimento-maranhao-contra-corrupcao\/"]}]},{"@type":"ImageObject","inLanguage":"pt-BR","@id":"https:\/\/www.blogsoestado.com\/danielmatos\/presidente-do-tjma-recebe-membros-do-movimento-maranhao-contra-corrupcao\/#primaryimage","url":"https:\/\/www.blogsoestado.com\/danielmatos\/files\/2018\/04\/jj-movimento.jpg","contentUrl":"https:\/\/www.blogsoestado.com\/danielmatos\/files\/2018\/04\/jj-movimento.jpg"},{"@type":"BreadcrumbList","@id":"https:\/\/www.blogsoestado.com\/danielmatos\/presidente-do-tjma-recebe-membros-do-movimento-maranhao-contra-corrupcao\/#breadcrumb","itemListElement":[{"@type":"ListItem","position":1,"name":"In\u00edcio","item":"https:\/\/www.blogsoestado.com\/danielmatos\/"},{"@type":"ListItem","position":2,"name":"Presidente do TJMA recebe membros do movimento \u201cMaranh\u00e3o contra a Corrup\u00e7\u00e3o\u201d"}]},{"@type":"WebSite","@id":"https:\/\/www.blogsoestado.com\/danielmatos\/#website","url":"https:\/\/www.blogsoestado.com\/danielmatos\/","name":"Daniel Matos","description":"","potentialAction":[{"@type":"SearchAction","target":{"@type":"EntryPoint","urlTemplate":"https:\/\/www.blogsoestado.com\/danielmatos\/?s={search_term_string}"},"query-input":{"@type":"PropertyValueSpecification","valueRequired":true,"valueName":"search_term_string"}}],"inLanguage":"pt-BR"}]}},"jetpack_featured_media_url":"","_links":{"self":[{"href":"https:\/\/www.blogsoestado.com\/danielmatos\/wp-json\/wp\/v2\/posts\/50609","targetHints":{"allow":["GET"]}}],"collection":[{"href":"https:\/\/www.blogsoestado.com\/danielmatos\/wp-json\/wp\/v2\/posts"}],"about":[{"href":"https:\/\/www.blogsoestado.com\/danielmatos\/wp-json\/wp\/v2\/types\/post"}],"replies":[{"embeddable":true,"href":"https:\/\/www.blogsoestado.com\/danielmatos\/wp-json\/wp\/v2\/comments?post=50609"}],"version-history":[{"count":0,"href":"https:\/\/www.blogsoestado.com\/danielmatos\/wp-json\/wp\/v2\/posts\/50609\/revisions"}],"wp:attachment":[{"href":"https:\/\/www.blogsoestado.com\/danielmatos\/wp-json\/wp\/v2\/media?parent=50609"}],"wp:term":[{"taxonomy":"category","embeddable":true,"href":"https:\/\/www.blogsoestado.com\/danielmatos\/wp-json\/wp\/v2\/categories?post=50609"},{"taxonomy":"post_tag","embeddable":true,"href":"https:\/\/www.blogsoestado.com\/danielmatos\/wp-json\/wp\/v2\/tags?post=50609"}],"curies":[{"name":"wp","href":"https:\/\/api.w.org\/{rel}","templated":true}]}}