{"id":50616,"date":"2018-04-20T18:57:17","date_gmt":"2018-04-20T21:57:17","guid":{"rendered":"https:\/\/www.blogsoestado.com\/danielmatos\/?p=50616"},"modified":"2018-04-20T18:57:17","modified_gmt":"2018-04-20T21:57:17","slug":"mpf-vai-investigar-memorando-da-pm-que-manda-espionar-adversarios-politicos-de-flavio-dino","status":"publish","type":"post","link":"https:\/\/www.blogsoestado.com\/danielmatos\/mpf-vai-investigar-memorando-da-pm-que-manda-espionar-adversarios-politicos-de-flavio-dino\/","title":{"rendered":"MPF vai investigar memorando da PM que manda espionar advers\u00e1rios pol\u00edticos de Fl\u00e1vio Dino"},"content":{"rendered":"<h2><span style=\"color: #ff0000;\">Documento determina que as unidades da pol\u00edcia deveriam informar ao Comando as lideran\u00e7as pol\u00edticas que fazem oposi\u00e7\u00e3o ao governo local ou estadual em cada cidade, o que \u00e9 inconstitucional<\/span><\/h2>\n<p>A Procuradoria Regional Eleitoral (PRE) no Estado do Maranh\u00e3o instaurou Procedimento Preparat\u00f3rio Eleitoral para apurar procedimento do Comando do Policiamento Interior 2 da Pol\u00edcia Militar (PM) do Maranh\u00e3o que<br \/>\ndetermina, por meio do Mem. Circular N\u00ba 098\/2018 \u2013 CPI de 06\/04\/2018, que as unidades subordinadas devem lhe informar as lideran\u00e7as pol\u00edticas que fazem oposi\u00e7\u00e3o ao governo local ou ao governo do Estado, em cada cidade, que podem causar embara\u00e7os no pleito eleitoral e que mantenham seu banco de dados atualizado e efetivo, informando a cidade que o policial atua.<\/p>\n<p>De acordo com o Procurador Regional Eleitoral, Pedro Henrique Castelo Branco, \u201co memorando n\u00e3o esclarece ou motiva de forma id\u00f4nea as raz\u00f5es da necessidade do \u2018levantamento eleitoral\u2019 solicitado e n\u00e3o observa direitos fundamentais presentes na Constitui\u00e7\u00e3o da Rep\u00fablica Federativa do Brasil, que garantem a liberdade de manifesta\u00e7\u00e3o e de express\u00e3o, bem como o livre exerc\u00edcio da convic\u00e7\u00e3o pol\u00edtica\u201d, afirmou.<\/p>\n<p>Segundo a Lei Complementar n\u00ba 64\/1990, o uso desviado ou indevido de poder conferido a agente p\u00fablico, no exerc\u00edcio de fun\u00e7\u00e3o ou cargo de Administra\u00e7\u00e3o P\u00fablica, em favor de candidato ou partido pol\u00edtico, configura abuso de autoridade.<\/p>\n<figure id=\"attachment_50578\" aria-describedby=\"caption-attachment-50578\" style=\"width: 600px\" class=\"wp-caption aligncenter\"><img fetchpriority=\"high\" decoding=\"async\" class=\"wp-image-50578\" src=\"https:\/\/www.blogsoestado.com\/danielmatos\/files\/2018\/04\/dino-estadao3.jpeg\" alt=\"\" width=\"600\" height=\"800\" \/><figcaption id=\"caption-attachment-50578\" class=\"wp-caption-text\">Memorando com ordem do comando da PM para que sejam identificadas lideran\u00e7as do interior qie possam causar embara\u00e7os ao governo na elei\u00e7\u00e3o<\/figcaption><\/figure>\n<p>Ainda de acordo com a legisla\u00e7\u00e3o eleitoral, podem sofrer a san\u00e7\u00e3o de cassa\u00e7\u00e3o do registro ou diploma tanto os respons\u00e1veis pela conduta il\u00edcita, como tamb\u00e9m os candidatos meramente benefici\u00e1rios, sendo apenas a san\u00e7\u00e3o de inelegibilidade de car\u00e1ter pessoal ao respons\u00e1vel.<\/p>\n<p>Diante disso, com o prop\u00f3sito de esclarecer os fatos, bem como de eventualmente diminuir ou cessar atividades il\u00edcitas eleitorais, para evitar que assumam uma dimens\u00e3o mais grave, o Minist\u00e9rio P\u00fablico Eleitoral instaurou Procedimento Preparat\u00f3rio Eleitoral. Para tanto, requisitou do Comandante-Geral da Pol\u00edcia Militar do Estado do Maranh\u00e3o que se manifeste, no prazo de 10 dias \u00fateis, e encaminhe c\u00f3pia integral dos procedimentos administrativos que tenham rela\u00e7\u00e3o com o Mem. Circular n. 08\/2018 \u2013 Se\u00e7 Adm CPA \u00bd, em especial o Mem. Circular N\u00ba 098\/2018 \u2013 CPI de 06\/04\/2018, que trata do \u201clevantamento eleitoral\u201d.<\/p>\n<p><strong>Fonte:<\/strong> Minist\u00e9rio P\u00fablico Federal<\/p>\n","protected":false},"excerpt":{"rendered":"<p>Documento determina que as unidades da pol\u00edcia deveriam informar ao Comando as lideran\u00e7as pol\u00edticas que fazem oposi\u00e7\u00e3o ao governo local [&hellip;]<\/p>\n","protected":false},"author":0,"featured_media":0,"comment_status":"open","ping_status":"open","sticky":false,"template":"","format":"standard","meta":{"site-sidebar-layout":"default","site-content-layout":"","ast-site-content-layout":"default","site-content-style":"default","site-sidebar-style":"default","ast-global-header-display":"","ast-banner-title-visibility":"","ast-main-header-display":"","ast-hfb-above-header-display":"","ast-hfb-below-header-display":"","ast-hfb-mobile-header-display":"","site-post-title":"","ast-breadcrumbs-content":"","ast-featured-img":"","footer-sml-layout":"","ast-disable-related-posts":"","theme-transparent-header-meta":"","adv-header-id-meta":"","stick-header-meta":"","header-above-stick-meta":"","header-main-stick-meta":"","header-below-stick-meta":"","astra-migrate-meta-layouts":"default","ast-page-background-enabled":"default","ast-page-background-meta":{"desktop":{"background-color":"var(--ast-global-color-5)","background-image":"","background-repeat":"repeat","background-position":"center center","background-size":"auto","background-attachment":"scroll","background-type":"","background-media":"","overlay-type":"","overlay-color":"","overlay-opacity":"","overlay-gradient":""},"tablet":{"background-color":"","background-image":"","background-repeat":"repeat","background-position":"center center","background-size":"auto","background-attachment":"scroll","background-type":"","background-media":"","overlay-type":"","overlay-color":"","overlay-opacity":"","overlay-gradient":""},"mobile":{"background-color":"","background-image":"","background-repeat":"repeat","background-position":"center center","background-size":"auto","background-attachment":"scroll","background-type":"","background-media":"","overlay-type":"","overlay-color":"","overlay-opacity":"","overlay-gradient":""}},"ast-content-background-meta":{"desktop":{"background-color":"var(--ast-global-color-4)","background-image":"","background-repeat":"repeat","background-position":"center center","background-size":"auto","background-attachment":"scroll","background-type":"","background-media":"","overlay-type":"","overlay-color":"","overlay-opacity":"","overlay-gradient":""},"tablet":{"background-color":"var(--ast-global-color-4)","background-image":"","background-repeat":"repeat","background-position":"center center","background-size":"auto","background-attachment":"scroll","background-type":"","background-media":"","overlay-type":"","overlay-color":"","overlay-opacity":"","overlay-gradient":""},"mobile":{"background-color":"var(--ast-global-color-4)","background-image":"","background-repeat":"repeat","background-position":"center center","background-size":"auto","background-attachment":"scroll","background-type":"","background-media":"","overlay-type":"","overlay-color":"","overlay-opacity":"","overlay-gradient":""}},"footnotes":""},"categories":[1],"tags":[],"class_list":["post-50616","post","type-post","status-publish","format-standard","hentry","category-sem-categoria"],"yoast_head":"<!-- This site is optimized with the Yoast SEO plugin v26.6 - https:\/\/yoast.com\/wordpress\/plugins\/seo\/ -->\n<title>MPF vai investigar memorando da PM que manda espionar advers\u00e1rios pol\u00edticos de Fl\u00e1vio Dino - Daniel Matos<\/title>\n<meta name=\"robots\" content=\"index, follow, max-snippet:-1, max-image-preview:large, max-video-preview:-1\" \/>\n<link rel=\"canonical\" href=\"https:\/\/www.blogsoestado.com\/danielmatos\/mpf-vai-investigar-memorando-da-pm-que-manda-espionar-adversarios-politicos-de-flavio-dino\/\" \/>\n<meta property=\"og:locale\" content=\"pt_BR\" \/>\n<meta property=\"og:type\" content=\"article\" \/>\n<meta property=\"og:title\" content=\"MPF vai investigar memorando da PM que manda espionar advers\u00e1rios pol\u00edticos de Fl\u00e1vio Dino - Daniel Matos\" \/>\n<meta property=\"og:description\" content=\"Documento determina que as unidades da pol\u00edcia deveriam informar ao Comando as lideran\u00e7as pol\u00edticas que fazem oposi\u00e7\u00e3o ao governo local [&hellip;]\" \/>\n<meta property=\"og:url\" content=\"https:\/\/www.blogsoestado.com\/danielmatos\/mpf-vai-investigar-memorando-da-pm-que-manda-espionar-adversarios-politicos-de-flavio-dino\/\" \/>\n<meta property=\"og:site_name\" content=\"Daniel Matos\" \/>\n<meta property=\"article:published_time\" content=\"2018-04-20T21:57:17+00:00\" \/>\n<meta property=\"og:image\" content=\"https:\/\/www.blogsoestado.com\/danielmatos\/files\/2018\/04\/dino-estadao3.jpeg\" \/>\n<meta name=\"twitter:card\" content=\"summary_large_image\" \/>\n<meta name=\"twitter:label1\" content=\"Est. tempo de leitura\" \/>\n\t<meta name=\"twitter:data1\" content=\"2 minutos\" \/>\n<script type=\"application\/ld+json\" class=\"yoast-schema-graph\">{\"@context\":\"https:\/\/schema.org\",\"@graph\":[{\"@type\":\"WebPage\",\"@id\":\"https:\/\/www.blogsoestado.com\/danielmatos\/mpf-vai-investigar-memorando-da-pm-que-manda-espionar-adversarios-politicos-de-flavio-dino\/\",\"url\":\"https:\/\/www.blogsoestado.com\/danielmatos\/mpf-vai-investigar-memorando-da-pm-que-manda-espionar-adversarios-politicos-de-flavio-dino\/\",\"name\":\"MPF vai investigar memorando da PM que manda espionar advers\u00e1rios pol\u00edticos de Fl\u00e1vio Dino - Daniel Matos\",\"isPartOf\":{\"@id\":\"https:\/\/www.blogsoestado.com\/danielmatos\/#website\"},\"primaryImageOfPage\":{\"@id\":\"https:\/\/www.blogsoestado.com\/danielmatos\/mpf-vai-investigar-memorando-da-pm-que-manda-espionar-adversarios-politicos-de-flavio-dino\/#primaryimage\"},\"image\":{\"@id\":\"https:\/\/www.blogsoestado.com\/danielmatos\/mpf-vai-investigar-memorando-da-pm-que-manda-espionar-adversarios-politicos-de-flavio-dino\/#primaryimage\"},\"thumbnailUrl\":\"https:\/\/www.blogsoestado.com\/danielmatos\/files\/2018\/04\/dino-estadao3.jpeg\",\"datePublished\":\"2018-04-20T21:57:17+00:00\",\"author\":{\"@id\":\"\"},\"breadcrumb\":{\"@id\":\"https:\/\/www.blogsoestado.com\/danielmatos\/mpf-vai-investigar-memorando-da-pm-que-manda-espionar-adversarios-politicos-de-flavio-dino\/#breadcrumb\"},\"inLanguage\":\"pt-BR\",\"potentialAction\":[{\"@type\":\"ReadAction\",\"target\":[\"https:\/\/www.blogsoestado.com\/danielmatos\/mpf-vai-investigar-memorando-da-pm-que-manda-espionar-adversarios-politicos-de-flavio-dino\/\"]}]},{\"@type\":\"ImageObject\",\"inLanguage\":\"pt-BR\",\"@id\":\"https:\/\/www.blogsoestado.com\/danielmatos\/mpf-vai-investigar-memorando-da-pm-que-manda-espionar-adversarios-politicos-de-flavio-dino\/#primaryimage\",\"url\":\"https:\/\/www.blogsoestado.com\/danielmatos\/files\/2018\/04\/dino-estadao3.jpeg\",\"contentUrl\":\"https:\/\/www.blogsoestado.com\/danielmatos\/files\/2018\/04\/dino-estadao3.jpeg\"},{\"@type\":\"BreadcrumbList\",\"@id\":\"https:\/\/www.blogsoestado.com\/danielmatos\/mpf-vai-investigar-memorando-da-pm-que-manda-espionar-adversarios-politicos-de-flavio-dino\/#breadcrumb\",\"itemListElement\":[{\"@type\":\"ListItem\",\"position\":1,\"name\":\"In\u00edcio\",\"item\":\"https:\/\/www.blogsoestado.com\/danielmatos\/\"},{\"@type\":\"ListItem\",\"position\":2,\"name\":\"MPF vai investigar memorando da PM que manda espionar advers\u00e1rios pol\u00edticos de Fl\u00e1vio Dino\"}]},{\"@type\":\"WebSite\",\"@id\":\"https:\/\/www.blogsoestado.com\/danielmatos\/#website\",\"url\":\"https:\/\/www.blogsoestado.com\/danielmatos\/\",\"name\":\"Daniel Matos\",\"description\":\"\",\"potentialAction\":[{\"@type\":\"SearchAction\",\"target\":{\"@type\":\"EntryPoint\",\"urlTemplate\":\"https:\/\/www.blogsoestado.com\/danielmatos\/?s={search_term_string}\"},\"query-input\":{\"@type\":\"PropertyValueSpecification\",\"valueRequired\":true,\"valueName\":\"search_term_string\"}}],\"inLanguage\":\"pt-BR\"}]}<\/script>\n<!-- \/ Yoast SEO plugin. -->","yoast_head_json":{"title":"MPF vai investigar memorando da PM que manda espionar advers\u00e1rios pol\u00edticos de Fl\u00e1vio Dino - Daniel Matos","robots":{"index":"index","follow":"follow","max-snippet":"max-snippet:-1","max-image-preview":"max-image-preview:large","max-video-preview":"max-video-preview:-1"},"canonical":"https:\/\/www.blogsoestado.com\/danielmatos\/mpf-vai-investigar-memorando-da-pm-que-manda-espionar-adversarios-politicos-de-flavio-dino\/","og_locale":"pt_BR","og_type":"article","og_title":"MPF vai investigar memorando da PM que manda espionar advers\u00e1rios pol\u00edticos de Fl\u00e1vio Dino - Daniel Matos","og_description":"Documento determina que as unidades da pol\u00edcia deveriam informar ao Comando as lideran\u00e7as pol\u00edticas que fazem oposi\u00e7\u00e3o ao governo local [&hellip;]","og_url":"https:\/\/www.blogsoestado.com\/danielmatos\/mpf-vai-investigar-memorando-da-pm-que-manda-espionar-adversarios-politicos-de-flavio-dino\/","og_site_name":"Daniel Matos","article_published_time":"2018-04-20T21:57:17+00:00","og_image":[{"url":"https:\/\/www.blogsoestado.com\/danielmatos\/files\/2018\/04\/dino-estadao3.jpeg","type":"","width":"","height":""}],"twitter_card":"summary_large_image","twitter_misc":{"Est. tempo de leitura":"2 minutos"},"schema":{"@context":"https:\/\/schema.org","@graph":[{"@type":"WebPage","@id":"https:\/\/www.blogsoestado.com\/danielmatos\/mpf-vai-investigar-memorando-da-pm-que-manda-espionar-adversarios-politicos-de-flavio-dino\/","url":"https:\/\/www.blogsoestado.com\/danielmatos\/mpf-vai-investigar-memorando-da-pm-que-manda-espionar-adversarios-politicos-de-flavio-dino\/","name":"MPF vai investigar memorando da PM que manda espionar advers\u00e1rios pol\u00edticos de Fl\u00e1vio Dino - Daniel Matos","isPartOf":{"@id":"https:\/\/www.blogsoestado.com\/danielmatos\/#website"},"primaryImageOfPage":{"@id":"https:\/\/www.blogsoestado.com\/danielmatos\/mpf-vai-investigar-memorando-da-pm-que-manda-espionar-adversarios-politicos-de-flavio-dino\/#primaryimage"},"image":{"@id":"https:\/\/www.blogsoestado.com\/danielmatos\/mpf-vai-investigar-memorando-da-pm-que-manda-espionar-adversarios-politicos-de-flavio-dino\/#primaryimage"},"thumbnailUrl":"https:\/\/www.blogsoestado.com\/danielmatos\/files\/2018\/04\/dino-estadao3.jpeg","datePublished":"2018-04-20T21:57:17+00:00","author":{"@id":""},"breadcrumb":{"@id":"https:\/\/www.blogsoestado.com\/danielmatos\/mpf-vai-investigar-memorando-da-pm-que-manda-espionar-adversarios-politicos-de-flavio-dino\/#breadcrumb"},"inLanguage":"pt-BR","potentialAction":[{"@type":"ReadAction","target":["https:\/\/www.blogsoestado.com\/danielmatos\/mpf-vai-investigar-memorando-da-pm-que-manda-espionar-adversarios-politicos-de-flavio-dino\/"]}]},{"@type":"ImageObject","inLanguage":"pt-BR","@id":"https:\/\/www.blogsoestado.com\/danielmatos\/mpf-vai-investigar-memorando-da-pm-que-manda-espionar-adversarios-politicos-de-flavio-dino\/#primaryimage","url":"https:\/\/www.blogsoestado.com\/danielmatos\/files\/2018\/04\/dino-estadao3.jpeg","contentUrl":"https:\/\/www.blogsoestado.com\/danielmatos\/files\/2018\/04\/dino-estadao3.jpeg"},{"@type":"BreadcrumbList","@id":"https:\/\/www.blogsoestado.com\/danielmatos\/mpf-vai-investigar-memorando-da-pm-que-manda-espionar-adversarios-politicos-de-flavio-dino\/#breadcrumb","itemListElement":[{"@type":"ListItem","position":1,"name":"In\u00edcio","item":"https:\/\/www.blogsoestado.com\/danielmatos\/"},{"@type":"ListItem","position":2,"name":"MPF vai investigar memorando da PM que manda espionar advers\u00e1rios pol\u00edticos de Fl\u00e1vio Dino"}]},{"@type":"WebSite","@id":"https:\/\/www.blogsoestado.com\/danielmatos\/#website","url":"https:\/\/www.blogsoestado.com\/danielmatos\/","name":"Daniel Matos","description":"","potentialAction":[{"@type":"SearchAction","target":{"@type":"EntryPoint","urlTemplate":"https:\/\/www.blogsoestado.com\/danielmatos\/?s={search_term_string}"},"query-input":{"@type":"PropertyValueSpecification","valueRequired":true,"valueName":"search_term_string"}}],"inLanguage":"pt-BR"}]}},"jetpack_featured_media_url":"","_links":{"self":[{"href":"https:\/\/www.blogsoestado.com\/danielmatos\/wp-json\/wp\/v2\/posts\/50616","targetHints":{"allow":["GET"]}}],"collection":[{"href":"https:\/\/www.blogsoestado.com\/danielmatos\/wp-json\/wp\/v2\/posts"}],"about":[{"href":"https:\/\/www.blogsoestado.com\/danielmatos\/wp-json\/wp\/v2\/types\/post"}],"replies":[{"embeddable":true,"href":"https:\/\/www.blogsoestado.com\/danielmatos\/wp-json\/wp\/v2\/comments?post=50616"}],"version-history":[{"count":0,"href":"https:\/\/www.blogsoestado.com\/danielmatos\/wp-json\/wp\/v2\/posts\/50616\/revisions"}],"wp:attachment":[{"href":"https:\/\/www.blogsoestado.com\/danielmatos\/wp-json\/wp\/v2\/media?parent=50616"}],"wp:term":[{"taxonomy":"category","embeddable":true,"href":"https:\/\/www.blogsoestado.com\/danielmatos\/wp-json\/wp\/v2\/categories?post=50616"},{"taxonomy":"post_tag","embeddable":true,"href":"https:\/\/www.blogsoestado.com\/danielmatos\/wp-json\/wp\/v2\/tags?post=50616"}],"curies":[{"name":"wp","href":"https:\/\/api.w.org\/{rel}","templated":true}]}}