{"id":50623,"date":"2018-04-20T21:30:27","date_gmt":"2018-04-21T00:30:27","guid":{"rendered":"https:\/\/www.blogsoestado.com\/danielmatos\/?p=50623"},"modified":"2018-04-20T21:30:27","modified_gmt":"2018-04-21T00:30:27","slug":"o-movimento-estudantil-ainda-luta-pela-democracia-diz-ze-inacio-durante-seminario-estudantil-do-coletivo-paratodos","status":"publish","type":"post","link":"https:\/\/www.blogsoestado.com\/danielmatos\/o-movimento-estudantil-ainda-luta-pela-democracia-diz-ze-inacio-durante-seminario-estudantil-do-coletivo-paratodos\/","title":{"rendered":"\u201cO movimento estudantil ainda luta pela democracia\u201d, diz Z\u00e9 In\u00e1cio durante semin\u00e1rio estudantil do Coletivo ParaTodos"},"content":{"rendered":"<figure id=\"attachment_50624\" aria-describedby=\"caption-attachment-50624\" style=\"width: 448px\" class=\"wp-caption alignleft\"><img fetchpriority=\"high\" decoding=\"async\" class=\"size-full wp-image-50624\" src=\"https:\/\/www.blogsoestado.com\/danielmatos\/files\/2018\/04\/inacio-estudantil.jpg\" alt=\"\" width=\"448\" height=\"299\" \/><figcaption id=\"caption-attachment-50624\" class=\"wp-caption-text\">Deputado Z\u00e9 In\u00e1cio dialogou com lideran\u00e7as sobre o movimento estudantil<\/figcaption><\/figure>\n<p>O deputado estadual Z\u00e9 In\u00e1cio (PT) participou nesta sexta-feira 20\/ 04, da abertura do \u201cI Semin\u00e1rio de Diretores de Entidades Estudantis do Coletivo Para Todos\u201d \u2013 Construindo um novo Brasil, na Assembleia Legislativa.<\/p>\n<p>O encontro visa debater o processo de constru\u00e7\u00e3o, resist\u00eancia e luta do movimento estudantil no Maranh\u00e3o e as perspectivas para a educa\u00e7\u00e3o diante da crise institucional, pol\u00edtica e econ\u00f4mica que o pa\u00eds enfrenta.<\/p>\n<p>O deputado Z\u00e9 In\u00e1cio fez um regaste das lutas hist\u00f3ricas dos jovens no Maranh\u00e3o. \u201cO movimento estudantil est\u00e1 passando nesse momento por uma fase que j\u00e1 vivenciamos na ditadura militar, da mesma forma voc\u00eas est\u00e3o agora lutando pela democracia nesse momento de crise enfrentado no pa\u00eds, ap\u00f3s o impeachment da presidenta Dilma Rousseff, os retrocessos que est\u00e3o sendo implementados no governo ileg\u00edtimo de Michel Temer, que submeteu a educa\u00e7\u00e3o ao teto dos gastos p\u00fablicos por um per\u00edodo de 20 anos, e a pris\u00e3o pol\u00edtica do ex-presidente Lu\u00eds In\u00e1cio Lula da Silva\u201d, relembrou.<\/p>\n<p>Na ocasi\u00e3o o deputado Z\u00e9 In\u00e1cio ainda falou dos trabalhos que est\u00e3o sendo realizados no \u00e2mbito do legislativo em prol da juventude, dentre eles: o projeto para amplia\u00e7\u00e3o do Bilhete \u00danico Metropolitano na ilha de S\u00e3o Lu\u00eds e a garantia da meia entrada aos estudantes nos ferry boats. Como tamb\u00e9m a indica\u00e7\u00e3o \u00e0s universidades Ufma, Uema, Ifmas, e Uema-Sul, para ser trabalhada em sala de aula a disciplina \u201cO golpe de 2016 e o futuro da democracia no pa\u00eds\u201d. O projeto de Lei que est\u00e1 tramitando na Assembleia Legislativa que garante o nome Social das Pessoas Trans, visa o reconhecimento e a amplia\u00e7\u00e3o dos direitos da popula\u00e7\u00e3o LGBT. E ainda tamb\u00e9m estar sendo debatido com os estudantes a constru\u00e7\u00e3o do projeto de lei para criar o \u201cDia Estadual do Gr\u00eamio Estudantil Livre\u201d, em homenagem a luta dos estudantes secundaristas maranhenses.<\/p>\n<figure id=\"attachment_50625\" aria-describedby=\"caption-attachment-50625\" style=\"width: 640px\" class=\"wp-caption aligncenter\"><img decoding=\"async\" class=\"size-full wp-image-50625\" src=\"https:\/\/www.blogsoestado.com\/danielmatos\/files\/2018\/04\/inacio-estudantil2.jpg\" alt=\"\" width=\"640\" height=\"355\" \/><figcaption id=\"caption-attachment-50625\" class=\"wp-caption-text\">O deputado participou do encontro com os estudantes acompanhados de membros do PT<\/figcaption><\/figure>\n<p>O evento acontece at\u00e9 este s\u00e1bado, e na mesa contou com a participa\u00e7\u00e3o dos estudantes Bruno Cacau, xoordenador do Coletivo para Todos; Camila Pedrosa, diretora Nacional de Escolas T\u00e9cnicas da Uni\u00e3o Brasileira de Estudantes Secundaristas (Ubes); Arthur Mendes, diretor de Desportos Universit\u00e1rio da Uni\u00e3o Estadual dos Estudantes do Maranh\u00e3o-UEE Livre. Dos convidados: Cleinaldo Bil, presidente do Sindicato dos Servidores P\u00fablicos do Estado do Maranh\u00e3o (Sintsep); Raimundo Monteiro, dirigente do Partido dos Trabalhadores-PT; e Raimundo Pereira, diretor do Sindicato dos Trabalhadores no Servi\u00e7o P\u00fablico Federal no Estado do Maranh\u00e3o (Sindsep). E dos estudantes dos munic\u00edpios de Cod\u00f3, S\u00e3o Jo\u00e3o dos Patos, Barreirinhas, Caxias, Timon, Ros\u00e1rio, Coelho Neto, representando as institui\u00e7\u00f5es: Universidade Federal do Maranh\u00e3o-UFMA, Instituto Federal de Educa\u00e7\u00e3o, Ci\u00eancia e Tecnologia do Maranh\u00e3o-IFMA, Associa\u00e7\u00e3o Municipal dos Estudantes Secundaristas de S\u00e3o Lu\u00eds (Ames), Uni\u00e3o Estadual dos Estudantes do Maranh\u00e3o-UEE Livre e a Uni\u00e3o Brasileira dos Estudantes Secundaristas (Ubes).<\/p>\n","protected":false},"excerpt":{"rendered":"<p>O deputado estadual Z\u00e9 In\u00e1cio (PT) participou nesta sexta-feira 20\/ 04, da abertura do \u201cI Semin\u00e1rio de Diretores de Entidades [&hellip;]<\/p>\n","protected":false},"author":0,"featured_media":0,"comment_status":"open","ping_status":"open","sticky":false,"template":"","format":"standard","meta":{"site-sidebar-layout":"default","site-content-layout":"","ast-site-content-layout":"default","site-content-style":"default","site-sidebar-style":"default","ast-global-header-display":"","ast-banner-title-visibility":"","ast-main-header-display":"","ast-hfb-above-header-display":"","ast-hfb-below-header-display":"","ast-hfb-mobile-header-display":"","site-post-title":"","ast-breadcrumbs-content":"","ast-featured-img":"","footer-sml-layout":"","ast-disable-related-posts":"","theme-transparent-header-meta":"","adv-header-id-meta":"","stick-header-meta":"","header-above-stick-meta":"","header-main-stick-meta":"","header-below-stick-meta":"","astra-migrate-meta-layouts":"default","ast-page-background-enabled":"default","ast-page-background-meta":{"desktop":{"background-color":"var(--ast-global-color-5)","background-image":"","background-repeat":"repeat","background-position":"center center","background-size":"auto","background-attachment":"scroll","background-type":"","background-media":"","overlay-type":"","overlay-color":"","overlay-opacity":"","overlay-gradient":""},"tablet":{"background-color":"","background-image":"","background-repeat":"repeat","background-position":"center center","background-size":"auto","background-attachment":"scroll","background-type":"","background-media":"","overlay-type":"","overlay-color":"","overlay-opacity":"","overlay-gradient":""},"mobile":{"background-color":"","background-image":"","background-repeat":"repeat","background-position":"center center","background-size":"auto","background-attachment":"scroll","background-type":"","background-media":"","overlay-type":"","overlay-color":"","overlay-opacity":"","overlay-gradient":""}},"ast-content-background-meta":{"desktop":{"background-color":"var(--ast-global-color-4)","background-image":"","background-repeat":"repeat","background-position":"center center","background-size":"auto","background-attachment":"scroll","background-type":"","background-media":"","overlay-type":"","overlay-color":"","overlay-opacity":"","overlay-gradient":""},"tablet":{"background-color":"var(--ast-global-color-4)","background-image":"","background-repeat":"repeat","background-position":"center center","background-size":"auto","background-attachment":"scroll","background-type":"","background-media":"","overlay-type":"","overlay-color":"","overlay-opacity":"","overlay-gradient":""},"mobile":{"background-color":"var(--ast-global-color-4)","background-image":"","background-repeat":"repeat","background-position":"center center","background-size":"auto","background-attachment":"scroll","background-type":"","background-media":"","overlay-type":"","overlay-color":"","overlay-opacity":"","overlay-gradient":""}},"footnotes":""},"categories":[1],"tags":[],"class_list":["post-50623","post","type-post","status-publish","format-standard","hentry","category-sem-categoria"],"yoast_head":"<!-- This site is optimized with the Yoast SEO plugin v26.6 - https:\/\/yoast.com\/wordpress\/plugins\/seo\/ -->\n<title>\u201cO movimento estudantil ainda luta pela democracia\u201d, diz Z\u00e9 In\u00e1cio durante semin\u00e1rio estudantil do Coletivo ParaTodos - Daniel Matos<\/title>\n<meta name=\"robots\" content=\"index, follow, max-snippet:-1, max-image-preview:large, max-video-preview:-1\" \/>\n<link rel=\"canonical\" href=\"https:\/\/www.blogsoestado.com\/danielmatos\/o-movimento-estudantil-ainda-luta-pela-democracia-diz-ze-inacio-durante-seminario-estudantil-do-coletivo-paratodos\/\" \/>\n<meta property=\"og:locale\" content=\"pt_BR\" \/>\n<meta property=\"og:type\" content=\"article\" \/>\n<meta property=\"og:title\" content=\"\u201cO movimento estudantil ainda luta pela democracia\u201d, diz Z\u00e9 In\u00e1cio durante semin\u00e1rio estudantil do Coletivo ParaTodos - Daniel Matos\" \/>\n<meta property=\"og:description\" content=\"O deputado estadual Z\u00e9 In\u00e1cio (PT) participou nesta sexta-feira 20\/ 04, da abertura do \u201cI Semin\u00e1rio de Diretores de Entidades [&hellip;]\" \/>\n<meta property=\"og:url\" content=\"https:\/\/www.blogsoestado.com\/danielmatos\/o-movimento-estudantil-ainda-luta-pela-democracia-diz-ze-inacio-durante-seminario-estudantil-do-coletivo-paratodos\/\" \/>\n<meta property=\"og:site_name\" content=\"Daniel Matos\" \/>\n<meta property=\"article:published_time\" content=\"2018-04-21T00:30:27+00:00\" \/>\n<meta property=\"og:image\" content=\"https:\/\/www.blogsoestado.com\/danielmatos\/files\/2018\/04\/inacio-estudantil.jpg\" \/>\n<meta name=\"twitter:card\" content=\"summary_large_image\" \/>\n<meta name=\"twitter:label1\" content=\"Est. tempo de leitura\" \/>\n\t<meta name=\"twitter:data1\" content=\"3 minutos\" \/>\n<script type=\"application\/ld+json\" class=\"yoast-schema-graph\">{\"@context\":\"https:\/\/schema.org\",\"@graph\":[{\"@type\":\"WebPage\",\"@id\":\"https:\/\/www.blogsoestado.com\/danielmatos\/o-movimento-estudantil-ainda-luta-pela-democracia-diz-ze-inacio-durante-seminario-estudantil-do-coletivo-paratodos\/\",\"url\":\"https:\/\/www.blogsoestado.com\/danielmatos\/o-movimento-estudantil-ainda-luta-pela-democracia-diz-ze-inacio-durante-seminario-estudantil-do-coletivo-paratodos\/\",\"name\":\"\u201cO movimento estudantil ainda luta pela democracia\u201d, diz Z\u00e9 In\u00e1cio durante semin\u00e1rio estudantil do Coletivo ParaTodos - Daniel Matos\",\"isPartOf\":{\"@id\":\"https:\/\/www.blogsoestado.com\/danielmatos\/#website\"},\"primaryImageOfPage\":{\"@id\":\"https:\/\/www.blogsoestado.com\/danielmatos\/o-movimento-estudantil-ainda-luta-pela-democracia-diz-ze-inacio-durante-seminario-estudantil-do-coletivo-paratodos\/#primaryimage\"},\"image\":{\"@id\":\"https:\/\/www.blogsoestado.com\/danielmatos\/o-movimento-estudantil-ainda-luta-pela-democracia-diz-ze-inacio-durante-seminario-estudantil-do-coletivo-paratodos\/#primaryimage\"},\"thumbnailUrl\":\"https:\/\/www.blogsoestado.com\/danielmatos\/files\/2018\/04\/inacio-estudantil.jpg\",\"datePublished\":\"2018-04-21T00:30:27+00:00\",\"author\":{\"@id\":\"\"},\"breadcrumb\":{\"@id\":\"https:\/\/www.blogsoestado.com\/danielmatos\/o-movimento-estudantil-ainda-luta-pela-democracia-diz-ze-inacio-durante-seminario-estudantil-do-coletivo-paratodos\/#breadcrumb\"},\"inLanguage\":\"pt-BR\",\"potentialAction\":[{\"@type\":\"ReadAction\",\"target\":[\"https:\/\/www.blogsoestado.com\/danielmatos\/o-movimento-estudantil-ainda-luta-pela-democracia-diz-ze-inacio-durante-seminario-estudantil-do-coletivo-paratodos\/\"]}]},{\"@type\":\"ImageObject\",\"inLanguage\":\"pt-BR\",\"@id\":\"https:\/\/www.blogsoestado.com\/danielmatos\/o-movimento-estudantil-ainda-luta-pela-democracia-diz-ze-inacio-durante-seminario-estudantil-do-coletivo-paratodos\/#primaryimage\",\"url\":\"https:\/\/www.blogsoestado.com\/danielmatos\/files\/2018\/04\/inacio-estudantil.jpg\",\"contentUrl\":\"https:\/\/www.blogsoestado.com\/danielmatos\/files\/2018\/04\/inacio-estudantil.jpg\"},{\"@type\":\"BreadcrumbList\",\"@id\":\"https:\/\/www.blogsoestado.com\/danielmatos\/o-movimento-estudantil-ainda-luta-pela-democracia-diz-ze-inacio-durante-seminario-estudantil-do-coletivo-paratodos\/#breadcrumb\",\"itemListElement\":[{\"@type\":\"ListItem\",\"position\":1,\"name\":\"In\u00edcio\",\"item\":\"https:\/\/www.blogsoestado.com\/danielmatos\/\"},{\"@type\":\"ListItem\",\"position\":2,\"name\":\"\u201cO movimento estudantil ainda luta pela democracia\u201d, diz Z\u00e9 In\u00e1cio durante semin\u00e1rio estudantil do Coletivo ParaTodos\"}]},{\"@type\":\"WebSite\",\"@id\":\"https:\/\/www.blogsoestado.com\/danielmatos\/#website\",\"url\":\"https:\/\/www.blogsoestado.com\/danielmatos\/\",\"name\":\"Daniel Matos\",\"description\":\"\",\"potentialAction\":[{\"@type\":\"SearchAction\",\"target\":{\"@type\":\"EntryPoint\",\"urlTemplate\":\"https:\/\/www.blogsoestado.com\/danielmatos\/?s={search_term_string}\"},\"query-input\":{\"@type\":\"PropertyValueSpecification\",\"valueRequired\":true,\"valueName\":\"search_term_string\"}}],\"inLanguage\":\"pt-BR\"}]}<\/script>\n<!-- \/ Yoast SEO plugin. -->","yoast_head_json":{"title":"\u201cO movimento estudantil ainda luta pela democracia\u201d, diz Z\u00e9 In\u00e1cio durante semin\u00e1rio estudantil do Coletivo ParaTodos - Daniel Matos","robots":{"index":"index","follow":"follow","max-snippet":"max-snippet:-1","max-image-preview":"max-image-preview:large","max-video-preview":"max-video-preview:-1"},"canonical":"https:\/\/www.blogsoestado.com\/danielmatos\/o-movimento-estudantil-ainda-luta-pela-democracia-diz-ze-inacio-durante-seminario-estudantil-do-coletivo-paratodos\/","og_locale":"pt_BR","og_type":"article","og_title":"\u201cO movimento estudantil ainda luta pela democracia\u201d, diz Z\u00e9 In\u00e1cio durante semin\u00e1rio estudantil do Coletivo ParaTodos - Daniel Matos","og_description":"O deputado estadual Z\u00e9 In\u00e1cio (PT) participou nesta sexta-feira 20\/ 04, da abertura do \u201cI Semin\u00e1rio de Diretores de Entidades [&hellip;]","og_url":"https:\/\/www.blogsoestado.com\/danielmatos\/o-movimento-estudantil-ainda-luta-pela-democracia-diz-ze-inacio-durante-seminario-estudantil-do-coletivo-paratodos\/","og_site_name":"Daniel Matos","article_published_time":"2018-04-21T00:30:27+00:00","og_image":[{"url":"https:\/\/www.blogsoestado.com\/danielmatos\/files\/2018\/04\/inacio-estudantil.jpg","type":"","width":"","height":""}],"twitter_card":"summary_large_image","twitter_misc":{"Est. tempo de leitura":"3 minutos"},"schema":{"@context":"https:\/\/schema.org","@graph":[{"@type":"WebPage","@id":"https:\/\/www.blogsoestado.com\/danielmatos\/o-movimento-estudantil-ainda-luta-pela-democracia-diz-ze-inacio-durante-seminario-estudantil-do-coletivo-paratodos\/","url":"https:\/\/www.blogsoestado.com\/danielmatos\/o-movimento-estudantil-ainda-luta-pela-democracia-diz-ze-inacio-durante-seminario-estudantil-do-coletivo-paratodos\/","name":"\u201cO movimento estudantil ainda luta pela democracia\u201d, diz Z\u00e9 In\u00e1cio durante semin\u00e1rio estudantil do Coletivo ParaTodos - Daniel Matos","isPartOf":{"@id":"https:\/\/www.blogsoestado.com\/danielmatos\/#website"},"primaryImageOfPage":{"@id":"https:\/\/www.blogsoestado.com\/danielmatos\/o-movimento-estudantil-ainda-luta-pela-democracia-diz-ze-inacio-durante-seminario-estudantil-do-coletivo-paratodos\/#primaryimage"},"image":{"@id":"https:\/\/www.blogsoestado.com\/danielmatos\/o-movimento-estudantil-ainda-luta-pela-democracia-diz-ze-inacio-durante-seminario-estudantil-do-coletivo-paratodos\/#primaryimage"},"thumbnailUrl":"https:\/\/www.blogsoestado.com\/danielmatos\/files\/2018\/04\/inacio-estudantil.jpg","datePublished":"2018-04-21T00:30:27+00:00","author":{"@id":""},"breadcrumb":{"@id":"https:\/\/www.blogsoestado.com\/danielmatos\/o-movimento-estudantil-ainda-luta-pela-democracia-diz-ze-inacio-durante-seminario-estudantil-do-coletivo-paratodos\/#breadcrumb"},"inLanguage":"pt-BR","potentialAction":[{"@type":"ReadAction","target":["https:\/\/www.blogsoestado.com\/danielmatos\/o-movimento-estudantil-ainda-luta-pela-democracia-diz-ze-inacio-durante-seminario-estudantil-do-coletivo-paratodos\/"]}]},{"@type":"ImageObject","inLanguage":"pt-BR","@id":"https:\/\/www.blogsoestado.com\/danielmatos\/o-movimento-estudantil-ainda-luta-pela-democracia-diz-ze-inacio-durante-seminario-estudantil-do-coletivo-paratodos\/#primaryimage","url":"https:\/\/www.blogsoestado.com\/danielmatos\/files\/2018\/04\/inacio-estudantil.jpg","contentUrl":"https:\/\/www.blogsoestado.com\/danielmatos\/files\/2018\/04\/inacio-estudantil.jpg"},{"@type":"BreadcrumbList","@id":"https:\/\/www.blogsoestado.com\/danielmatos\/o-movimento-estudantil-ainda-luta-pela-democracia-diz-ze-inacio-durante-seminario-estudantil-do-coletivo-paratodos\/#breadcrumb","itemListElement":[{"@type":"ListItem","position":1,"name":"In\u00edcio","item":"https:\/\/www.blogsoestado.com\/danielmatos\/"},{"@type":"ListItem","position":2,"name":"\u201cO movimento estudantil ainda luta pela democracia\u201d, diz Z\u00e9 In\u00e1cio durante semin\u00e1rio estudantil do Coletivo ParaTodos"}]},{"@type":"WebSite","@id":"https:\/\/www.blogsoestado.com\/danielmatos\/#website","url":"https:\/\/www.blogsoestado.com\/danielmatos\/","name":"Daniel Matos","description":"","potentialAction":[{"@type":"SearchAction","target":{"@type":"EntryPoint","urlTemplate":"https:\/\/www.blogsoestado.com\/danielmatos\/?s={search_term_string}"},"query-input":{"@type":"PropertyValueSpecification","valueRequired":true,"valueName":"search_term_string"}}],"inLanguage":"pt-BR"}]}},"jetpack_featured_media_url":"","_links":{"self":[{"href":"https:\/\/www.blogsoestado.com\/danielmatos\/wp-json\/wp\/v2\/posts\/50623","targetHints":{"allow":["GET"]}}],"collection":[{"href":"https:\/\/www.blogsoestado.com\/danielmatos\/wp-json\/wp\/v2\/posts"}],"about":[{"href":"https:\/\/www.blogsoestado.com\/danielmatos\/wp-json\/wp\/v2\/types\/post"}],"replies":[{"embeddable":true,"href":"https:\/\/www.blogsoestado.com\/danielmatos\/wp-json\/wp\/v2\/comments?post=50623"}],"version-history":[{"count":0,"href":"https:\/\/www.blogsoestado.com\/danielmatos\/wp-json\/wp\/v2\/posts\/50623\/revisions"}],"wp:attachment":[{"href":"https:\/\/www.blogsoestado.com\/danielmatos\/wp-json\/wp\/v2\/media?parent=50623"}],"wp:term":[{"taxonomy":"category","embeddable":true,"href":"https:\/\/www.blogsoestado.com\/danielmatos\/wp-json\/wp\/v2\/categories?post=50623"},{"taxonomy":"post_tag","embeddable":true,"href":"https:\/\/www.blogsoestado.com\/danielmatos\/wp-json\/wp\/v2\/tags?post=50623"}],"curies":[{"name":"wp","href":"https:\/\/api.w.org\/{rel}","templated":true}]}}