{"id":50638,"date":"2018-04-21T13:16:02","date_gmt":"2018-04-21T16:16:02","guid":{"rendered":"https:\/\/www.blogsoestado.com\/danielmatos\/?p=50638"},"modified":"2018-04-21T13:16:02","modified_gmt":"2018-04-21T16:16:02","slug":"no-dia-do-policial-civil-vereador-marcial-lima-parabeniza-categoria-e-ouve-lamento-de-sindicalistas","status":"publish","type":"post","link":"https:\/\/www.blogsoestado.com\/danielmatos\/no-dia-do-policial-civil-vereador-marcial-lima-parabeniza-categoria-e-ouve-lamento-de-sindicalistas\/","title":{"rendered":"No Dia do Policial Civil, vereador Marcial Lima parabeniza categoria e ouve lamento de sindicalistas"},"content":{"rendered":"<figure id=\"attachment_50640\" aria-describedby=\"caption-attachment-50640\" style=\"width: 448px\" class=\"wp-caption alignright\"><img fetchpriority=\"high\" decoding=\"async\" class=\"size-full wp-image-50640\" src=\"https:\/\/www.blogsoestado.com\/danielmatos\/files\/2018\/04\/marcial-sinpol.jpg\" alt=\"\" width=\"448\" height=\"250\" \/><figcaption id=\"caption-attachment-50640\" class=\"wp-caption-text\">Marcial Lima ouviu lamento do presidente do Sinpol, Elton Neves, e do vice, Rayol<\/figcaption><\/figure>\n<p>O vereador Marcial Lima (PSDB) aproveitou a celebra\u00e7\u00e3o de uma missa em alus\u00e3o ao Dia do Policial Civil, na Igreja de Nossa Senhora do Perp\u00e9tuo Socorro, na Cohab, para dialogar com l\u00edderes sindicais sobre o momento vivido pela categoria, marcado por desvaloriza\u00e7\u00e3o.<\/p>\n<p>Em breve conversa com o presidente do Sindicato dos Policiais Civis, Elton Neves, e com o vice-presidenerete da entidade, Rayol, Marcial ouviu o lamento dos representantes da classe, que se dizem \u00f3rf\u00e3os em raz\u00e3o do descaso e do tratamento desigual dispensado pelo governo Fl\u00e1vio Dino (PCdoB) aos profissionais da seguran\u00e7a p\u00fablica.<\/p>\n<p>O vereador lembrou que missa tamb\u00e9m marcou o s\u00e9timo dia da morte do policial Urbano, v\u00edtima de atropelamento, na Avenida dos Franceses, no \u00faltimo domingo (15). Assista ao v\u00eddeo:<\/p>\n<div class=\"fb-post\" data-href=\"https:\/\/www.facebook.com\/marciallima\/posts\/1791701070906281\" data-width=\"552\" style=\"background-color: #fff; display: inline-block;\"><\/div>\n<p>&nbsp;<\/p>\n","protected":false},"excerpt":{"rendered":"<p>O vereador Marcial Lima (PSDB) aproveitou a celebra\u00e7\u00e3o de uma missa em alus\u00e3o ao Dia do Policial Civil, na Igreja [&hellip;]<\/p>\n","protected":false},"author":0,"featured_media":0,"comment_status":"open","ping_status":"open","sticky":false,"template":"","format":"standard","meta":{"site-sidebar-layout":"default","site-content-layout":"","ast-site-content-layout":"default","site-content-style":"default","site-sidebar-style":"default","ast-global-header-display":"","ast-banner-title-visibility":"","ast-main-header-display":"","ast-hfb-above-header-display":"","ast-hfb-below-header-display":"","ast-hfb-mobile-header-display":"","site-post-title":"","ast-breadcrumbs-content":"","ast-featured-img":"","footer-sml-layout":"","ast-disable-related-posts":"","theme-transparent-header-meta":"","adv-header-id-meta":"","stick-header-meta":"","header-above-stick-meta":"","header-main-stick-meta":"","header-below-stick-meta":"","astra-migrate-meta-layouts":"default","ast-page-background-enabled":"default","ast-page-background-meta":{"desktop":{"background-color":"var(--ast-global-color-5)","background-image":"","background-repeat":"repeat","background-position":"center center","background-size":"auto","background-attachment":"scroll","background-type":"","background-media":"","overlay-type":"","overlay-color":"","overlay-opacity":"","overlay-gradient":""},"tablet":{"background-color":"","background-image":"","background-repeat":"repeat","background-position":"center center","background-size":"auto","background-attachment":"scroll","background-type":"","background-media":"","overlay-type":"","overlay-color":"","overlay-opacity":"","overlay-gradient":""},"mobile":{"background-color":"","background-image":"","background-repeat":"repeat","background-position":"center center","background-size":"auto","background-attachment":"scroll","background-type":"","background-media":"","overlay-type":"","overlay-color":"","overlay-opacity":"","overlay-gradient":""}},"ast-content-background-meta":{"desktop":{"background-color":"var(--ast-global-color-4)","background-image":"","background-repeat":"repeat","background-position":"center center","background-size":"auto","background-attachment":"scroll","background-type":"","background-media":"","overlay-type":"","overlay-color":"","overlay-opacity":"","overlay-gradient":""},"tablet":{"background-color":"var(--ast-global-color-4)","background-image":"","background-repeat":"repeat","background-position":"center center","background-size":"auto","background-attachment":"scroll","background-type":"","background-media":"","overlay-type":"","overlay-color":"","overlay-opacity":"","overlay-gradient":""},"mobile":{"background-color":"var(--ast-global-color-4)","background-image":"","background-repeat":"repeat","background-position":"center center","background-size":"auto","background-attachment":"scroll","background-type":"","background-media":"","overlay-type":"","overlay-color":"","overlay-opacity":"","overlay-gradient":""}},"footnotes":""},"categories":[1],"tags":[],"class_list":["post-50638","post","type-post","status-publish","format-standard","hentry","category-sem-categoria"],"yoast_head":"<!-- This site is optimized with the Yoast SEO plugin v26.6 - https:\/\/yoast.com\/wordpress\/plugins\/seo\/ -->\n<title>No Dia do Policial Civil, vereador Marcial Lima parabeniza categoria e ouve lamento de sindicalistas - Daniel Matos<\/title>\n<meta name=\"robots\" content=\"index, follow, max-snippet:-1, max-image-preview:large, max-video-preview:-1\" \/>\n<link rel=\"canonical\" href=\"https:\/\/www.blogsoestado.com\/danielmatos\/no-dia-do-policial-civil-vereador-marcial-lima-parabeniza-categoria-e-ouve-lamento-de-sindicalistas\/\" \/>\n<meta property=\"og:locale\" content=\"pt_BR\" \/>\n<meta property=\"og:type\" content=\"article\" \/>\n<meta property=\"og:title\" content=\"No Dia do Policial Civil, vereador Marcial Lima parabeniza categoria e ouve lamento de sindicalistas - Daniel Matos\" \/>\n<meta property=\"og:description\" content=\"O vereador Marcial Lima (PSDB) aproveitou a celebra\u00e7\u00e3o de uma missa em alus\u00e3o ao Dia do Policial Civil, na Igreja [&hellip;]\" \/>\n<meta property=\"og:url\" content=\"https:\/\/www.blogsoestado.com\/danielmatos\/no-dia-do-policial-civil-vereador-marcial-lima-parabeniza-categoria-e-ouve-lamento-de-sindicalistas\/\" \/>\n<meta property=\"og:site_name\" content=\"Daniel Matos\" \/>\n<meta property=\"article:published_time\" content=\"2018-04-21T16:16:02+00:00\" \/>\n<meta property=\"og:image\" content=\"https:\/\/www.blogsoestado.com\/danielmatos\/files\/2018\/04\/marcial-sinpol.jpg\" \/>\n<meta name=\"twitter:card\" content=\"summary_large_image\" \/>\n<meta name=\"twitter:label1\" content=\"Est. tempo de leitura\" \/>\n\t<meta name=\"twitter:data1\" content=\"1 minuto\" \/>\n<script type=\"application\/ld+json\" class=\"yoast-schema-graph\">{\"@context\":\"https:\/\/schema.org\",\"@graph\":[{\"@type\":\"WebPage\",\"@id\":\"https:\/\/www.blogsoestado.com\/danielmatos\/no-dia-do-policial-civil-vereador-marcial-lima-parabeniza-categoria-e-ouve-lamento-de-sindicalistas\/\",\"url\":\"https:\/\/www.blogsoestado.com\/danielmatos\/no-dia-do-policial-civil-vereador-marcial-lima-parabeniza-categoria-e-ouve-lamento-de-sindicalistas\/\",\"name\":\"No Dia do Policial Civil, vereador Marcial Lima parabeniza categoria e ouve lamento de sindicalistas - Daniel Matos\",\"isPartOf\":{\"@id\":\"https:\/\/www.blogsoestado.com\/danielmatos\/#website\"},\"primaryImageOfPage\":{\"@id\":\"https:\/\/www.blogsoestado.com\/danielmatos\/no-dia-do-policial-civil-vereador-marcial-lima-parabeniza-categoria-e-ouve-lamento-de-sindicalistas\/#primaryimage\"},\"image\":{\"@id\":\"https:\/\/www.blogsoestado.com\/danielmatos\/no-dia-do-policial-civil-vereador-marcial-lima-parabeniza-categoria-e-ouve-lamento-de-sindicalistas\/#primaryimage\"},\"thumbnailUrl\":\"https:\/\/www.blogsoestado.com\/danielmatos\/files\/2018\/04\/marcial-sinpol.jpg\",\"datePublished\":\"2018-04-21T16:16:02+00:00\",\"author\":{\"@id\":\"\"},\"breadcrumb\":{\"@id\":\"https:\/\/www.blogsoestado.com\/danielmatos\/no-dia-do-policial-civil-vereador-marcial-lima-parabeniza-categoria-e-ouve-lamento-de-sindicalistas\/#breadcrumb\"},\"inLanguage\":\"pt-BR\",\"potentialAction\":[{\"@type\":\"ReadAction\",\"target\":[\"https:\/\/www.blogsoestado.com\/danielmatos\/no-dia-do-policial-civil-vereador-marcial-lima-parabeniza-categoria-e-ouve-lamento-de-sindicalistas\/\"]}]},{\"@type\":\"ImageObject\",\"inLanguage\":\"pt-BR\",\"@id\":\"https:\/\/www.blogsoestado.com\/danielmatos\/no-dia-do-policial-civil-vereador-marcial-lima-parabeniza-categoria-e-ouve-lamento-de-sindicalistas\/#primaryimage\",\"url\":\"https:\/\/www.blogsoestado.com\/danielmatos\/files\/2018\/04\/marcial-sinpol.jpg\",\"contentUrl\":\"https:\/\/www.blogsoestado.com\/danielmatos\/files\/2018\/04\/marcial-sinpol.jpg\"},{\"@type\":\"BreadcrumbList\",\"@id\":\"https:\/\/www.blogsoestado.com\/danielmatos\/no-dia-do-policial-civil-vereador-marcial-lima-parabeniza-categoria-e-ouve-lamento-de-sindicalistas\/#breadcrumb\",\"itemListElement\":[{\"@type\":\"ListItem\",\"position\":1,\"name\":\"In\u00edcio\",\"item\":\"https:\/\/www.blogsoestado.com\/danielmatos\/\"},{\"@type\":\"ListItem\",\"position\":2,\"name\":\"No Dia do Policial Civil, vereador Marcial Lima parabeniza categoria e ouve lamento de sindicalistas\"}]},{\"@type\":\"WebSite\",\"@id\":\"https:\/\/www.blogsoestado.com\/danielmatos\/#website\",\"url\":\"https:\/\/www.blogsoestado.com\/danielmatos\/\",\"name\":\"Daniel Matos\",\"description\":\"\",\"potentialAction\":[{\"@type\":\"SearchAction\",\"target\":{\"@type\":\"EntryPoint\",\"urlTemplate\":\"https:\/\/www.blogsoestado.com\/danielmatos\/?s={search_term_string}\"},\"query-input\":{\"@type\":\"PropertyValueSpecification\",\"valueRequired\":true,\"valueName\":\"search_term_string\"}}],\"inLanguage\":\"pt-BR\"}]}<\/script>\n<!-- \/ Yoast SEO plugin. -->","yoast_head_json":{"title":"No Dia do Policial Civil, vereador Marcial Lima parabeniza categoria e ouve lamento de sindicalistas - Daniel Matos","robots":{"index":"index","follow":"follow","max-snippet":"max-snippet:-1","max-image-preview":"max-image-preview:large","max-video-preview":"max-video-preview:-1"},"canonical":"https:\/\/www.blogsoestado.com\/danielmatos\/no-dia-do-policial-civil-vereador-marcial-lima-parabeniza-categoria-e-ouve-lamento-de-sindicalistas\/","og_locale":"pt_BR","og_type":"article","og_title":"No Dia do Policial Civil, vereador Marcial Lima parabeniza categoria e ouve lamento de sindicalistas - Daniel Matos","og_description":"O vereador Marcial Lima (PSDB) aproveitou a celebra\u00e7\u00e3o de uma missa em alus\u00e3o ao Dia do Policial Civil, na Igreja [&hellip;]","og_url":"https:\/\/www.blogsoestado.com\/danielmatos\/no-dia-do-policial-civil-vereador-marcial-lima-parabeniza-categoria-e-ouve-lamento-de-sindicalistas\/","og_site_name":"Daniel Matos","article_published_time":"2018-04-21T16:16:02+00:00","og_image":[{"url":"https:\/\/www.blogsoestado.com\/danielmatos\/files\/2018\/04\/marcial-sinpol.jpg","type":"","width":"","height":""}],"twitter_card":"summary_large_image","twitter_misc":{"Est. tempo de leitura":"1 minuto"},"schema":{"@context":"https:\/\/schema.org","@graph":[{"@type":"WebPage","@id":"https:\/\/www.blogsoestado.com\/danielmatos\/no-dia-do-policial-civil-vereador-marcial-lima-parabeniza-categoria-e-ouve-lamento-de-sindicalistas\/","url":"https:\/\/www.blogsoestado.com\/danielmatos\/no-dia-do-policial-civil-vereador-marcial-lima-parabeniza-categoria-e-ouve-lamento-de-sindicalistas\/","name":"No Dia do Policial Civil, vereador Marcial Lima parabeniza categoria e ouve lamento de sindicalistas - Daniel Matos","isPartOf":{"@id":"https:\/\/www.blogsoestado.com\/danielmatos\/#website"},"primaryImageOfPage":{"@id":"https:\/\/www.blogsoestado.com\/danielmatos\/no-dia-do-policial-civil-vereador-marcial-lima-parabeniza-categoria-e-ouve-lamento-de-sindicalistas\/#primaryimage"},"image":{"@id":"https:\/\/www.blogsoestado.com\/danielmatos\/no-dia-do-policial-civil-vereador-marcial-lima-parabeniza-categoria-e-ouve-lamento-de-sindicalistas\/#primaryimage"},"thumbnailUrl":"https:\/\/www.blogsoestado.com\/danielmatos\/files\/2018\/04\/marcial-sinpol.jpg","datePublished":"2018-04-21T16:16:02+00:00","author":{"@id":""},"breadcrumb":{"@id":"https:\/\/www.blogsoestado.com\/danielmatos\/no-dia-do-policial-civil-vereador-marcial-lima-parabeniza-categoria-e-ouve-lamento-de-sindicalistas\/#breadcrumb"},"inLanguage":"pt-BR","potentialAction":[{"@type":"ReadAction","target":["https:\/\/www.blogsoestado.com\/danielmatos\/no-dia-do-policial-civil-vereador-marcial-lima-parabeniza-categoria-e-ouve-lamento-de-sindicalistas\/"]}]},{"@type":"ImageObject","inLanguage":"pt-BR","@id":"https:\/\/www.blogsoestado.com\/danielmatos\/no-dia-do-policial-civil-vereador-marcial-lima-parabeniza-categoria-e-ouve-lamento-de-sindicalistas\/#primaryimage","url":"https:\/\/www.blogsoestado.com\/danielmatos\/files\/2018\/04\/marcial-sinpol.jpg","contentUrl":"https:\/\/www.blogsoestado.com\/danielmatos\/files\/2018\/04\/marcial-sinpol.jpg"},{"@type":"BreadcrumbList","@id":"https:\/\/www.blogsoestado.com\/danielmatos\/no-dia-do-policial-civil-vereador-marcial-lima-parabeniza-categoria-e-ouve-lamento-de-sindicalistas\/#breadcrumb","itemListElement":[{"@type":"ListItem","position":1,"name":"In\u00edcio","item":"https:\/\/www.blogsoestado.com\/danielmatos\/"},{"@type":"ListItem","position":2,"name":"No Dia do Policial Civil, vereador Marcial Lima parabeniza categoria e ouve lamento de sindicalistas"}]},{"@type":"WebSite","@id":"https:\/\/www.blogsoestado.com\/danielmatos\/#website","url":"https:\/\/www.blogsoestado.com\/danielmatos\/","name":"Daniel Matos","description":"","potentialAction":[{"@type":"SearchAction","target":{"@type":"EntryPoint","urlTemplate":"https:\/\/www.blogsoestado.com\/danielmatos\/?s={search_term_string}"},"query-input":{"@type":"PropertyValueSpecification","valueRequired":true,"valueName":"search_term_string"}}],"inLanguage":"pt-BR"}]}},"jetpack_featured_media_url":"","_links":{"self":[{"href":"https:\/\/www.blogsoestado.com\/danielmatos\/wp-json\/wp\/v2\/posts\/50638","targetHints":{"allow":["GET"]}}],"collection":[{"href":"https:\/\/www.blogsoestado.com\/danielmatos\/wp-json\/wp\/v2\/posts"}],"about":[{"href":"https:\/\/www.blogsoestado.com\/danielmatos\/wp-json\/wp\/v2\/types\/post"}],"replies":[{"embeddable":true,"href":"https:\/\/www.blogsoestado.com\/danielmatos\/wp-json\/wp\/v2\/comments?post=50638"}],"version-history":[{"count":0,"href":"https:\/\/www.blogsoestado.com\/danielmatos\/wp-json\/wp\/v2\/posts\/50638\/revisions"}],"wp:attachment":[{"href":"https:\/\/www.blogsoestado.com\/danielmatos\/wp-json\/wp\/v2\/media?parent=50638"}],"wp:term":[{"taxonomy":"category","embeddable":true,"href":"https:\/\/www.blogsoestado.com\/danielmatos\/wp-json\/wp\/v2\/categories?post=50638"},{"taxonomy":"post_tag","embeddable":true,"href":"https:\/\/www.blogsoestado.com\/danielmatos\/wp-json\/wp\/v2\/tags?post=50638"}],"curies":[{"name":"wp","href":"https:\/\/api.w.org\/{rel}","templated":true}]}}