{"id":50647,"date":"2018-04-23T10:08:55","date_gmt":"2018-04-23T13:08:55","guid":{"rendered":"https:\/\/www.blogsoestado.com\/danielmatos\/?p=50647"},"modified":"2018-04-23T10:08:55","modified_gmt":"2018-04-23T13:08:55","slug":"tiradentes-um-martir-eterno","status":"publish","type":"post","link":"https:\/\/www.blogsoestado.com\/danielmatos\/tiradentes-um-martir-eterno\/","title":{"rendered":"Tiradentes, um m\u00e1rtir eterno"},"content":{"rendered":"<p><strong>Natalino Salgado Filho*<\/strong><\/p>\n<figure id=\"attachment_46533\" aria-describedby=\"caption-attachment-46533\" style=\"width: 448px\" class=\"wp-caption alignleft\"><img fetchpriority=\"high\" decoding=\"async\" class=\"size-full wp-image-46533\" src=\"https:\/\/www.blogsoestado.com\/danielmatos\/files\/2017\/11\/natalino-baixada.jpg\" alt=\"\" width=\"448\" height=\"298\" \/><figcaption id=\"caption-attachment-46533\" class=\"wp-caption-text\">Natalino Salgado reconstituiu peril de Tiradentes por meio das artes pl\u00e1sticas<\/figcaption><\/figure>\n<p>Nestes tempos em que nada cai no esquecimento, dada a perenidade que a internet confere aos fatos, \u00e9 curioso ouvir o que se fala sobre um dos m\u00e1rtires brasileiros, Tiradentes, cuja data de morte \u00e9 feriado em terras brasileiras, em 21 de abril.<\/p>\n<p>Para reconstituir o perfil desse m\u00e1rtir, escolhi as artes pl\u00e1sticas. O quadro mais antigo do pintor paraibano Pedro Am\u00e9rico, Tiradentes esquartejado, foi pintado em 1893, mais de cem anos ap\u00f3s os fatos de sua morte. Atualmente a tela est\u00e1 em S\u00e3o Paulo, no museu do Ipiranga. Nele se estampa toda a brutalidade e crueza da Coroa, que n\u00e3o somente exp\u00f4s o corpo do inconfidente aos peda\u00e7os, para servir de exemplo, como tamb\u00e9m destruiu a casa de Tiradentes, salgou o lugar e infamou sua descend\u00eancia.<\/p>\n<p>O segundo quadro retrata a pris\u00e3o de Tiradentes, ainda com as roupas de alferes. Sua postura ereta, a arma em punho, o queixo desafiador ante os soldados que est\u00e3o parados na entrada refletem uma ideia j\u00e1 h\u00e1 muito consolidada no imagin\u00e1rio brasileiro. Um her\u00f3i n\u00e3o vacila. Ele encarna a valentia, o destemor, talvez uma certeza profunda que o leva a se insurgir contra um Estado explorador.<\/p>\n<p>A pris\u00e3o de Tiradentes tamb\u00e9m foi pintada por Antonio Parreiras, em 1914, a pedido do ent\u00e3o presidente do estado do Rio Grande do Sul, Borges de Medeiros. Atualmente \u00e9 pe\u00e7a do museu J\u00falio de Castilhos em Porto Alegre.<\/p>\n<p>Por fim, a obra mais impressionante, n\u00e3o pelo impacto imediato, mas por fechar uma composi\u00e7\u00e3o que d\u00e1, \u00e0 biografia de Tiradentes, uma imagem que n\u00e3o deixa de ser uma vers\u00e3o que se tornou a verdade sobre sua hist\u00f3ria. Tiradentes ante o carrasco \u00e9 um trabalho de Rafael Falco, exposto pela primeira vez, em 1951, em S\u00e3o Paulo, no XVI Sal\u00e3o Paulista de Belas Artes. A cena retrata o que ocorreu na manh\u00e3 de 21 de abril de 1792. Em p\u00e9, o prisioneiro como que hesita ao se dirigir ao carrasco que traz \u00e0 m\u00e3o a alva, camisol\u00e3o branco que o condenado deveria vestir para a execu\u00e7\u00e3o, e a corda, para a forca.<\/p>\n<p>Tiradentes passa grande desamparo. Ao redor, dois padres. Um deles reza um brevi\u00e1rio; o outro olha com compaix\u00e3o para Tiradentes. Os soldados t\u00eam uma postura n\u00e3o de amea\u00e7a, mas quase de rever\u00eancia. Com exce\u00e7\u00e3o de um dos padres, todos t\u00eam o olhar naquele que seria executado. Ao fundo, um orat\u00f3rio em que se encontra um crucifixo iluminado por dois casti\u00e7ais com velas acesas.<\/p>\n<p>H\u00e1 duzentos e vinte seis anos o homem Joaquim Jos\u00e9 da Silva Xavier, nome de batismo de Tiradentes, foi executado por ser um dos membros do que ficou conhecida como Inconfid\u00eancia Mineira, movimento que almejava libertar o Brasil do dom\u00ednio da coroa portuguesa, o que o colocou no pante\u00e3o dos her\u00f3is nacionais.<\/p>\n<p>O alferes Joaquim, patente militar de Tiradentes, superior ao de aspirante a oficial e inferior ao de tenente, em sua atividade para a for\u00e7a armada, a servi\u00e7o da coroa, p\u00f4de perceber o processo de explora\u00e7\u00e3o que a Col\u00f4nia sofria. Parte de seu trabalho como militar era resguardar a estrada do Caminho Novo por onde se escoavam os min\u00e9rios para o porto do Rio de Janeiro. Ali, Tiradentes comandou um batalh\u00e3o de Drag\u00f5es, cuja fun\u00e7\u00e3o era proteger o transporte do min\u00e9rio na rota mar\u00edtima para Portugal.<\/p>\n<p>Curiosamente, a palavra alferes, de origem \u00e1rabe, significa cavaleiro, escudeiro, o que se adequa, quase como uma profecia ao lugar que Tiradentes veio a ocupar na chamada Conjura\u00e7\u00e3o Mineira. Sua hist\u00f3ria \u00e9 inspiradora, independente da moldagem que sofreu, por exemplo, nos quadros cujos temas representam os atos finais de sua carreira como inconfidente.<\/p>\n<p>Naquele homem se esmagava um anseio, uma busca por justi\u00e7a. Todo her\u00f3i \u00e9 uma proje\u00e7\u00e3o para al\u00e9m do homem. Sobre sua hist\u00f3ria real, camadas s\u00e3o adicionadas que apresentam e representam um ser idealizado, talvez para atender a um anseio nosso por um livramento nos dias dif\u00edceis.<\/p>\n<p>O Brasil, que continuou seguindo ap\u00f3s a morte de Tiradentes, se ressente da aus\u00eancia de homens de estatura elevada, nobreza e car\u00e1ter, vez que restam poucos entre aqueles que atendem ao chamado para valoriza\u00e7\u00e3o da p\u00e1tria. Talvez esteja na hora das novas gera\u00e7\u00f5es aprenderem que, embora a liberdade requeira um caro pre\u00e7o, seus frutos s\u00e3o eternos.<\/p>\n<p><strong>*Professor Titular da UFMA e membro das Academias: Nacional de Medicina e de Letras do Maranh\u00e3o<\/strong><\/p>\n","protected":false},"excerpt":{"rendered":"<p>Natalino Salgado Filho* Nestes tempos em que nada cai no esquecimento, dada a perenidade que a internet confere aos fatos, [&hellip;]<\/p>\n","protected":false},"author":0,"featured_media":0,"comment_status":"open","ping_status":"open","sticky":false,"template":"","format":"standard","meta":{"site-sidebar-layout":"default","site-content-layout":"","ast-site-content-layout":"default","site-content-style":"default","site-sidebar-style":"default","ast-global-header-display":"","ast-banner-title-visibility":"","ast-main-header-display":"","ast-hfb-above-header-display":"","ast-hfb-below-header-display":"","ast-hfb-mobile-header-display":"","site-post-title":"","ast-breadcrumbs-content":"","ast-featured-img":"","footer-sml-layout":"","ast-disable-related-posts":"","theme-transparent-header-meta":"","adv-header-id-meta":"","stick-header-meta":"","header-above-stick-meta":"","header-main-stick-meta":"","header-below-stick-meta":"","astra-migrate-meta-layouts":"default","ast-page-background-enabled":"default","ast-page-background-meta":{"desktop":{"background-color":"var(--ast-global-color-5)","background-image":"","background-repeat":"repeat","background-position":"center center","background-size":"auto","background-attachment":"scroll","background-type":"","background-media":"","overlay-type":"","overlay-color":"","overlay-opacity":"","overlay-gradient":""},"tablet":{"background-color":"","background-image":"","background-repeat":"repeat","background-position":"center center","background-size":"auto","background-attachment":"scroll","background-type":"","background-media":"","overlay-type":"","overlay-color":"","overlay-opacity":"","overlay-gradient":""},"mobile":{"background-color":"","background-image":"","background-repeat":"repeat","background-position":"center center","background-size":"auto","background-attachment":"scroll","background-type":"","background-media":"","overlay-type":"","overlay-color":"","overlay-opacity":"","overlay-gradient":""}},"ast-content-background-meta":{"desktop":{"background-color":"var(--ast-global-color-4)","background-image":"","background-repeat":"repeat","background-position":"center center","background-size":"auto","background-attachment":"scroll","background-type":"","background-media":"","overlay-type":"","overlay-color":"","overlay-opacity":"","overlay-gradient":""},"tablet":{"background-color":"var(--ast-global-color-4)","background-image":"","background-repeat":"repeat","background-position":"center center","background-size":"auto","background-attachment":"scroll","background-type":"","background-media":"","overlay-type":"","overlay-color":"","overlay-opacity":"","overlay-gradient":""},"mobile":{"background-color":"var(--ast-global-color-4)","background-image":"","background-repeat":"repeat","background-position":"center center","background-size":"auto","background-attachment":"scroll","background-type":"","background-media":"","overlay-type":"","overlay-color":"","overlay-opacity":"","overlay-gradient":""}},"footnotes":""},"categories":[1],"tags":[],"class_list":["post-50647","post","type-post","status-publish","format-standard","hentry","category-sem-categoria"],"yoast_head":"<!-- This site is optimized with the Yoast SEO plugin v26.6 - https:\/\/yoast.com\/wordpress\/plugins\/seo\/ -->\n<title>Tiradentes, um m\u00e1rtir eterno - Daniel Matos<\/title>\n<meta name=\"robots\" content=\"index, follow, max-snippet:-1, max-image-preview:large, max-video-preview:-1\" \/>\n<link rel=\"canonical\" href=\"https:\/\/www.blogsoestado.com\/danielmatos\/tiradentes-um-martir-eterno\/\" \/>\n<meta property=\"og:locale\" content=\"pt_BR\" \/>\n<meta property=\"og:type\" content=\"article\" \/>\n<meta property=\"og:title\" content=\"Tiradentes, um m\u00e1rtir eterno - Daniel Matos\" \/>\n<meta property=\"og:description\" content=\"Natalino Salgado Filho* Nestes tempos em que nada cai no esquecimento, dada a perenidade que a internet confere aos fatos, [&hellip;]\" \/>\n<meta property=\"og:url\" content=\"https:\/\/www.blogsoestado.com\/danielmatos\/tiradentes-um-martir-eterno\/\" \/>\n<meta property=\"og:site_name\" content=\"Daniel Matos\" \/>\n<meta property=\"article:published_time\" content=\"2018-04-23T13:08:55+00:00\" \/>\n<meta property=\"og:image\" content=\"https:\/\/www.blogsoestado.com\/danielmatos\/files\/2017\/11\/natalino-baixada.jpg\" \/>\n<meta name=\"twitter:card\" content=\"summary_large_image\" \/>\n<meta name=\"twitter:label1\" content=\"Est. tempo de leitura\" \/>\n\t<meta name=\"twitter:data1\" content=\"4 minutos\" \/>\n<script type=\"application\/ld+json\" class=\"yoast-schema-graph\">{\"@context\":\"https:\/\/schema.org\",\"@graph\":[{\"@type\":\"WebPage\",\"@id\":\"https:\/\/www.blogsoestado.com\/danielmatos\/tiradentes-um-martir-eterno\/\",\"url\":\"https:\/\/www.blogsoestado.com\/danielmatos\/tiradentes-um-martir-eterno\/\",\"name\":\"Tiradentes, um m\u00e1rtir eterno - Daniel Matos\",\"isPartOf\":{\"@id\":\"https:\/\/www.blogsoestado.com\/danielmatos\/#website\"},\"primaryImageOfPage\":{\"@id\":\"https:\/\/www.blogsoestado.com\/danielmatos\/tiradentes-um-martir-eterno\/#primaryimage\"},\"image\":{\"@id\":\"https:\/\/www.blogsoestado.com\/danielmatos\/tiradentes-um-martir-eterno\/#primaryimage\"},\"thumbnailUrl\":\"https:\/\/www.blogsoestado.com\/danielmatos\/files\/2017\/11\/natalino-baixada.jpg\",\"datePublished\":\"2018-04-23T13:08:55+00:00\",\"author\":{\"@id\":\"\"},\"breadcrumb\":{\"@id\":\"https:\/\/www.blogsoestado.com\/danielmatos\/tiradentes-um-martir-eterno\/#breadcrumb\"},\"inLanguage\":\"pt-BR\",\"potentialAction\":[{\"@type\":\"ReadAction\",\"target\":[\"https:\/\/www.blogsoestado.com\/danielmatos\/tiradentes-um-martir-eterno\/\"]}]},{\"@type\":\"ImageObject\",\"inLanguage\":\"pt-BR\",\"@id\":\"https:\/\/www.blogsoestado.com\/danielmatos\/tiradentes-um-martir-eterno\/#primaryimage\",\"url\":\"https:\/\/www.blogsoestado.com\/danielmatos\/files\/2017\/11\/natalino-baixada.jpg\",\"contentUrl\":\"https:\/\/www.blogsoestado.com\/danielmatos\/files\/2017\/11\/natalino-baixada.jpg\"},{\"@type\":\"BreadcrumbList\",\"@id\":\"https:\/\/www.blogsoestado.com\/danielmatos\/tiradentes-um-martir-eterno\/#breadcrumb\",\"itemListElement\":[{\"@type\":\"ListItem\",\"position\":1,\"name\":\"In\u00edcio\",\"item\":\"https:\/\/www.blogsoestado.com\/danielmatos\/\"},{\"@type\":\"ListItem\",\"position\":2,\"name\":\"Tiradentes, um m\u00e1rtir eterno\"}]},{\"@type\":\"WebSite\",\"@id\":\"https:\/\/www.blogsoestado.com\/danielmatos\/#website\",\"url\":\"https:\/\/www.blogsoestado.com\/danielmatos\/\",\"name\":\"Daniel Matos\",\"description\":\"\",\"potentialAction\":[{\"@type\":\"SearchAction\",\"target\":{\"@type\":\"EntryPoint\",\"urlTemplate\":\"https:\/\/www.blogsoestado.com\/danielmatos\/?s={search_term_string}\"},\"query-input\":{\"@type\":\"PropertyValueSpecification\",\"valueRequired\":true,\"valueName\":\"search_term_string\"}}],\"inLanguage\":\"pt-BR\"}]}<\/script>\n<!-- \/ Yoast SEO plugin. -->","yoast_head_json":{"title":"Tiradentes, um m\u00e1rtir eterno - Daniel Matos","robots":{"index":"index","follow":"follow","max-snippet":"max-snippet:-1","max-image-preview":"max-image-preview:large","max-video-preview":"max-video-preview:-1"},"canonical":"https:\/\/www.blogsoestado.com\/danielmatos\/tiradentes-um-martir-eterno\/","og_locale":"pt_BR","og_type":"article","og_title":"Tiradentes, um m\u00e1rtir eterno - Daniel Matos","og_description":"Natalino Salgado Filho* Nestes tempos em que nada cai no esquecimento, dada a perenidade que a internet confere aos fatos, [&hellip;]","og_url":"https:\/\/www.blogsoestado.com\/danielmatos\/tiradentes-um-martir-eterno\/","og_site_name":"Daniel Matos","article_published_time":"2018-04-23T13:08:55+00:00","og_image":[{"url":"https:\/\/www.blogsoestado.com\/danielmatos\/files\/2017\/11\/natalino-baixada.jpg","type":"","width":"","height":""}],"twitter_card":"summary_large_image","twitter_misc":{"Est. tempo de leitura":"4 minutos"},"schema":{"@context":"https:\/\/schema.org","@graph":[{"@type":"WebPage","@id":"https:\/\/www.blogsoestado.com\/danielmatos\/tiradentes-um-martir-eterno\/","url":"https:\/\/www.blogsoestado.com\/danielmatos\/tiradentes-um-martir-eterno\/","name":"Tiradentes, um m\u00e1rtir eterno - Daniel Matos","isPartOf":{"@id":"https:\/\/www.blogsoestado.com\/danielmatos\/#website"},"primaryImageOfPage":{"@id":"https:\/\/www.blogsoestado.com\/danielmatos\/tiradentes-um-martir-eterno\/#primaryimage"},"image":{"@id":"https:\/\/www.blogsoestado.com\/danielmatos\/tiradentes-um-martir-eterno\/#primaryimage"},"thumbnailUrl":"https:\/\/www.blogsoestado.com\/danielmatos\/files\/2017\/11\/natalino-baixada.jpg","datePublished":"2018-04-23T13:08:55+00:00","author":{"@id":""},"breadcrumb":{"@id":"https:\/\/www.blogsoestado.com\/danielmatos\/tiradentes-um-martir-eterno\/#breadcrumb"},"inLanguage":"pt-BR","potentialAction":[{"@type":"ReadAction","target":["https:\/\/www.blogsoestado.com\/danielmatos\/tiradentes-um-martir-eterno\/"]}]},{"@type":"ImageObject","inLanguage":"pt-BR","@id":"https:\/\/www.blogsoestado.com\/danielmatos\/tiradentes-um-martir-eterno\/#primaryimage","url":"https:\/\/www.blogsoestado.com\/danielmatos\/files\/2017\/11\/natalino-baixada.jpg","contentUrl":"https:\/\/www.blogsoestado.com\/danielmatos\/files\/2017\/11\/natalino-baixada.jpg"},{"@type":"BreadcrumbList","@id":"https:\/\/www.blogsoestado.com\/danielmatos\/tiradentes-um-martir-eterno\/#breadcrumb","itemListElement":[{"@type":"ListItem","position":1,"name":"In\u00edcio","item":"https:\/\/www.blogsoestado.com\/danielmatos\/"},{"@type":"ListItem","position":2,"name":"Tiradentes, um m\u00e1rtir eterno"}]},{"@type":"WebSite","@id":"https:\/\/www.blogsoestado.com\/danielmatos\/#website","url":"https:\/\/www.blogsoestado.com\/danielmatos\/","name":"Daniel Matos","description":"","potentialAction":[{"@type":"SearchAction","target":{"@type":"EntryPoint","urlTemplate":"https:\/\/www.blogsoestado.com\/danielmatos\/?s={search_term_string}"},"query-input":{"@type":"PropertyValueSpecification","valueRequired":true,"valueName":"search_term_string"}}],"inLanguage":"pt-BR"}]}},"jetpack_featured_media_url":"","_links":{"self":[{"href":"https:\/\/www.blogsoestado.com\/danielmatos\/wp-json\/wp\/v2\/posts\/50647","targetHints":{"allow":["GET"]}}],"collection":[{"href":"https:\/\/www.blogsoestado.com\/danielmatos\/wp-json\/wp\/v2\/posts"}],"about":[{"href":"https:\/\/www.blogsoestado.com\/danielmatos\/wp-json\/wp\/v2\/types\/post"}],"replies":[{"embeddable":true,"href":"https:\/\/www.blogsoestado.com\/danielmatos\/wp-json\/wp\/v2\/comments?post=50647"}],"version-history":[{"count":0,"href":"https:\/\/www.blogsoestado.com\/danielmatos\/wp-json\/wp\/v2\/posts\/50647\/revisions"}],"wp:attachment":[{"href":"https:\/\/www.blogsoestado.com\/danielmatos\/wp-json\/wp\/v2\/media?parent=50647"}],"wp:term":[{"taxonomy":"category","embeddable":true,"href":"https:\/\/www.blogsoestado.com\/danielmatos\/wp-json\/wp\/v2\/categories?post=50647"},{"taxonomy":"post_tag","embeddable":true,"href":"https:\/\/www.blogsoestado.com\/danielmatos\/wp-json\/wp\/v2\/tags?post=50647"}],"curies":[{"name":"wp","href":"https:\/\/api.w.org\/{rel}","templated":true}]}}