{"id":50665,"date":"2018-04-23T16:21:43","date_gmt":"2018-04-23T19:21:43","guid":{"rendered":"https:\/\/www.blogsoestado.com\/danielmatos\/?p=50665"},"modified":"2018-04-23T16:21:43","modified_gmt":"2018-04-23T19:21:43","slug":"deputado-ze-inacio-participa-de-encontro-com-dirigentes-sindicais-do-maranhao","status":"publish","type":"post","link":"https:\/\/www.blogsoestado.com\/danielmatos\/deputado-ze-inacio-participa-de-encontro-com-dirigentes-sindicais-do-maranhao\/","title":{"rendered":"Deputado Z\u00e9 In\u00e1cio participa de encontro com dirigentes sindicais do Maranh\u00e3o"},"content":{"rendered":"<figure id=\"attachment_50666\" aria-describedby=\"caption-attachment-50666\" style=\"width: 448px\" class=\"wp-caption alignleft\"><img fetchpriority=\"high\" decoding=\"async\" class=\"size-full wp-image-50666\" src=\"https:\/\/www.blogsoestado.com\/danielmatos\/files\/2018\/04\/inacio-eletronorte.jpg\" alt=\"\" width=\"448\" height=\"299\" \/><figcaption id=\"caption-attachment-50666\" class=\"wp-caption-text\">Z\u00e9 In\u00e1cio ressaltou a import\u00e2ncia dos servidores p\u00fablicos municipais para o bom funcionamento e administra\u00e7\u00e3o dos munic\u00edpios<\/figcaption><\/figure>\n<p>O deputado Z\u00e9 In\u00e1cio participou neste s\u00e1bado da mesa de abertura da 6\u00ba Plen\u00e1ria Estadual da Fetram (Federa\u00e7\u00e3o dos Trabalhadores da Administra\u00e7\u00e3o e do Servi\u00e7o P\u00fablico Municipal do Estado do Maranh\u00e3o), cujo tema era &#8216;Respeito e Valoriza\u00e7\u00e3o ao servidor como garantia de um servi\u00e7o p\u00fablico de qualidade&#8217;.<\/p>\n<p>Durante sua fala o parlamentar ressaltou a import\u00e2ncia dos servidores p\u00fablicos municipais para o bom funcionamento e administra\u00e7\u00e3o dos munic\u00edpios e a import\u00e2ncia de eles resistirem na luta contra a reforma da previd\u00eancia e outras medidas que o governo Michel Temer tenta impor e que prejudicam os trabalhadores.<\/p>\n<p>O evento contou com a presen\u00e7a de representante de munic\u00edpios de todo o Estado.<\/p>\n<p><strong>Contra a privatiza\u00e7\u00e3o da Eletronorte<\/strong><\/p>\n<p>Ainda no s\u00e1bado Z\u00e9 In\u00e1cio esteve na reuni\u00e3o da Dire\u00e7\u00e3o Geral do Sindicato do Urbanit\u00e1rios do Maranh\u00e3o &#8211; STIU, onde a pauta era a luta contra a privatiza\u00e7\u00e3o da Eletrobr\u00e1s e Eletronorte, e a valoriza\u00e7\u00e3o da Caema.<\/p>\n<p>O deputado que tem apoiado a luta da categoria, mais uma vez se colocou a disposi\u00e7\u00e3o para continuara a ajudar na causa, que \u00e9 extremamente importante, pois a Eletrobr\u00e1s \u00e9 uma das institui\u00e7\u00f5es p\u00fablicas que representa a soberania nacional e sua venda poder\u00e1 acarreta na demiss\u00e3o de mais de 20 mil trabalhadores em todo o pa\u00eds.<\/p>\n<p>Trabalhadores da Caema e Eletronorte de diversas cidades do Maranh\u00e3o participaram do encontro.<\/p>\n","protected":false},"excerpt":{"rendered":"<p>O deputado Z\u00e9 In\u00e1cio participou neste s\u00e1bado da mesa de abertura da 6\u00ba Plen\u00e1ria Estadual da Fetram (Federa\u00e7\u00e3o dos Trabalhadores [&hellip;]<\/p>\n","protected":false},"author":0,"featured_media":0,"comment_status":"open","ping_status":"open","sticky":false,"template":"","format":"standard","meta":{"site-sidebar-layout":"default","site-content-layout":"","ast-site-content-layout":"default","site-content-style":"default","site-sidebar-style":"default","ast-global-header-display":"","ast-banner-title-visibility":"","ast-main-header-display":"","ast-hfb-above-header-display":"","ast-hfb-below-header-display":"","ast-hfb-mobile-header-display":"","site-post-title":"","ast-breadcrumbs-content":"","ast-featured-img":"","footer-sml-layout":"","ast-disable-related-posts":"","theme-transparent-header-meta":"","adv-header-id-meta":"","stick-header-meta":"","header-above-stick-meta":"","header-main-stick-meta":"","header-below-stick-meta":"","astra-migrate-meta-layouts":"default","ast-page-background-enabled":"default","ast-page-background-meta":{"desktop":{"background-color":"var(--ast-global-color-5)","background-image":"","background-repeat":"repeat","background-position":"center center","background-size":"auto","background-attachment":"scroll","background-type":"","background-media":"","overlay-type":"","overlay-color":"","overlay-opacity":"","overlay-gradient":""},"tablet":{"background-color":"","background-image":"","background-repeat":"repeat","background-position":"center center","background-size":"auto","background-attachment":"scroll","background-type":"","background-media":"","overlay-type":"","overlay-color":"","overlay-opacity":"","overlay-gradient":""},"mobile":{"background-color":"","background-image":"","background-repeat":"repeat","background-position":"center center","background-size":"auto","background-attachment":"scroll","background-type":"","background-media":"","overlay-type":"","overlay-color":"","overlay-opacity":"","overlay-gradient":""}},"ast-content-background-meta":{"desktop":{"background-color":"var(--ast-global-color-4)","background-image":"","background-repeat":"repeat","background-position":"center center","background-size":"auto","background-attachment":"scroll","background-type":"","background-media":"","overlay-type":"","overlay-color":"","overlay-opacity":"","overlay-gradient":""},"tablet":{"background-color":"var(--ast-global-color-4)","background-image":"","background-repeat":"repeat","background-position":"center center","background-size":"auto","background-attachment":"scroll","background-type":"","background-media":"","overlay-type":"","overlay-color":"","overlay-opacity":"","overlay-gradient":""},"mobile":{"background-color":"var(--ast-global-color-4)","background-image":"","background-repeat":"repeat","background-position":"center center","background-size":"auto","background-attachment":"scroll","background-type":"","background-media":"","overlay-type":"","overlay-color":"","overlay-opacity":"","overlay-gradient":""}},"footnotes":""},"categories":[1],"tags":[],"class_list":["post-50665","post","type-post","status-publish","format-standard","hentry","category-sem-categoria"],"yoast_head":"<!-- This site is optimized with the Yoast SEO plugin v26.6 - https:\/\/yoast.com\/wordpress\/plugins\/seo\/ -->\n<title>Deputado Z\u00e9 In\u00e1cio participa de encontro com dirigentes sindicais do Maranh\u00e3o - Daniel Matos<\/title>\n<meta name=\"robots\" content=\"index, follow, max-snippet:-1, max-image-preview:large, max-video-preview:-1\" \/>\n<link rel=\"canonical\" href=\"https:\/\/www.blogsoestado.com\/danielmatos\/deputado-ze-inacio-participa-de-encontro-com-dirigentes-sindicais-do-maranhao\/\" \/>\n<meta property=\"og:locale\" content=\"pt_BR\" \/>\n<meta property=\"og:type\" content=\"article\" \/>\n<meta property=\"og:title\" content=\"Deputado Z\u00e9 In\u00e1cio participa de encontro com dirigentes sindicais do Maranh\u00e3o - Daniel Matos\" \/>\n<meta property=\"og:description\" content=\"O deputado Z\u00e9 In\u00e1cio participou neste s\u00e1bado da mesa de abertura da 6\u00ba Plen\u00e1ria Estadual da Fetram (Federa\u00e7\u00e3o dos Trabalhadores [&hellip;]\" \/>\n<meta property=\"og:url\" content=\"https:\/\/www.blogsoestado.com\/danielmatos\/deputado-ze-inacio-participa-de-encontro-com-dirigentes-sindicais-do-maranhao\/\" \/>\n<meta property=\"og:site_name\" content=\"Daniel Matos\" \/>\n<meta property=\"article:published_time\" content=\"2018-04-23T19:21:43+00:00\" \/>\n<meta property=\"og:image\" content=\"https:\/\/www.blogsoestado.com\/danielmatos\/files\/2018\/04\/inacio-eletronorte.jpg\" \/>\n<meta name=\"twitter:card\" content=\"summary_large_image\" \/>\n<meta name=\"twitter:label1\" content=\"Est. tempo de leitura\" \/>\n\t<meta name=\"twitter:data1\" content=\"1 minuto\" \/>\n<script type=\"application\/ld+json\" class=\"yoast-schema-graph\">{\"@context\":\"https:\/\/schema.org\",\"@graph\":[{\"@type\":\"WebPage\",\"@id\":\"https:\/\/www.blogsoestado.com\/danielmatos\/deputado-ze-inacio-participa-de-encontro-com-dirigentes-sindicais-do-maranhao\/\",\"url\":\"https:\/\/www.blogsoestado.com\/danielmatos\/deputado-ze-inacio-participa-de-encontro-com-dirigentes-sindicais-do-maranhao\/\",\"name\":\"Deputado Z\u00e9 In\u00e1cio participa de encontro com dirigentes sindicais do Maranh\u00e3o - Daniel Matos\",\"isPartOf\":{\"@id\":\"https:\/\/www.blogsoestado.com\/danielmatos\/#website\"},\"primaryImageOfPage\":{\"@id\":\"https:\/\/www.blogsoestado.com\/danielmatos\/deputado-ze-inacio-participa-de-encontro-com-dirigentes-sindicais-do-maranhao\/#primaryimage\"},\"image\":{\"@id\":\"https:\/\/www.blogsoestado.com\/danielmatos\/deputado-ze-inacio-participa-de-encontro-com-dirigentes-sindicais-do-maranhao\/#primaryimage\"},\"thumbnailUrl\":\"https:\/\/www.blogsoestado.com\/danielmatos\/files\/2018\/04\/inacio-eletronorte.jpg\",\"datePublished\":\"2018-04-23T19:21:43+00:00\",\"author\":{\"@id\":\"\"},\"breadcrumb\":{\"@id\":\"https:\/\/www.blogsoestado.com\/danielmatos\/deputado-ze-inacio-participa-de-encontro-com-dirigentes-sindicais-do-maranhao\/#breadcrumb\"},\"inLanguage\":\"pt-BR\",\"potentialAction\":[{\"@type\":\"ReadAction\",\"target\":[\"https:\/\/www.blogsoestado.com\/danielmatos\/deputado-ze-inacio-participa-de-encontro-com-dirigentes-sindicais-do-maranhao\/\"]}]},{\"@type\":\"ImageObject\",\"inLanguage\":\"pt-BR\",\"@id\":\"https:\/\/www.blogsoestado.com\/danielmatos\/deputado-ze-inacio-participa-de-encontro-com-dirigentes-sindicais-do-maranhao\/#primaryimage\",\"url\":\"https:\/\/www.blogsoestado.com\/danielmatos\/files\/2018\/04\/inacio-eletronorte.jpg\",\"contentUrl\":\"https:\/\/www.blogsoestado.com\/danielmatos\/files\/2018\/04\/inacio-eletronorte.jpg\"},{\"@type\":\"BreadcrumbList\",\"@id\":\"https:\/\/www.blogsoestado.com\/danielmatos\/deputado-ze-inacio-participa-de-encontro-com-dirigentes-sindicais-do-maranhao\/#breadcrumb\",\"itemListElement\":[{\"@type\":\"ListItem\",\"position\":1,\"name\":\"In\u00edcio\",\"item\":\"https:\/\/www.blogsoestado.com\/danielmatos\/\"},{\"@type\":\"ListItem\",\"position\":2,\"name\":\"Deputado Z\u00e9 In\u00e1cio participa de encontro com dirigentes sindicais do Maranh\u00e3o\"}]},{\"@type\":\"WebSite\",\"@id\":\"https:\/\/www.blogsoestado.com\/danielmatos\/#website\",\"url\":\"https:\/\/www.blogsoestado.com\/danielmatos\/\",\"name\":\"Daniel Matos\",\"description\":\"\",\"potentialAction\":[{\"@type\":\"SearchAction\",\"target\":{\"@type\":\"EntryPoint\",\"urlTemplate\":\"https:\/\/www.blogsoestado.com\/danielmatos\/?s={search_term_string}\"},\"query-input\":{\"@type\":\"PropertyValueSpecification\",\"valueRequired\":true,\"valueName\":\"search_term_string\"}}],\"inLanguage\":\"pt-BR\"}]}<\/script>\n<!-- \/ Yoast SEO plugin. -->","yoast_head_json":{"title":"Deputado Z\u00e9 In\u00e1cio participa de encontro com dirigentes sindicais do Maranh\u00e3o - Daniel Matos","robots":{"index":"index","follow":"follow","max-snippet":"max-snippet:-1","max-image-preview":"max-image-preview:large","max-video-preview":"max-video-preview:-1"},"canonical":"https:\/\/www.blogsoestado.com\/danielmatos\/deputado-ze-inacio-participa-de-encontro-com-dirigentes-sindicais-do-maranhao\/","og_locale":"pt_BR","og_type":"article","og_title":"Deputado Z\u00e9 In\u00e1cio participa de encontro com dirigentes sindicais do Maranh\u00e3o - Daniel Matos","og_description":"O deputado Z\u00e9 In\u00e1cio participou neste s\u00e1bado da mesa de abertura da 6\u00ba Plen\u00e1ria Estadual da Fetram (Federa\u00e7\u00e3o dos Trabalhadores [&hellip;]","og_url":"https:\/\/www.blogsoestado.com\/danielmatos\/deputado-ze-inacio-participa-de-encontro-com-dirigentes-sindicais-do-maranhao\/","og_site_name":"Daniel Matos","article_published_time":"2018-04-23T19:21:43+00:00","og_image":[{"url":"https:\/\/www.blogsoestado.com\/danielmatos\/files\/2018\/04\/inacio-eletronorte.jpg","type":"","width":"","height":""}],"twitter_card":"summary_large_image","twitter_misc":{"Est. tempo de leitura":"1 minuto"},"schema":{"@context":"https:\/\/schema.org","@graph":[{"@type":"WebPage","@id":"https:\/\/www.blogsoestado.com\/danielmatos\/deputado-ze-inacio-participa-de-encontro-com-dirigentes-sindicais-do-maranhao\/","url":"https:\/\/www.blogsoestado.com\/danielmatos\/deputado-ze-inacio-participa-de-encontro-com-dirigentes-sindicais-do-maranhao\/","name":"Deputado Z\u00e9 In\u00e1cio participa de encontro com dirigentes sindicais do Maranh\u00e3o - Daniel Matos","isPartOf":{"@id":"https:\/\/www.blogsoestado.com\/danielmatos\/#website"},"primaryImageOfPage":{"@id":"https:\/\/www.blogsoestado.com\/danielmatos\/deputado-ze-inacio-participa-de-encontro-com-dirigentes-sindicais-do-maranhao\/#primaryimage"},"image":{"@id":"https:\/\/www.blogsoestado.com\/danielmatos\/deputado-ze-inacio-participa-de-encontro-com-dirigentes-sindicais-do-maranhao\/#primaryimage"},"thumbnailUrl":"https:\/\/www.blogsoestado.com\/danielmatos\/files\/2018\/04\/inacio-eletronorte.jpg","datePublished":"2018-04-23T19:21:43+00:00","author":{"@id":""},"breadcrumb":{"@id":"https:\/\/www.blogsoestado.com\/danielmatos\/deputado-ze-inacio-participa-de-encontro-com-dirigentes-sindicais-do-maranhao\/#breadcrumb"},"inLanguage":"pt-BR","potentialAction":[{"@type":"ReadAction","target":["https:\/\/www.blogsoestado.com\/danielmatos\/deputado-ze-inacio-participa-de-encontro-com-dirigentes-sindicais-do-maranhao\/"]}]},{"@type":"ImageObject","inLanguage":"pt-BR","@id":"https:\/\/www.blogsoestado.com\/danielmatos\/deputado-ze-inacio-participa-de-encontro-com-dirigentes-sindicais-do-maranhao\/#primaryimage","url":"https:\/\/www.blogsoestado.com\/danielmatos\/files\/2018\/04\/inacio-eletronorte.jpg","contentUrl":"https:\/\/www.blogsoestado.com\/danielmatos\/files\/2018\/04\/inacio-eletronorte.jpg"},{"@type":"BreadcrumbList","@id":"https:\/\/www.blogsoestado.com\/danielmatos\/deputado-ze-inacio-participa-de-encontro-com-dirigentes-sindicais-do-maranhao\/#breadcrumb","itemListElement":[{"@type":"ListItem","position":1,"name":"In\u00edcio","item":"https:\/\/www.blogsoestado.com\/danielmatos\/"},{"@type":"ListItem","position":2,"name":"Deputado Z\u00e9 In\u00e1cio participa de encontro com dirigentes sindicais do Maranh\u00e3o"}]},{"@type":"WebSite","@id":"https:\/\/www.blogsoestado.com\/danielmatos\/#website","url":"https:\/\/www.blogsoestado.com\/danielmatos\/","name":"Daniel Matos","description":"","potentialAction":[{"@type":"SearchAction","target":{"@type":"EntryPoint","urlTemplate":"https:\/\/www.blogsoestado.com\/danielmatos\/?s={search_term_string}"},"query-input":{"@type":"PropertyValueSpecification","valueRequired":true,"valueName":"search_term_string"}}],"inLanguage":"pt-BR"}]}},"jetpack_featured_media_url":"","_links":{"self":[{"href":"https:\/\/www.blogsoestado.com\/danielmatos\/wp-json\/wp\/v2\/posts\/50665","targetHints":{"allow":["GET"]}}],"collection":[{"href":"https:\/\/www.blogsoestado.com\/danielmatos\/wp-json\/wp\/v2\/posts"}],"about":[{"href":"https:\/\/www.blogsoestado.com\/danielmatos\/wp-json\/wp\/v2\/types\/post"}],"replies":[{"embeddable":true,"href":"https:\/\/www.blogsoestado.com\/danielmatos\/wp-json\/wp\/v2\/comments?post=50665"}],"version-history":[{"count":0,"href":"https:\/\/www.blogsoestado.com\/danielmatos\/wp-json\/wp\/v2\/posts\/50665\/revisions"}],"wp:attachment":[{"href":"https:\/\/www.blogsoestado.com\/danielmatos\/wp-json\/wp\/v2\/media?parent=50665"}],"wp:term":[{"taxonomy":"category","embeddable":true,"href":"https:\/\/www.blogsoestado.com\/danielmatos\/wp-json\/wp\/v2\/categories?post=50665"},{"taxonomy":"post_tag","embeddable":true,"href":"https:\/\/www.blogsoestado.com\/danielmatos\/wp-json\/wp\/v2\/tags?post=50665"}],"curies":[{"name":"wp","href":"https:\/\/api.w.org\/{rel}","templated":true}]}}