{"id":50668,"date":"2018-04-23T17:00:54","date_gmt":"2018-04-23T20:00:54","guid":{"rendered":"https:\/\/www.blogsoestado.com\/danielmatos\/?p=50668"},"modified":"2018-04-23T17:00:54","modified_gmt":"2018-04-23T20:00:54","slug":"gripei-e-agora-cinco-dicas-para-se-proteger-e-evitar-transmissao-da-doenca","status":"publish","type":"post","link":"https:\/\/www.blogsoestado.com\/danielmatos\/gripei-e-agora-cinco-dicas-para-se-proteger-e-evitar-transmissao-da-doenca\/","title":{"rendered":"Gripei, e agora? Cinco dicas para se proteger e evitar a transmiss\u00e3o da doen\u00e7a"},"content":{"rendered":"<p><img fetchpriority=\"high\" decoding=\"async\" class=\"alignright size-full wp-image-50669\" src=\"https:\/\/www.blogsoestado.com\/danielmatos\/files\/2018\/04\/gripe-contagio.jpg\" alt=\"\" width=\"448\" height=\"307\" \/>Come\u00e7ou nesta segunda-feira, 23, em todo o Brasil, a Campanha Nacional contra o Influenza, v\u00edrus da gripe. A mobiliza\u00e7\u00e3o \u00e9 parte dos esfor\u00e7os do Minist\u00e9rio da Sa\u00fade para diminuir a incid\u00eancia de casos da doen\u00e7a no pa\u00eds, onde, todos os anos, morrem centenas de pessoas v\u00edtimas das complica\u00e7\u00f5es da patologia. A estimativa da OMS \u2013 Organiza\u00e7\u00e3o Mundial de Sa\u00fade \u2013 \u00e9 de que a gripe mata mais de 650 mil pessoas por ano ao redor do planeta.<\/p>\n<p>A gripe \u00e9 uma doen\u00e7a s\u00e9ria. \u201cAl\u00e9m dos sintomas cl\u00e1ssicos, como febre alta, nariz entupido, cansa\u00e7o e dores pelo corpo, a doen\u00e7a tamb\u00e9m est\u00e1 por tr\u00e1s de complica\u00e7\u00f5es e agravamentos, como a pneumonia e at\u00e9 o infarto por insufici\u00eancia respirat\u00f3ria\u201d, explica a m\u00e9dica Graziela Medeiros, cl\u00ednica geral do Hapvida Sa\u00fade. Em 2018, os tipos de v\u00edrus inclu\u00eddos na campanha brasileira s\u00e3o o H1N1, o H3N2 e o influenza do tipo B Yamagata.<\/p>\n<p>A\u00ed v\u00e3o 5 dicas para voc\u00ea se proteger e resguardar a sa\u00fade de outras pessoas:<\/p>\n<p><strong>1) Veja se voc\u00ea se encaixa em algum grupo de risco<\/strong><\/p>\n<p>A popula\u00e7\u00e3o que deve procurar os postos de sa\u00fade espalhados pelas cidades brasileiras permanece a mesma dos anos anteriores. S\u00e3o pessoas que est\u00e3o mais vulner\u00e1veis aos efeitos e agravamentos dos quadros de gripe, como crian\u00e7as, idosos e quem sofre com doen\u00e7as cr\u00f4nicas. Al\u00e9m disso, profissionais que atuam em contato mais frequente com pessoas potencialmente infectadas tamb\u00e9m s\u00e3o inclu\u00eddos no grupo de risco, pois esse contato aumenta o risco de transmiss\u00e3o.<\/p>\n<p>\u00b7 Crian\u00e7as de 6 meses a 5 anos<\/p>\n<p>\u00b7 Pessoas com mais de 60 anos<\/p>\n<p>\u00b7 Gestantes<\/p>\n<p>\u00b7 Mulheres que deram \u00e0 luz nos \u00faltimos 45 dias<\/p>\n<p>\u00b7 Profissionais da sa\u00fade<\/p>\n<p>\u00b7 Professores da rede p\u00fablica e particular<\/p>\n<p>\u00b7 Popula\u00e7\u00e3o ind\u00edgena<\/p>\n<p>\u00b7 Portadores de doen\u00e7as cr\u00f4nicas, como diabetes, asma e artrite reumatoide<\/p>\n<p>\u00b7 Indiv\u00edduos imunossuprimidos, como pacientes com c\u00e2ncer que fazem quimioterapia e radioterapia<\/p>\n<p>\u00b7 Portadores de trissomias, como as s\u00edndromes de Down e de Klinefelter<\/p>\n<p>\u00b7 Pessoas privadas de liberdade<\/p>\n<p>\u00b7 Adolescentes internados em institui\u00e7\u00f5es socioeducativas, como a Funac.<\/p>\n<p><strong>2) Se n\u00e3o fizer parte do p\u00fablico-alvo, voc\u00ea pode pagar pela vacina contra a gripe<\/strong><\/p>\n<p>Nesses casos, \u00e9 poss\u00edvel tomar a vacina numa cl\u00ednica particular. O pre\u00e7o varia de 100 a 200 reais. Ao contr\u00e1rio da rede p\u00fablica, que distribui a vers\u00e3o trivalente do imunizante, esses lugares geralmente disponibilizam a tetravalente. A diferen\u00e7a est\u00e1 na presen\u00e7a de um quarto tipo de v\u00edrus na composi\u00e7\u00e3o, o que eleva o n\u00edvel de prote\u00e7\u00e3o. Al\u00e9m das cepas H1N1, H3N2 e do tipo B Yamagata, ele resguarda contra o tipo B Victoria.<\/p>\n<p><strong>3) Melhore a sua imunidade<\/strong><\/p>\n<p>Tome ou n\u00e3o a vacina, \u00e9 sempre bom refor\u00e7ar a sua imunidade com alimenta\u00e7\u00e3o adequada e bons h\u00e1bitos de vida. \u201cTenha sempre em casa frutas e outros alimentos naturalmente ricos em vitaminas C, que fortalecem o sistema imunol\u00f3gico, como acerola, laranja e tangerina, por exemplo\u201d, indica a especialista Al\u00e9ssia Palhano. Quanto menos embalagens voc\u00ea abrir e mais consumir alimentos naturais, melhor ser\u00e1 para a sua sa\u00fade, em v\u00e1rios aspectos.<\/p>\n<p><strong>4) Evite aglomera\u00e7\u00f5es<\/strong><\/p>\n<p>Lugares fechados e cheios de gente s\u00e3o ambientes em que mais se transmite todo tipo de v\u00edrus. No per\u00edodo chuvoso, como muita gente prefere esses locais para se proteger das constantes mudan\u00e7as de tempo, a transmiss\u00e3o se torna ainda mais comum. Por isso, caso voc\u00ea precise estar em um lugar com essas caracter\u00edsticas, que seja por pouco tempo. Se adoecer, melhor ficar em casa, de repouso, o que demonstra respeito \u00e0 sa\u00fade dos seus colegas e parentes.<\/p>\n<p><strong>5) Cuidado com a higiene<\/strong><\/p>\n<p>Se resfriar ou gripar, redobre os cuidados com a sua higiene pessoal, ao manusear objetos como copos, talheres e outros utens\u00edlios que outras pessoas tamb\u00e9m possam usar. \u201cO v\u00edrus da gripe pode ser transmitido no ar, mas age de modo mais r\u00e1pido em meios com saliva contaminada\u201d, explica a m\u00e9dica. Em resumo: laves sempre as m\u00e3os, proteja o nariz ao espirrar e n\u00e3o divida objetos pessoais com mais ningu\u00e9m, em especial, com crian\u00e7as.<\/p>\n","protected":false},"excerpt":{"rendered":"<p>Come\u00e7ou nesta segunda-feira, 23, em todo o Brasil, a Campanha Nacional contra o Influenza, v\u00edrus da gripe. A mobiliza\u00e7\u00e3o \u00e9 [&hellip;]<\/p>\n","protected":false},"author":0,"featured_media":0,"comment_status":"open","ping_status":"open","sticky":false,"template":"","format":"standard","meta":{"site-sidebar-layout":"default","site-content-layout":"","ast-site-content-layout":"default","site-content-style":"default","site-sidebar-style":"default","ast-global-header-display":"","ast-banner-title-visibility":"","ast-main-header-display":"","ast-hfb-above-header-display":"","ast-hfb-below-header-display":"","ast-hfb-mobile-header-display":"","site-post-title":"","ast-breadcrumbs-content":"","ast-featured-img":"","footer-sml-layout":"","ast-disable-related-posts":"","theme-transparent-header-meta":"","adv-header-id-meta":"","stick-header-meta":"","header-above-stick-meta":"","header-main-stick-meta":"","header-below-stick-meta":"","astra-migrate-meta-layouts":"default","ast-page-background-enabled":"default","ast-page-background-meta":{"desktop":{"background-color":"var(--ast-global-color-5)","background-image":"","background-repeat":"repeat","background-position":"center center","background-size":"auto","background-attachment":"scroll","background-type":"","background-media":"","overlay-type":"","overlay-color":"","overlay-opacity":"","overlay-gradient":""},"tablet":{"background-color":"","background-image":"","background-repeat":"repeat","background-position":"center center","background-size":"auto","background-attachment":"scroll","background-type":"","background-media":"","overlay-type":"","overlay-color":"","overlay-opacity":"","overlay-gradient":""},"mobile":{"background-color":"","background-image":"","background-repeat":"repeat","background-position":"center center","background-size":"auto","background-attachment":"scroll","background-type":"","background-media":"","overlay-type":"","overlay-color":"","overlay-opacity":"","overlay-gradient":""}},"ast-content-background-meta":{"desktop":{"background-color":"var(--ast-global-color-4)","background-image":"","background-repeat":"repeat","background-position":"center center","background-size":"auto","background-attachment":"scroll","background-type":"","background-media":"","overlay-type":"","overlay-color":"","overlay-opacity":"","overlay-gradient":""},"tablet":{"background-color":"var(--ast-global-color-4)","background-image":"","background-repeat":"repeat","background-position":"center center","background-size":"auto","background-attachment":"scroll","background-type":"","background-media":"","overlay-type":"","overlay-color":"","overlay-opacity":"","overlay-gradient":""},"mobile":{"background-color":"var(--ast-global-color-4)","background-image":"","background-repeat":"repeat","background-position":"center center","background-size":"auto","background-attachment":"scroll","background-type":"","background-media":"","overlay-type":"","overlay-color":"","overlay-opacity":"","overlay-gradient":""}},"footnotes":""},"categories":[1],"tags":[],"class_list":["post-50668","post","type-post","status-publish","format-standard","hentry","category-sem-categoria"],"yoast_head":"<!-- This site is optimized with the Yoast SEO plugin v26.6 - https:\/\/yoast.com\/wordpress\/plugins\/seo\/ -->\n<title>Gripei, e agora? Cinco dicas para se proteger e evitar a transmiss\u00e3o da doen\u00e7a - Daniel Matos<\/title>\n<meta name=\"robots\" content=\"index, follow, max-snippet:-1, max-image-preview:large, max-video-preview:-1\" \/>\n<link rel=\"canonical\" href=\"https:\/\/www.blogsoestado.com\/danielmatos\/gripei-e-agora-cinco-dicas-para-se-proteger-e-evitar-transmissao-da-doenca\/\" \/>\n<meta property=\"og:locale\" content=\"pt_BR\" \/>\n<meta property=\"og:type\" content=\"article\" \/>\n<meta property=\"og:title\" content=\"Gripei, e agora? Cinco dicas para se proteger e evitar a transmiss\u00e3o da doen\u00e7a - Daniel Matos\" \/>\n<meta property=\"og:description\" content=\"Come\u00e7ou nesta segunda-feira, 23, em todo o Brasil, a Campanha Nacional contra o Influenza, v\u00edrus da gripe. A mobiliza\u00e7\u00e3o \u00e9 [&hellip;]\" \/>\n<meta property=\"og:url\" content=\"https:\/\/www.blogsoestado.com\/danielmatos\/gripei-e-agora-cinco-dicas-para-se-proteger-e-evitar-transmissao-da-doenca\/\" \/>\n<meta property=\"og:site_name\" content=\"Daniel Matos\" \/>\n<meta property=\"article:published_time\" content=\"2018-04-23T20:00:54+00:00\" \/>\n<meta property=\"og:image\" content=\"https:\/\/www.blogsoestado.com\/danielmatos\/files\/2018\/04\/gripe-contagio.jpg\" \/>\n<meta name=\"twitter:card\" content=\"summary_large_image\" \/>\n<meta name=\"twitter:label1\" content=\"Est. tempo de leitura\" \/>\n\t<meta name=\"twitter:data1\" content=\"4 minutos\" \/>\n<script type=\"application\/ld+json\" class=\"yoast-schema-graph\">{\"@context\":\"https:\/\/schema.org\",\"@graph\":[{\"@type\":\"WebPage\",\"@id\":\"https:\/\/www.blogsoestado.com\/danielmatos\/gripei-e-agora-cinco-dicas-para-se-proteger-e-evitar-transmissao-da-doenca\/\",\"url\":\"https:\/\/www.blogsoestado.com\/danielmatos\/gripei-e-agora-cinco-dicas-para-se-proteger-e-evitar-transmissao-da-doenca\/\",\"name\":\"Gripei, e agora? Cinco dicas para se proteger e evitar a transmiss\u00e3o da doen\u00e7a - Daniel Matos\",\"isPartOf\":{\"@id\":\"https:\/\/www.blogsoestado.com\/danielmatos\/#website\"},\"primaryImageOfPage\":{\"@id\":\"https:\/\/www.blogsoestado.com\/danielmatos\/gripei-e-agora-cinco-dicas-para-se-proteger-e-evitar-transmissao-da-doenca\/#primaryimage\"},\"image\":{\"@id\":\"https:\/\/www.blogsoestado.com\/danielmatos\/gripei-e-agora-cinco-dicas-para-se-proteger-e-evitar-transmissao-da-doenca\/#primaryimage\"},\"thumbnailUrl\":\"https:\/\/www.blogsoestado.com\/danielmatos\/files\/2018\/04\/gripe-contagio.jpg\",\"datePublished\":\"2018-04-23T20:00:54+00:00\",\"author\":{\"@id\":\"\"},\"breadcrumb\":{\"@id\":\"https:\/\/www.blogsoestado.com\/danielmatos\/gripei-e-agora-cinco-dicas-para-se-proteger-e-evitar-transmissao-da-doenca\/#breadcrumb\"},\"inLanguage\":\"pt-BR\",\"potentialAction\":[{\"@type\":\"ReadAction\",\"target\":[\"https:\/\/www.blogsoestado.com\/danielmatos\/gripei-e-agora-cinco-dicas-para-se-proteger-e-evitar-transmissao-da-doenca\/\"]}]},{\"@type\":\"ImageObject\",\"inLanguage\":\"pt-BR\",\"@id\":\"https:\/\/www.blogsoestado.com\/danielmatos\/gripei-e-agora-cinco-dicas-para-se-proteger-e-evitar-transmissao-da-doenca\/#primaryimage\",\"url\":\"https:\/\/www.blogsoestado.com\/danielmatos\/files\/2018\/04\/gripe-contagio.jpg\",\"contentUrl\":\"https:\/\/www.blogsoestado.com\/danielmatos\/files\/2018\/04\/gripe-contagio.jpg\"},{\"@type\":\"BreadcrumbList\",\"@id\":\"https:\/\/www.blogsoestado.com\/danielmatos\/gripei-e-agora-cinco-dicas-para-se-proteger-e-evitar-transmissao-da-doenca\/#breadcrumb\",\"itemListElement\":[{\"@type\":\"ListItem\",\"position\":1,\"name\":\"In\u00edcio\",\"item\":\"https:\/\/www.blogsoestado.com\/danielmatos\/\"},{\"@type\":\"ListItem\",\"position\":2,\"name\":\"Gripei, e agora? Cinco dicas para se proteger e evitar a transmiss\u00e3o da doen\u00e7a\"}]},{\"@type\":\"WebSite\",\"@id\":\"https:\/\/www.blogsoestado.com\/danielmatos\/#website\",\"url\":\"https:\/\/www.blogsoestado.com\/danielmatos\/\",\"name\":\"Daniel Matos\",\"description\":\"\",\"potentialAction\":[{\"@type\":\"SearchAction\",\"target\":{\"@type\":\"EntryPoint\",\"urlTemplate\":\"https:\/\/www.blogsoestado.com\/danielmatos\/?s={search_term_string}\"},\"query-input\":{\"@type\":\"PropertyValueSpecification\",\"valueRequired\":true,\"valueName\":\"search_term_string\"}}],\"inLanguage\":\"pt-BR\"}]}<\/script>\n<!-- \/ Yoast SEO plugin. -->","yoast_head_json":{"title":"Gripei, e agora? Cinco dicas para se proteger e evitar a transmiss\u00e3o da doen\u00e7a - Daniel Matos","robots":{"index":"index","follow":"follow","max-snippet":"max-snippet:-1","max-image-preview":"max-image-preview:large","max-video-preview":"max-video-preview:-1"},"canonical":"https:\/\/www.blogsoestado.com\/danielmatos\/gripei-e-agora-cinco-dicas-para-se-proteger-e-evitar-transmissao-da-doenca\/","og_locale":"pt_BR","og_type":"article","og_title":"Gripei, e agora? Cinco dicas para se proteger e evitar a transmiss\u00e3o da doen\u00e7a - Daniel Matos","og_description":"Come\u00e7ou nesta segunda-feira, 23, em todo o Brasil, a Campanha Nacional contra o Influenza, v\u00edrus da gripe. A mobiliza\u00e7\u00e3o \u00e9 [&hellip;]","og_url":"https:\/\/www.blogsoestado.com\/danielmatos\/gripei-e-agora-cinco-dicas-para-se-proteger-e-evitar-transmissao-da-doenca\/","og_site_name":"Daniel Matos","article_published_time":"2018-04-23T20:00:54+00:00","og_image":[{"url":"https:\/\/www.blogsoestado.com\/danielmatos\/files\/2018\/04\/gripe-contagio.jpg","type":"","width":"","height":""}],"twitter_card":"summary_large_image","twitter_misc":{"Est. tempo de leitura":"4 minutos"},"schema":{"@context":"https:\/\/schema.org","@graph":[{"@type":"WebPage","@id":"https:\/\/www.blogsoestado.com\/danielmatos\/gripei-e-agora-cinco-dicas-para-se-proteger-e-evitar-transmissao-da-doenca\/","url":"https:\/\/www.blogsoestado.com\/danielmatos\/gripei-e-agora-cinco-dicas-para-se-proteger-e-evitar-transmissao-da-doenca\/","name":"Gripei, e agora? Cinco dicas para se proteger e evitar a transmiss\u00e3o da doen\u00e7a - Daniel Matos","isPartOf":{"@id":"https:\/\/www.blogsoestado.com\/danielmatos\/#website"},"primaryImageOfPage":{"@id":"https:\/\/www.blogsoestado.com\/danielmatos\/gripei-e-agora-cinco-dicas-para-se-proteger-e-evitar-transmissao-da-doenca\/#primaryimage"},"image":{"@id":"https:\/\/www.blogsoestado.com\/danielmatos\/gripei-e-agora-cinco-dicas-para-se-proteger-e-evitar-transmissao-da-doenca\/#primaryimage"},"thumbnailUrl":"https:\/\/www.blogsoestado.com\/danielmatos\/files\/2018\/04\/gripe-contagio.jpg","datePublished":"2018-04-23T20:00:54+00:00","author":{"@id":""},"breadcrumb":{"@id":"https:\/\/www.blogsoestado.com\/danielmatos\/gripei-e-agora-cinco-dicas-para-se-proteger-e-evitar-transmissao-da-doenca\/#breadcrumb"},"inLanguage":"pt-BR","potentialAction":[{"@type":"ReadAction","target":["https:\/\/www.blogsoestado.com\/danielmatos\/gripei-e-agora-cinco-dicas-para-se-proteger-e-evitar-transmissao-da-doenca\/"]}]},{"@type":"ImageObject","inLanguage":"pt-BR","@id":"https:\/\/www.blogsoestado.com\/danielmatos\/gripei-e-agora-cinco-dicas-para-se-proteger-e-evitar-transmissao-da-doenca\/#primaryimage","url":"https:\/\/www.blogsoestado.com\/danielmatos\/files\/2018\/04\/gripe-contagio.jpg","contentUrl":"https:\/\/www.blogsoestado.com\/danielmatos\/files\/2018\/04\/gripe-contagio.jpg"},{"@type":"BreadcrumbList","@id":"https:\/\/www.blogsoestado.com\/danielmatos\/gripei-e-agora-cinco-dicas-para-se-proteger-e-evitar-transmissao-da-doenca\/#breadcrumb","itemListElement":[{"@type":"ListItem","position":1,"name":"In\u00edcio","item":"https:\/\/www.blogsoestado.com\/danielmatos\/"},{"@type":"ListItem","position":2,"name":"Gripei, e agora? Cinco dicas para se proteger e evitar a transmiss\u00e3o da doen\u00e7a"}]},{"@type":"WebSite","@id":"https:\/\/www.blogsoestado.com\/danielmatos\/#website","url":"https:\/\/www.blogsoestado.com\/danielmatos\/","name":"Daniel Matos","description":"","potentialAction":[{"@type":"SearchAction","target":{"@type":"EntryPoint","urlTemplate":"https:\/\/www.blogsoestado.com\/danielmatos\/?s={search_term_string}"},"query-input":{"@type":"PropertyValueSpecification","valueRequired":true,"valueName":"search_term_string"}}],"inLanguage":"pt-BR"}]}},"jetpack_featured_media_url":"","_links":{"self":[{"href":"https:\/\/www.blogsoestado.com\/danielmatos\/wp-json\/wp\/v2\/posts\/50668","targetHints":{"allow":["GET"]}}],"collection":[{"href":"https:\/\/www.blogsoestado.com\/danielmatos\/wp-json\/wp\/v2\/posts"}],"about":[{"href":"https:\/\/www.blogsoestado.com\/danielmatos\/wp-json\/wp\/v2\/types\/post"}],"replies":[{"embeddable":true,"href":"https:\/\/www.blogsoestado.com\/danielmatos\/wp-json\/wp\/v2\/comments?post=50668"}],"version-history":[{"count":0,"href":"https:\/\/www.blogsoestado.com\/danielmatos\/wp-json\/wp\/v2\/posts\/50668\/revisions"}],"wp:attachment":[{"href":"https:\/\/www.blogsoestado.com\/danielmatos\/wp-json\/wp\/v2\/media?parent=50668"}],"wp:term":[{"taxonomy":"category","embeddable":true,"href":"https:\/\/www.blogsoestado.com\/danielmatos\/wp-json\/wp\/v2\/categories?post=50668"},{"taxonomy":"post_tag","embeddable":true,"href":"https:\/\/www.blogsoestado.com\/danielmatos\/wp-json\/wp\/v2\/tags?post=50668"}],"curies":[{"name":"wp","href":"https:\/\/api.w.org\/{rel}","templated":true}]}}