{"id":50674,"date":"2018-04-23T19:30:43","date_gmt":"2018-04-23T22:30:43","guid":{"rendered":"https:\/\/www.blogsoestado.com\/danielmatos\/?p=50674"},"modified":"2018-04-23T19:30:43","modified_gmt":"2018-04-23T22:30:43","slug":"em-debate-na-fecomercio-rodrigo-maia-alerta-para-prejuizos-da-intervencao-do-estado-na-economia","status":"publish","type":"post","link":"https:\/\/www.blogsoestado.com\/danielmatos\/em-debate-na-fecomercio-rodrigo-maia-alerta-para-prejuizos-da-intervencao-do-estado-na-economia\/","title":{"rendered":"Em debate na Fecom\u00e9rcio, Rodrigo Maia alerta para preju\u00edzos da interven\u00e7\u00e3o do Estado na economia"},"content":{"rendered":"<figure id=\"attachment_50675\" aria-describedby=\"caption-attachment-50675\" style=\"width: 640px\" class=\"wp-caption aligncenter\"><img fetchpriority=\"high\" decoding=\"async\" class=\"size-full wp-image-50675\" src=\"https:\/\/www.blogsoestado.com\/danielmatos\/files\/2018\/04\/rodrigo-fecomercio2.jpg\" alt=\"\" width=\"640\" height=\"427\" \/><figcaption id=\"caption-attachment-50675\" class=\"wp-caption-text\">Rodrigo Maia apontou para a import\u00e2ncia da educa\u00e7\u00e3o como solu\u00e7\u00e3o para os problemas do Brasil<\/figcaption><\/figure>\n<p>O presidente da C\u00e2mara dos Deputados, Rodrigo Maia, esteve reunido na noite da \u00faltima sexta-feira (20) com empres\u00e1rios de diversos segmentos produtivos maranhenses. O encontro, promovido pela Fiema, Fecom\u00e9rcio, Faem, Faema, CDL, ACM, AME e Sinduscon, aconteceu no Grand S\u00e3o Lu\u00eds Hotel.<\/p>\n<p>Com o objetivo de apresentar aos empres\u00e1rios a pauta econ\u00f4mica do Congresso Nacional e ouvir sugest\u00f5es do setor, Rodrigo Maia enfatizou na ocasi\u00e3o, a import\u00e2ncia da defini\u00e7\u00e3o de pol\u00edticas que ampliem a seguran\u00e7a jur\u00eddica para o setor privado. De acordo com o presidente da C\u00e2mara, a interven\u00e7\u00e3o do Estado sobre a economia n\u00e3o gera resultados positivos. &#8220;\u00c9 necess\u00e1rio que o Estado tenha um papel unicamente regulador, mas com regras claras e que reduzam a burocracia&#8221;, afirmou.<\/p>\n<p>Al\u00e9m disso, durante a palestra o deputado comentou sobre a necessidade de resolver algumas distor\u00e7\u00f5es que inviabilizam o empreendedorismo no pa\u00eds. &#8220;Ser empres\u00e1rio no Brasil \u00e9 muito dif\u00edcil, falta est\u00edmulos para o investimento. \u00c9 preciso discutir o tamanho excessivo do Estado, as taxas de juros elevadas. Temos que admitir e ter coragem de dizer que o Estado brasileiro est\u00e1 falido e que gasta demais&#8221;, analisou.<\/p>\n<p>Entre as solu\u00e7\u00f5es para resolver os problemas do Brasil, o Deputado Rodrigo Maia apontou para a import\u00e2ncia da educa\u00e7\u00e3o nesse processo. &#8220;\u00c9 necess\u00e1rio melhorar educa\u00e7\u00e3o para aumentar a produtividade. Cada ano a mais de estudo significa 15% a mais de renda para o jovem no mercado de trabalho&#8221;, apontou.<\/p>\n<p>Outras solu\u00e7\u00f5es destacadas durante a palestra, segundo o deputado, passam pelas reformas que tornem o Estado menor. &#8220;O Estado brasileiro paga um sal\u00e1rio 67% maior para o funcionalismo p\u00fablico em rela\u00e7\u00e3o aos sal\u00e1rios pagos pela iniciativa privada. S\u00e3o distor\u00e7\u00f5es que inviabilizam o estado brasileiro&#8221;, continua. &#8220;\u00c9 atrav\u00e9s da pol\u00edtica que vamos mudar o pa\u00eds, com a participa\u00e7\u00e3o de todos num ambiente menos radicalizado, onde todos possam sentar na mesa e construir um futuro melhor&#8221;, concluiu.<\/p>\n<p><strong>Debate<\/strong><\/p>\n<figure id=\"attachment_50676\" aria-describedby=\"caption-attachment-50676\" style=\"width: 640px\" class=\"wp-caption aligncenter\"><img decoding=\"async\" class=\"size-full wp-image-50676\" src=\"https:\/\/www.blogsoestado.com\/danielmatos\/files\/2018\/04\/rodrigo-fecomercio.jpg\" alt=\"\" width=\"640\" height=\"427\" \/><figcaption id=\"caption-attachment-50676\" class=\"wp-caption-text\">Deputado Rodrigo Maia com l\u00edderes de entidades empres\u00e1rias do Maranh\u00e3o no encontro na Fecom\u00e9rcio<\/figcaption><\/figure>\n<p>Ap\u00f3s a palestra, o presidente da C\u00e2mara foi sabatinado pelos empres\u00e1rios com a media\u00e7\u00e3o do vice-presidente da Federa\u00e7\u00e3o das Ind\u00fastrias do Maranh\u00e3o (Fiema), Cl\u00e1udio Azevedo. A primeira pergunta foi feita pelo presidente em exerc\u00edcio da Federa\u00e7\u00e3o do Com\u00e9rcio de Bens, Servi\u00e7os e Turismo do Estado do Maranh\u00e3o (Fecom\u00e9rcio), Marcelino Ramos Ara\u00fajo, questionando sobre a possibilidade de vota\u00e7\u00e3o da Reforma da Previd\u00eancia ainda este ano caso a interven\u00e7\u00e3o federal no Rio de Janeiro chegue ao fim at\u00e9 o m\u00eas de outubro.<\/p>\n<p>O deputado explicou que o problema para o adiamento da vota\u00e7\u00e3o da Reforma n\u00e3o foi a interven\u00e7\u00e3o. &#8220;A PEC da Previd\u00eancia englobava muitos pontos e acumulou in\u00fameros grupos oposicionistas. Mesmo sem a interven\u00e7\u00e3o, n\u00e3o teria votos suficientes para a aprova\u00e7\u00e3o. Agora \u00e9 preciso que no processo eleitoral se discuta esse tema, que os pr\u00e9-candidatos assumam esse debate, para que em novembro e dezembro, ap\u00f3s as elei\u00e7\u00f5es, se tenha clareza sobre esse assunto e possibilite a vota\u00e7\u00e3o. \u00c9 uma agenda dif\u00edcil, mas que precisa ser enfrentada&#8221;, explicou Maia.<\/p>\n<p>Outros assuntos que os empres\u00e1rios questionaram ao presidente da C\u00e2mara trataram sobre a Reforma Tribut\u00e1ria, duplicatas eletr\u00f4nicas, lei de licita\u00e7\u00f5es, licenciamento ambiental, Funrural e transpar\u00eancia da aplica\u00e7\u00e3o dos recursos de impostos. \u201cAcreditamos que \u00e9 fundamental esse comportamento de ideias, \u00e9 importante ouvir a necessidade dos empres\u00e1rios para que possamos encontrar conjuntamente solu\u00e7\u00f5es\u201d, observou Fabr\u00edzio Duailibe, vice-presidente da Associa\u00e7\u00e3o Comercial do Maranh\u00e3o.<\/p>\n","protected":false},"excerpt":{"rendered":"<p>O presidente da C\u00e2mara dos Deputados, Rodrigo Maia, esteve reunido na noite da \u00faltima sexta-feira (20) com empres\u00e1rios de diversos [&hellip;]<\/p>\n","protected":false},"author":0,"featured_media":0,"comment_status":"open","ping_status":"open","sticky":false,"template":"","format":"standard","meta":{"site-sidebar-layout":"default","site-content-layout":"","ast-site-content-layout":"default","site-content-style":"default","site-sidebar-style":"default","ast-global-header-display":"","ast-banner-title-visibility":"","ast-main-header-display":"","ast-hfb-above-header-display":"","ast-hfb-below-header-display":"","ast-hfb-mobile-header-display":"","site-post-title":"","ast-breadcrumbs-content":"","ast-featured-img":"","footer-sml-layout":"","ast-disable-related-posts":"","theme-transparent-header-meta":"","adv-header-id-meta":"","stick-header-meta":"","header-above-stick-meta":"","header-main-stick-meta":"","header-below-stick-meta":"","astra-migrate-meta-layouts":"default","ast-page-background-enabled":"default","ast-page-background-meta":{"desktop":{"background-color":"var(--ast-global-color-5)","background-image":"","background-repeat":"repeat","background-position":"center center","background-size":"auto","background-attachment":"scroll","background-type":"","background-media":"","overlay-type":"","overlay-color":"","overlay-opacity":"","overlay-gradient":""},"tablet":{"background-color":"","background-image":"","background-repeat":"repeat","background-position":"center center","background-size":"auto","background-attachment":"scroll","background-type":"","background-media":"","overlay-type":"","overlay-color":"","overlay-opacity":"","overlay-gradient":""},"mobile":{"background-color":"","background-image":"","background-repeat":"repeat","background-position":"center center","background-size":"auto","background-attachment":"scroll","background-type":"","background-media":"","overlay-type":"","overlay-color":"","overlay-opacity":"","overlay-gradient":""}},"ast-content-background-meta":{"desktop":{"background-color":"var(--ast-global-color-4)","background-image":"","background-repeat":"repeat","background-position":"center center","background-size":"auto","background-attachment":"scroll","background-type":"","background-media":"","overlay-type":"","overlay-color":"","overlay-opacity":"","overlay-gradient":""},"tablet":{"background-color":"var(--ast-global-color-4)","background-image":"","background-repeat":"repeat","background-position":"center center","background-size":"auto","background-attachment":"scroll","background-type":"","background-media":"","overlay-type":"","overlay-color":"","overlay-opacity":"","overlay-gradient":""},"mobile":{"background-color":"var(--ast-global-color-4)","background-image":"","background-repeat":"repeat","background-position":"center center","background-size":"auto","background-attachment":"scroll","background-type":"","background-media":"","overlay-type":"","overlay-color":"","overlay-opacity":"","overlay-gradient":""}},"footnotes":""},"categories":[1],"tags":[],"class_list":["post-50674","post","type-post","status-publish","format-standard","hentry","category-sem-categoria"],"yoast_head":"<!-- This site is optimized with the Yoast SEO plugin v26.6 - https:\/\/yoast.com\/wordpress\/plugins\/seo\/ -->\n<title>Em debate na Fecom\u00e9rcio, Rodrigo Maia alerta para preju\u00edzos da interven\u00e7\u00e3o do Estado na economia - Daniel Matos<\/title>\n<meta name=\"robots\" content=\"index, follow, max-snippet:-1, max-image-preview:large, max-video-preview:-1\" \/>\n<link rel=\"canonical\" href=\"https:\/\/www.blogsoestado.com\/danielmatos\/em-debate-na-fecomercio-rodrigo-maia-alerta-para-prejuizos-da-intervencao-do-estado-na-economia\/\" \/>\n<meta property=\"og:locale\" content=\"pt_BR\" \/>\n<meta property=\"og:type\" content=\"article\" \/>\n<meta property=\"og:title\" content=\"Em debate na Fecom\u00e9rcio, Rodrigo Maia alerta para preju\u00edzos da interven\u00e7\u00e3o do Estado na economia - Daniel Matos\" \/>\n<meta property=\"og:description\" content=\"O presidente da C\u00e2mara dos Deputados, Rodrigo Maia, esteve reunido na noite da \u00faltima sexta-feira (20) com empres\u00e1rios de diversos [&hellip;]\" \/>\n<meta property=\"og:url\" content=\"https:\/\/www.blogsoestado.com\/danielmatos\/em-debate-na-fecomercio-rodrigo-maia-alerta-para-prejuizos-da-intervencao-do-estado-na-economia\/\" \/>\n<meta property=\"og:site_name\" content=\"Daniel Matos\" \/>\n<meta property=\"article:published_time\" content=\"2018-04-23T22:30:43+00:00\" \/>\n<meta property=\"og:image\" content=\"https:\/\/www.blogsoestado.com\/danielmatos\/files\/2018\/04\/rodrigo-fecomercio2.jpg\" \/>\n<meta name=\"twitter:card\" content=\"summary_large_image\" \/>\n<meta name=\"twitter:label1\" content=\"Est. tempo de leitura\" \/>\n\t<meta name=\"twitter:data1\" content=\"3 minutos\" \/>\n<script type=\"application\/ld+json\" class=\"yoast-schema-graph\">{\"@context\":\"https:\/\/schema.org\",\"@graph\":[{\"@type\":\"WebPage\",\"@id\":\"https:\/\/www.blogsoestado.com\/danielmatos\/em-debate-na-fecomercio-rodrigo-maia-alerta-para-prejuizos-da-intervencao-do-estado-na-economia\/\",\"url\":\"https:\/\/www.blogsoestado.com\/danielmatos\/em-debate-na-fecomercio-rodrigo-maia-alerta-para-prejuizos-da-intervencao-do-estado-na-economia\/\",\"name\":\"Em debate na Fecom\u00e9rcio, Rodrigo Maia alerta para preju\u00edzos da interven\u00e7\u00e3o do Estado na economia - Daniel Matos\",\"isPartOf\":{\"@id\":\"https:\/\/www.blogsoestado.com\/danielmatos\/#website\"},\"primaryImageOfPage\":{\"@id\":\"https:\/\/www.blogsoestado.com\/danielmatos\/em-debate-na-fecomercio-rodrigo-maia-alerta-para-prejuizos-da-intervencao-do-estado-na-economia\/#primaryimage\"},\"image\":{\"@id\":\"https:\/\/www.blogsoestado.com\/danielmatos\/em-debate-na-fecomercio-rodrigo-maia-alerta-para-prejuizos-da-intervencao-do-estado-na-economia\/#primaryimage\"},\"thumbnailUrl\":\"https:\/\/www.blogsoestado.com\/danielmatos\/files\/2018\/04\/rodrigo-fecomercio2.jpg\",\"datePublished\":\"2018-04-23T22:30:43+00:00\",\"author\":{\"@id\":\"\"},\"breadcrumb\":{\"@id\":\"https:\/\/www.blogsoestado.com\/danielmatos\/em-debate-na-fecomercio-rodrigo-maia-alerta-para-prejuizos-da-intervencao-do-estado-na-economia\/#breadcrumb\"},\"inLanguage\":\"pt-BR\",\"potentialAction\":[{\"@type\":\"ReadAction\",\"target\":[\"https:\/\/www.blogsoestado.com\/danielmatos\/em-debate-na-fecomercio-rodrigo-maia-alerta-para-prejuizos-da-intervencao-do-estado-na-economia\/\"]}]},{\"@type\":\"ImageObject\",\"inLanguage\":\"pt-BR\",\"@id\":\"https:\/\/www.blogsoestado.com\/danielmatos\/em-debate-na-fecomercio-rodrigo-maia-alerta-para-prejuizos-da-intervencao-do-estado-na-economia\/#primaryimage\",\"url\":\"https:\/\/www.blogsoestado.com\/danielmatos\/files\/2018\/04\/rodrigo-fecomercio2.jpg\",\"contentUrl\":\"https:\/\/www.blogsoestado.com\/danielmatos\/files\/2018\/04\/rodrigo-fecomercio2.jpg\"},{\"@type\":\"BreadcrumbList\",\"@id\":\"https:\/\/www.blogsoestado.com\/danielmatos\/em-debate-na-fecomercio-rodrigo-maia-alerta-para-prejuizos-da-intervencao-do-estado-na-economia\/#breadcrumb\",\"itemListElement\":[{\"@type\":\"ListItem\",\"position\":1,\"name\":\"In\u00edcio\",\"item\":\"https:\/\/www.blogsoestado.com\/danielmatos\/\"},{\"@type\":\"ListItem\",\"position\":2,\"name\":\"Em debate na Fecom\u00e9rcio, Rodrigo Maia alerta para preju\u00edzos da interven\u00e7\u00e3o do Estado na economia\"}]},{\"@type\":\"WebSite\",\"@id\":\"https:\/\/www.blogsoestado.com\/danielmatos\/#website\",\"url\":\"https:\/\/www.blogsoestado.com\/danielmatos\/\",\"name\":\"Daniel Matos\",\"description\":\"\",\"potentialAction\":[{\"@type\":\"SearchAction\",\"target\":{\"@type\":\"EntryPoint\",\"urlTemplate\":\"https:\/\/www.blogsoestado.com\/danielmatos\/?s={search_term_string}\"},\"query-input\":{\"@type\":\"PropertyValueSpecification\",\"valueRequired\":true,\"valueName\":\"search_term_string\"}}],\"inLanguage\":\"pt-BR\"}]}<\/script>\n<!-- \/ Yoast SEO plugin. -->","yoast_head_json":{"title":"Em debate na Fecom\u00e9rcio, Rodrigo Maia alerta para preju\u00edzos da interven\u00e7\u00e3o do Estado na economia - Daniel Matos","robots":{"index":"index","follow":"follow","max-snippet":"max-snippet:-1","max-image-preview":"max-image-preview:large","max-video-preview":"max-video-preview:-1"},"canonical":"https:\/\/www.blogsoestado.com\/danielmatos\/em-debate-na-fecomercio-rodrigo-maia-alerta-para-prejuizos-da-intervencao-do-estado-na-economia\/","og_locale":"pt_BR","og_type":"article","og_title":"Em debate na Fecom\u00e9rcio, Rodrigo Maia alerta para preju\u00edzos da interven\u00e7\u00e3o do Estado na economia - Daniel Matos","og_description":"O presidente da C\u00e2mara dos Deputados, Rodrigo Maia, esteve reunido na noite da \u00faltima sexta-feira (20) com empres\u00e1rios de diversos [&hellip;]","og_url":"https:\/\/www.blogsoestado.com\/danielmatos\/em-debate-na-fecomercio-rodrigo-maia-alerta-para-prejuizos-da-intervencao-do-estado-na-economia\/","og_site_name":"Daniel Matos","article_published_time":"2018-04-23T22:30:43+00:00","og_image":[{"url":"https:\/\/www.blogsoestado.com\/danielmatos\/files\/2018\/04\/rodrigo-fecomercio2.jpg","type":"","width":"","height":""}],"twitter_card":"summary_large_image","twitter_misc":{"Est. tempo de leitura":"3 minutos"},"schema":{"@context":"https:\/\/schema.org","@graph":[{"@type":"WebPage","@id":"https:\/\/www.blogsoestado.com\/danielmatos\/em-debate-na-fecomercio-rodrigo-maia-alerta-para-prejuizos-da-intervencao-do-estado-na-economia\/","url":"https:\/\/www.blogsoestado.com\/danielmatos\/em-debate-na-fecomercio-rodrigo-maia-alerta-para-prejuizos-da-intervencao-do-estado-na-economia\/","name":"Em debate na Fecom\u00e9rcio, Rodrigo Maia alerta para preju\u00edzos da interven\u00e7\u00e3o do Estado na economia - Daniel Matos","isPartOf":{"@id":"https:\/\/www.blogsoestado.com\/danielmatos\/#website"},"primaryImageOfPage":{"@id":"https:\/\/www.blogsoestado.com\/danielmatos\/em-debate-na-fecomercio-rodrigo-maia-alerta-para-prejuizos-da-intervencao-do-estado-na-economia\/#primaryimage"},"image":{"@id":"https:\/\/www.blogsoestado.com\/danielmatos\/em-debate-na-fecomercio-rodrigo-maia-alerta-para-prejuizos-da-intervencao-do-estado-na-economia\/#primaryimage"},"thumbnailUrl":"https:\/\/www.blogsoestado.com\/danielmatos\/files\/2018\/04\/rodrigo-fecomercio2.jpg","datePublished":"2018-04-23T22:30:43+00:00","author":{"@id":""},"breadcrumb":{"@id":"https:\/\/www.blogsoestado.com\/danielmatos\/em-debate-na-fecomercio-rodrigo-maia-alerta-para-prejuizos-da-intervencao-do-estado-na-economia\/#breadcrumb"},"inLanguage":"pt-BR","potentialAction":[{"@type":"ReadAction","target":["https:\/\/www.blogsoestado.com\/danielmatos\/em-debate-na-fecomercio-rodrigo-maia-alerta-para-prejuizos-da-intervencao-do-estado-na-economia\/"]}]},{"@type":"ImageObject","inLanguage":"pt-BR","@id":"https:\/\/www.blogsoestado.com\/danielmatos\/em-debate-na-fecomercio-rodrigo-maia-alerta-para-prejuizos-da-intervencao-do-estado-na-economia\/#primaryimage","url":"https:\/\/www.blogsoestado.com\/danielmatos\/files\/2018\/04\/rodrigo-fecomercio2.jpg","contentUrl":"https:\/\/www.blogsoestado.com\/danielmatos\/files\/2018\/04\/rodrigo-fecomercio2.jpg"},{"@type":"BreadcrumbList","@id":"https:\/\/www.blogsoestado.com\/danielmatos\/em-debate-na-fecomercio-rodrigo-maia-alerta-para-prejuizos-da-intervencao-do-estado-na-economia\/#breadcrumb","itemListElement":[{"@type":"ListItem","position":1,"name":"In\u00edcio","item":"https:\/\/www.blogsoestado.com\/danielmatos\/"},{"@type":"ListItem","position":2,"name":"Em debate na Fecom\u00e9rcio, Rodrigo Maia alerta para preju\u00edzos da interven\u00e7\u00e3o do Estado na economia"}]},{"@type":"WebSite","@id":"https:\/\/www.blogsoestado.com\/danielmatos\/#website","url":"https:\/\/www.blogsoestado.com\/danielmatos\/","name":"Daniel Matos","description":"","potentialAction":[{"@type":"SearchAction","target":{"@type":"EntryPoint","urlTemplate":"https:\/\/www.blogsoestado.com\/danielmatos\/?s={search_term_string}"},"query-input":{"@type":"PropertyValueSpecification","valueRequired":true,"valueName":"search_term_string"}}],"inLanguage":"pt-BR"}]}},"jetpack_featured_media_url":"","_links":{"self":[{"href":"https:\/\/www.blogsoestado.com\/danielmatos\/wp-json\/wp\/v2\/posts\/50674","targetHints":{"allow":["GET"]}}],"collection":[{"href":"https:\/\/www.blogsoestado.com\/danielmatos\/wp-json\/wp\/v2\/posts"}],"about":[{"href":"https:\/\/www.blogsoestado.com\/danielmatos\/wp-json\/wp\/v2\/types\/post"}],"replies":[{"embeddable":true,"href":"https:\/\/www.blogsoestado.com\/danielmatos\/wp-json\/wp\/v2\/comments?post=50674"}],"version-history":[{"count":0,"href":"https:\/\/www.blogsoestado.com\/danielmatos\/wp-json\/wp\/v2\/posts\/50674\/revisions"}],"wp:attachment":[{"href":"https:\/\/www.blogsoestado.com\/danielmatos\/wp-json\/wp\/v2\/media?parent=50674"}],"wp:term":[{"taxonomy":"category","embeddable":true,"href":"https:\/\/www.blogsoestado.com\/danielmatos\/wp-json\/wp\/v2\/categories?post=50674"},{"taxonomy":"post_tag","embeddable":true,"href":"https:\/\/www.blogsoestado.com\/danielmatos\/wp-json\/wp\/v2\/tags?post=50674"}],"curies":[{"name":"wp","href":"https:\/\/api.w.org\/{rel}","templated":true}]}}