{"id":50887,"date":"2018-05-02T09:28:07","date_gmt":"2018-05-02T12:28:07","guid":{"rendered":"https:\/\/www.blogsoestado.com\/danielmatos\/?p=50887"},"modified":"2018-05-02T09:28:07","modified_gmt":"2018-05-02T12:28:07","slug":"prefeito-hilton-goncalo-destaca-importancia-dos-trabalhadores-para-o-crescimento-de-santa-rita","status":"publish","type":"post","link":"https:\/\/www.blogsoestado.com\/danielmatos\/prefeito-hilton-goncalo-destaca-importancia-dos-trabalhadores-para-o-crescimento-de-santa-rita\/","title":{"rendered":"Prefeito Hilton Gon\u00e7alo destaca import\u00e2ncia dos trabalhadores para o crescimento de Santa Rita"},"content":{"rendered":"<figure id=\"attachment_50888\" aria-describedby=\"caption-attachment-50888\" style=\"width: 640px\" class=\"wp-caption aligncenter\"><img fetchpriority=\"high\" decoding=\"async\" class=\"size-full wp-image-50888\" src=\"https:\/\/www.blogsoestado.com\/danielmatos\/files\/2018\/05\/hilton-trabalho.jpg\" alt=\"\" width=\"640\" height=\"289\" \/><figcaption id=\"caption-attachment-50888\" class=\"wp-caption-text\">Em pronunciamento, prefeito Hilton Gon\u00e7alo parabenizou trabalhadores pelo seu dia e destacou import\u00e2ncia de cada um para o desenvolvimento do munic\u00edpio<\/figcaption><\/figure>\n<p>A Prefeitura de Santa Rita realizou,\u00a0nessa ter\u00e7a-feira, 1\u00b0 de maio, uma bel\u00edssima festa em comemora\u00e7\u00e3o ao Dia do Trabalhador. O evento foi organizado por todas secretarias e contou com a presen\u00e7a de milhares de trabalhadores, de todos os povoados do munic\u00edpio, todos os secret\u00e1rios de governo, vereadores e lideran\u00e7as locais, al\u00e9m do prefeito Hilton Gon\u00e7alo, que comandou a comemora\u00e7\u00e3o.<\/p>\n<p>A programa\u00e7\u00e3o foi iniciada \u00e0s 8h, no Centro de Conven\u00e7\u00f5es da cidade. Uma apresenta\u00e7\u00e3o de tambor de crioula abriu as atividades. O evento alusivo ao Dia do Trabalhador contou, ainda, com sorteio de mais de 300 brindes, dentre eles ventiladores, geladeiras, sanduicheira, v\u00e1rios kits de ferramentas e muito mais.<\/p>\n<figure id=\"attachment_50889\" aria-describedby=\"caption-attachment-50889\" style=\"width: 640px\" class=\"wp-caption aligncenter\"><img decoding=\"async\" class=\"size-full wp-image-50889\" src=\"https:\/\/www.blogsoestado.com\/danielmatos\/files\/2018\/05\/hilton-trabalho2.jpg\" alt=\"\" width=\"640\" height=\"360\" \/><figcaption id=\"caption-attachment-50889\" class=\"wp-caption-text\">Mulher exibe pr\u00eamio que ganhou durante a programa\u00e7\u00e3o festiva alusiva ao Dia do Trabalhador, em Santa Rita<\/figcaption><\/figure>\n<p>Durante o evento, o prefeito Hilton Gon\u00e7alo assinou v\u00e1rias ordens de servi\u00e7os para perfura\u00e7\u00e3o de a\u00e7udes e valas na regi\u00e3o dos Campos, implanta\u00e7\u00e3o de unidades de produ\u00e7\u00e3o agr\u00edcola e constru\u00e7\u00e3o de casas e ainda entregou t\u00edtulos de terra.<\/p>\n<p>O evento contou com a presen\u00e7a de v\u00e1rias autoridades, dentre elas o presidente da C\u00e2mara Municipal, Fredilson Carvalho; os vereadores Berr\u00e9 Carvalho; Cac\u00e1 de Carema; Uthan Avelino; Dr. Joelson; Ant\u00f4nio de Felipe; M\u00e1rcio Muniz; Ivo Andr\u00e9; Lucas Abreu; Jackson do Fogoso; Arlindo; Evandro de Assis; Bedeu; Irm\u00e3o Reginaldo e Patricinho de Areias. Tamb\u00e9m marcou presen\u00e7a o ex-prefeito de Pastos Bons Dr. Ant\u00f4nio Elisabeth Gon\u00e7alo e sua esposa, a secret\u00e1ria municipal de Desenvolvimento Social de Pastos Bons, Mar\u00edlia Ribeiro.<\/p>\n<figure id=\"attachment_50890\" aria-describedby=\"caption-attachment-50890\" style=\"width: 640px\" class=\"wp-caption aligncenter\"><img decoding=\"async\" class=\"size-full wp-image-50890\" src=\"https:\/\/www.blogsoestado.com\/danielmatos\/files\/2018\/05\/hilton-trabalho3.jpg\" alt=\"\" width=\"640\" height=\"360\" \/><figcaption id=\"caption-attachment-50890\" class=\"wp-caption-text\">Prefeito Hilton Gon\u00e7alo entrega geladeira a trabalhador contemplado no evento, que reuniu multid\u00e3o<\/figcaption><\/figure>\n<p>\u201cReunimos hoje milhares de pessoas para celebrar o Dia do Trabalhador em nosso munic\u00edpio. Os trabalhadores s\u00e3o muito valorizados por nossa administra\u00e7\u00e3o. Todas as a\u00e7\u00f5es do Executivo s\u00e3o voltadas para a gera\u00e7\u00e3o de emprego e renda, bem como ao incentivo \u00e0 produ\u00e7\u00e3o e \u00e0 comercializa\u00e7\u00e3o local, por meio da agricultura. Al\u00e9m disso, fomentamos e incentivamos novos empreendedores, por meio do Banco do Povo. Essas s\u00e3o algumas das muitas ferramentas administrativas usadas para beneficiar a classe trabalhadora de Santa Rita\u201d, ressaltou o prefeito Hilton Gon\u00e7alo.<\/p>\n","protected":false},"excerpt":{"rendered":"<p>A Prefeitura de Santa Rita realizou,\u00a0nessa ter\u00e7a-feira, 1\u00b0 de maio, uma bel\u00edssima festa em comemora\u00e7\u00e3o ao Dia do Trabalhador. O [&hellip;]<\/p>\n","protected":false},"author":0,"featured_media":0,"comment_status":"open","ping_status":"open","sticky":false,"template":"","format":"standard","meta":{"site-sidebar-layout":"default","site-content-layout":"","ast-site-content-layout":"default","site-content-style":"default","site-sidebar-style":"default","ast-global-header-display":"","ast-banner-title-visibility":"","ast-main-header-display":"","ast-hfb-above-header-display":"","ast-hfb-below-header-display":"","ast-hfb-mobile-header-display":"","site-post-title":"","ast-breadcrumbs-content":"","ast-featured-img":"","footer-sml-layout":"","ast-disable-related-posts":"","theme-transparent-header-meta":"","adv-header-id-meta":"","stick-header-meta":"","header-above-stick-meta":"","header-main-stick-meta":"","header-below-stick-meta":"","astra-migrate-meta-layouts":"default","ast-page-background-enabled":"default","ast-page-background-meta":{"desktop":{"background-color":"var(--ast-global-color-5)","background-image":"","background-repeat":"repeat","background-position":"center center","background-size":"auto","background-attachment":"scroll","background-type":"","background-media":"","overlay-type":"","overlay-color":"","overlay-opacity":"","overlay-gradient":""},"tablet":{"background-color":"","background-image":"","background-repeat":"repeat","background-position":"center center","background-size":"auto","background-attachment":"scroll","background-type":"","background-media":"","overlay-type":"","overlay-color":"","overlay-opacity":"","overlay-gradient":""},"mobile":{"background-color":"","background-image":"","background-repeat":"repeat","background-position":"center center","background-size":"auto","background-attachment":"scroll","background-type":"","background-media":"","overlay-type":"","overlay-color":"","overlay-opacity":"","overlay-gradient":""}},"ast-content-background-meta":{"desktop":{"background-color":"var(--ast-global-color-4)","background-image":"","background-repeat":"repeat","background-position":"center center","background-size":"auto","background-attachment":"scroll","background-type":"","background-media":"","overlay-type":"","overlay-color":"","overlay-opacity":"","overlay-gradient":""},"tablet":{"background-color":"var(--ast-global-color-4)","background-image":"","background-repeat":"repeat","background-position":"center center","background-size":"auto","background-attachment":"scroll","background-type":"","background-media":"","overlay-type":"","overlay-color":"","overlay-opacity":"","overlay-gradient":""},"mobile":{"background-color":"var(--ast-global-color-4)","background-image":"","background-repeat":"repeat","background-position":"center center","background-size":"auto","background-attachment":"scroll","background-type":"","background-media":"","overlay-type":"","overlay-color":"","overlay-opacity":"","overlay-gradient":""}},"footnotes":""},"categories":[1],"tags":[],"class_list":["post-50887","post","type-post","status-publish","format-standard","hentry","category-sem-categoria"],"yoast_head":"<!-- This site is optimized with the Yoast SEO plugin v26.6 - https:\/\/yoast.com\/wordpress\/plugins\/seo\/ -->\n<title>Prefeito Hilton Gon\u00e7alo destaca import\u00e2ncia dos trabalhadores para o crescimento de Santa Rita - Daniel Matos<\/title>\n<meta name=\"robots\" content=\"index, follow, max-snippet:-1, max-image-preview:large, max-video-preview:-1\" \/>\n<link rel=\"canonical\" href=\"https:\/\/www.blogsoestado.com\/danielmatos\/prefeito-hilton-goncalo-destaca-importancia-dos-trabalhadores-para-o-crescimento-de-santa-rita\/\" \/>\n<meta property=\"og:locale\" content=\"pt_BR\" \/>\n<meta property=\"og:type\" content=\"article\" \/>\n<meta property=\"og:title\" content=\"Prefeito Hilton Gon\u00e7alo destaca import\u00e2ncia dos trabalhadores para o crescimento de Santa Rita - Daniel Matos\" \/>\n<meta property=\"og:description\" content=\"A Prefeitura de Santa Rita realizou,\u00a0nessa ter\u00e7a-feira, 1\u00b0 de maio, uma bel\u00edssima festa em comemora\u00e7\u00e3o ao Dia do Trabalhador. O [&hellip;]\" \/>\n<meta property=\"og:url\" content=\"https:\/\/www.blogsoestado.com\/danielmatos\/prefeito-hilton-goncalo-destaca-importancia-dos-trabalhadores-para-o-crescimento-de-santa-rita\/\" \/>\n<meta property=\"og:site_name\" content=\"Daniel Matos\" \/>\n<meta property=\"article:published_time\" content=\"2018-05-02T12:28:07+00:00\" \/>\n<meta property=\"og:image\" content=\"https:\/\/www.blogsoestado.com\/danielmatos\/files\/2018\/05\/hilton-trabalho.jpg\" \/>\n<meta name=\"twitter:card\" content=\"summary_large_image\" \/>\n<meta name=\"twitter:label1\" content=\"Est. tempo de leitura\" \/>\n\t<meta name=\"twitter:data1\" content=\"2 minutos\" \/>\n<script type=\"application\/ld+json\" class=\"yoast-schema-graph\">{\"@context\":\"https:\/\/schema.org\",\"@graph\":[{\"@type\":\"WebPage\",\"@id\":\"https:\/\/www.blogsoestado.com\/danielmatos\/prefeito-hilton-goncalo-destaca-importancia-dos-trabalhadores-para-o-crescimento-de-santa-rita\/\",\"url\":\"https:\/\/www.blogsoestado.com\/danielmatos\/prefeito-hilton-goncalo-destaca-importancia-dos-trabalhadores-para-o-crescimento-de-santa-rita\/\",\"name\":\"Prefeito Hilton Gon\u00e7alo destaca import\u00e2ncia dos trabalhadores para o crescimento de Santa Rita - Daniel Matos\",\"isPartOf\":{\"@id\":\"https:\/\/www.blogsoestado.com\/danielmatos\/#website\"},\"primaryImageOfPage\":{\"@id\":\"https:\/\/www.blogsoestado.com\/danielmatos\/prefeito-hilton-goncalo-destaca-importancia-dos-trabalhadores-para-o-crescimento-de-santa-rita\/#primaryimage\"},\"image\":{\"@id\":\"https:\/\/www.blogsoestado.com\/danielmatos\/prefeito-hilton-goncalo-destaca-importancia-dos-trabalhadores-para-o-crescimento-de-santa-rita\/#primaryimage\"},\"thumbnailUrl\":\"https:\/\/www.blogsoestado.com\/danielmatos\/files\/2018\/05\/hilton-trabalho.jpg\",\"datePublished\":\"2018-05-02T12:28:07+00:00\",\"author\":{\"@id\":\"\"},\"breadcrumb\":{\"@id\":\"https:\/\/www.blogsoestado.com\/danielmatos\/prefeito-hilton-goncalo-destaca-importancia-dos-trabalhadores-para-o-crescimento-de-santa-rita\/#breadcrumb\"},\"inLanguage\":\"pt-BR\",\"potentialAction\":[{\"@type\":\"ReadAction\",\"target\":[\"https:\/\/www.blogsoestado.com\/danielmatos\/prefeito-hilton-goncalo-destaca-importancia-dos-trabalhadores-para-o-crescimento-de-santa-rita\/\"]}]},{\"@type\":\"ImageObject\",\"inLanguage\":\"pt-BR\",\"@id\":\"https:\/\/www.blogsoestado.com\/danielmatos\/prefeito-hilton-goncalo-destaca-importancia-dos-trabalhadores-para-o-crescimento-de-santa-rita\/#primaryimage\",\"url\":\"https:\/\/www.blogsoestado.com\/danielmatos\/files\/2018\/05\/hilton-trabalho.jpg\",\"contentUrl\":\"https:\/\/www.blogsoestado.com\/danielmatos\/files\/2018\/05\/hilton-trabalho.jpg\"},{\"@type\":\"BreadcrumbList\",\"@id\":\"https:\/\/www.blogsoestado.com\/danielmatos\/prefeito-hilton-goncalo-destaca-importancia-dos-trabalhadores-para-o-crescimento-de-santa-rita\/#breadcrumb\",\"itemListElement\":[{\"@type\":\"ListItem\",\"position\":1,\"name\":\"In\u00edcio\",\"item\":\"https:\/\/www.blogsoestado.com\/danielmatos\/\"},{\"@type\":\"ListItem\",\"position\":2,\"name\":\"Prefeito Hilton Gon\u00e7alo destaca import\u00e2ncia dos trabalhadores para o crescimento de Santa Rita\"}]},{\"@type\":\"WebSite\",\"@id\":\"https:\/\/www.blogsoestado.com\/danielmatos\/#website\",\"url\":\"https:\/\/www.blogsoestado.com\/danielmatos\/\",\"name\":\"Daniel Matos\",\"description\":\"\",\"potentialAction\":[{\"@type\":\"SearchAction\",\"target\":{\"@type\":\"EntryPoint\",\"urlTemplate\":\"https:\/\/www.blogsoestado.com\/danielmatos\/?s={search_term_string}\"},\"query-input\":{\"@type\":\"PropertyValueSpecification\",\"valueRequired\":true,\"valueName\":\"search_term_string\"}}],\"inLanguage\":\"pt-BR\"}]}<\/script>\n<!-- \/ Yoast SEO plugin. -->","yoast_head_json":{"title":"Prefeito Hilton Gon\u00e7alo destaca import\u00e2ncia dos trabalhadores para o crescimento de Santa Rita - Daniel Matos","robots":{"index":"index","follow":"follow","max-snippet":"max-snippet:-1","max-image-preview":"max-image-preview:large","max-video-preview":"max-video-preview:-1"},"canonical":"https:\/\/www.blogsoestado.com\/danielmatos\/prefeito-hilton-goncalo-destaca-importancia-dos-trabalhadores-para-o-crescimento-de-santa-rita\/","og_locale":"pt_BR","og_type":"article","og_title":"Prefeito Hilton Gon\u00e7alo destaca import\u00e2ncia dos trabalhadores para o crescimento de Santa Rita - Daniel Matos","og_description":"A Prefeitura de Santa Rita realizou,\u00a0nessa ter\u00e7a-feira, 1\u00b0 de maio, uma bel\u00edssima festa em comemora\u00e7\u00e3o ao Dia do Trabalhador. O [&hellip;]","og_url":"https:\/\/www.blogsoestado.com\/danielmatos\/prefeito-hilton-goncalo-destaca-importancia-dos-trabalhadores-para-o-crescimento-de-santa-rita\/","og_site_name":"Daniel Matos","article_published_time":"2018-05-02T12:28:07+00:00","og_image":[{"url":"https:\/\/www.blogsoestado.com\/danielmatos\/files\/2018\/05\/hilton-trabalho.jpg","type":"","width":"","height":""}],"twitter_card":"summary_large_image","twitter_misc":{"Est. tempo de leitura":"2 minutos"},"schema":{"@context":"https:\/\/schema.org","@graph":[{"@type":"WebPage","@id":"https:\/\/www.blogsoestado.com\/danielmatos\/prefeito-hilton-goncalo-destaca-importancia-dos-trabalhadores-para-o-crescimento-de-santa-rita\/","url":"https:\/\/www.blogsoestado.com\/danielmatos\/prefeito-hilton-goncalo-destaca-importancia-dos-trabalhadores-para-o-crescimento-de-santa-rita\/","name":"Prefeito Hilton Gon\u00e7alo destaca import\u00e2ncia dos trabalhadores para o crescimento de Santa Rita - Daniel Matos","isPartOf":{"@id":"https:\/\/www.blogsoestado.com\/danielmatos\/#website"},"primaryImageOfPage":{"@id":"https:\/\/www.blogsoestado.com\/danielmatos\/prefeito-hilton-goncalo-destaca-importancia-dos-trabalhadores-para-o-crescimento-de-santa-rita\/#primaryimage"},"image":{"@id":"https:\/\/www.blogsoestado.com\/danielmatos\/prefeito-hilton-goncalo-destaca-importancia-dos-trabalhadores-para-o-crescimento-de-santa-rita\/#primaryimage"},"thumbnailUrl":"https:\/\/www.blogsoestado.com\/danielmatos\/files\/2018\/05\/hilton-trabalho.jpg","datePublished":"2018-05-02T12:28:07+00:00","author":{"@id":""},"breadcrumb":{"@id":"https:\/\/www.blogsoestado.com\/danielmatos\/prefeito-hilton-goncalo-destaca-importancia-dos-trabalhadores-para-o-crescimento-de-santa-rita\/#breadcrumb"},"inLanguage":"pt-BR","potentialAction":[{"@type":"ReadAction","target":["https:\/\/www.blogsoestado.com\/danielmatos\/prefeito-hilton-goncalo-destaca-importancia-dos-trabalhadores-para-o-crescimento-de-santa-rita\/"]}]},{"@type":"ImageObject","inLanguage":"pt-BR","@id":"https:\/\/www.blogsoestado.com\/danielmatos\/prefeito-hilton-goncalo-destaca-importancia-dos-trabalhadores-para-o-crescimento-de-santa-rita\/#primaryimage","url":"https:\/\/www.blogsoestado.com\/danielmatos\/files\/2018\/05\/hilton-trabalho.jpg","contentUrl":"https:\/\/www.blogsoestado.com\/danielmatos\/files\/2018\/05\/hilton-trabalho.jpg"},{"@type":"BreadcrumbList","@id":"https:\/\/www.blogsoestado.com\/danielmatos\/prefeito-hilton-goncalo-destaca-importancia-dos-trabalhadores-para-o-crescimento-de-santa-rita\/#breadcrumb","itemListElement":[{"@type":"ListItem","position":1,"name":"In\u00edcio","item":"https:\/\/www.blogsoestado.com\/danielmatos\/"},{"@type":"ListItem","position":2,"name":"Prefeito Hilton Gon\u00e7alo destaca import\u00e2ncia dos trabalhadores para o crescimento de Santa Rita"}]},{"@type":"WebSite","@id":"https:\/\/www.blogsoestado.com\/danielmatos\/#website","url":"https:\/\/www.blogsoestado.com\/danielmatos\/","name":"Daniel Matos","description":"","potentialAction":[{"@type":"SearchAction","target":{"@type":"EntryPoint","urlTemplate":"https:\/\/www.blogsoestado.com\/danielmatos\/?s={search_term_string}"},"query-input":{"@type":"PropertyValueSpecification","valueRequired":true,"valueName":"search_term_string"}}],"inLanguage":"pt-BR"}]}},"jetpack_featured_media_url":"","_links":{"self":[{"href":"https:\/\/www.blogsoestado.com\/danielmatos\/wp-json\/wp\/v2\/posts\/50887","targetHints":{"allow":["GET"]}}],"collection":[{"href":"https:\/\/www.blogsoestado.com\/danielmatos\/wp-json\/wp\/v2\/posts"}],"about":[{"href":"https:\/\/www.blogsoestado.com\/danielmatos\/wp-json\/wp\/v2\/types\/post"}],"replies":[{"embeddable":true,"href":"https:\/\/www.blogsoestado.com\/danielmatos\/wp-json\/wp\/v2\/comments?post=50887"}],"version-history":[{"count":0,"href":"https:\/\/www.blogsoestado.com\/danielmatos\/wp-json\/wp\/v2\/posts\/50887\/revisions"}],"wp:attachment":[{"href":"https:\/\/www.blogsoestado.com\/danielmatos\/wp-json\/wp\/v2\/media?parent=50887"}],"wp:term":[{"taxonomy":"category","embeddable":true,"href":"https:\/\/www.blogsoestado.com\/danielmatos\/wp-json\/wp\/v2\/categories?post=50887"},{"taxonomy":"post_tag","embeddable":true,"href":"https:\/\/www.blogsoestado.com\/danielmatos\/wp-json\/wp\/v2\/tags?post=50887"}],"curies":[{"name":"wp","href":"https:\/\/api.w.org\/{rel}","templated":true}]}}