{"id":50908,"date":"2018-05-02T12:34:09","date_gmt":"2018-05-02T15:34:09","guid":{"rendered":"https:\/\/www.blogsoestado.com\/danielmatos\/?p=50908"},"modified":"2018-05-02T12:34:09","modified_gmt":"2018-05-02T15:34:09","slug":"preso-por-embriaguez-ao-volante-presidente-da-camara-de-paco-do-lumiar-fara-campanha-para-flavio-dino","status":"publish","type":"post","link":"https:\/\/www.blogsoestado.com\/danielmatos\/preso-por-embriaguez-ao-volante-presidente-da-camara-de-paco-do-lumiar-fara-campanha-para-flavio-dino\/","title":{"rendered":"Preso por embriaguez ao volante, presidente da C\u00e2mara de Pa\u00e7o do Lumiar far\u00e1 campanha para Fl\u00e1vio Dino"},"content":{"rendered":"<figure id=\"attachment_50909\" aria-describedby=\"caption-attachment-50909\" style=\"width: 298px\" class=\"wp-caption alignright\"><img fetchpriority=\"high\" decoding=\"async\" class=\"size-full wp-image-50909\" src=\"https:\/\/www.blogsoestado.com\/danielmatos\/files\/2018\/05\/bo-marinho2.jpg\" alt=\"\" width=\"298\" height=\"448\" \/><figcaption id=\"caption-attachment-50909\" class=\"wp-caption-text\">Marinho do Pa\u00e7o com o aliado Fl\u00e1vio Dino, para quem pedir\u00e1 votos na campanha<\/figcaption><\/figure>\n<p>Preso ontem \u00e0 noite por embriaguez ao volante quando trafegava em seu carro pela MA-201 (Estrada de Ribamar), o presidente da C\u00e2mara Municipal de Pa\u00e7o do Lumiar, Arquimario Reis Guimar\u00e3es, o Marinho do Pa\u00e7o (Pros), \u00e9 aliado incondicional do governador Fl\u00e1vio Dino (PCdoB) e far\u00e1 campanha para o comunista, que tentar\u00e1 a reelei\u00e7\u00e3o em outubro. Marinho tamb\u00e9m \u00e9 aliado do prefeito Domingos Dutra (PCdoB), a quem outrora fazia forte oposi\u00e7\u00e3o no parlamento luminense.<\/p>\n<p>Ap\u00f3s ter sido flagrado dirigindo b\u00eabado, Marinho do Pa\u00e7o tentou subornar os policiais que o abordaram, mas a oferta ilegal foi recusada. A tentativa de corromper a guarni\u00e7\u00e3o poderia ter agravado ainda mais a j\u00e1 complicada situa\u00e7\u00e3o do vereador, mas n\u00e3o foi o que ocorreu. Ele foi liberado momentos ap\u00f3s ter sido conduzido ao plant\u00e3o da Delegacia do Maiob\u00e3o, mesmo tento sido autuado em flagrante. Segundo uma fonte do blog bem situada na pol\u00edcia, foi arbitrada uma fian\u00e7a, cujo valor n\u00e3o foi informado.<\/p>\n<p>N\u00e3o \u00e9 poss\u00edvel afirmar que a libera\u00e7\u00e3o de Marinho do Pa\u00e7o se deu por influ\u00eancia pol\u00edtica. Mas \u00e9, no m\u00ednimo, suspeito que ele tenha sido solto t\u00e3o r\u00e1pido, tendo em vista o endurecimento das penas impostas pela lei a quem dirige sob influ\u00eancia et\u00edlica.<\/p>\n<p>Livre, Marinho do Pa\u00e7o mant\u00e9m sua agenda na C\u00e2mara Municipal luminense e outros compromissos pol\u00edticos. Um deles \u00e9 articular apoio \u00e0 reelei\u00e7\u00e3o de Fl\u00e1vio Dino, o que dever\u00e1 fazer com mais ardor, ap\u00f3s safar-se da cadeia.<\/p>\n<p>Segue c\u00f3pia do Boletim de Ocorr\u00eancia que registra a pris\u00e3o do vereador:<\/p>\n<p><img decoding=\"async\" class=\"aligncenter wp-image-50910\" src=\"https:\/\/www.blogsoestado.com\/danielmatos\/files\/2018\/05\/bo-marinho.jpg\" alt=\"\" width=\"500\" height=\"799\" \/><\/p>\n","protected":false},"excerpt":{"rendered":"<p>Preso ontem \u00e0 noite por embriaguez ao volante quando trafegava em seu carro pela MA-201 (Estrada de Ribamar), o presidente [&hellip;]<\/p>\n","protected":false},"author":0,"featured_media":0,"comment_status":"open","ping_status":"open","sticky":false,"template":"","format":"standard","meta":{"site-sidebar-layout":"default","site-content-layout":"","ast-site-content-layout":"default","site-content-style":"default","site-sidebar-style":"default","ast-global-header-display":"","ast-banner-title-visibility":"","ast-main-header-display":"","ast-hfb-above-header-display":"","ast-hfb-below-header-display":"","ast-hfb-mobile-header-display":"","site-post-title":"","ast-breadcrumbs-content":"","ast-featured-img":"","footer-sml-layout":"","ast-disable-related-posts":"","theme-transparent-header-meta":"","adv-header-id-meta":"","stick-header-meta":"","header-above-stick-meta":"","header-main-stick-meta":"","header-below-stick-meta":"","astra-migrate-meta-layouts":"default","ast-page-background-enabled":"default","ast-page-background-meta":{"desktop":{"background-color":"var(--ast-global-color-5)","background-image":"","background-repeat":"repeat","background-position":"center center","background-size":"auto","background-attachment":"scroll","background-type":"","background-media":"","overlay-type":"","overlay-color":"","overlay-opacity":"","overlay-gradient":""},"tablet":{"background-color":"","background-image":"","background-repeat":"repeat","background-position":"center center","background-size":"auto","background-attachment":"scroll","background-type":"","background-media":"","overlay-type":"","overlay-color":"","overlay-opacity":"","overlay-gradient":""},"mobile":{"background-color":"","background-image":"","background-repeat":"repeat","background-position":"center center","background-size":"auto","background-attachment":"scroll","background-type":"","background-media":"","overlay-type":"","overlay-color":"","overlay-opacity":"","overlay-gradient":""}},"ast-content-background-meta":{"desktop":{"background-color":"var(--ast-global-color-4)","background-image":"","background-repeat":"repeat","background-position":"center center","background-size":"auto","background-attachment":"scroll","background-type":"","background-media":"","overlay-type":"","overlay-color":"","overlay-opacity":"","overlay-gradient":""},"tablet":{"background-color":"var(--ast-global-color-4)","background-image":"","background-repeat":"repeat","background-position":"center center","background-size":"auto","background-attachment":"scroll","background-type":"","background-media":"","overlay-type":"","overlay-color":"","overlay-opacity":"","overlay-gradient":""},"mobile":{"background-color":"var(--ast-global-color-4)","background-image":"","background-repeat":"repeat","background-position":"center center","background-size":"auto","background-attachment":"scroll","background-type":"","background-media":"","overlay-type":"","overlay-color":"","overlay-opacity":"","overlay-gradient":""}},"footnotes":""},"categories":[1],"tags":[],"class_list":["post-50908","post","type-post","status-publish","format-standard","hentry","category-sem-categoria"],"yoast_head":"<!-- This site is optimized with the Yoast SEO plugin v26.6 - https:\/\/yoast.com\/wordpress\/plugins\/seo\/ -->\n<title>Preso por embriaguez ao volante, presidente da C\u00e2mara de Pa\u00e7o do Lumiar far\u00e1 campanha para Fl\u00e1vio Dino - Daniel Matos<\/title>\n<meta name=\"robots\" content=\"index, follow, max-snippet:-1, max-image-preview:large, max-video-preview:-1\" \/>\n<link rel=\"canonical\" href=\"https:\/\/www.blogsoestado.com\/danielmatos\/preso-por-embriaguez-ao-volante-presidente-da-camara-de-paco-do-lumiar-fara-campanha-para-flavio-dino\/\" \/>\n<meta property=\"og:locale\" content=\"pt_BR\" \/>\n<meta property=\"og:type\" content=\"article\" \/>\n<meta property=\"og:title\" content=\"Preso por embriaguez ao volante, presidente da C\u00e2mara de Pa\u00e7o do Lumiar far\u00e1 campanha para Fl\u00e1vio Dino - Daniel Matos\" \/>\n<meta property=\"og:description\" content=\"Preso ontem \u00e0 noite por embriaguez ao volante quando trafegava em seu carro pela MA-201 (Estrada de Ribamar), o presidente [&hellip;]\" \/>\n<meta property=\"og:url\" content=\"https:\/\/www.blogsoestado.com\/danielmatos\/preso-por-embriaguez-ao-volante-presidente-da-camara-de-paco-do-lumiar-fara-campanha-para-flavio-dino\/\" \/>\n<meta property=\"og:site_name\" content=\"Daniel Matos\" \/>\n<meta property=\"article:published_time\" content=\"2018-05-02T15:34:09+00:00\" \/>\n<meta property=\"og:image\" content=\"https:\/\/www.blogsoestado.com\/danielmatos\/files\/2018\/05\/bo-marinho2.jpg\" \/>\n<meta name=\"twitter:card\" content=\"summary_large_image\" \/>\n<meta name=\"twitter:label1\" content=\"Est. tempo de leitura\" \/>\n\t<meta name=\"twitter:data1\" content=\"2 minutos\" \/>\n<script type=\"application\/ld+json\" class=\"yoast-schema-graph\">{\"@context\":\"https:\/\/schema.org\",\"@graph\":[{\"@type\":\"WebPage\",\"@id\":\"https:\/\/www.blogsoestado.com\/danielmatos\/preso-por-embriaguez-ao-volante-presidente-da-camara-de-paco-do-lumiar-fara-campanha-para-flavio-dino\/\",\"url\":\"https:\/\/www.blogsoestado.com\/danielmatos\/preso-por-embriaguez-ao-volante-presidente-da-camara-de-paco-do-lumiar-fara-campanha-para-flavio-dino\/\",\"name\":\"Preso por embriaguez ao volante, presidente da C\u00e2mara de Pa\u00e7o do Lumiar far\u00e1 campanha para Fl\u00e1vio Dino - Daniel Matos\",\"isPartOf\":{\"@id\":\"https:\/\/www.blogsoestado.com\/danielmatos\/#website\"},\"primaryImageOfPage\":{\"@id\":\"https:\/\/www.blogsoestado.com\/danielmatos\/preso-por-embriaguez-ao-volante-presidente-da-camara-de-paco-do-lumiar-fara-campanha-para-flavio-dino\/#primaryimage\"},\"image\":{\"@id\":\"https:\/\/www.blogsoestado.com\/danielmatos\/preso-por-embriaguez-ao-volante-presidente-da-camara-de-paco-do-lumiar-fara-campanha-para-flavio-dino\/#primaryimage\"},\"thumbnailUrl\":\"https:\/\/www.blogsoestado.com\/danielmatos\/files\/2018\/05\/bo-marinho2.jpg\",\"datePublished\":\"2018-05-02T15:34:09+00:00\",\"author\":{\"@id\":\"\"},\"breadcrumb\":{\"@id\":\"https:\/\/www.blogsoestado.com\/danielmatos\/preso-por-embriaguez-ao-volante-presidente-da-camara-de-paco-do-lumiar-fara-campanha-para-flavio-dino\/#breadcrumb\"},\"inLanguage\":\"pt-BR\",\"potentialAction\":[{\"@type\":\"ReadAction\",\"target\":[\"https:\/\/www.blogsoestado.com\/danielmatos\/preso-por-embriaguez-ao-volante-presidente-da-camara-de-paco-do-lumiar-fara-campanha-para-flavio-dino\/\"]}]},{\"@type\":\"ImageObject\",\"inLanguage\":\"pt-BR\",\"@id\":\"https:\/\/www.blogsoestado.com\/danielmatos\/preso-por-embriaguez-ao-volante-presidente-da-camara-de-paco-do-lumiar-fara-campanha-para-flavio-dino\/#primaryimage\",\"url\":\"https:\/\/www.blogsoestado.com\/danielmatos\/files\/2018\/05\/bo-marinho2.jpg\",\"contentUrl\":\"https:\/\/www.blogsoestado.com\/danielmatos\/files\/2018\/05\/bo-marinho2.jpg\"},{\"@type\":\"BreadcrumbList\",\"@id\":\"https:\/\/www.blogsoestado.com\/danielmatos\/preso-por-embriaguez-ao-volante-presidente-da-camara-de-paco-do-lumiar-fara-campanha-para-flavio-dino\/#breadcrumb\",\"itemListElement\":[{\"@type\":\"ListItem\",\"position\":1,\"name\":\"In\u00edcio\",\"item\":\"https:\/\/www.blogsoestado.com\/danielmatos\/\"},{\"@type\":\"ListItem\",\"position\":2,\"name\":\"Preso por embriaguez ao volante, presidente da C\u00e2mara de Pa\u00e7o do Lumiar far\u00e1 campanha para Fl\u00e1vio Dino\"}]},{\"@type\":\"WebSite\",\"@id\":\"https:\/\/www.blogsoestado.com\/danielmatos\/#website\",\"url\":\"https:\/\/www.blogsoestado.com\/danielmatos\/\",\"name\":\"Daniel Matos\",\"description\":\"\",\"potentialAction\":[{\"@type\":\"SearchAction\",\"target\":{\"@type\":\"EntryPoint\",\"urlTemplate\":\"https:\/\/www.blogsoestado.com\/danielmatos\/?s={search_term_string}\"},\"query-input\":{\"@type\":\"PropertyValueSpecification\",\"valueRequired\":true,\"valueName\":\"search_term_string\"}}],\"inLanguage\":\"pt-BR\"}]}<\/script>\n<!-- \/ Yoast SEO plugin. -->","yoast_head_json":{"title":"Preso por embriaguez ao volante, presidente da C\u00e2mara de Pa\u00e7o do Lumiar far\u00e1 campanha para Fl\u00e1vio Dino - Daniel Matos","robots":{"index":"index","follow":"follow","max-snippet":"max-snippet:-1","max-image-preview":"max-image-preview:large","max-video-preview":"max-video-preview:-1"},"canonical":"https:\/\/www.blogsoestado.com\/danielmatos\/preso-por-embriaguez-ao-volante-presidente-da-camara-de-paco-do-lumiar-fara-campanha-para-flavio-dino\/","og_locale":"pt_BR","og_type":"article","og_title":"Preso por embriaguez ao volante, presidente da C\u00e2mara de Pa\u00e7o do Lumiar far\u00e1 campanha para Fl\u00e1vio Dino - Daniel Matos","og_description":"Preso ontem \u00e0 noite por embriaguez ao volante quando trafegava em seu carro pela MA-201 (Estrada de Ribamar), o presidente [&hellip;]","og_url":"https:\/\/www.blogsoestado.com\/danielmatos\/preso-por-embriaguez-ao-volante-presidente-da-camara-de-paco-do-lumiar-fara-campanha-para-flavio-dino\/","og_site_name":"Daniel Matos","article_published_time":"2018-05-02T15:34:09+00:00","og_image":[{"url":"https:\/\/www.blogsoestado.com\/danielmatos\/files\/2018\/05\/bo-marinho2.jpg","type":"","width":"","height":""}],"twitter_card":"summary_large_image","twitter_misc":{"Est. tempo de leitura":"2 minutos"},"schema":{"@context":"https:\/\/schema.org","@graph":[{"@type":"WebPage","@id":"https:\/\/www.blogsoestado.com\/danielmatos\/preso-por-embriaguez-ao-volante-presidente-da-camara-de-paco-do-lumiar-fara-campanha-para-flavio-dino\/","url":"https:\/\/www.blogsoestado.com\/danielmatos\/preso-por-embriaguez-ao-volante-presidente-da-camara-de-paco-do-lumiar-fara-campanha-para-flavio-dino\/","name":"Preso por embriaguez ao volante, presidente da C\u00e2mara de Pa\u00e7o do Lumiar far\u00e1 campanha para Fl\u00e1vio Dino - Daniel Matos","isPartOf":{"@id":"https:\/\/www.blogsoestado.com\/danielmatos\/#website"},"primaryImageOfPage":{"@id":"https:\/\/www.blogsoestado.com\/danielmatos\/preso-por-embriaguez-ao-volante-presidente-da-camara-de-paco-do-lumiar-fara-campanha-para-flavio-dino\/#primaryimage"},"image":{"@id":"https:\/\/www.blogsoestado.com\/danielmatos\/preso-por-embriaguez-ao-volante-presidente-da-camara-de-paco-do-lumiar-fara-campanha-para-flavio-dino\/#primaryimage"},"thumbnailUrl":"https:\/\/www.blogsoestado.com\/danielmatos\/files\/2018\/05\/bo-marinho2.jpg","datePublished":"2018-05-02T15:34:09+00:00","author":{"@id":""},"breadcrumb":{"@id":"https:\/\/www.blogsoestado.com\/danielmatos\/preso-por-embriaguez-ao-volante-presidente-da-camara-de-paco-do-lumiar-fara-campanha-para-flavio-dino\/#breadcrumb"},"inLanguage":"pt-BR","potentialAction":[{"@type":"ReadAction","target":["https:\/\/www.blogsoestado.com\/danielmatos\/preso-por-embriaguez-ao-volante-presidente-da-camara-de-paco-do-lumiar-fara-campanha-para-flavio-dino\/"]}]},{"@type":"ImageObject","inLanguage":"pt-BR","@id":"https:\/\/www.blogsoestado.com\/danielmatos\/preso-por-embriaguez-ao-volante-presidente-da-camara-de-paco-do-lumiar-fara-campanha-para-flavio-dino\/#primaryimage","url":"https:\/\/www.blogsoestado.com\/danielmatos\/files\/2018\/05\/bo-marinho2.jpg","contentUrl":"https:\/\/www.blogsoestado.com\/danielmatos\/files\/2018\/05\/bo-marinho2.jpg"},{"@type":"BreadcrumbList","@id":"https:\/\/www.blogsoestado.com\/danielmatos\/preso-por-embriaguez-ao-volante-presidente-da-camara-de-paco-do-lumiar-fara-campanha-para-flavio-dino\/#breadcrumb","itemListElement":[{"@type":"ListItem","position":1,"name":"In\u00edcio","item":"https:\/\/www.blogsoestado.com\/danielmatos\/"},{"@type":"ListItem","position":2,"name":"Preso por embriaguez ao volante, presidente da C\u00e2mara de Pa\u00e7o do Lumiar far\u00e1 campanha para Fl\u00e1vio Dino"}]},{"@type":"WebSite","@id":"https:\/\/www.blogsoestado.com\/danielmatos\/#website","url":"https:\/\/www.blogsoestado.com\/danielmatos\/","name":"Daniel Matos","description":"","potentialAction":[{"@type":"SearchAction","target":{"@type":"EntryPoint","urlTemplate":"https:\/\/www.blogsoestado.com\/danielmatos\/?s={search_term_string}"},"query-input":{"@type":"PropertyValueSpecification","valueRequired":true,"valueName":"search_term_string"}}],"inLanguage":"pt-BR"}]}},"jetpack_featured_media_url":"","_links":{"self":[{"href":"https:\/\/www.blogsoestado.com\/danielmatos\/wp-json\/wp\/v2\/posts\/50908","targetHints":{"allow":["GET"]}}],"collection":[{"href":"https:\/\/www.blogsoestado.com\/danielmatos\/wp-json\/wp\/v2\/posts"}],"about":[{"href":"https:\/\/www.blogsoestado.com\/danielmatos\/wp-json\/wp\/v2\/types\/post"}],"replies":[{"embeddable":true,"href":"https:\/\/www.blogsoestado.com\/danielmatos\/wp-json\/wp\/v2\/comments?post=50908"}],"version-history":[{"count":0,"href":"https:\/\/www.blogsoestado.com\/danielmatos\/wp-json\/wp\/v2\/posts\/50908\/revisions"}],"wp:attachment":[{"href":"https:\/\/www.blogsoestado.com\/danielmatos\/wp-json\/wp\/v2\/media?parent=50908"}],"wp:term":[{"taxonomy":"category","embeddable":true,"href":"https:\/\/www.blogsoestado.com\/danielmatos\/wp-json\/wp\/v2\/categories?post=50908"},{"taxonomy":"post_tag","embeddable":true,"href":"https:\/\/www.blogsoestado.com\/danielmatos\/wp-json\/wp\/v2\/tags?post=50908"}],"curies":[{"name":"wp","href":"https:\/\/api.w.org\/{rel}","templated":true}]}}