{"id":50918,"date":"2018-05-02T17:56:44","date_gmt":"2018-05-02T20:56:44","guid":{"rendered":"https:\/\/www.blogsoestado.com\/danielmatos\/?p=50918"},"modified":"2018-05-02T17:56:44","modified_gmt":"2018-05-02T20:56:44","slug":"massacradas-por-flavio-dino-com-elevada-carga-tributaria-empresas-aprovam-nome-de-roseana","status":"publish","type":"post","link":"https:\/\/www.blogsoestado.com\/danielmatos\/massacradas-por-flavio-dino-com-elevada-carga-tributaria-empresas-aprovam-nome-de-roseana\/","title":{"rendered":"Massacradas por Fl\u00e1vio Dino com elevada carga tribut\u00e1ria, empresas aprovam nome de Roseana"},"content":{"rendered":"<figure id=\"attachment_50919\" aria-describedby=\"caption-attachment-50919\" style=\"width: 640px\" class=\"wp-caption aligncenter\"><img fetchpriority=\"high\" decoding=\"async\" class=\"size-full wp-image-50919\" src=\"https:\/\/www.blogsoestado.com\/danielmatos\/files\/2018\/05\/roseana-curtida.jpg\" alt=\"\" width=\"640\" height=\"414\" \/><figcaption id=\"caption-attachment-50919\" class=\"wp-caption-text\">Oral Sin Implantes, Postos Paloma, 4 M\u00e3os Entretenimento e Proface Cirurgia Dermatol\u00f3gica sinalizaram positivamente para a pr\u00e9-candidatura de Roseana<\/figcaption><\/figure>\n<p>Empresas com atua\u00e7\u00e3o em diversos ramos de atividade no Maranh\u00e3o reagiram positivamente \u00e0 confirma\u00e7\u00e3o da pr\u00e9-candidatura da ex-governadora Roseana Sarney (MDB) \u00e0 sucess\u00e3o estadual. Na \u00faltima sexta-feira, a emedebista reafirmou que disputar\u00e1 o pleito de outubro contra o governador Fl\u00e1vio Dino (PCdoB) e, ao que tudo indica, ser\u00e1 uma advers\u00e1ria competitiva, com chance real de vit\u00f3ria nas urnas.<\/p>\n<p>Mat\u00e9ria publicada neste blog, na manh\u00e3 do s\u00e1bado passado (28\/04), na qual Roseana reafirmou sua disposi\u00e7\u00e3o de concorrer novamente ao Pal\u00e1cio dos Le\u00f5es e recha\u00e7ou boatos propagados pelo grupo comunista de que havia desistido da disputa registrou curtidas no Instagram de pelo menos quatro empresas de renome no mercado local.<\/p>\n<p>Uma das empresas que sinalizaram aprova\u00e7\u00e3o \u00e0 pr\u00e9-candidatura de Roseana foi a Oral Sin Implantes, especializada em tratamentos e implantes dent\u00e1rios, pr\u00f3teses, est\u00e9tica bucal, ortodontia, endodontia, periodontia e toxina botul\u00ednica, que vem se notabilizando como uma das mais bem conceituadas do seu segmento.<\/p>\n<p><strong>Combust\u00edveis<\/strong><\/p>\n<p>A rede de postos de combust\u00edveis Paloma, uma das maiores do ramo no estado, tamb\u00e9m curtiu a mat\u00e9ria na qual Roseana reafirma que \u00e9 candidata ao governo. Representante de um dos setores que mais arrecada tributos ao governo estadual, principalmente com o pagamento do Imposto sobre Circula\u00e7\u00e3o de Mercadorias e Servi\u00e7os (ICMS), a rede de postos Paloma exp\u00f4s, de forma inequ\u00edvoca, sua prefer\u00eancia pol\u00edtica na elei\u00e7\u00e3o deste ano.<\/p>\n<p>Outra empresa que aprovou a candidatura da emedebista foi a Proface Cirurgia Dermatol\u00f3gica, uma das mais conceituadas do seu segmento. A curtida veio imediatamente ap\u00f3s a postagem da mat\u00e9ria no Instagram e n\u00e3o deixa d\u00favida quanto \u00e0 sua predile\u00e7\u00e3o nas urnas, daqui a cinco meses.<\/p>\n<p>A gigante do ramo de produ\u00e7\u00e3o de shows 4 M\u00e3os Entretenimento foi mais uma a curtir a informa\u00e7\u00e3o de que Roseana mant\u00e9m firme seu projeto de voltar a comandar o Executivo estadual. Refer\u00eancia no mercado da divers\u00e3o, a empresa d\u00e1 valorosa contribui\u00e7\u00e3o para a divulga\u00e7\u00e3o e o desenvolvimento do estado.<\/p>\n<p>A manifesta\u00e7\u00e3o das empresas na rede social em favor de Roseana nada mais \u00e9 do que mais uma evid\u00eancia da rejei\u00e7\u00e3o do setor produtivo ao nome de Fl\u00e1vio Dino, tamanho o massacre que o comunismo imp\u00f5e a quem gera emprego e renda e responde por expressiva fatia da arrecada\u00e7\u00e3o tribut\u00e1ria no Maranh\u00e3o.<\/p>\n","protected":false},"excerpt":{"rendered":"<p>Empresas com atua\u00e7\u00e3o em diversos ramos de atividade no Maranh\u00e3o reagiram positivamente \u00e0 confirma\u00e7\u00e3o da pr\u00e9-candidatura da ex-governadora Roseana Sarney [&hellip;]<\/p>\n","protected":false},"author":0,"featured_media":0,"comment_status":"open","ping_status":"open","sticky":false,"template":"","format":"standard","meta":{"site-sidebar-layout":"default","site-content-layout":"","ast-site-content-layout":"default","site-content-style":"default","site-sidebar-style":"default","ast-global-header-display":"","ast-banner-title-visibility":"","ast-main-header-display":"","ast-hfb-above-header-display":"","ast-hfb-below-header-display":"","ast-hfb-mobile-header-display":"","site-post-title":"","ast-breadcrumbs-content":"","ast-featured-img":"","footer-sml-layout":"","ast-disable-related-posts":"","theme-transparent-header-meta":"","adv-header-id-meta":"","stick-header-meta":"","header-above-stick-meta":"","header-main-stick-meta":"","header-below-stick-meta":"","astra-migrate-meta-layouts":"default","ast-page-background-enabled":"default","ast-page-background-meta":{"desktop":{"background-color":"var(--ast-global-color-5)","background-image":"","background-repeat":"repeat","background-position":"center center","background-size":"auto","background-attachment":"scroll","background-type":"","background-media":"","overlay-type":"","overlay-color":"","overlay-opacity":"","overlay-gradient":""},"tablet":{"background-color":"","background-image":"","background-repeat":"repeat","background-position":"center center","background-size":"auto","background-attachment":"scroll","background-type":"","background-media":"","overlay-type":"","overlay-color":"","overlay-opacity":"","overlay-gradient":""},"mobile":{"background-color":"","background-image":"","background-repeat":"repeat","background-position":"center center","background-size":"auto","background-attachment":"scroll","background-type":"","background-media":"","overlay-type":"","overlay-color":"","overlay-opacity":"","overlay-gradient":""}},"ast-content-background-meta":{"desktop":{"background-color":"var(--ast-global-color-4)","background-image":"","background-repeat":"repeat","background-position":"center center","background-size":"auto","background-attachment":"scroll","background-type":"","background-media":"","overlay-type":"","overlay-color":"","overlay-opacity":"","overlay-gradient":""},"tablet":{"background-color":"var(--ast-global-color-4)","background-image":"","background-repeat":"repeat","background-position":"center center","background-size":"auto","background-attachment":"scroll","background-type":"","background-media":"","overlay-type":"","overlay-color":"","overlay-opacity":"","overlay-gradient":""},"mobile":{"background-color":"var(--ast-global-color-4)","background-image":"","background-repeat":"repeat","background-position":"center center","background-size":"auto","background-attachment":"scroll","background-type":"","background-media":"","overlay-type":"","overlay-color":"","overlay-opacity":"","overlay-gradient":""}},"footnotes":""},"categories":[1],"tags":[],"class_list":["post-50918","post","type-post","status-publish","format-standard","hentry","category-sem-categoria"],"yoast_head":"<!-- This site is optimized with the Yoast SEO plugin v26.6 - https:\/\/yoast.com\/wordpress\/plugins\/seo\/ -->\n<title>Massacradas por Fl\u00e1vio Dino com elevada carga tribut\u00e1ria, empresas aprovam nome de Roseana - Daniel Matos<\/title>\n<meta name=\"robots\" content=\"index, follow, max-snippet:-1, max-image-preview:large, max-video-preview:-1\" \/>\n<link rel=\"canonical\" href=\"https:\/\/www.blogsoestado.com\/danielmatos\/massacradas-por-flavio-dino-com-elevada-carga-tributaria-empresas-aprovam-nome-de-roseana\/\" \/>\n<meta property=\"og:locale\" content=\"pt_BR\" \/>\n<meta property=\"og:type\" content=\"article\" \/>\n<meta property=\"og:title\" content=\"Massacradas por Fl\u00e1vio Dino com elevada carga tribut\u00e1ria, empresas aprovam nome de Roseana - Daniel Matos\" \/>\n<meta property=\"og:description\" content=\"Empresas com atua\u00e7\u00e3o em diversos ramos de atividade no Maranh\u00e3o reagiram positivamente \u00e0 confirma\u00e7\u00e3o da pr\u00e9-candidatura da ex-governadora Roseana Sarney [&hellip;]\" \/>\n<meta property=\"og:url\" content=\"https:\/\/www.blogsoestado.com\/danielmatos\/massacradas-por-flavio-dino-com-elevada-carga-tributaria-empresas-aprovam-nome-de-roseana\/\" \/>\n<meta property=\"og:site_name\" content=\"Daniel Matos\" \/>\n<meta property=\"article:published_time\" content=\"2018-05-02T20:56:44+00:00\" \/>\n<meta property=\"og:image\" content=\"https:\/\/www.blogsoestado.com\/danielmatos\/files\/2018\/05\/roseana-curtida.jpg\" \/>\n<meta name=\"twitter:card\" content=\"summary_large_image\" \/>\n<meta name=\"twitter:label1\" content=\"Est. tempo de leitura\" \/>\n\t<meta name=\"twitter:data1\" content=\"2 minutos\" \/>\n<script type=\"application\/ld+json\" class=\"yoast-schema-graph\">{\"@context\":\"https:\/\/schema.org\",\"@graph\":[{\"@type\":\"WebPage\",\"@id\":\"https:\/\/www.blogsoestado.com\/danielmatos\/massacradas-por-flavio-dino-com-elevada-carga-tributaria-empresas-aprovam-nome-de-roseana\/\",\"url\":\"https:\/\/www.blogsoestado.com\/danielmatos\/massacradas-por-flavio-dino-com-elevada-carga-tributaria-empresas-aprovam-nome-de-roseana\/\",\"name\":\"Massacradas por Fl\u00e1vio Dino com elevada carga tribut\u00e1ria, empresas aprovam nome de Roseana - Daniel Matos\",\"isPartOf\":{\"@id\":\"https:\/\/www.blogsoestado.com\/danielmatos\/#website\"},\"primaryImageOfPage\":{\"@id\":\"https:\/\/www.blogsoestado.com\/danielmatos\/massacradas-por-flavio-dino-com-elevada-carga-tributaria-empresas-aprovam-nome-de-roseana\/#primaryimage\"},\"image\":{\"@id\":\"https:\/\/www.blogsoestado.com\/danielmatos\/massacradas-por-flavio-dino-com-elevada-carga-tributaria-empresas-aprovam-nome-de-roseana\/#primaryimage\"},\"thumbnailUrl\":\"https:\/\/www.blogsoestado.com\/danielmatos\/files\/2018\/05\/roseana-curtida.jpg\",\"datePublished\":\"2018-05-02T20:56:44+00:00\",\"author\":{\"@id\":\"\"},\"breadcrumb\":{\"@id\":\"https:\/\/www.blogsoestado.com\/danielmatos\/massacradas-por-flavio-dino-com-elevada-carga-tributaria-empresas-aprovam-nome-de-roseana\/#breadcrumb\"},\"inLanguage\":\"pt-BR\",\"potentialAction\":[{\"@type\":\"ReadAction\",\"target\":[\"https:\/\/www.blogsoestado.com\/danielmatos\/massacradas-por-flavio-dino-com-elevada-carga-tributaria-empresas-aprovam-nome-de-roseana\/\"]}]},{\"@type\":\"ImageObject\",\"inLanguage\":\"pt-BR\",\"@id\":\"https:\/\/www.blogsoestado.com\/danielmatos\/massacradas-por-flavio-dino-com-elevada-carga-tributaria-empresas-aprovam-nome-de-roseana\/#primaryimage\",\"url\":\"https:\/\/www.blogsoestado.com\/danielmatos\/files\/2018\/05\/roseana-curtida.jpg\",\"contentUrl\":\"https:\/\/www.blogsoestado.com\/danielmatos\/files\/2018\/05\/roseana-curtida.jpg\"},{\"@type\":\"BreadcrumbList\",\"@id\":\"https:\/\/www.blogsoestado.com\/danielmatos\/massacradas-por-flavio-dino-com-elevada-carga-tributaria-empresas-aprovam-nome-de-roseana\/#breadcrumb\",\"itemListElement\":[{\"@type\":\"ListItem\",\"position\":1,\"name\":\"In\u00edcio\",\"item\":\"https:\/\/www.blogsoestado.com\/danielmatos\/\"},{\"@type\":\"ListItem\",\"position\":2,\"name\":\"Massacradas por Fl\u00e1vio Dino com elevada carga tribut\u00e1ria, empresas aprovam nome de Roseana\"}]},{\"@type\":\"WebSite\",\"@id\":\"https:\/\/www.blogsoestado.com\/danielmatos\/#website\",\"url\":\"https:\/\/www.blogsoestado.com\/danielmatos\/\",\"name\":\"Daniel Matos\",\"description\":\"\",\"potentialAction\":[{\"@type\":\"SearchAction\",\"target\":{\"@type\":\"EntryPoint\",\"urlTemplate\":\"https:\/\/www.blogsoestado.com\/danielmatos\/?s={search_term_string}\"},\"query-input\":{\"@type\":\"PropertyValueSpecification\",\"valueRequired\":true,\"valueName\":\"search_term_string\"}}],\"inLanguage\":\"pt-BR\"}]}<\/script>\n<!-- \/ Yoast SEO plugin. -->","yoast_head_json":{"title":"Massacradas por Fl\u00e1vio Dino com elevada carga tribut\u00e1ria, empresas aprovam nome de Roseana - Daniel Matos","robots":{"index":"index","follow":"follow","max-snippet":"max-snippet:-1","max-image-preview":"max-image-preview:large","max-video-preview":"max-video-preview:-1"},"canonical":"https:\/\/www.blogsoestado.com\/danielmatos\/massacradas-por-flavio-dino-com-elevada-carga-tributaria-empresas-aprovam-nome-de-roseana\/","og_locale":"pt_BR","og_type":"article","og_title":"Massacradas por Fl\u00e1vio Dino com elevada carga tribut\u00e1ria, empresas aprovam nome de Roseana - Daniel Matos","og_description":"Empresas com atua\u00e7\u00e3o em diversos ramos de atividade no Maranh\u00e3o reagiram positivamente \u00e0 confirma\u00e7\u00e3o da pr\u00e9-candidatura da ex-governadora Roseana Sarney [&hellip;]","og_url":"https:\/\/www.blogsoestado.com\/danielmatos\/massacradas-por-flavio-dino-com-elevada-carga-tributaria-empresas-aprovam-nome-de-roseana\/","og_site_name":"Daniel Matos","article_published_time":"2018-05-02T20:56:44+00:00","og_image":[{"url":"https:\/\/www.blogsoestado.com\/danielmatos\/files\/2018\/05\/roseana-curtida.jpg","type":"","width":"","height":""}],"twitter_card":"summary_large_image","twitter_misc":{"Est. tempo de leitura":"2 minutos"},"schema":{"@context":"https:\/\/schema.org","@graph":[{"@type":"WebPage","@id":"https:\/\/www.blogsoestado.com\/danielmatos\/massacradas-por-flavio-dino-com-elevada-carga-tributaria-empresas-aprovam-nome-de-roseana\/","url":"https:\/\/www.blogsoestado.com\/danielmatos\/massacradas-por-flavio-dino-com-elevada-carga-tributaria-empresas-aprovam-nome-de-roseana\/","name":"Massacradas por Fl\u00e1vio Dino com elevada carga tribut\u00e1ria, empresas aprovam nome de Roseana - Daniel Matos","isPartOf":{"@id":"https:\/\/www.blogsoestado.com\/danielmatos\/#website"},"primaryImageOfPage":{"@id":"https:\/\/www.blogsoestado.com\/danielmatos\/massacradas-por-flavio-dino-com-elevada-carga-tributaria-empresas-aprovam-nome-de-roseana\/#primaryimage"},"image":{"@id":"https:\/\/www.blogsoestado.com\/danielmatos\/massacradas-por-flavio-dino-com-elevada-carga-tributaria-empresas-aprovam-nome-de-roseana\/#primaryimage"},"thumbnailUrl":"https:\/\/www.blogsoestado.com\/danielmatos\/files\/2018\/05\/roseana-curtida.jpg","datePublished":"2018-05-02T20:56:44+00:00","author":{"@id":""},"breadcrumb":{"@id":"https:\/\/www.blogsoestado.com\/danielmatos\/massacradas-por-flavio-dino-com-elevada-carga-tributaria-empresas-aprovam-nome-de-roseana\/#breadcrumb"},"inLanguage":"pt-BR","potentialAction":[{"@type":"ReadAction","target":["https:\/\/www.blogsoestado.com\/danielmatos\/massacradas-por-flavio-dino-com-elevada-carga-tributaria-empresas-aprovam-nome-de-roseana\/"]}]},{"@type":"ImageObject","inLanguage":"pt-BR","@id":"https:\/\/www.blogsoestado.com\/danielmatos\/massacradas-por-flavio-dino-com-elevada-carga-tributaria-empresas-aprovam-nome-de-roseana\/#primaryimage","url":"https:\/\/www.blogsoestado.com\/danielmatos\/files\/2018\/05\/roseana-curtida.jpg","contentUrl":"https:\/\/www.blogsoestado.com\/danielmatos\/files\/2018\/05\/roseana-curtida.jpg"},{"@type":"BreadcrumbList","@id":"https:\/\/www.blogsoestado.com\/danielmatos\/massacradas-por-flavio-dino-com-elevada-carga-tributaria-empresas-aprovam-nome-de-roseana\/#breadcrumb","itemListElement":[{"@type":"ListItem","position":1,"name":"In\u00edcio","item":"https:\/\/www.blogsoestado.com\/danielmatos\/"},{"@type":"ListItem","position":2,"name":"Massacradas por Fl\u00e1vio Dino com elevada carga tribut\u00e1ria, empresas aprovam nome de Roseana"}]},{"@type":"WebSite","@id":"https:\/\/www.blogsoestado.com\/danielmatos\/#website","url":"https:\/\/www.blogsoestado.com\/danielmatos\/","name":"Daniel Matos","description":"","potentialAction":[{"@type":"SearchAction","target":{"@type":"EntryPoint","urlTemplate":"https:\/\/www.blogsoestado.com\/danielmatos\/?s={search_term_string}"},"query-input":{"@type":"PropertyValueSpecification","valueRequired":true,"valueName":"search_term_string"}}],"inLanguage":"pt-BR"}]}},"jetpack_featured_media_url":"","_links":{"self":[{"href":"https:\/\/www.blogsoestado.com\/danielmatos\/wp-json\/wp\/v2\/posts\/50918","targetHints":{"allow":["GET"]}}],"collection":[{"href":"https:\/\/www.blogsoestado.com\/danielmatos\/wp-json\/wp\/v2\/posts"}],"about":[{"href":"https:\/\/www.blogsoestado.com\/danielmatos\/wp-json\/wp\/v2\/types\/post"}],"replies":[{"embeddable":true,"href":"https:\/\/www.blogsoestado.com\/danielmatos\/wp-json\/wp\/v2\/comments?post=50918"}],"version-history":[{"count":0,"href":"https:\/\/www.blogsoestado.com\/danielmatos\/wp-json\/wp\/v2\/posts\/50918\/revisions"}],"wp:attachment":[{"href":"https:\/\/www.blogsoestado.com\/danielmatos\/wp-json\/wp\/v2\/media?parent=50918"}],"wp:term":[{"taxonomy":"category","embeddable":true,"href":"https:\/\/www.blogsoestado.com\/danielmatos\/wp-json\/wp\/v2\/categories?post=50918"},{"taxonomy":"post_tag","embeddable":true,"href":"https:\/\/www.blogsoestado.com\/danielmatos\/wp-json\/wp\/v2\/tags?post=50918"}],"curies":[{"name":"wp","href":"https:\/\/api.w.org\/{rel}","templated":true}]}}