{"id":50923,"date":"2018-05-02T19:30:11","date_gmt":"2018-05-02T22:30:11","guid":{"rendered":"https:\/\/www.blogsoestado.com\/danielmatos\/?p=50923"},"modified":"2018-05-02T19:30:11","modified_gmt":"2018-05-02T22:30:11","slug":"programa-mais-idh-do-governo-comunista-fracassou-declara-adriano-sarney","status":"publish","type":"post","link":"https:\/\/www.blogsoestado.com\/danielmatos\/programa-mais-idh-do-governo-comunista-fracassou-declara-adriano-sarney\/","title":{"rendered":"&#8220;Programa Mais IDH do governo comunista fracassou&#8221;, declara Adriano Sarney"},"content":{"rendered":"<figure id=\"attachment_50924\" aria-describedby=\"caption-attachment-50924\" style=\"width: 448px\" class=\"wp-caption alignleft\"><img fetchpriority=\"high\" decoding=\"async\" class=\"size-full wp-image-50924\" src=\"https:\/\/www.blogsoestado.com\/danielmatos\/files\/2018\/05\/adriano-idh.jpg\" alt=\"\" width=\"448\" height=\"299\" \/><figcaption id=\"caption-attachment-50924\" class=\"wp-caption-text\">Adriano reprovou a maneira presun\u00e7osa e soberba dos argumentos governistas, em pleno ano eleitoral<\/figcaption><\/figure>\n<p>O deputado estadual Adriano Sarney (PV) desmontou a propaganda do governo Fl\u00e1vio Dino (PCdoB) sobre o Programa Mais IDH, que, em tese, tinha como finalidade melhorar os indicadores sociais do Maranh\u00e3o, mas que ap\u00f3s tr\u00eas anos de gest\u00e3o ficou constatado o aumento da extrema pobreza no Estado, conforme revelou a Revista Valor Econ\u00f4mico, com base na Pesquisa Nacional por Amostra de Domic\u00edlios Cont\u00ednua (PNAD Cont\u00ednua), do Instituto Brasileiro de Geografia e Estat\u00edstica (IBGE).<\/p>\n<p>\u201cO Mais IDH, propagado insistentemente pelas m\u00eddias alinhadas ao Governo do Estado, \u00e9 um programa fracassado. Os dados do IBGE confirmam que a extrema pobreza no Maranh\u00e3o aumentou durante o governo Fl\u00e1vio Dino. Contra isto n\u00e3o h\u00e1 argumentos. Fl\u00e1vio Dino herdou R$ 2 bilh\u00f5es do BNDES em empr\u00e9stimos, deixados pelo governo Roseana Sarney. E mais: Dino contraiu mais R$ 1 bilh\u00e3o em empr\u00e9stimos em sua gest\u00e3o e conseguiu mais R$ 500 milh\u00f5es das repatria\u00e7\u00f5es feitas pelo Governo Federal. E ainda assim a extrema pobreza aumentou no Maranh\u00e3o\u201d, analisou.<\/p>\n<p>O deputado tamb\u00e9m reprovou a maneira presun\u00e7osa e soberba dos argumentos governistas, em pleno ano eleitoral, com discursos que enaltecem a propaganda oficial e tentam desviar a aten\u00e7\u00e3o das estat\u00edsticas confi\u00e1veis e dos resultados reais. \u201cO fato \u00e9 que a extrema pobreza aumentou no Maranh\u00e3o. Um exemplo \u00e9 S\u00e3o Lu\u00eds, que em 2016 apresentou um aumento de 48% neste indicador. S\u00e3o 147 mil pessoas na faixa de extrema pobreza na capital\u201d, destacou Adriano.<\/p>\n","protected":false},"excerpt":{"rendered":"<p>O deputado estadual Adriano Sarney (PV) desmontou a propaganda do governo Fl\u00e1vio Dino (PCdoB) sobre o Programa Mais IDH, que, [&hellip;]<\/p>\n","protected":false},"author":0,"featured_media":0,"comment_status":"open","ping_status":"open","sticky":false,"template":"","format":"standard","meta":{"site-sidebar-layout":"default","site-content-layout":"","ast-site-content-layout":"default","site-content-style":"default","site-sidebar-style":"default","ast-global-header-display":"","ast-banner-title-visibility":"","ast-main-header-display":"","ast-hfb-above-header-display":"","ast-hfb-below-header-display":"","ast-hfb-mobile-header-display":"","site-post-title":"","ast-breadcrumbs-content":"","ast-featured-img":"","footer-sml-layout":"","ast-disable-related-posts":"","theme-transparent-header-meta":"","adv-header-id-meta":"","stick-header-meta":"","header-above-stick-meta":"","header-main-stick-meta":"","header-below-stick-meta":"","astra-migrate-meta-layouts":"default","ast-page-background-enabled":"default","ast-page-background-meta":{"desktop":{"background-color":"var(--ast-global-color-5)","background-image":"","background-repeat":"repeat","background-position":"center center","background-size":"auto","background-attachment":"scroll","background-type":"","background-media":"","overlay-type":"","overlay-color":"","overlay-opacity":"","overlay-gradient":""},"tablet":{"background-color":"","background-image":"","background-repeat":"repeat","background-position":"center center","background-size":"auto","background-attachment":"scroll","background-type":"","background-media":"","overlay-type":"","overlay-color":"","overlay-opacity":"","overlay-gradient":""},"mobile":{"background-color":"","background-image":"","background-repeat":"repeat","background-position":"center center","background-size":"auto","background-attachment":"scroll","background-type":"","background-media":"","overlay-type":"","overlay-color":"","overlay-opacity":"","overlay-gradient":""}},"ast-content-background-meta":{"desktop":{"background-color":"var(--ast-global-color-4)","background-image":"","background-repeat":"repeat","background-position":"center center","background-size":"auto","background-attachment":"scroll","background-type":"","background-media":"","overlay-type":"","overlay-color":"","overlay-opacity":"","overlay-gradient":""},"tablet":{"background-color":"var(--ast-global-color-4)","background-image":"","background-repeat":"repeat","background-position":"center center","background-size":"auto","background-attachment":"scroll","background-type":"","background-media":"","overlay-type":"","overlay-color":"","overlay-opacity":"","overlay-gradient":""},"mobile":{"background-color":"var(--ast-global-color-4)","background-image":"","background-repeat":"repeat","background-position":"center center","background-size":"auto","background-attachment":"scroll","background-type":"","background-media":"","overlay-type":"","overlay-color":"","overlay-opacity":"","overlay-gradient":""}},"footnotes":""},"categories":[1],"tags":[],"class_list":["post-50923","post","type-post","status-publish","format-standard","hentry","category-sem-categoria"],"yoast_head":"<!-- This site is optimized with the Yoast SEO plugin v26.6 - https:\/\/yoast.com\/wordpress\/plugins\/seo\/ -->\n<title>&quot;Programa Mais IDH do governo comunista fracassou&quot;, declara Adriano Sarney - Daniel Matos<\/title>\n<meta name=\"robots\" content=\"index, follow, max-snippet:-1, max-image-preview:large, max-video-preview:-1\" \/>\n<link rel=\"canonical\" href=\"https:\/\/www.blogsoestado.com\/danielmatos\/programa-mais-idh-do-governo-comunista-fracassou-declara-adriano-sarney\/\" \/>\n<meta property=\"og:locale\" content=\"pt_BR\" \/>\n<meta property=\"og:type\" content=\"article\" \/>\n<meta property=\"og:title\" content=\"&quot;Programa Mais IDH do governo comunista fracassou&quot;, declara Adriano Sarney - Daniel Matos\" \/>\n<meta property=\"og:description\" content=\"O deputado estadual Adriano Sarney (PV) desmontou a propaganda do governo Fl\u00e1vio Dino (PCdoB) sobre o Programa Mais IDH, que, [&hellip;]\" \/>\n<meta property=\"og:url\" content=\"https:\/\/www.blogsoestado.com\/danielmatos\/programa-mais-idh-do-governo-comunista-fracassou-declara-adriano-sarney\/\" \/>\n<meta property=\"og:site_name\" content=\"Daniel Matos\" \/>\n<meta property=\"article:published_time\" content=\"2018-05-02T22:30:11+00:00\" \/>\n<meta property=\"og:image\" content=\"https:\/\/www.blogsoestado.com\/danielmatos\/files\/2018\/05\/adriano-idh.jpg\" \/>\n<meta name=\"twitter:card\" content=\"summary_large_image\" \/>\n<meta name=\"twitter:label1\" content=\"Est. tempo de leitura\" \/>\n\t<meta name=\"twitter:data1\" content=\"1 minuto\" \/>\n<script type=\"application\/ld+json\" class=\"yoast-schema-graph\">{\"@context\":\"https:\/\/schema.org\",\"@graph\":[{\"@type\":\"WebPage\",\"@id\":\"https:\/\/www.blogsoestado.com\/danielmatos\/programa-mais-idh-do-governo-comunista-fracassou-declara-adriano-sarney\/\",\"url\":\"https:\/\/www.blogsoestado.com\/danielmatos\/programa-mais-idh-do-governo-comunista-fracassou-declara-adriano-sarney\/\",\"name\":\"\\\"Programa Mais IDH do governo comunista fracassou\\\", declara Adriano Sarney - Daniel Matos\",\"isPartOf\":{\"@id\":\"https:\/\/www.blogsoestado.com\/danielmatos\/#website\"},\"primaryImageOfPage\":{\"@id\":\"https:\/\/www.blogsoestado.com\/danielmatos\/programa-mais-idh-do-governo-comunista-fracassou-declara-adriano-sarney\/#primaryimage\"},\"image\":{\"@id\":\"https:\/\/www.blogsoestado.com\/danielmatos\/programa-mais-idh-do-governo-comunista-fracassou-declara-adriano-sarney\/#primaryimage\"},\"thumbnailUrl\":\"https:\/\/www.blogsoestado.com\/danielmatos\/files\/2018\/05\/adriano-idh.jpg\",\"datePublished\":\"2018-05-02T22:30:11+00:00\",\"author\":{\"@id\":\"\"},\"breadcrumb\":{\"@id\":\"https:\/\/www.blogsoestado.com\/danielmatos\/programa-mais-idh-do-governo-comunista-fracassou-declara-adriano-sarney\/#breadcrumb\"},\"inLanguage\":\"pt-BR\",\"potentialAction\":[{\"@type\":\"ReadAction\",\"target\":[\"https:\/\/www.blogsoestado.com\/danielmatos\/programa-mais-idh-do-governo-comunista-fracassou-declara-adriano-sarney\/\"]}]},{\"@type\":\"ImageObject\",\"inLanguage\":\"pt-BR\",\"@id\":\"https:\/\/www.blogsoestado.com\/danielmatos\/programa-mais-idh-do-governo-comunista-fracassou-declara-adriano-sarney\/#primaryimage\",\"url\":\"https:\/\/www.blogsoestado.com\/danielmatos\/files\/2018\/05\/adriano-idh.jpg\",\"contentUrl\":\"https:\/\/www.blogsoestado.com\/danielmatos\/files\/2018\/05\/adriano-idh.jpg\"},{\"@type\":\"BreadcrumbList\",\"@id\":\"https:\/\/www.blogsoestado.com\/danielmatos\/programa-mais-idh-do-governo-comunista-fracassou-declara-adriano-sarney\/#breadcrumb\",\"itemListElement\":[{\"@type\":\"ListItem\",\"position\":1,\"name\":\"In\u00edcio\",\"item\":\"https:\/\/www.blogsoestado.com\/danielmatos\/\"},{\"@type\":\"ListItem\",\"position\":2,\"name\":\"&#8220;Programa Mais IDH do governo comunista fracassou&#8221;, declara Adriano Sarney\"}]},{\"@type\":\"WebSite\",\"@id\":\"https:\/\/www.blogsoestado.com\/danielmatos\/#website\",\"url\":\"https:\/\/www.blogsoestado.com\/danielmatos\/\",\"name\":\"Daniel Matos\",\"description\":\"\",\"potentialAction\":[{\"@type\":\"SearchAction\",\"target\":{\"@type\":\"EntryPoint\",\"urlTemplate\":\"https:\/\/www.blogsoestado.com\/danielmatos\/?s={search_term_string}\"},\"query-input\":{\"@type\":\"PropertyValueSpecification\",\"valueRequired\":true,\"valueName\":\"search_term_string\"}}],\"inLanguage\":\"pt-BR\"}]}<\/script>\n<!-- \/ Yoast SEO plugin. -->","yoast_head_json":{"title":"\"Programa Mais IDH do governo comunista fracassou\", declara Adriano Sarney - Daniel Matos","robots":{"index":"index","follow":"follow","max-snippet":"max-snippet:-1","max-image-preview":"max-image-preview:large","max-video-preview":"max-video-preview:-1"},"canonical":"https:\/\/www.blogsoestado.com\/danielmatos\/programa-mais-idh-do-governo-comunista-fracassou-declara-adriano-sarney\/","og_locale":"pt_BR","og_type":"article","og_title":"\"Programa Mais IDH do governo comunista fracassou\", declara Adriano Sarney - Daniel Matos","og_description":"O deputado estadual Adriano Sarney (PV) desmontou a propaganda do governo Fl\u00e1vio Dino (PCdoB) sobre o Programa Mais IDH, que, [&hellip;]","og_url":"https:\/\/www.blogsoestado.com\/danielmatos\/programa-mais-idh-do-governo-comunista-fracassou-declara-adriano-sarney\/","og_site_name":"Daniel Matos","article_published_time":"2018-05-02T22:30:11+00:00","og_image":[{"url":"https:\/\/www.blogsoestado.com\/danielmatos\/files\/2018\/05\/adriano-idh.jpg","type":"","width":"","height":""}],"twitter_card":"summary_large_image","twitter_misc":{"Est. tempo de leitura":"1 minuto"},"schema":{"@context":"https:\/\/schema.org","@graph":[{"@type":"WebPage","@id":"https:\/\/www.blogsoestado.com\/danielmatos\/programa-mais-idh-do-governo-comunista-fracassou-declara-adriano-sarney\/","url":"https:\/\/www.blogsoestado.com\/danielmatos\/programa-mais-idh-do-governo-comunista-fracassou-declara-adriano-sarney\/","name":"\"Programa Mais IDH do governo comunista fracassou\", declara Adriano Sarney - Daniel Matos","isPartOf":{"@id":"https:\/\/www.blogsoestado.com\/danielmatos\/#website"},"primaryImageOfPage":{"@id":"https:\/\/www.blogsoestado.com\/danielmatos\/programa-mais-idh-do-governo-comunista-fracassou-declara-adriano-sarney\/#primaryimage"},"image":{"@id":"https:\/\/www.blogsoestado.com\/danielmatos\/programa-mais-idh-do-governo-comunista-fracassou-declara-adriano-sarney\/#primaryimage"},"thumbnailUrl":"https:\/\/www.blogsoestado.com\/danielmatos\/files\/2018\/05\/adriano-idh.jpg","datePublished":"2018-05-02T22:30:11+00:00","author":{"@id":""},"breadcrumb":{"@id":"https:\/\/www.blogsoestado.com\/danielmatos\/programa-mais-idh-do-governo-comunista-fracassou-declara-adriano-sarney\/#breadcrumb"},"inLanguage":"pt-BR","potentialAction":[{"@type":"ReadAction","target":["https:\/\/www.blogsoestado.com\/danielmatos\/programa-mais-idh-do-governo-comunista-fracassou-declara-adriano-sarney\/"]}]},{"@type":"ImageObject","inLanguage":"pt-BR","@id":"https:\/\/www.blogsoestado.com\/danielmatos\/programa-mais-idh-do-governo-comunista-fracassou-declara-adriano-sarney\/#primaryimage","url":"https:\/\/www.blogsoestado.com\/danielmatos\/files\/2018\/05\/adriano-idh.jpg","contentUrl":"https:\/\/www.blogsoestado.com\/danielmatos\/files\/2018\/05\/adriano-idh.jpg"},{"@type":"BreadcrumbList","@id":"https:\/\/www.blogsoestado.com\/danielmatos\/programa-mais-idh-do-governo-comunista-fracassou-declara-adriano-sarney\/#breadcrumb","itemListElement":[{"@type":"ListItem","position":1,"name":"In\u00edcio","item":"https:\/\/www.blogsoestado.com\/danielmatos\/"},{"@type":"ListItem","position":2,"name":"&#8220;Programa Mais IDH do governo comunista fracassou&#8221;, declara Adriano Sarney"}]},{"@type":"WebSite","@id":"https:\/\/www.blogsoestado.com\/danielmatos\/#website","url":"https:\/\/www.blogsoestado.com\/danielmatos\/","name":"Daniel Matos","description":"","potentialAction":[{"@type":"SearchAction","target":{"@type":"EntryPoint","urlTemplate":"https:\/\/www.blogsoestado.com\/danielmatos\/?s={search_term_string}"},"query-input":{"@type":"PropertyValueSpecification","valueRequired":true,"valueName":"search_term_string"}}],"inLanguage":"pt-BR"}]}},"jetpack_featured_media_url":"","_links":{"self":[{"href":"https:\/\/www.blogsoestado.com\/danielmatos\/wp-json\/wp\/v2\/posts\/50923","targetHints":{"allow":["GET"]}}],"collection":[{"href":"https:\/\/www.blogsoestado.com\/danielmatos\/wp-json\/wp\/v2\/posts"}],"about":[{"href":"https:\/\/www.blogsoestado.com\/danielmatos\/wp-json\/wp\/v2\/types\/post"}],"replies":[{"embeddable":true,"href":"https:\/\/www.blogsoestado.com\/danielmatos\/wp-json\/wp\/v2\/comments?post=50923"}],"version-history":[{"count":0,"href":"https:\/\/www.blogsoestado.com\/danielmatos\/wp-json\/wp\/v2\/posts\/50923\/revisions"}],"wp:attachment":[{"href":"https:\/\/www.blogsoestado.com\/danielmatos\/wp-json\/wp\/v2\/media?parent=50923"}],"wp:term":[{"taxonomy":"category","embeddable":true,"href":"https:\/\/www.blogsoestado.com\/danielmatos\/wp-json\/wp\/v2\/categories?post=50923"},{"taxonomy":"post_tag","embeddable":true,"href":"https:\/\/www.blogsoestado.com\/danielmatos\/wp-json\/wp\/v2\/tags?post=50923"}],"curies":[{"name":"wp","href":"https:\/\/api.w.org\/{rel}","templated":true}]}}