{"id":50928,"date":"2018-05-03T11:07:40","date_gmt":"2018-05-03T14:07:40","guid":{"rendered":"https:\/\/www.blogsoestado.com\/danielmatos\/?p=50928"},"modified":"2018-05-03T11:07:40","modified_gmt":"2018-05-03T14:07:40","slug":"cesar-nascimento-lanca-cd-e-dvd-em-show-no-teatro-arthur-azevedo","status":"publish","type":"post","link":"https:\/\/www.blogsoestado.com\/danielmatos\/cesar-nascimento-lanca-cd-e-dvd-em-show-no-teatro-arthur-azevedo\/","title":{"rendered":"C\u00e9sar Nascimento lan\u00e7a CD e DVD em show no Teatro Arthur Azevedo"},"content":{"rendered":"<figure id=\"attachment_50929\" aria-describedby=\"caption-attachment-50929\" style=\"width: 640px\" class=\"wp-caption aligncenter\"><img fetchpriority=\"high\" decoding=\"async\" class=\"size-full wp-image-50929\" src=\"https:\/\/www.blogsoestado.com\/danielmatos\/files\/2018\/05\/cesar-cemar.jpg\" alt=\"\" width=\"640\" height=\"427\" \/><figcaption id=\"caption-attachment-50929\" class=\"wp-caption-text\">O cantor C\u00e9sar Nascimento com Humberto Coutinho Diretor Corporativo de Infra- Estrutura do Grupo Equatorial \/ Cemar em recente visita \u00e0 sede da companhia energ\u00e9tica para agradecimento ao patroc\u00ednio e divulga\u00e7\u00e3o de seu show que acontece nessa sexta no TAA com troca de ingresso por alimento n\u00e3o perec\u00edvel em benef\u00edcio ao Lar Pouso da Esperan\u00e7a<\/figcaption><\/figure>\n<p>O cantor e compositor C\u00e9sar Nascimento se apresenta, nesta sexta-feira, 04\/05, no Teatro Arthur Azevedo, para o lan\u00e7amento do seu CD e DVD &#8220;Viol\u00e3o de Coreiro: a composi\u00e7\u00e3o de C\u00e9sar Nascimento e seu viol\u00e3o&#8221;.<\/p>\n<p>O projeto \u00e9 patrocinado pela Cemar, via Lei Estadual de Incentivo \u00e0 Cultura.<\/p>\n<p>Al\u00e9m do show em S\u00e3o Lu\u00eds, o cantor far\u00e1 apresenta\u00e7\u00f5es em Caxias, dia 06\/05, e em Pa\u00e7o do Lumiar no dia 12\/05.<\/p>\n","protected":false},"excerpt":{"rendered":"<p>O cantor e compositor C\u00e9sar Nascimento se apresenta, nesta sexta-feira, 04\/05, no Teatro Arthur Azevedo, para o lan\u00e7amento do seu [&hellip;]<\/p>\n","protected":false},"author":0,"featured_media":0,"comment_status":"open","ping_status":"open","sticky":false,"template":"","format":"standard","meta":{"site-sidebar-layout":"default","site-content-layout":"","ast-site-content-layout":"default","site-content-style":"default","site-sidebar-style":"default","ast-global-header-display":"","ast-banner-title-visibility":"","ast-main-header-display":"","ast-hfb-above-header-display":"","ast-hfb-below-header-display":"","ast-hfb-mobile-header-display":"","site-post-title":"","ast-breadcrumbs-content":"","ast-featured-img":"","footer-sml-layout":"","ast-disable-related-posts":"","theme-transparent-header-meta":"","adv-header-id-meta":"","stick-header-meta":"","header-above-stick-meta":"","header-main-stick-meta":"","header-below-stick-meta":"","astra-migrate-meta-layouts":"default","ast-page-background-enabled":"default","ast-page-background-meta":{"desktop":{"background-color":"var(--ast-global-color-5)","background-image":"","background-repeat":"repeat","background-position":"center center","background-size":"auto","background-attachment":"scroll","background-type":"","background-media":"","overlay-type":"","overlay-color":"","overlay-opacity":"","overlay-gradient":""},"tablet":{"background-color":"","background-image":"","background-repeat":"repeat","background-position":"center center","background-size":"auto","background-attachment":"scroll","background-type":"","background-media":"","overlay-type":"","overlay-color":"","overlay-opacity":"","overlay-gradient":""},"mobile":{"background-color":"","background-image":"","background-repeat":"repeat","background-position":"center center","background-size":"auto","background-attachment":"scroll","background-type":"","background-media":"","overlay-type":"","overlay-color":"","overlay-opacity":"","overlay-gradient":""}},"ast-content-background-meta":{"desktop":{"background-color":"var(--ast-global-color-4)","background-image":"","background-repeat":"repeat","background-position":"center center","background-size":"auto","background-attachment":"scroll","background-type":"","background-media":"","overlay-type":"","overlay-color":"","overlay-opacity":"","overlay-gradient":""},"tablet":{"background-color":"var(--ast-global-color-4)","background-image":"","background-repeat":"repeat","background-position":"center center","background-size":"auto","background-attachment":"scroll","background-type":"","background-media":"","overlay-type":"","overlay-color":"","overlay-opacity":"","overlay-gradient":""},"mobile":{"background-color":"var(--ast-global-color-4)","background-image":"","background-repeat":"repeat","background-position":"center center","background-size":"auto","background-attachment":"scroll","background-type":"","background-media":"","overlay-type":"","overlay-color":"","overlay-opacity":"","overlay-gradient":""}},"footnotes":""},"categories":[1],"tags":[],"class_list":["post-50928","post","type-post","status-publish","format-standard","hentry","category-sem-categoria"],"yoast_head":"<!-- This site is optimized with the Yoast SEO plugin v26.6 - https:\/\/yoast.com\/wordpress\/plugins\/seo\/ -->\n<title>C\u00e9sar Nascimento lan\u00e7a CD e DVD em show no Teatro Arthur Azevedo - Daniel Matos<\/title>\n<meta name=\"robots\" content=\"index, follow, max-snippet:-1, max-image-preview:large, max-video-preview:-1\" \/>\n<link rel=\"canonical\" href=\"https:\/\/www.blogsoestado.com\/danielmatos\/cesar-nascimento-lanca-cd-e-dvd-em-show-no-teatro-arthur-azevedo\/\" \/>\n<meta property=\"og:locale\" content=\"pt_BR\" \/>\n<meta property=\"og:type\" content=\"article\" \/>\n<meta property=\"og:title\" content=\"C\u00e9sar Nascimento lan\u00e7a CD e DVD em show no Teatro Arthur Azevedo - Daniel Matos\" \/>\n<meta property=\"og:description\" content=\"O cantor e compositor C\u00e9sar Nascimento se apresenta, nesta sexta-feira, 04\/05, no Teatro Arthur Azevedo, para o lan\u00e7amento do seu [&hellip;]\" \/>\n<meta property=\"og:url\" content=\"https:\/\/www.blogsoestado.com\/danielmatos\/cesar-nascimento-lanca-cd-e-dvd-em-show-no-teatro-arthur-azevedo\/\" \/>\n<meta property=\"og:site_name\" content=\"Daniel Matos\" \/>\n<meta property=\"article:published_time\" content=\"2018-05-03T14:07:40+00:00\" \/>\n<meta property=\"og:image\" content=\"https:\/\/www.blogsoestado.com\/danielmatos\/files\/2018\/05\/cesar-cemar.jpg\" \/>\n<meta name=\"twitter:card\" content=\"summary_large_image\" \/>\n<meta name=\"twitter:label1\" content=\"Est. tempo de leitura\" \/>\n\t<meta name=\"twitter:data1\" content=\"1 minuto\" \/>\n<script type=\"application\/ld+json\" class=\"yoast-schema-graph\">{\"@context\":\"https:\/\/schema.org\",\"@graph\":[{\"@type\":\"WebPage\",\"@id\":\"https:\/\/www.blogsoestado.com\/danielmatos\/cesar-nascimento-lanca-cd-e-dvd-em-show-no-teatro-arthur-azevedo\/\",\"url\":\"https:\/\/www.blogsoestado.com\/danielmatos\/cesar-nascimento-lanca-cd-e-dvd-em-show-no-teatro-arthur-azevedo\/\",\"name\":\"C\u00e9sar Nascimento lan\u00e7a CD e DVD em show no Teatro Arthur Azevedo - Daniel Matos\",\"isPartOf\":{\"@id\":\"https:\/\/www.blogsoestado.com\/danielmatos\/#website\"},\"primaryImageOfPage\":{\"@id\":\"https:\/\/www.blogsoestado.com\/danielmatos\/cesar-nascimento-lanca-cd-e-dvd-em-show-no-teatro-arthur-azevedo\/#primaryimage\"},\"image\":{\"@id\":\"https:\/\/www.blogsoestado.com\/danielmatos\/cesar-nascimento-lanca-cd-e-dvd-em-show-no-teatro-arthur-azevedo\/#primaryimage\"},\"thumbnailUrl\":\"https:\/\/www.blogsoestado.com\/danielmatos\/files\/2018\/05\/cesar-cemar.jpg\",\"datePublished\":\"2018-05-03T14:07:40+00:00\",\"author\":{\"@id\":\"\"},\"breadcrumb\":{\"@id\":\"https:\/\/www.blogsoestado.com\/danielmatos\/cesar-nascimento-lanca-cd-e-dvd-em-show-no-teatro-arthur-azevedo\/#breadcrumb\"},\"inLanguage\":\"pt-BR\",\"potentialAction\":[{\"@type\":\"ReadAction\",\"target\":[\"https:\/\/www.blogsoestado.com\/danielmatos\/cesar-nascimento-lanca-cd-e-dvd-em-show-no-teatro-arthur-azevedo\/\"]}]},{\"@type\":\"ImageObject\",\"inLanguage\":\"pt-BR\",\"@id\":\"https:\/\/www.blogsoestado.com\/danielmatos\/cesar-nascimento-lanca-cd-e-dvd-em-show-no-teatro-arthur-azevedo\/#primaryimage\",\"url\":\"https:\/\/www.blogsoestado.com\/danielmatos\/files\/2018\/05\/cesar-cemar.jpg\",\"contentUrl\":\"https:\/\/www.blogsoestado.com\/danielmatos\/files\/2018\/05\/cesar-cemar.jpg\"},{\"@type\":\"BreadcrumbList\",\"@id\":\"https:\/\/www.blogsoestado.com\/danielmatos\/cesar-nascimento-lanca-cd-e-dvd-em-show-no-teatro-arthur-azevedo\/#breadcrumb\",\"itemListElement\":[{\"@type\":\"ListItem\",\"position\":1,\"name\":\"In\u00edcio\",\"item\":\"https:\/\/www.blogsoestado.com\/danielmatos\/\"},{\"@type\":\"ListItem\",\"position\":2,\"name\":\"C\u00e9sar Nascimento lan\u00e7a CD e DVD em show no Teatro Arthur Azevedo\"}]},{\"@type\":\"WebSite\",\"@id\":\"https:\/\/www.blogsoestado.com\/danielmatos\/#website\",\"url\":\"https:\/\/www.blogsoestado.com\/danielmatos\/\",\"name\":\"Daniel Matos\",\"description\":\"\",\"potentialAction\":[{\"@type\":\"SearchAction\",\"target\":{\"@type\":\"EntryPoint\",\"urlTemplate\":\"https:\/\/www.blogsoestado.com\/danielmatos\/?s={search_term_string}\"},\"query-input\":{\"@type\":\"PropertyValueSpecification\",\"valueRequired\":true,\"valueName\":\"search_term_string\"}}],\"inLanguage\":\"pt-BR\"}]}<\/script>\n<!-- \/ Yoast SEO plugin. -->","yoast_head_json":{"title":"C\u00e9sar Nascimento lan\u00e7a CD e DVD em show no Teatro Arthur Azevedo - Daniel Matos","robots":{"index":"index","follow":"follow","max-snippet":"max-snippet:-1","max-image-preview":"max-image-preview:large","max-video-preview":"max-video-preview:-1"},"canonical":"https:\/\/www.blogsoestado.com\/danielmatos\/cesar-nascimento-lanca-cd-e-dvd-em-show-no-teatro-arthur-azevedo\/","og_locale":"pt_BR","og_type":"article","og_title":"C\u00e9sar Nascimento lan\u00e7a CD e DVD em show no Teatro Arthur Azevedo - Daniel Matos","og_description":"O cantor e compositor C\u00e9sar Nascimento se apresenta, nesta sexta-feira, 04\/05, no Teatro Arthur Azevedo, para o lan\u00e7amento do seu [&hellip;]","og_url":"https:\/\/www.blogsoestado.com\/danielmatos\/cesar-nascimento-lanca-cd-e-dvd-em-show-no-teatro-arthur-azevedo\/","og_site_name":"Daniel Matos","article_published_time":"2018-05-03T14:07:40+00:00","og_image":[{"url":"https:\/\/www.blogsoestado.com\/danielmatos\/files\/2018\/05\/cesar-cemar.jpg","type":"","width":"","height":""}],"twitter_card":"summary_large_image","twitter_misc":{"Est. tempo de leitura":"1 minuto"},"schema":{"@context":"https:\/\/schema.org","@graph":[{"@type":"WebPage","@id":"https:\/\/www.blogsoestado.com\/danielmatos\/cesar-nascimento-lanca-cd-e-dvd-em-show-no-teatro-arthur-azevedo\/","url":"https:\/\/www.blogsoestado.com\/danielmatos\/cesar-nascimento-lanca-cd-e-dvd-em-show-no-teatro-arthur-azevedo\/","name":"C\u00e9sar Nascimento lan\u00e7a CD e DVD em show no Teatro Arthur Azevedo - Daniel Matos","isPartOf":{"@id":"https:\/\/www.blogsoestado.com\/danielmatos\/#website"},"primaryImageOfPage":{"@id":"https:\/\/www.blogsoestado.com\/danielmatos\/cesar-nascimento-lanca-cd-e-dvd-em-show-no-teatro-arthur-azevedo\/#primaryimage"},"image":{"@id":"https:\/\/www.blogsoestado.com\/danielmatos\/cesar-nascimento-lanca-cd-e-dvd-em-show-no-teatro-arthur-azevedo\/#primaryimage"},"thumbnailUrl":"https:\/\/www.blogsoestado.com\/danielmatos\/files\/2018\/05\/cesar-cemar.jpg","datePublished":"2018-05-03T14:07:40+00:00","author":{"@id":""},"breadcrumb":{"@id":"https:\/\/www.blogsoestado.com\/danielmatos\/cesar-nascimento-lanca-cd-e-dvd-em-show-no-teatro-arthur-azevedo\/#breadcrumb"},"inLanguage":"pt-BR","potentialAction":[{"@type":"ReadAction","target":["https:\/\/www.blogsoestado.com\/danielmatos\/cesar-nascimento-lanca-cd-e-dvd-em-show-no-teatro-arthur-azevedo\/"]}]},{"@type":"ImageObject","inLanguage":"pt-BR","@id":"https:\/\/www.blogsoestado.com\/danielmatos\/cesar-nascimento-lanca-cd-e-dvd-em-show-no-teatro-arthur-azevedo\/#primaryimage","url":"https:\/\/www.blogsoestado.com\/danielmatos\/files\/2018\/05\/cesar-cemar.jpg","contentUrl":"https:\/\/www.blogsoestado.com\/danielmatos\/files\/2018\/05\/cesar-cemar.jpg"},{"@type":"BreadcrumbList","@id":"https:\/\/www.blogsoestado.com\/danielmatos\/cesar-nascimento-lanca-cd-e-dvd-em-show-no-teatro-arthur-azevedo\/#breadcrumb","itemListElement":[{"@type":"ListItem","position":1,"name":"In\u00edcio","item":"https:\/\/www.blogsoestado.com\/danielmatos\/"},{"@type":"ListItem","position":2,"name":"C\u00e9sar Nascimento lan\u00e7a CD e DVD em show no Teatro Arthur Azevedo"}]},{"@type":"WebSite","@id":"https:\/\/www.blogsoestado.com\/danielmatos\/#website","url":"https:\/\/www.blogsoestado.com\/danielmatos\/","name":"Daniel Matos","description":"","potentialAction":[{"@type":"SearchAction","target":{"@type":"EntryPoint","urlTemplate":"https:\/\/www.blogsoestado.com\/danielmatos\/?s={search_term_string}"},"query-input":{"@type":"PropertyValueSpecification","valueRequired":true,"valueName":"search_term_string"}}],"inLanguage":"pt-BR"}]}},"jetpack_featured_media_url":"","_links":{"self":[{"href":"https:\/\/www.blogsoestado.com\/danielmatos\/wp-json\/wp\/v2\/posts\/50928","targetHints":{"allow":["GET"]}}],"collection":[{"href":"https:\/\/www.blogsoestado.com\/danielmatos\/wp-json\/wp\/v2\/posts"}],"about":[{"href":"https:\/\/www.blogsoestado.com\/danielmatos\/wp-json\/wp\/v2\/types\/post"}],"replies":[{"embeddable":true,"href":"https:\/\/www.blogsoestado.com\/danielmatos\/wp-json\/wp\/v2\/comments?post=50928"}],"version-history":[{"count":0,"href":"https:\/\/www.blogsoestado.com\/danielmatos\/wp-json\/wp\/v2\/posts\/50928\/revisions"}],"wp:attachment":[{"href":"https:\/\/www.blogsoestado.com\/danielmatos\/wp-json\/wp\/v2\/media?parent=50928"}],"wp:term":[{"taxonomy":"category","embeddable":true,"href":"https:\/\/www.blogsoestado.com\/danielmatos\/wp-json\/wp\/v2\/categories?post=50928"},{"taxonomy":"post_tag","embeddable":true,"href":"https:\/\/www.blogsoestado.com\/danielmatos\/wp-json\/wp\/v2\/tags?post=50928"}],"curies":[{"name":"wp","href":"https:\/\/api.w.org\/{rel}","templated":true}]}}