{"id":50931,"date":"2018-05-03T13:00:50","date_gmt":"2018-05-03T16:00:50","guid":{"rendered":"https:\/\/www.blogsoestado.com\/danielmatos\/?p=50931"},"modified":"2018-05-03T13:00:50","modified_gmt":"2018-05-03T16:00:50","slug":"audiencia-publica-proposta-por-cezar-bombeiro-sobre-feiras-e-mercados-de-sao-luis-acontece-nessa-sexta-feira","status":"publish","type":"post","link":"https:\/\/www.blogsoestado.com\/danielmatos\/audiencia-publica-proposta-por-cezar-bombeiro-sobre-feiras-e-mercados-de-sao-luis-acontece-nessa-sexta-feira\/","title":{"rendered":"Audi\u00eancia p\u00fablica proposta por C\u00e9zar Bombeiro sobre feiras e mercados de S\u00e3o Lu\u00eds acontece sexta-feira"},"content":{"rendered":"<figure id=\"attachment_49458\" aria-describedby=\"caption-attachment-49458\" style=\"width: 448px\" class=\"wp-caption alignright\"><img fetchpriority=\"high\" decoding=\"async\" class=\"size-full wp-image-49458\" src=\"https:\/\/www.blogsoestado.com\/danielmatos\/files\/2018\/03\/bombeiro-liberdade.jpg\" alt=\"\" width=\"448\" height=\"336\" \/><figcaption id=\"caption-attachment-49458\" class=\"wp-caption-text\">C\u00e9zar Bombeiro vai discutir e cobrar solu\u00e7\u00e3o para problemas de feiras e mercados<\/figcaption><\/figure>\n<p>Marcada para essa sexta-feira, (4), no plen\u00e1rio da C\u00e2mara Municipal de S\u00e3o Lu\u00eds, um amplo debate e a busca de solu\u00e7\u00f5es para o s\u00e9rio e deprimente problema dos mercados e feiras de S\u00e3o Lu\u00eds. Lament\u00e1vel sob todos os aspectos \u00e9 que os problemas s\u00e3o antigos e tratados com muita indiferen\u00e7a pelos gestores p\u00fablicos municipais e estaduais e os legislativos tamb\u00e9m t\u00eam as suas responsabilidades, assim como o Minist\u00e9rio P\u00fablico, diz o vereador C\u00e9zar Bombeiro (PSD).<\/p>\n<p>\u201cSe tiv\u00e9ssemos uma vigil\u00e2ncia sanit\u00e1ria atuante e um Minist\u00e9rio P\u00fablico bem determinado, as feiras e mercados de S\u00e3o Lu\u00eds estariam interditados\u201d, destaca o vereador, salientando que existem casos em feiras e mercados que esgotos correm a c\u00e9u aberto, nas proximidades em que produtos s\u00e3o comercializados.<\/p>\n<p>Adianta C\u00e9zar Bombeiro que \u201ca minha proposta com a audi\u00eancia p\u00fablica n\u00e3o \u00e9 criar problema, uma vez que ele existe de h\u00e1 muito, mas se buscar meios efetivos de solu\u00e7\u00e3o, que afinal de contas \u00e9 uma quest\u00e3o de sa\u00fade p\u00fablica e responsabilidade de todos n\u00f3s, afirma o vereador do PSD\u201d.<\/p>\n<figure id=\"attachment_50932\" aria-describedby=\"caption-attachment-50932\" style=\"width: 640px\" class=\"wp-caption aligncenter\"><img decoding=\"async\" class=\"size-full wp-image-50932\" src=\"https:\/\/www.blogsoestado.com\/danielmatos\/files\/2018\/05\/feiras-audiencia.jpg\" alt=\"\" width=\"640\" height=\"367\" \/><figcaption id=\"caption-attachment-50932\" class=\"wp-caption-text\">Problemas de feiras e mercados da capital ser\u00e3o debatidos em audi\u00eancia proposta por C\u00e9zar Bombeiro<\/figcaption><\/figure>\n<p>Continuando sua argumenta\u00e7\u00e3o, o parlamentar da social democracia acentua que \u201cj\u00e1 estive visitando mercados e feiras de nossa capital, conversando com feirantes e senti que eles, mais do ningu\u00e9m, t\u00eam aspira\u00e7\u00f5es de amplas melhorias e tamb\u00e9m de contribuir com os seus conhecimentos pr\u00e1ticos\u201d. Para finalizar C\u00e9zar Bombeiro completa que \u201cin\u00fameros deles relatam, que quando h\u00e1 alguma reforma, n\u00e3o s\u00e3o consultados e tudo \u00e9 feito \u00e0 revelia e de p\u00e9ssima qualidade, que na maioria das vezes ao inv\u00e9s de melhorias, acabam criando mais problemas.<\/p>\n<p>A audi\u00eancia p\u00fablica est\u00e1 marcada para \u00e0 10 horas desta sex-feira (04), no plen\u00e1rio da C\u00e2mara Municipal de S\u00e3o Lu\u00eds. A participa\u00e7\u00e3o efetiva de feirantes e de consumidores ser\u00e1 de fundamental import\u00e2ncia para que esfor\u00e7os sejam somados em busca de solu\u00e7\u00f5es, afirma o vereador.<\/p>\n","protected":false},"excerpt":{"rendered":"<p>Marcada para essa sexta-feira, (4), no plen\u00e1rio da C\u00e2mara Municipal de S\u00e3o Lu\u00eds, um amplo debate e a busca de [&hellip;]<\/p>\n","protected":false},"author":0,"featured_media":0,"comment_status":"open","ping_status":"open","sticky":false,"template":"","format":"standard","meta":{"site-sidebar-layout":"default","site-content-layout":"","ast-site-content-layout":"default","site-content-style":"default","site-sidebar-style":"default","ast-global-header-display":"","ast-banner-title-visibility":"","ast-main-header-display":"","ast-hfb-above-header-display":"","ast-hfb-below-header-display":"","ast-hfb-mobile-header-display":"","site-post-title":"","ast-breadcrumbs-content":"","ast-featured-img":"","footer-sml-layout":"","ast-disable-related-posts":"","theme-transparent-header-meta":"","adv-header-id-meta":"","stick-header-meta":"","header-above-stick-meta":"","header-main-stick-meta":"","header-below-stick-meta":"","astra-migrate-meta-layouts":"default","ast-page-background-enabled":"default","ast-page-background-meta":{"desktop":{"background-color":"var(--ast-global-color-5)","background-image":"","background-repeat":"repeat","background-position":"center center","background-size":"auto","background-attachment":"scroll","background-type":"","background-media":"","overlay-type":"","overlay-color":"","overlay-opacity":"","overlay-gradient":""},"tablet":{"background-color":"","background-image":"","background-repeat":"repeat","background-position":"center center","background-size":"auto","background-attachment":"scroll","background-type":"","background-media":"","overlay-type":"","overlay-color":"","overlay-opacity":"","overlay-gradient":""},"mobile":{"background-color":"","background-image":"","background-repeat":"repeat","background-position":"center center","background-size":"auto","background-attachment":"scroll","background-type":"","background-media":"","overlay-type":"","overlay-color":"","overlay-opacity":"","overlay-gradient":""}},"ast-content-background-meta":{"desktop":{"background-color":"var(--ast-global-color-4)","background-image":"","background-repeat":"repeat","background-position":"center center","background-size":"auto","background-attachment":"scroll","background-type":"","background-media":"","overlay-type":"","overlay-color":"","overlay-opacity":"","overlay-gradient":""},"tablet":{"background-color":"var(--ast-global-color-4)","background-image":"","background-repeat":"repeat","background-position":"center center","background-size":"auto","background-attachment":"scroll","background-type":"","background-media":"","overlay-type":"","overlay-color":"","overlay-opacity":"","overlay-gradient":""},"mobile":{"background-color":"var(--ast-global-color-4)","background-image":"","background-repeat":"repeat","background-position":"center center","background-size":"auto","background-attachment":"scroll","background-type":"","background-media":"","overlay-type":"","overlay-color":"","overlay-opacity":"","overlay-gradient":""}},"footnotes":""},"categories":[1],"tags":[],"class_list":["post-50931","post","type-post","status-publish","format-standard","hentry","category-sem-categoria"],"yoast_head":"<!-- This site is optimized with the Yoast SEO plugin v26.6 - https:\/\/yoast.com\/wordpress\/plugins\/seo\/ -->\n<title>Audi\u00eancia p\u00fablica proposta por C\u00e9zar Bombeiro sobre feiras e mercados de S\u00e3o Lu\u00eds acontece sexta-feira - Daniel Matos<\/title>\n<meta name=\"robots\" content=\"index, follow, max-snippet:-1, max-image-preview:large, max-video-preview:-1\" \/>\n<link rel=\"canonical\" href=\"https:\/\/www.blogsoestado.com\/danielmatos\/audiencia-publica-proposta-por-cezar-bombeiro-sobre-feiras-e-mercados-de-sao-luis-acontece-nessa-sexta-feira\/\" \/>\n<meta property=\"og:locale\" content=\"pt_BR\" \/>\n<meta property=\"og:type\" content=\"article\" \/>\n<meta property=\"og:title\" content=\"Audi\u00eancia p\u00fablica proposta por C\u00e9zar Bombeiro sobre feiras e mercados de S\u00e3o Lu\u00eds acontece sexta-feira - Daniel Matos\" \/>\n<meta property=\"og:description\" content=\"Marcada para essa sexta-feira, (4), no plen\u00e1rio da C\u00e2mara Municipal de S\u00e3o Lu\u00eds, um amplo debate e a busca de [&hellip;]\" \/>\n<meta property=\"og:url\" content=\"https:\/\/www.blogsoestado.com\/danielmatos\/audiencia-publica-proposta-por-cezar-bombeiro-sobre-feiras-e-mercados-de-sao-luis-acontece-nessa-sexta-feira\/\" \/>\n<meta property=\"og:site_name\" content=\"Daniel Matos\" \/>\n<meta property=\"article:published_time\" content=\"2018-05-03T16:00:50+00:00\" \/>\n<meta property=\"og:image\" content=\"https:\/\/www.blogsoestado.com\/danielmatos\/files\/2018\/03\/bombeiro-liberdade.jpg\" \/>\n<meta name=\"twitter:card\" content=\"summary_large_image\" \/>\n<meta name=\"twitter:label1\" content=\"Est. tempo de leitura\" \/>\n\t<meta name=\"twitter:data1\" content=\"2 minutos\" \/>\n<script type=\"application\/ld+json\" class=\"yoast-schema-graph\">{\"@context\":\"https:\/\/schema.org\",\"@graph\":[{\"@type\":\"WebPage\",\"@id\":\"https:\/\/www.blogsoestado.com\/danielmatos\/audiencia-publica-proposta-por-cezar-bombeiro-sobre-feiras-e-mercados-de-sao-luis-acontece-nessa-sexta-feira\/\",\"url\":\"https:\/\/www.blogsoestado.com\/danielmatos\/audiencia-publica-proposta-por-cezar-bombeiro-sobre-feiras-e-mercados-de-sao-luis-acontece-nessa-sexta-feira\/\",\"name\":\"Audi\u00eancia p\u00fablica proposta por C\u00e9zar Bombeiro sobre feiras e mercados de S\u00e3o Lu\u00eds acontece sexta-feira - Daniel Matos\",\"isPartOf\":{\"@id\":\"https:\/\/www.blogsoestado.com\/danielmatos\/#website\"},\"primaryImageOfPage\":{\"@id\":\"https:\/\/www.blogsoestado.com\/danielmatos\/audiencia-publica-proposta-por-cezar-bombeiro-sobre-feiras-e-mercados-de-sao-luis-acontece-nessa-sexta-feira\/#primaryimage\"},\"image\":{\"@id\":\"https:\/\/www.blogsoestado.com\/danielmatos\/audiencia-publica-proposta-por-cezar-bombeiro-sobre-feiras-e-mercados-de-sao-luis-acontece-nessa-sexta-feira\/#primaryimage\"},\"thumbnailUrl\":\"https:\/\/www.blogsoestado.com\/danielmatos\/files\/2018\/03\/bombeiro-liberdade.jpg\",\"datePublished\":\"2018-05-03T16:00:50+00:00\",\"author\":{\"@id\":\"\"},\"breadcrumb\":{\"@id\":\"https:\/\/www.blogsoestado.com\/danielmatos\/audiencia-publica-proposta-por-cezar-bombeiro-sobre-feiras-e-mercados-de-sao-luis-acontece-nessa-sexta-feira\/#breadcrumb\"},\"inLanguage\":\"pt-BR\",\"potentialAction\":[{\"@type\":\"ReadAction\",\"target\":[\"https:\/\/www.blogsoestado.com\/danielmatos\/audiencia-publica-proposta-por-cezar-bombeiro-sobre-feiras-e-mercados-de-sao-luis-acontece-nessa-sexta-feira\/\"]}]},{\"@type\":\"ImageObject\",\"inLanguage\":\"pt-BR\",\"@id\":\"https:\/\/www.blogsoestado.com\/danielmatos\/audiencia-publica-proposta-por-cezar-bombeiro-sobre-feiras-e-mercados-de-sao-luis-acontece-nessa-sexta-feira\/#primaryimage\",\"url\":\"https:\/\/www.blogsoestado.com\/danielmatos\/files\/2018\/03\/bombeiro-liberdade.jpg\",\"contentUrl\":\"https:\/\/www.blogsoestado.com\/danielmatos\/files\/2018\/03\/bombeiro-liberdade.jpg\"},{\"@type\":\"BreadcrumbList\",\"@id\":\"https:\/\/www.blogsoestado.com\/danielmatos\/audiencia-publica-proposta-por-cezar-bombeiro-sobre-feiras-e-mercados-de-sao-luis-acontece-nessa-sexta-feira\/#breadcrumb\",\"itemListElement\":[{\"@type\":\"ListItem\",\"position\":1,\"name\":\"In\u00edcio\",\"item\":\"https:\/\/www.blogsoestado.com\/danielmatos\/\"},{\"@type\":\"ListItem\",\"position\":2,\"name\":\"Audi\u00eancia p\u00fablica proposta por C\u00e9zar Bombeiro sobre feiras e mercados de S\u00e3o Lu\u00eds acontece sexta-feira\"}]},{\"@type\":\"WebSite\",\"@id\":\"https:\/\/www.blogsoestado.com\/danielmatos\/#website\",\"url\":\"https:\/\/www.blogsoestado.com\/danielmatos\/\",\"name\":\"Daniel Matos\",\"description\":\"\",\"potentialAction\":[{\"@type\":\"SearchAction\",\"target\":{\"@type\":\"EntryPoint\",\"urlTemplate\":\"https:\/\/www.blogsoestado.com\/danielmatos\/?s={search_term_string}\"},\"query-input\":{\"@type\":\"PropertyValueSpecification\",\"valueRequired\":true,\"valueName\":\"search_term_string\"}}],\"inLanguage\":\"pt-BR\"}]}<\/script>\n<!-- \/ Yoast SEO plugin. -->","yoast_head_json":{"title":"Audi\u00eancia p\u00fablica proposta por C\u00e9zar Bombeiro sobre feiras e mercados de S\u00e3o Lu\u00eds acontece sexta-feira - Daniel Matos","robots":{"index":"index","follow":"follow","max-snippet":"max-snippet:-1","max-image-preview":"max-image-preview:large","max-video-preview":"max-video-preview:-1"},"canonical":"https:\/\/www.blogsoestado.com\/danielmatos\/audiencia-publica-proposta-por-cezar-bombeiro-sobre-feiras-e-mercados-de-sao-luis-acontece-nessa-sexta-feira\/","og_locale":"pt_BR","og_type":"article","og_title":"Audi\u00eancia p\u00fablica proposta por C\u00e9zar Bombeiro sobre feiras e mercados de S\u00e3o Lu\u00eds acontece sexta-feira - Daniel Matos","og_description":"Marcada para essa sexta-feira, (4), no plen\u00e1rio da C\u00e2mara Municipal de S\u00e3o Lu\u00eds, um amplo debate e a busca de [&hellip;]","og_url":"https:\/\/www.blogsoestado.com\/danielmatos\/audiencia-publica-proposta-por-cezar-bombeiro-sobre-feiras-e-mercados-de-sao-luis-acontece-nessa-sexta-feira\/","og_site_name":"Daniel Matos","article_published_time":"2018-05-03T16:00:50+00:00","og_image":[{"url":"https:\/\/www.blogsoestado.com\/danielmatos\/files\/2018\/03\/bombeiro-liberdade.jpg","type":"","width":"","height":""}],"twitter_card":"summary_large_image","twitter_misc":{"Est. tempo de leitura":"2 minutos"},"schema":{"@context":"https:\/\/schema.org","@graph":[{"@type":"WebPage","@id":"https:\/\/www.blogsoestado.com\/danielmatos\/audiencia-publica-proposta-por-cezar-bombeiro-sobre-feiras-e-mercados-de-sao-luis-acontece-nessa-sexta-feira\/","url":"https:\/\/www.blogsoestado.com\/danielmatos\/audiencia-publica-proposta-por-cezar-bombeiro-sobre-feiras-e-mercados-de-sao-luis-acontece-nessa-sexta-feira\/","name":"Audi\u00eancia p\u00fablica proposta por C\u00e9zar Bombeiro sobre feiras e mercados de S\u00e3o Lu\u00eds acontece sexta-feira - Daniel Matos","isPartOf":{"@id":"https:\/\/www.blogsoestado.com\/danielmatos\/#website"},"primaryImageOfPage":{"@id":"https:\/\/www.blogsoestado.com\/danielmatos\/audiencia-publica-proposta-por-cezar-bombeiro-sobre-feiras-e-mercados-de-sao-luis-acontece-nessa-sexta-feira\/#primaryimage"},"image":{"@id":"https:\/\/www.blogsoestado.com\/danielmatos\/audiencia-publica-proposta-por-cezar-bombeiro-sobre-feiras-e-mercados-de-sao-luis-acontece-nessa-sexta-feira\/#primaryimage"},"thumbnailUrl":"https:\/\/www.blogsoestado.com\/danielmatos\/files\/2018\/03\/bombeiro-liberdade.jpg","datePublished":"2018-05-03T16:00:50+00:00","author":{"@id":""},"breadcrumb":{"@id":"https:\/\/www.blogsoestado.com\/danielmatos\/audiencia-publica-proposta-por-cezar-bombeiro-sobre-feiras-e-mercados-de-sao-luis-acontece-nessa-sexta-feira\/#breadcrumb"},"inLanguage":"pt-BR","potentialAction":[{"@type":"ReadAction","target":["https:\/\/www.blogsoestado.com\/danielmatos\/audiencia-publica-proposta-por-cezar-bombeiro-sobre-feiras-e-mercados-de-sao-luis-acontece-nessa-sexta-feira\/"]}]},{"@type":"ImageObject","inLanguage":"pt-BR","@id":"https:\/\/www.blogsoestado.com\/danielmatos\/audiencia-publica-proposta-por-cezar-bombeiro-sobre-feiras-e-mercados-de-sao-luis-acontece-nessa-sexta-feira\/#primaryimage","url":"https:\/\/www.blogsoestado.com\/danielmatos\/files\/2018\/03\/bombeiro-liberdade.jpg","contentUrl":"https:\/\/www.blogsoestado.com\/danielmatos\/files\/2018\/03\/bombeiro-liberdade.jpg"},{"@type":"BreadcrumbList","@id":"https:\/\/www.blogsoestado.com\/danielmatos\/audiencia-publica-proposta-por-cezar-bombeiro-sobre-feiras-e-mercados-de-sao-luis-acontece-nessa-sexta-feira\/#breadcrumb","itemListElement":[{"@type":"ListItem","position":1,"name":"In\u00edcio","item":"https:\/\/www.blogsoestado.com\/danielmatos\/"},{"@type":"ListItem","position":2,"name":"Audi\u00eancia p\u00fablica proposta por C\u00e9zar Bombeiro sobre feiras e mercados de S\u00e3o Lu\u00eds acontece sexta-feira"}]},{"@type":"WebSite","@id":"https:\/\/www.blogsoestado.com\/danielmatos\/#website","url":"https:\/\/www.blogsoestado.com\/danielmatos\/","name":"Daniel Matos","description":"","potentialAction":[{"@type":"SearchAction","target":{"@type":"EntryPoint","urlTemplate":"https:\/\/www.blogsoestado.com\/danielmatos\/?s={search_term_string}"},"query-input":{"@type":"PropertyValueSpecification","valueRequired":true,"valueName":"search_term_string"}}],"inLanguage":"pt-BR"}]}},"jetpack_featured_media_url":"","_links":{"self":[{"href":"https:\/\/www.blogsoestado.com\/danielmatos\/wp-json\/wp\/v2\/posts\/50931","targetHints":{"allow":["GET"]}}],"collection":[{"href":"https:\/\/www.blogsoestado.com\/danielmatos\/wp-json\/wp\/v2\/posts"}],"about":[{"href":"https:\/\/www.blogsoestado.com\/danielmatos\/wp-json\/wp\/v2\/types\/post"}],"replies":[{"embeddable":true,"href":"https:\/\/www.blogsoestado.com\/danielmatos\/wp-json\/wp\/v2\/comments?post=50931"}],"version-history":[{"count":0,"href":"https:\/\/www.blogsoestado.com\/danielmatos\/wp-json\/wp\/v2\/posts\/50931\/revisions"}],"wp:attachment":[{"href":"https:\/\/www.blogsoestado.com\/danielmatos\/wp-json\/wp\/v2\/media?parent=50931"}],"wp:term":[{"taxonomy":"category","embeddable":true,"href":"https:\/\/www.blogsoestado.com\/danielmatos\/wp-json\/wp\/v2\/categories?post=50931"},{"taxonomy":"post_tag","embeddable":true,"href":"https:\/\/www.blogsoestado.com\/danielmatos\/wp-json\/wp\/v2\/tags?post=50931"}],"curies":[{"name":"wp","href":"https:\/\/api.w.org\/{rel}","templated":true}]}}