{"id":50938,"date":"2018-05-03T17:28:34","date_gmt":"2018-05-03T20:28:34","guid":{"rendered":"https:\/\/www.blogsoestado.com\/danielmatos\/?p=50938"},"modified":"2018-05-03T17:28:34","modified_gmt":"2018-05-03T20:28:34","slug":"flavio-dino-pode-virar-reu-em-processo-por-abuso-de-poder-politico-por-farra-de-nomeacoes-de-capelaes","status":"publish","type":"post","link":"https:\/\/www.blogsoestado.com\/danielmatos\/flavio-dino-pode-virar-reu-em-processo-por-abuso-de-poder-politico-por-farra-de-nomeacoes-de-capelaes\/","title":{"rendered":"Fl\u00e1vio Dino pode virar r\u00e9u em processo por abuso de poder pol\u00edtico por farra de nomea\u00e7\u00f5es de capel\u00e3es"},"content":{"rendered":"<figure id=\"attachment_50939\" aria-describedby=\"caption-attachment-50939\" style=\"width: 750px\" class=\"wp-caption aligncenter\"><img fetchpriority=\"high\" decoding=\"async\" class=\"wp-image-50939\" src=\"https:\/\/www.blogsoestado.com\/danielmatos\/files\/2018\/05\/dino-capelao.jpg\" alt=\"\" width=\"750\" height=\"500\" \/><figcaption id=\"caption-attachment-50939\" class=\"wp-caption-text\">Fl\u00e1vio Dino fala a plateia de evang\u00e9licos em cerim\u00f4nia de nomea\u00e7\u00e3o de pastor presbiteriano ao posto de capel\u00e3o, com a patente de major<\/figcaption><\/figure>\n<p>A sucess\u00e3o de esc\u00e2ndalos que marca o governo Fl\u00e1vio Dino (PCdoB) tem mais um cap\u00edtulo: a farra de nomea\u00e7\u00f5es de capel\u00e3es para atuar nas for\u00e7as policiais e no sistema penitenci\u00e1rio do Maranh\u00e3o. Desde que o comunista assumiu o poder, em 1\u00ba de janeiro de 2015, o n\u00famero de cargos de capel\u00e3o mais do que triplicou &#8211; eram apenas 14 e agora s\u00e3o 50.<\/p>\n<p>O aumento expressivo da quantidade de postos religiosos nas corpora\u00e7\u00f5es da seguran\u00e7a p\u00fablica e no sistema prisional foi denunciado pelo Minist\u00e9rio P\u00fablico Eleitoral (MPE), que deu prazo at\u00e9 o pr\u00f3ximo dia\u00a06 para que Fl\u00e1vio Dino explique por que criou tantas vagas de capel\u00e3o. Caso a Justi\u00e7a Eleitoral aceite a den\u00fancia, o governador maranhense poder\u00e1 se tornar r\u00e9u em um processo por abuso de poder pol\u00edtico, com consequ\u00eancias imprevis\u00edveis para suas pretens\u00f5es de poder.<\/p>\n<p>Institu\u00edda como meio de presta\u00e7\u00e3o de assist\u00eancia espiritual na seguran\u00e7a p\u00fablica e no ambiente penitenci\u00e1rio, a capelania\u00a0 teve sua miss\u00e3o desvirtuada pelos comunistas, que t\u00eam cooptado l\u00edderes religiosos, principalmente pastores evang\u00e9licos, para fins pol\u00edticos e eleitoreiros.<\/p>\n<p>A suspeita \u00e9 de que o governado esteja usando a capelania como instrumento de manipula\u00e7\u00e3o e obten\u00e7\u00e3o de votos nas mais diferentes congrega\u00e7\u00f5es religiosas, sobretudo em denomina\u00e7\u00f5es evang\u00e9licas, como a Igreja Assembleia de Deus, da qual \u00e9 membro a deputada federal Eliziane Gama (PPS), cujo nome \u00e9 apontado como segundo na prefer\u00eancia do governador para a elei\u00e7\u00e3o ao Senado. Caso a investiga\u00e7\u00e3o do MPE confirme a suspeita levantada na den\u00fancia, estar\u00e1 configurado um crime grave, pass\u00edvel da mais rigorosa puni\u00e7\u00e3o.<\/p>\n<p><strong>Esc\u00e2ndalo nacional<\/strong><\/p>\n<p>O caso ganhou repercuss\u00e3o nacional com a publica\u00e7\u00e3o de mat\u00e9ria no jornal O Estado de S. Paulo, que\u00a0mostrou para todo o pa\u00eds, em <a href=\"http:\/\/politica.estadao.com.br\/noticias\/geral,dino-age-para-atrair-apoio-de-evangelicos,70002289323\">reportagem em sua edi\u00e7\u00e3o do \u00faltimo dia 30<\/a>, a nomea\u00e7\u00e3o indiscriminada de capel\u00e3es por Fl\u00e1vio Dino e a ascens\u00e3o destes \u00e0s mais altas patentes da Pol\u00edcia Militar e do Corpo de Bombeiros.<\/p>\n<p><a href=\"https:\/\/g1.globo.com\/ma\/maranhao\/noticia\/levantamento-aponta-discrepancia-no-numero-de-capelaes-nomeados-no-maranhao.ghtml\">Reportagem publicada pelo portal G1 Maranh\u00e3o<\/a> apontou a discrep\u00e2ncia entre o n\u00famero de postos de capel\u00e3o no Maranh\u00e3o e em outros estados. Enquanto em outras unidades da federa\u00e7\u00e3o os cargos dessa natureza n\u00e3o passam de cinco, no Maranh\u00e3o governado pelos comunistas o n\u00famero j\u00e1 \u00e9 10 vezes maior, com perspectiva de aumentar ainda mais.<\/p>\n<p>Em recente discurso que fez a uma plateia de pastores evang\u00e9licos, Fl\u00e1vio Dino prometeu criar mais 10 cargos na estrutura da Pol\u00edcia Civil. Ser\u00e1 que ap\u00f3s a den\u00fancia formulada pelo MPE o comunista manter\u00e1 o plano?<\/p>\n","protected":false},"excerpt":{"rendered":"<p>A sucess\u00e3o de esc\u00e2ndalos que marca o governo Fl\u00e1vio Dino (PCdoB) tem mais um cap\u00edtulo: a farra de nomea\u00e7\u00f5es de [&hellip;]<\/p>\n","protected":false},"author":0,"featured_media":0,"comment_status":"open","ping_status":"open","sticky":false,"template":"","format":"standard","meta":{"site-sidebar-layout":"default","site-content-layout":"","ast-site-content-layout":"default","site-content-style":"default","site-sidebar-style":"default","ast-global-header-display":"","ast-banner-title-visibility":"","ast-main-header-display":"","ast-hfb-above-header-display":"","ast-hfb-below-header-display":"","ast-hfb-mobile-header-display":"","site-post-title":"","ast-breadcrumbs-content":"","ast-featured-img":"","footer-sml-layout":"","ast-disable-related-posts":"","theme-transparent-header-meta":"","adv-header-id-meta":"","stick-header-meta":"","header-above-stick-meta":"","header-main-stick-meta":"","header-below-stick-meta":"","astra-migrate-meta-layouts":"default","ast-page-background-enabled":"default","ast-page-background-meta":{"desktop":{"background-color":"var(--ast-global-color-5)","background-image":"","background-repeat":"repeat","background-position":"center center","background-size":"auto","background-attachment":"scroll","background-type":"","background-media":"","overlay-type":"","overlay-color":"","overlay-opacity":"","overlay-gradient":""},"tablet":{"background-color":"","background-image":"","background-repeat":"repeat","background-position":"center center","background-size":"auto","background-attachment":"scroll","background-type":"","background-media":"","overlay-type":"","overlay-color":"","overlay-opacity":"","overlay-gradient":""},"mobile":{"background-color":"","background-image":"","background-repeat":"repeat","background-position":"center center","background-size":"auto","background-attachment":"scroll","background-type":"","background-media":"","overlay-type":"","overlay-color":"","overlay-opacity":"","overlay-gradient":""}},"ast-content-background-meta":{"desktop":{"background-color":"var(--ast-global-color-4)","background-image":"","background-repeat":"repeat","background-position":"center center","background-size":"auto","background-attachment":"scroll","background-type":"","background-media":"","overlay-type":"","overlay-color":"","overlay-opacity":"","overlay-gradient":""},"tablet":{"background-color":"var(--ast-global-color-4)","background-image":"","background-repeat":"repeat","background-position":"center center","background-size":"auto","background-attachment":"scroll","background-type":"","background-media":"","overlay-type":"","overlay-color":"","overlay-opacity":"","overlay-gradient":""},"mobile":{"background-color":"var(--ast-global-color-4)","background-image":"","background-repeat":"repeat","background-position":"center center","background-size":"auto","background-attachment":"scroll","background-type":"","background-media":"","overlay-type":"","overlay-color":"","overlay-opacity":"","overlay-gradient":""}},"footnotes":""},"categories":[1],"tags":[],"class_list":["post-50938","post","type-post","status-publish","format-standard","hentry","category-sem-categoria"],"yoast_head":"<!-- This site is optimized with the Yoast SEO plugin v26.6 - https:\/\/yoast.com\/wordpress\/plugins\/seo\/ -->\n<title>Fl\u00e1vio Dino pode virar r\u00e9u em processo por abuso de poder pol\u00edtico por farra de nomea\u00e7\u00f5es de capel\u00e3es - Daniel Matos<\/title>\n<meta name=\"robots\" content=\"index, follow, max-snippet:-1, max-image-preview:large, max-video-preview:-1\" \/>\n<link rel=\"canonical\" href=\"https:\/\/www.blogsoestado.com\/danielmatos\/flavio-dino-pode-virar-reu-em-processo-por-abuso-de-poder-politico-por-farra-de-nomeacoes-de-capelaes\/\" \/>\n<meta property=\"og:locale\" content=\"pt_BR\" \/>\n<meta property=\"og:type\" content=\"article\" \/>\n<meta property=\"og:title\" content=\"Fl\u00e1vio Dino pode virar r\u00e9u em processo por abuso de poder pol\u00edtico por farra de nomea\u00e7\u00f5es de capel\u00e3es - Daniel Matos\" \/>\n<meta property=\"og:description\" content=\"A sucess\u00e3o de esc\u00e2ndalos que marca o governo Fl\u00e1vio Dino (PCdoB) tem mais um cap\u00edtulo: a farra de nomea\u00e7\u00f5es de [&hellip;]\" \/>\n<meta property=\"og:url\" content=\"https:\/\/www.blogsoestado.com\/danielmatos\/flavio-dino-pode-virar-reu-em-processo-por-abuso-de-poder-politico-por-farra-de-nomeacoes-de-capelaes\/\" \/>\n<meta property=\"og:site_name\" content=\"Daniel Matos\" \/>\n<meta property=\"article:published_time\" content=\"2018-05-03T20:28:34+00:00\" \/>\n<meta property=\"og:image\" content=\"https:\/\/www.blogsoestado.com\/danielmatos\/files\/2018\/05\/dino-capelao.jpg\" \/>\n<meta name=\"twitter:card\" content=\"summary_large_image\" \/>\n<meta name=\"twitter:label1\" content=\"Est. tempo de leitura\" \/>\n\t<meta name=\"twitter:data1\" content=\"2 minutos\" \/>\n<script type=\"application\/ld+json\" class=\"yoast-schema-graph\">{\"@context\":\"https:\/\/schema.org\",\"@graph\":[{\"@type\":\"WebPage\",\"@id\":\"https:\/\/www.blogsoestado.com\/danielmatos\/flavio-dino-pode-virar-reu-em-processo-por-abuso-de-poder-politico-por-farra-de-nomeacoes-de-capelaes\/\",\"url\":\"https:\/\/www.blogsoestado.com\/danielmatos\/flavio-dino-pode-virar-reu-em-processo-por-abuso-de-poder-politico-por-farra-de-nomeacoes-de-capelaes\/\",\"name\":\"Fl\u00e1vio Dino pode virar r\u00e9u em processo por abuso de poder pol\u00edtico por farra de nomea\u00e7\u00f5es de capel\u00e3es - Daniel Matos\",\"isPartOf\":{\"@id\":\"https:\/\/www.blogsoestado.com\/danielmatos\/#website\"},\"primaryImageOfPage\":{\"@id\":\"https:\/\/www.blogsoestado.com\/danielmatos\/flavio-dino-pode-virar-reu-em-processo-por-abuso-de-poder-politico-por-farra-de-nomeacoes-de-capelaes\/#primaryimage\"},\"image\":{\"@id\":\"https:\/\/www.blogsoestado.com\/danielmatos\/flavio-dino-pode-virar-reu-em-processo-por-abuso-de-poder-politico-por-farra-de-nomeacoes-de-capelaes\/#primaryimage\"},\"thumbnailUrl\":\"https:\/\/www.blogsoestado.com\/danielmatos\/files\/2018\/05\/dino-capelao.jpg\",\"datePublished\":\"2018-05-03T20:28:34+00:00\",\"author\":{\"@id\":\"\"},\"breadcrumb\":{\"@id\":\"https:\/\/www.blogsoestado.com\/danielmatos\/flavio-dino-pode-virar-reu-em-processo-por-abuso-de-poder-politico-por-farra-de-nomeacoes-de-capelaes\/#breadcrumb\"},\"inLanguage\":\"pt-BR\",\"potentialAction\":[{\"@type\":\"ReadAction\",\"target\":[\"https:\/\/www.blogsoestado.com\/danielmatos\/flavio-dino-pode-virar-reu-em-processo-por-abuso-de-poder-politico-por-farra-de-nomeacoes-de-capelaes\/\"]}]},{\"@type\":\"ImageObject\",\"inLanguage\":\"pt-BR\",\"@id\":\"https:\/\/www.blogsoestado.com\/danielmatos\/flavio-dino-pode-virar-reu-em-processo-por-abuso-de-poder-politico-por-farra-de-nomeacoes-de-capelaes\/#primaryimage\",\"url\":\"https:\/\/www.blogsoestado.com\/danielmatos\/files\/2018\/05\/dino-capelao.jpg\",\"contentUrl\":\"https:\/\/www.blogsoestado.com\/danielmatos\/files\/2018\/05\/dino-capelao.jpg\"},{\"@type\":\"BreadcrumbList\",\"@id\":\"https:\/\/www.blogsoestado.com\/danielmatos\/flavio-dino-pode-virar-reu-em-processo-por-abuso-de-poder-politico-por-farra-de-nomeacoes-de-capelaes\/#breadcrumb\",\"itemListElement\":[{\"@type\":\"ListItem\",\"position\":1,\"name\":\"In\u00edcio\",\"item\":\"https:\/\/www.blogsoestado.com\/danielmatos\/\"},{\"@type\":\"ListItem\",\"position\":2,\"name\":\"Fl\u00e1vio Dino pode virar r\u00e9u em processo por abuso de poder pol\u00edtico por farra de nomea\u00e7\u00f5es de capel\u00e3es\"}]},{\"@type\":\"WebSite\",\"@id\":\"https:\/\/www.blogsoestado.com\/danielmatos\/#website\",\"url\":\"https:\/\/www.blogsoestado.com\/danielmatos\/\",\"name\":\"Daniel Matos\",\"description\":\"\",\"potentialAction\":[{\"@type\":\"SearchAction\",\"target\":{\"@type\":\"EntryPoint\",\"urlTemplate\":\"https:\/\/www.blogsoestado.com\/danielmatos\/?s={search_term_string}\"},\"query-input\":{\"@type\":\"PropertyValueSpecification\",\"valueRequired\":true,\"valueName\":\"search_term_string\"}}],\"inLanguage\":\"pt-BR\"}]}<\/script>\n<!-- \/ Yoast SEO plugin. -->","yoast_head_json":{"title":"Fl\u00e1vio Dino pode virar r\u00e9u em processo por abuso de poder pol\u00edtico por farra de nomea\u00e7\u00f5es de capel\u00e3es - Daniel Matos","robots":{"index":"index","follow":"follow","max-snippet":"max-snippet:-1","max-image-preview":"max-image-preview:large","max-video-preview":"max-video-preview:-1"},"canonical":"https:\/\/www.blogsoestado.com\/danielmatos\/flavio-dino-pode-virar-reu-em-processo-por-abuso-de-poder-politico-por-farra-de-nomeacoes-de-capelaes\/","og_locale":"pt_BR","og_type":"article","og_title":"Fl\u00e1vio Dino pode virar r\u00e9u em processo por abuso de poder pol\u00edtico por farra de nomea\u00e7\u00f5es de capel\u00e3es - Daniel Matos","og_description":"A sucess\u00e3o de esc\u00e2ndalos que marca o governo Fl\u00e1vio Dino (PCdoB) tem mais um cap\u00edtulo: a farra de nomea\u00e7\u00f5es de [&hellip;]","og_url":"https:\/\/www.blogsoestado.com\/danielmatos\/flavio-dino-pode-virar-reu-em-processo-por-abuso-de-poder-politico-por-farra-de-nomeacoes-de-capelaes\/","og_site_name":"Daniel Matos","article_published_time":"2018-05-03T20:28:34+00:00","og_image":[{"url":"https:\/\/www.blogsoestado.com\/danielmatos\/files\/2018\/05\/dino-capelao.jpg","type":"","width":"","height":""}],"twitter_card":"summary_large_image","twitter_misc":{"Est. tempo de leitura":"2 minutos"},"schema":{"@context":"https:\/\/schema.org","@graph":[{"@type":"WebPage","@id":"https:\/\/www.blogsoestado.com\/danielmatos\/flavio-dino-pode-virar-reu-em-processo-por-abuso-de-poder-politico-por-farra-de-nomeacoes-de-capelaes\/","url":"https:\/\/www.blogsoestado.com\/danielmatos\/flavio-dino-pode-virar-reu-em-processo-por-abuso-de-poder-politico-por-farra-de-nomeacoes-de-capelaes\/","name":"Fl\u00e1vio Dino pode virar r\u00e9u em processo por abuso de poder pol\u00edtico por farra de nomea\u00e7\u00f5es de capel\u00e3es - Daniel Matos","isPartOf":{"@id":"https:\/\/www.blogsoestado.com\/danielmatos\/#website"},"primaryImageOfPage":{"@id":"https:\/\/www.blogsoestado.com\/danielmatos\/flavio-dino-pode-virar-reu-em-processo-por-abuso-de-poder-politico-por-farra-de-nomeacoes-de-capelaes\/#primaryimage"},"image":{"@id":"https:\/\/www.blogsoestado.com\/danielmatos\/flavio-dino-pode-virar-reu-em-processo-por-abuso-de-poder-politico-por-farra-de-nomeacoes-de-capelaes\/#primaryimage"},"thumbnailUrl":"https:\/\/www.blogsoestado.com\/danielmatos\/files\/2018\/05\/dino-capelao.jpg","datePublished":"2018-05-03T20:28:34+00:00","author":{"@id":""},"breadcrumb":{"@id":"https:\/\/www.blogsoestado.com\/danielmatos\/flavio-dino-pode-virar-reu-em-processo-por-abuso-de-poder-politico-por-farra-de-nomeacoes-de-capelaes\/#breadcrumb"},"inLanguage":"pt-BR","potentialAction":[{"@type":"ReadAction","target":["https:\/\/www.blogsoestado.com\/danielmatos\/flavio-dino-pode-virar-reu-em-processo-por-abuso-de-poder-politico-por-farra-de-nomeacoes-de-capelaes\/"]}]},{"@type":"ImageObject","inLanguage":"pt-BR","@id":"https:\/\/www.blogsoestado.com\/danielmatos\/flavio-dino-pode-virar-reu-em-processo-por-abuso-de-poder-politico-por-farra-de-nomeacoes-de-capelaes\/#primaryimage","url":"https:\/\/www.blogsoestado.com\/danielmatos\/files\/2018\/05\/dino-capelao.jpg","contentUrl":"https:\/\/www.blogsoestado.com\/danielmatos\/files\/2018\/05\/dino-capelao.jpg"},{"@type":"BreadcrumbList","@id":"https:\/\/www.blogsoestado.com\/danielmatos\/flavio-dino-pode-virar-reu-em-processo-por-abuso-de-poder-politico-por-farra-de-nomeacoes-de-capelaes\/#breadcrumb","itemListElement":[{"@type":"ListItem","position":1,"name":"In\u00edcio","item":"https:\/\/www.blogsoestado.com\/danielmatos\/"},{"@type":"ListItem","position":2,"name":"Fl\u00e1vio Dino pode virar r\u00e9u em processo por abuso de poder pol\u00edtico por farra de nomea\u00e7\u00f5es de capel\u00e3es"}]},{"@type":"WebSite","@id":"https:\/\/www.blogsoestado.com\/danielmatos\/#website","url":"https:\/\/www.blogsoestado.com\/danielmatos\/","name":"Daniel Matos","description":"","potentialAction":[{"@type":"SearchAction","target":{"@type":"EntryPoint","urlTemplate":"https:\/\/www.blogsoestado.com\/danielmatos\/?s={search_term_string}"},"query-input":{"@type":"PropertyValueSpecification","valueRequired":true,"valueName":"search_term_string"}}],"inLanguage":"pt-BR"}]}},"jetpack_featured_media_url":"","_links":{"self":[{"href":"https:\/\/www.blogsoestado.com\/danielmatos\/wp-json\/wp\/v2\/posts\/50938","targetHints":{"allow":["GET"]}}],"collection":[{"href":"https:\/\/www.blogsoestado.com\/danielmatos\/wp-json\/wp\/v2\/posts"}],"about":[{"href":"https:\/\/www.blogsoestado.com\/danielmatos\/wp-json\/wp\/v2\/types\/post"}],"replies":[{"embeddable":true,"href":"https:\/\/www.blogsoestado.com\/danielmatos\/wp-json\/wp\/v2\/comments?post=50938"}],"version-history":[{"count":0,"href":"https:\/\/www.blogsoestado.com\/danielmatos\/wp-json\/wp\/v2\/posts\/50938\/revisions"}],"wp:attachment":[{"href":"https:\/\/www.blogsoestado.com\/danielmatos\/wp-json\/wp\/v2\/media?parent=50938"}],"wp:term":[{"taxonomy":"category","embeddable":true,"href":"https:\/\/www.blogsoestado.com\/danielmatos\/wp-json\/wp\/v2\/categories?post=50938"},{"taxonomy":"post_tag","embeddable":true,"href":"https:\/\/www.blogsoestado.com\/danielmatos\/wp-json\/wp\/v2\/tags?post=50938"}],"curies":[{"name":"wp","href":"https:\/\/api.w.org\/{rel}","templated":true}]}}