{"id":50944,"date":"2018-05-03T17:44:53","date_gmt":"2018-05-03T20:44:53","guid":{"rendered":"https:\/\/www.blogsoestado.com\/danielmatos\/?p=50944"},"modified":"2018-05-03T17:44:53","modified_gmt":"2018-05-03T20:44:53","slug":"stf-rejeita-mais-um-embargo-de-weverton-rocha-no-caso-costa-rodrigues","status":"publish","type":"post","link":"https:\/\/www.blogsoestado.com\/danielmatos\/stf-rejeita-mais-um-embargo-de-weverton-rocha-no-caso-costa-rodrigues\/","title":{"rendered":"STF rejeita mais um embargo de Weverton Rocha no caso Costa Rodrigues"},"content":{"rendered":"<p><strong>Do <a href=\"https:\/\/www.luispablo.com.br\/politica\/2018\/05\/caso-costa-rodrigues-weverton-rocha-tem-novo-embargo-rejeitado-pelo-stf\/\">Blog do Lu\u00eds Pablo<\/a><\/strong><\/p>\n<figure id=\"attachment_50945\" aria-describedby=\"caption-attachment-50945\" style=\"width: 640px\" class=\"wp-caption aligncenter\"><img fetchpriority=\"high\" decoding=\"async\" class=\"size-full wp-image-50945\" src=\"https:\/\/www.blogsoestado.com\/danielmatos\/files\/2018\/05\/weverton-costa.jpg\" alt=\"\" width=\"640\" height=\"301\" \/><figcaption id=\"caption-attachment-50945\" class=\"wp-caption-text\">Weverton Rocha e as ru\u00ednas que restaram do Gin\u00e1sio Costa Rodrigues ap\u00f3s sua gest\u00e3o como secret\u00e1rio de Desportos e Lazer<\/figcaption><\/figure>\n<p>O fantasma do Gin\u00e1sio Costa Rodrigues segue assombrando o deputado federal e pr\u00e9-candidato ao Senado, Weverton Rocha. Na semana passada, o parlamentar teve um embargo da a\u00e7\u00e3o que ele responde por supostos desvios na obra de reforma do Gin\u00e1sio, rejeitada pelo ministro Alexandre de Moraes, do Supremo Tribunal Federal (STF).<\/p>\n<p>A tentativa da defesa de Weverton era levar o processo ao Tribunal de Justi\u00e7a do Maranh\u00e3o com o argumento de que recentemente os ministros do STF entenderam, em sua maioria, que o foro privilegiado diz respeito apenas a casos de crimes cometidos durante o exerc\u00edcio do cargo e relacionados \u00e0s fun\u00e7\u00f5es desempenhadas.<\/p>\n<p>Neste caso, a den\u00fancia por crime de viola\u00e7\u00f5es \u00e0 lei de licita\u00e7\u00f5es e peculato \u00e9 fruto de quando o pedetista era secret\u00e1rio de Estado do Esporte e Lazer no Maranh\u00e3o.<\/p>\n<p>Por\u00e9m, o ministro Alexandre de Moraes destacou que o julgamento citado pela defesa do parlamentar estava suspenso por um pedido de vistas. Ou seja, a interpreta\u00e7\u00e3o continuava como estava at\u00e9 a defini\u00e7\u00e3o que dever\u00e1 ocorrer com a retomada do julgamento nesta quinta-feira, 3.<\/p>\n<p>\u201cPortanto, at\u00e9 final decis\u00e3o, encontra-se em vigor a interpreta\u00e7\u00e3o adotada para a al\u00ednea \u201cb\u201d do inciso \u201cI\u201d do art. 102 da CF, que prev\u00ea a compet\u00eancia do Supremo Tribunal Federal para processar e julgar originariamente \u201cnas infra\u00e7\u00f5es penais comuns, o Presidente da Rep\u00fablica, o Vice-Presidente, os membros do Congresso Nacional, seus pr\u00f3prios Ministros e o Procurador-Geral da Rep\u00fablica\u201d, n\u00e3o havendo de se cogitar nenhum deslocamento de compet\u00eancia para o ju\u00edzo ordin\u00e1rio\u201d, decidiu, ao indeferir o embargo.<\/p>\n<p><strong>Relembre o caso:<\/strong><\/p>\n<p>Weverton era secret\u00e1rio de Esporte e da Juventude, no governo Jackson Lago, e foi denunciado pelo Minist\u00e9rio P\u00fablico por atuar ao lado de outras pessoas de forma irregular para dispensar licita\u00e7\u00e3o para a reforma do Costa Rodrigues.<\/p>\n<p>O MP apontou que houve fraude no procedimento administrativo que redundou na contrata\u00e7\u00e3o da empresa Maresia Construtora Ltda, tendo em conta omiss\u00f5es, descuidos e condutas irregulares cometidas por Weverton Rocha e assessores na secretarial estadual.<\/p>\n<p>Segundo o Minist\u00e9rio P\u00fablico, duas pessoas teriam emitido documentos com informa\u00e7\u00f5es inver\u00eddicas acerca do andamento das obras de reforma do Gin\u00e1sio, que ficou com as obras inacab\u00e1veis de 2008 at\u00e9 2014, sendo inaugurado no final do governo Roseana, mas pouco tempo depois fechado para nova obra da atual gest\u00e3o. O gin\u00e1sio s\u00f3 reabriu as portas em mar\u00e7o deste ano.<\/p>\n","protected":false},"excerpt":{"rendered":"<p>Do Blog do Lu\u00eds Pablo O fantasma do Gin\u00e1sio Costa Rodrigues segue assombrando o deputado federal e pr\u00e9-candidato ao Senado, [&hellip;]<\/p>\n","protected":false},"author":0,"featured_media":0,"comment_status":"open","ping_status":"open","sticky":false,"template":"","format":"standard","meta":{"site-sidebar-layout":"default","site-content-layout":"","ast-site-content-layout":"default","site-content-style":"default","site-sidebar-style":"default","ast-global-header-display":"","ast-banner-title-visibility":"","ast-main-header-display":"","ast-hfb-above-header-display":"","ast-hfb-below-header-display":"","ast-hfb-mobile-header-display":"","site-post-title":"","ast-breadcrumbs-content":"","ast-featured-img":"","footer-sml-layout":"","ast-disable-related-posts":"","theme-transparent-header-meta":"","adv-header-id-meta":"","stick-header-meta":"","header-above-stick-meta":"","header-main-stick-meta":"","header-below-stick-meta":"","astra-migrate-meta-layouts":"default","ast-page-background-enabled":"default","ast-page-background-meta":{"desktop":{"background-color":"var(--ast-global-color-5)","background-image":"","background-repeat":"repeat","background-position":"center center","background-size":"auto","background-attachment":"scroll","background-type":"","background-media":"","overlay-type":"","overlay-color":"","overlay-opacity":"","overlay-gradient":""},"tablet":{"background-color":"","background-image":"","background-repeat":"repeat","background-position":"center center","background-size":"auto","background-attachment":"scroll","background-type":"","background-media":"","overlay-type":"","overlay-color":"","overlay-opacity":"","overlay-gradient":""},"mobile":{"background-color":"","background-image":"","background-repeat":"repeat","background-position":"center center","background-size":"auto","background-attachment":"scroll","background-type":"","background-media":"","overlay-type":"","overlay-color":"","overlay-opacity":"","overlay-gradient":""}},"ast-content-background-meta":{"desktop":{"background-color":"var(--ast-global-color-4)","background-image":"","background-repeat":"repeat","background-position":"center center","background-size":"auto","background-attachment":"scroll","background-type":"","background-media":"","overlay-type":"","overlay-color":"","overlay-opacity":"","overlay-gradient":""},"tablet":{"background-color":"var(--ast-global-color-4)","background-image":"","background-repeat":"repeat","background-position":"center center","background-size":"auto","background-attachment":"scroll","background-type":"","background-media":"","overlay-type":"","overlay-color":"","overlay-opacity":"","overlay-gradient":""},"mobile":{"background-color":"var(--ast-global-color-4)","background-image":"","background-repeat":"repeat","background-position":"center center","background-size":"auto","background-attachment":"scroll","background-type":"","background-media":"","overlay-type":"","overlay-color":"","overlay-opacity":"","overlay-gradient":""}},"footnotes":""},"categories":[1],"tags":[],"class_list":["post-50944","post","type-post","status-publish","format-standard","hentry","category-sem-categoria"],"yoast_head":"<!-- This site is optimized with the Yoast SEO plugin v26.6 - https:\/\/yoast.com\/wordpress\/plugins\/seo\/ -->\n<title>STF rejeita mais um embargo de Weverton Rocha no caso Costa Rodrigues - Daniel Matos<\/title>\n<meta name=\"robots\" content=\"index, follow, max-snippet:-1, max-image-preview:large, max-video-preview:-1\" \/>\n<link rel=\"canonical\" href=\"https:\/\/www.blogsoestado.com\/danielmatos\/stf-rejeita-mais-um-embargo-de-weverton-rocha-no-caso-costa-rodrigues\/\" \/>\n<meta property=\"og:locale\" content=\"pt_BR\" \/>\n<meta property=\"og:type\" content=\"article\" \/>\n<meta property=\"og:title\" content=\"STF rejeita mais um embargo de Weverton Rocha no caso Costa Rodrigues - Daniel Matos\" \/>\n<meta property=\"og:description\" content=\"Do Blog do Lu\u00eds Pablo O fantasma do Gin\u00e1sio Costa Rodrigues segue assombrando o deputado federal e pr\u00e9-candidato ao Senado, [&hellip;]\" \/>\n<meta property=\"og:url\" content=\"https:\/\/www.blogsoestado.com\/danielmatos\/stf-rejeita-mais-um-embargo-de-weverton-rocha-no-caso-costa-rodrigues\/\" \/>\n<meta property=\"og:site_name\" content=\"Daniel Matos\" \/>\n<meta property=\"article:published_time\" content=\"2018-05-03T20:44:53+00:00\" \/>\n<meta property=\"og:image\" content=\"https:\/\/www.blogsoestado.com\/danielmatos\/files\/2018\/05\/weverton-costa.jpg\" \/>\n<meta name=\"twitter:card\" content=\"summary_large_image\" \/>\n<meta name=\"twitter:label1\" content=\"Est. tempo de leitura\" \/>\n\t<meta name=\"twitter:data1\" content=\"2 minutos\" \/>\n<script type=\"application\/ld+json\" class=\"yoast-schema-graph\">{\"@context\":\"https:\/\/schema.org\",\"@graph\":[{\"@type\":\"WebPage\",\"@id\":\"https:\/\/www.blogsoestado.com\/danielmatos\/stf-rejeita-mais-um-embargo-de-weverton-rocha-no-caso-costa-rodrigues\/\",\"url\":\"https:\/\/www.blogsoestado.com\/danielmatos\/stf-rejeita-mais-um-embargo-de-weverton-rocha-no-caso-costa-rodrigues\/\",\"name\":\"STF rejeita mais um embargo de Weverton Rocha no caso Costa Rodrigues - Daniel Matos\",\"isPartOf\":{\"@id\":\"https:\/\/www.blogsoestado.com\/danielmatos\/#website\"},\"primaryImageOfPage\":{\"@id\":\"https:\/\/www.blogsoestado.com\/danielmatos\/stf-rejeita-mais-um-embargo-de-weverton-rocha-no-caso-costa-rodrigues\/#primaryimage\"},\"image\":{\"@id\":\"https:\/\/www.blogsoestado.com\/danielmatos\/stf-rejeita-mais-um-embargo-de-weverton-rocha-no-caso-costa-rodrigues\/#primaryimage\"},\"thumbnailUrl\":\"https:\/\/www.blogsoestado.com\/danielmatos\/files\/2018\/05\/weverton-costa.jpg\",\"datePublished\":\"2018-05-03T20:44:53+00:00\",\"author\":{\"@id\":\"\"},\"breadcrumb\":{\"@id\":\"https:\/\/www.blogsoestado.com\/danielmatos\/stf-rejeita-mais-um-embargo-de-weverton-rocha-no-caso-costa-rodrigues\/#breadcrumb\"},\"inLanguage\":\"pt-BR\",\"potentialAction\":[{\"@type\":\"ReadAction\",\"target\":[\"https:\/\/www.blogsoestado.com\/danielmatos\/stf-rejeita-mais-um-embargo-de-weverton-rocha-no-caso-costa-rodrigues\/\"]}]},{\"@type\":\"ImageObject\",\"inLanguage\":\"pt-BR\",\"@id\":\"https:\/\/www.blogsoestado.com\/danielmatos\/stf-rejeita-mais-um-embargo-de-weverton-rocha-no-caso-costa-rodrigues\/#primaryimage\",\"url\":\"https:\/\/www.blogsoestado.com\/danielmatos\/files\/2018\/05\/weverton-costa.jpg\",\"contentUrl\":\"https:\/\/www.blogsoestado.com\/danielmatos\/files\/2018\/05\/weverton-costa.jpg\"},{\"@type\":\"BreadcrumbList\",\"@id\":\"https:\/\/www.blogsoestado.com\/danielmatos\/stf-rejeita-mais-um-embargo-de-weverton-rocha-no-caso-costa-rodrigues\/#breadcrumb\",\"itemListElement\":[{\"@type\":\"ListItem\",\"position\":1,\"name\":\"In\u00edcio\",\"item\":\"https:\/\/www.blogsoestado.com\/danielmatos\/\"},{\"@type\":\"ListItem\",\"position\":2,\"name\":\"STF rejeita mais um embargo de Weverton Rocha no caso Costa Rodrigues\"}]},{\"@type\":\"WebSite\",\"@id\":\"https:\/\/www.blogsoestado.com\/danielmatos\/#website\",\"url\":\"https:\/\/www.blogsoestado.com\/danielmatos\/\",\"name\":\"Daniel Matos\",\"description\":\"\",\"potentialAction\":[{\"@type\":\"SearchAction\",\"target\":{\"@type\":\"EntryPoint\",\"urlTemplate\":\"https:\/\/www.blogsoestado.com\/danielmatos\/?s={search_term_string}\"},\"query-input\":{\"@type\":\"PropertyValueSpecification\",\"valueRequired\":true,\"valueName\":\"search_term_string\"}}],\"inLanguage\":\"pt-BR\"}]}<\/script>\n<!-- \/ Yoast SEO plugin. -->","yoast_head_json":{"title":"STF rejeita mais um embargo de Weverton Rocha no caso Costa Rodrigues - Daniel Matos","robots":{"index":"index","follow":"follow","max-snippet":"max-snippet:-1","max-image-preview":"max-image-preview:large","max-video-preview":"max-video-preview:-1"},"canonical":"https:\/\/www.blogsoestado.com\/danielmatos\/stf-rejeita-mais-um-embargo-de-weverton-rocha-no-caso-costa-rodrigues\/","og_locale":"pt_BR","og_type":"article","og_title":"STF rejeita mais um embargo de Weverton Rocha no caso Costa Rodrigues - Daniel Matos","og_description":"Do Blog do Lu\u00eds Pablo O fantasma do Gin\u00e1sio Costa Rodrigues segue assombrando o deputado federal e pr\u00e9-candidato ao Senado, [&hellip;]","og_url":"https:\/\/www.blogsoestado.com\/danielmatos\/stf-rejeita-mais-um-embargo-de-weverton-rocha-no-caso-costa-rodrigues\/","og_site_name":"Daniel Matos","article_published_time":"2018-05-03T20:44:53+00:00","og_image":[{"url":"https:\/\/www.blogsoestado.com\/danielmatos\/files\/2018\/05\/weverton-costa.jpg","type":"","width":"","height":""}],"twitter_card":"summary_large_image","twitter_misc":{"Est. tempo de leitura":"2 minutos"},"schema":{"@context":"https:\/\/schema.org","@graph":[{"@type":"WebPage","@id":"https:\/\/www.blogsoestado.com\/danielmatos\/stf-rejeita-mais-um-embargo-de-weverton-rocha-no-caso-costa-rodrigues\/","url":"https:\/\/www.blogsoestado.com\/danielmatos\/stf-rejeita-mais-um-embargo-de-weverton-rocha-no-caso-costa-rodrigues\/","name":"STF rejeita mais um embargo de Weverton Rocha no caso Costa Rodrigues - Daniel Matos","isPartOf":{"@id":"https:\/\/www.blogsoestado.com\/danielmatos\/#website"},"primaryImageOfPage":{"@id":"https:\/\/www.blogsoestado.com\/danielmatos\/stf-rejeita-mais-um-embargo-de-weverton-rocha-no-caso-costa-rodrigues\/#primaryimage"},"image":{"@id":"https:\/\/www.blogsoestado.com\/danielmatos\/stf-rejeita-mais-um-embargo-de-weverton-rocha-no-caso-costa-rodrigues\/#primaryimage"},"thumbnailUrl":"https:\/\/www.blogsoestado.com\/danielmatos\/files\/2018\/05\/weverton-costa.jpg","datePublished":"2018-05-03T20:44:53+00:00","author":{"@id":""},"breadcrumb":{"@id":"https:\/\/www.blogsoestado.com\/danielmatos\/stf-rejeita-mais-um-embargo-de-weverton-rocha-no-caso-costa-rodrigues\/#breadcrumb"},"inLanguage":"pt-BR","potentialAction":[{"@type":"ReadAction","target":["https:\/\/www.blogsoestado.com\/danielmatos\/stf-rejeita-mais-um-embargo-de-weverton-rocha-no-caso-costa-rodrigues\/"]}]},{"@type":"ImageObject","inLanguage":"pt-BR","@id":"https:\/\/www.blogsoestado.com\/danielmatos\/stf-rejeita-mais-um-embargo-de-weverton-rocha-no-caso-costa-rodrigues\/#primaryimage","url":"https:\/\/www.blogsoestado.com\/danielmatos\/files\/2018\/05\/weverton-costa.jpg","contentUrl":"https:\/\/www.blogsoestado.com\/danielmatos\/files\/2018\/05\/weverton-costa.jpg"},{"@type":"BreadcrumbList","@id":"https:\/\/www.blogsoestado.com\/danielmatos\/stf-rejeita-mais-um-embargo-de-weverton-rocha-no-caso-costa-rodrigues\/#breadcrumb","itemListElement":[{"@type":"ListItem","position":1,"name":"In\u00edcio","item":"https:\/\/www.blogsoestado.com\/danielmatos\/"},{"@type":"ListItem","position":2,"name":"STF rejeita mais um embargo de Weverton Rocha no caso Costa Rodrigues"}]},{"@type":"WebSite","@id":"https:\/\/www.blogsoestado.com\/danielmatos\/#website","url":"https:\/\/www.blogsoestado.com\/danielmatos\/","name":"Daniel Matos","description":"","potentialAction":[{"@type":"SearchAction","target":{"@type":"EntryPoint","urlTemplate":"https:\/\/www.blogsoestado.com\/danielmatos\/?s={search_term_string}"},"query-input":{"@type":"PropertyValueSpecification","valueRequired":true,"valueName":"search_term_string"}}],"inLanguage":"pt-BR"}]}},"jetpack_featured_media_url":"","_links":{"self":[{"href":"https:\/\/www.blogsoestado.com\/danielmatos\/wp-json\/wp\/v2\/posts\/50944","targetHints":{"allow":["GET"]}}],"collection":[{"href":"https:\/\/www.blogsoestado.com\/danielmatos\/wp-json\/wp\/v2\/posts"}],"about":[{"href":"https:\/\/www.blogsoestado.com\/danielmatos\/wp-json\/wp\/v2\/types\/post"}],"replies":[{"embeddable":true,"href":"https:\/\/www.blogsoestado.com\/danielmatos\/wp-json\/wp\/v2\/comments?post=50944"}],"version-history":[{"count":0,"href":"https:\/\/www.blogsoestado.com\/danielmatos\/wp-json\/wp\/v2\/posts\/50944\/revisions"}],"wp:attachment":[{"href":"https:\/\/www.blogsoestado.com\/danielmatos\/wp-json\/wp\/v2\/media?parent=50944"}],"wp:term":[{"taxonomy":"category","embeddable":true,"href":"https:\/\/www.blogsoestado.com\/danielmatos\/wp-json\/wp\/v2\/categories?post=50944"},{"taxonomy":"post_tag","embeddable":true,"href":"https:\/\/www.blogsoestado.com\/danielmatos\/wp-json\/wp\/v2\/tags?post=50944"}],"curies":[{"name":"wp","href":"https:\/\/api.w.org\/{rel}","templated":true}]}}