{"id":50947,"date":"2018-05-03T20:00:51","date_gmt":"2018-05-03T23:00:51","guid":{"rendered":"https:\/\/www.blogsoestado.com\/danielmatos\/?p=50947"},"modified":"2018-05-03T20:00:51","modified_gmt":"2018-05-03T23:00:51","slug":"deputado-wellington-destaca-agenda-positiva-do-presidenciavel-geraldo-alckmin-no-maranhao","status":"publish","type":"post","link":"https:\/\/www.blogsoestado.com\/danielmatos\/deputado-wellington-destaca-agenda-positiva-do-presidenciavel-geraldo-alckmin-no-maranhao\/","title":{"rendered":"Deputado Wellington destaca agenda positiva do presidenci\u00e1vel Geraldo Alckmin no Maranh\u00e3o"},"content":{"rendered":"<figure id=\"attachment_50948\" aria-describedby=\"caption-attachment-50948\" style=\"width: 448px\" class=\"wp-caption alignleft\"><img fetchpriority=\"high\" decoding=\"async\" class=\"size-full wp-image-50948\" src=\"https:\/\/www.blogsoestado.com\/danielmatos\/files\/2018\/05\/w-alckmin.jpg\" alt=\"\" width=\"448\" height=\"299\" \/><figcaption id=\"caption-attachment-50948\" class=\"wp-caption-text\">Wellington convidou todos os deputados, a classe pol\u00edtica e a popula\u00e7\u00e3o do Maranh\u00e3o a participarem da recep\u00e7\u00e3o a Geraldo Alckmin<\/figcaption><\/figure>\n<p>O presidente municipal do PSDB, deputado Wellington do Curso, ao utilizar a tribuna, na manh\u00e3 desta quarta-feira (2), destacou a agenda positiva que o ex-governador de S\u00e3o Paulo e pr\u00e9-candidato \u00e0 Presid\u00eancia da Rep\u00fablica Geraldo Alckmin tamb\u00e9m do PSDB, ir\u00e1 cumprir em sua vinda ao Maranh\u00e3o que ocorrer\u00e1 na pr\u00f3xima sexta-feira e s\u00e1bado, a convite do senador Roberto Rocha, pr\u00e9-candidato a Governo do Estado.<\/p>\n<p>Entre os compromissos, Geraldo Alckmin realizar\u00e1 palestras, se reunir\u00e1 empres\u00e1rio, lideran\u00e7as e inaugurar\u00e1 a nova sede do PSDB no Maranh\u00e3o no s\u00e1bado ao lado de deputados do partido, prefeitos, vereadores e demais lideran\u00e7as de todo estado.<\/p>\n<p>&#8220;A convite do senador Roberto Rocha, pr\u00e9-candidato ao Governo do Estado, receberemos na pr\u00f3xima sexta-feira o pr\u00e9-candidato a presid\u00eancia da Rep\u00fablica pelo PSDB, Geraldo Alckmin que cumprir\u00e1 uma agenda extensa e positiva em nosso Estado e participar\u00e1 de reuni\u00f5es com empres\u00e1rios e far\u00e1 a inaugura\u00e7\u00e3o da nova sede do PSDB em S\u00e3o Lu\u00eds. Quero aproveitar para convidar todos deputados, a classe pol\u00edtica, a popula\u00e7\u00e3o do Maranh\u00e3o para participarem do evento: MARANH\u00c3O PRESENTE: ENCONTRO DE LIDERAN\u00c7AS SOCIALDEMOCRATAS, que \u00e9 de suma import\u00e2ncia para o atual cen\u00e1rio pol\u00edtico nacional e estadual com um grandioso ato \u00e0s 10h no Centro de Conven\u00e7\u00f5es Neiva Moreira, no multicenter Sebrae.&#8221; Destacou Wellington.<\/p>\n<p><strong>Confira a agenda de Geraldo Alckmin no Maranh\u00e3o:<\/strong><\/p>\n<p><img decoding=\"async\" class=\"aligncenter wp-image-50949\" src=\"https:\/\/www.blogsoestado.com\/danielmatos\/files\/2018\/05\/alckmin-ceuma.jpg\" alt=\"\" width=\"600\" height=\"600\" \/><\/p>\n","protected":false},"excerpt":{"rendered":"<p>O presidente municipal do PSDB, deputado Wellington do Curso, ao utilizar a tribuna, na manh\u00e3 desta quarta-feira (2), destacou a [&hellip;]<\/p>\n","protected":false},"author":0,"featured_media":0,"comment_status":"open","ping_status":"open","sticky":false,"template":"","format":"standard","meta":{"site-sidebar-layout":"default","site-content-layout":"","ast-site-content-layout":"default","site-content-style":"default","site-sidebar-style":"default","ast-global-header-display":"","ast-banner-title-visibility":"","ast-main-header-display":"","ast-hfb-above-header-display":"","ast-hfb-below-header-display":"","ast-hfb-mobile-header-display":"","site-post-title":"","ast-breadcrumbs-content":"","ast-featured-img":"","footer-sml-layout":"","ast-disable-related-posts":"","theme-transparent-header-meta":"","adv-header-id-meta":"","stick-header-meta":"","header-above-stick-meta":"","header-main-stick-meta":"","header-below-stick-meta":"","astra-migrate-meta-layouts":"default","ast-page-background-enabled":"default","ast-page-background-meta":{"desktop":{"background-color":"var(--ast-global-color-5)","background-image":"","background-repeat":"repeat","background-position":"center center","background-size":"auto","background-attachment":"scroll","background-type":"","background-media":"","overlay-type":"","overlay-color":"","overlay-opacity":"","overlay-gradient":""},"tablet":{"background-color":"","background-image":"","background-repeat":"repeat","background-position":"center center","background-size":"auto","background-attachment":"scroll","background-type":"","background-media":"","overlay-type":"","overlay-color":"","overlay-opacity":"","overlay-gradient":""},"mobile":{"background-color":"","background-image":"","background-repeat":"repeat","background-position":"center center","background-size":"auto","background-attachment":"scroll","background-type":"","background-media":"","overlay-type":"","overlay-color":"","overlay-opacity":"","overlay-gradient":""}},"ast-content-background-meta":{"desktop":{"background-color":"var(--ast-global-color-4)","background-image":"","background-repeat":"repeat","background-position":"center center","background-size":"auto","background-attachment":"scroll","background-type":"","background-media":"","overlay-type":"","overlay-color":"","overlay-opacity":"","overlay-gradient":""},"tablet":{"background-color":"var(--ast-global-color-4)","background-image":"","background-repeat":"repeat","background-position":"center center","background-size":"auto","background-attachment":"scroll","background-type":"","background-media":"","overlay-type":"","overlay-color":"","overlay-opacity":"","overlay-gradient":""},"mobile":{"background-color":"var(--ast-global-color-4)","background-image":"","background-repeat":"repeat","background-position":"center center","background-size":"auto","background-attachment":"scroll","background-type":"","background-media":"","overlay-type":"","overlay-color":"","overlay-opacity":"","overlay-gradient":""}},"footnotes":""},"categories":[1],"tags":[],"class_list":["post-50947","post","type-post","status-publish","format-standard","hentry","category-sem-categoria"],"yoast_head":"<!-- This site is optimized with the Yoast SEO plugin v26.6 - https:\/\/yoast.com\/wordpress\/plugins\/seo\/ -->\n<title>Deputado Wellington destaca agenda positiva do presidenci\u00e1vel Geraldo Alckmin no Maranh\u00e3o - Daniel Matos<\/title>\n<meta name=\"robots\" content=\"index, follow, max-snippet:-1, max-image-preview:large, max-video-preview:-1\" \/>\n<link rel=\"canonical\" href=\"https:\/\/www.blogsoestado.com\/danielmatos\/deputado-wellington-destaca-agenda-positiva-do-presidenciavel-geraldo-alckmin-no-maranhao\/\" \/>\n<meta property=\"og:locale\" content=\"pt_BR\" \/>\n<meta property=\"og:type\" content=\"article\" \/>\n<meta property=\"og:title\" content=\"Deputado Wellington destaca agenda positiva do presidenci\u00e1vel Geraldo Alckmin no Maranh\u00e3o - Daniel Matos\" \/>\n<meta property=\"og:description\" content=\"O presidente municipal do PSDB, deputado Wellington do Curso, ao utilizar a tribuna, na manh\u00e3 desta quarta-feira (2), destacou a [&hellip;]\" \/>\n<meta property=\"og:url\" content=\"https:\/\/www.blogsoestado.com\/danielmatos\/deputado-wellington-destaca-agenda-positiva-do-presidenciavel-geraldo-alckmin-no-maranhao\/\" \/>\n<meta property=\"og:site_name\" content=\"Daniel Matos\" \/>\n<meta property=\"article:published_time\" content=\"2018-05-03T23:00:51+00:00\" \/>\n<meta property=\"og:image\" content=\"https:\/\/www.blogsoestado.com\/danielmatos\/files\/2018\/05\/w-alckmin.jpg\" \/>\n<meta name=\"twitter:card\" content=\"summary_large_image\" \/>\n<meta name=\"twitter:label1\" content=\"Est. tempo de leitura\" \/>\n\t<meta name=\"twitter:data1\" content=\"1 minuto\" \/>\n<script type=\"application\/ld+json\" class=\"yoast-schema-graph\">{\"@context\":\"https:\/\/schema.org\",\"@graph\":[{\"@type\":\"WebPage\",\"@id\":\"https:\/\/www.blogsoestado.com\/danielmatos\/deputado-wellington-destaca-agenda-positiva-do-presidenciavel-geraldo-alckmin-no-maranhao\/\",\"url\":\"https:\/\/www.blogsoestado.com\/danielmatos\/deputado-wellington-destaca-agenda-positiva-do-presidenciavel-geraldo-alckmin-no-maranhao\/\",\"name\":\"Deputado Wellington destaca agenda positiva do presidenci\u00e1vel Geraldo Alckmin no Maranh\u00e3o - Daniel Matos\",\"isPartOf\":{\"@id\":\"https:\/\/www.blogsoestado.com\/danielmatos\/#website\"},\"primaryImageOfPage\":{\"@id\":\"https:\/\/www.blogsoestado.com\/danielmatos\/deputado-wellington-destaca-agenda-positiva-do-presidenciavel-geraldo-alckmin-no-maranhao\/#primaryimage\"},\"image\":{\"@id\":\"https:\/\/www.blogsoestado.com\/danielmatos\/deputado-wellington-destaca-agenda-positiva-do-presidenciavel-geraldo-alckmin-no-maranhao\/#primaryimage\"},\"thumbnailUrl\":\"https:\/\/www.blogsoestado.com\/danielmatos\/files\/2018\/05\/w-alckmin.jpg\",\"datePublished\":\"2018-05-03T23:00:51+00:00\",\"author\":{\"@id\":\"\"},\"breadcrumb\":{\"@id\":\"https:\/\/www.blogsoestado.com\/danielmatos\/deputado-wellington-destaca-agenda-positiva-do-presidenciavel-geraldo-alckmin-no-maranhao\/#breadcrumb\"},\"inLanguage\":\"pt-BR\",\"potentialAction\":[{\"@type\":\"ReadAction\",\"target\":[\"https:\/\/www.blogsoestado.com\/danielmatos\/deputado-wellington-destaca-agenda-positiva-do-presidenciavel-geraldo-alckmin-no-maranhao\/\"]}]},{\"@type\":\"ImageObject\",\"inLanguage\":\"pt-BR\",\"@id\":\"https:\/\/www.blogsoestado.com\/danielmatos\/deputado-wellington-destaca-agenda-positiva-do-presidenciavel-geraldo-alckmin-no-maranhao\/#primaryimage\",\"url\":\"https:\/\/www.blogsoestado.com\/danielmatos\/files\/2018\/05\/w-alckmin.jpg\",\"contentUrl\":\"https:\/\/www.blogsoestado.com\/danielmatos\/files\/2018\/05\/w-alckmin.jpg\"},{\"@type\":\"BreadcrumbList\",\"@id\":\"https:\/\/www.blogsoestado.com\/danielmatos\/deputado-wellington-destaca-agenda-positiva-do-presidenciavel-geraldo-alckmin-no-maranhao\/#breadcrumb\",\"itemListElement\":[{\"@type\":\"ListItem\",\"position\":1,\"name\":\"In\u00edcio\",\"item\":\"https:\/\/www.blogsoestado.com\/danielmatos\/\"},{\"@type\":\"ListItem\",\"position\":2,\"name\":\"Deputado Wellington destaca agenda positiva do presidenci\u00e1vel Geraldo Alckmin no Maranh\u00e3o\"}]},{\"@type\":\"WebSite\",\"@id\":\"https:\/\/www.blogsoestado.com\/danielmatos\/#website\",\"url\":\"https:\/\/www.blogsoestado.com\/danielmatos\/\",\"name\":\"Daniel Matos\",\"description\":\"\",\"potentialAction\":[{\"@type\":\"SearchAction\",\"target\":{\"@type\":\"EntryPoint\",\"urlTemplate\":\"https:\/\/www.blogsoestado.com\/danielmatos\/?s={search_term_string}\"},\"query-input\":{\"@type\":\"PropertyValueSpecification\",\"valueRequired\":true,\"valueName\":\"search_term_string\"}}],\"inLanguage\":\"pt-BR\"}]}<\/script>\n<!-- \/ Yoast SEO plugin. -->","yoast_head_json":{"title":"Deputado Wellington destaca agenda positiva do presidenci\u00e1vel Geraldo Alckmin no Maranh\u00e3o - Daniel Matos","robots":{"index":"index","follow":"follow","max-snippet":"max-snippet:-1","max-image-preview":"max-image-preview:large","max-video-preview":"max-video-preview:-1"},"canonical":"https:\/\/www.blogsoestado.com\/danielmatos\/deputado-wellington-destaca-agenda-positiva-do-presidenciavel-geraldo-alckmin-no-maranhao\/","og_locale":"pt_BR","og_type":"article","og_title":"Deputado Wellington destaca agenda positiva do presidenci\u00e1vel Geraldo Alckmin no Maranh\u00e3o - Daniel Matos","og_description":"O presidente municipal do PSDB, deputado Wellington do Curso, ao utilizar a tribuna, na manh\u00e3 desta quarta-feira (2), destacou a [&hellip;]","og_url":"https:\/\/www.blogsoestado.com\/danielmatos\/deputado-wellington-destaca-agenda-positiva-do-presidenciavel-geraldo-alckmin-no-maranhao\/","og_site_name":"Daniel Matos","article_published_time":"2018-05-03T23:00:51+00:00","og_image":[{"url":"https:\/\/www.blogsoestado.com\/danielmatos\/files\/2018\/05\/w-alckmin.jpg","type":"","width":"","height":""}],"twitter_card":"summary_large_image","twitter_misc":{"Est. tempo de leitura":"1 minuto"},"schema":{"@context":"https:\/\/schema.org","@graph":[{"@type":"WebPage","@id":"https:\/\/www.blogsoestado.com\/danielmatos\/deputado-wellington-destaca-agenda-positiva-do-presidenciavel-geraldo-alckmin-no-maranhao\/","url":"https:\/\/www.blogsoestado.com\/danielmatos\/deputado-wellington-destaca-agenda-positiva-do-presidenciavel-geraldo-alckmin-no-maranhao\/","name":"Deputado Wellington destaca agenda positiva do presidenci\u00e1vel Geraldo Alckmin no Maranh\u00e3o - Daniel Matos","isPartOf":{"@id":"https:\/\/www.blogsoestado.com\/danielmatos\/#website"},"primaryImageOfPage":{"@id":"https:\/\/www.blogsoestado.com\/danielmatos\/deputado-wellington-destaca-agenda-positiva-do-presidenciavel-geraldo-alckmin-no-maranhao\/#primaryimage"},"image":{"@id":"https:\/\/www.blogsoestado.com\/danielmatos\/deputado-wellington-destaca-agenda-positiva-do-presidenciavel-geraldo-alckmin-no-maranhao\/#primaryimage"},"thumbnailUrl":"https:\/\/www.blogsoestado.com\/danielmatos\/files\/2018\/05\/w-alckmin.jpg","datePublished":"2018-05-03T23:00:51+00:00","author":{"@id":""},"breadcrumb":{"@id":"https:\/\/www.blogsoestado.com\/danielmatos\/deputado-wellington-destaca-agenda-positiva-do-presidenciavel-geraldo-alckmin-no-maranhao\/#breadcrumb"},"inLanguage":"pt-BR","potentialAction":[{"@type":"ReadAction","target":["https:\/\/www.blogsoestado.com\/danielmatos\/deputado-wellington-destaca-agenda-positiva-do-presidenciavel-geraldo-alckmin-no-maranhao\/"]}]},{"@type":"ImageObject","inLanguage":"pt-BR","@id":"https:\/\/www.blogsoestado.com\/danielmatos\/deputado-wellington-destaca-agenda-positiva-do-presidenciavel-geraldo-alckmin-no-maranhao\/#primaryimage","url":"https:\/\/www.blogsoestado.com\/danielmatos\/files\/2018\/05\/w-alckmin.jpg","contentUrl":"https:\/\/www.blogsoestado.com\/danielmatos\/files\/2018\/05\/w-alckmin.jpg"},{"@type":"BreadcrumbList","@id":"https:\/\/www.blogsoestado.com\/danielmatos\/deputado-wellington-destaca-agenda-positiva-do-presidenciavel-geraldo-alckmin-no-maranhao\/#breadcrumb","itemListElement":[{"@type":"ListItem","position":1,"name":"In\u00edcio","item":"https:\/\/www.blogsoestado.com\/danielmatos\/"},{"@type":"ListItem","position":2,"name":"Deputado Wellington destaca agenda positiva do presidenci\u00e1vel Geraldo Alckmin no Maranh\u00e3o"}]},{"@type":"WebSite","@id":"https:\/\/www.blogsoestado.com\/danielmatos\/#website","url":"https:\/\/www.blogsoestado.com\/danielmatos\/","name":"Daniel Matos","description":"","potentialAction":[{"@type":"SearchAction","target":{"@type":"EntryPoint","urlTemplate":"https:\/\/www.blogsoestado.com\/danielmatos\/?s={search_term_string}"},"query-input":{"@type":"PropertyValueSpecification","valueRequired":true,"valueName":"search_term_string"}}],"inLanguage":"pt-BR"}]}},"jetpack_featured_media_url":"","_links":{"self":[{"href":"https:\/\/www.blogsoestado.com\/danielmatos\/wp-json\/wp\/v2\/posts\/50947","targetHints":{"allow":["GET"]}}],"collection":[{"href":"https:\/\/www.blogsoestado.com\/danielmatos\/wp-json\/wp\/v2\/posts"}],"about":[{"href":"https:\/\/www.blogsoestado.com\/danielmatos\/wp-json\/wp\/v2\/types\/post"}],"replies":[{"embeddable":true,"href":"https:\/\/www.blogsoestado.com\/danielmatos\/wp-json\/wp\/v2\/comments?post=50947"}],"version-history":[{"count":0,"href":"https:\/\/www.blogsoestado.com\/danielmatos\/wp-json\/wp\/v2\/posts\/50947\/revisions"}],"wp:attachment":[{"href":"https:\/\/www.blogsoestado.com\/danielmatos\/wp-json\/wp\/v2\/media?parent=50947"}],"wp:term":[{"taxonomy":"category","embeddable":true,"href":"https:\/\/www.blogsoestado.com\/danielmatos\/wp-json\/wp\/v2\/categories?post=50947"},{"taxonomy":"post_tag","embeddable":true,"href":"https:\/\/www.blogsoestado.com\/danielmatos\/wp-json\/wp\/v2\/tags?post=50947"}],"curies":[{"name":"wp","href":"https:\/\/api.w.org\/{rel}","templated":true}]}}