{"id":50951,"date":"2018-05-03T20:23:41","date_gmt":"2018-05-03T23:23:41","guid":{"rendered":"https:\/\/www.blogsoestado.com\/danielmatos\/?p=50951"},"modified":"2018-05-03T20:23:41","modified_gmt":"2018-05-03T23:23:41","slug":"medico-allan-garces-fala-sobre-perspectiva-da-saude-publica-no-maranhao","status":"publish","type":"post","link":"https:\/\/www.blogsoestado.com\/danielmatos\/medico-allan-garces-fala-sobre-perspectiva-da-saude-publica-no-maranhao\/","title":{"rendered":"M\u00e9dico Allan Garc\u00eas fala sobre a perspectiva da sa\u00fade p\u00fablica no Maranh\u00e3o"},"content":{"rendered":"<p><a href=\"http:\/\/www.codonoticias.com.br\/estado\/a-perspectiva-da-saude-publica-no-maranhao-em-entrevista-com-alan-garces\/\"><strong>Cod\u00f3 Not\u00edcias<\/strong><\/a><\/p>\n<figure id=\"attachment_50952\" aria-describedby=\"caption-attachment-50952\" style=\"width: 366px\" class=\"wp-caption alignleft\"><img fetchpriority=\"high\" decoding=\"async\" class=\"size-full wp-image-50952\" src=\"https:\/\/www.blogsoestado.com\/danielmatos\/files\/2018\/05\/alan-garces.jpg\" alt=\"\" width=\"366\" height=\"336\" \/><figcaption id=\"caption-attachment-50952\" class=\"wp-caption-text\">Coordenador da Uni\u00e3o da Direita Maranhense (UDM), m\u00e9dico Allan Garc\u00eas pode disputar o Senado<\/figcaption><\/figure>\n<p>Nosso site conversou hoje com o poss\u00edvel pr\u00e9-candidato da direita ao Senado pelo Maranh\u00e3o, o Dr. Allan Garc\u00eas, que \u00e9 coordenador da *UDM-UNI\u00c3O DA DIREITA MARANHESE.* M\u00e9dico formado h\u00e1 25 anos e p\u00f3s-graduado em Gest\u00e3o de Sa\u00fade, procuramos saber dele se a Sa\u00fade no Estado pode melhorar e ele afirmou que sim. Acompanhe a entrevista, abaixo.<\/p>\n<p><strong>Cod\u00f3 Not\u00edcias:<\/strong> Dr. Allan, sabemos que a sa\u00fade no Maranh\u00e3o est\u00e1 doente, dir\u00edamos quase na UTI. Como o senhor ver est\u00e1 situa\u00e7\u00e3o?<\/p>\n<p><strong>ALLAN GARC\u00caS:<\/strong> O que acontece na sa\u00fade do Estado \u00e9 que n\u00e3o existe prioridade. Trata-se a sa\u00fade de forma equivocada. Sabemos que problema maior \u00e9 de gest\u00e3o, enquanto os gestores continuarem a ser pessoas que n\u00e3o tem liga\u00e7\u00e3o ou experi\u00eancia t\u00e9cnica nenhuma na \u00e1rea da sa\u00fade, voc\u00ea n\u00e3o ter\u00e1 melhorias. Na gest\u00e3o do governo passado foi a mesma coisa, o Secret\u00e1rio da Pasta n\u00e3o tinha forma\u00e7\u00e3o na \u00e1rea da sa\u00fade. Pergunto a voc\u00ea, se teria coragem de viajar em um avi\u00e3o pilotado por um motorista de t\u00e1xi, inv\u00e9s de um piloto de aeronave habilitado?<\/p>\n<p><strong>Cod\u00f3 Not\u00edcias:<\/strong> Sabe-se que em nosso Estado existe 217 munic\u00edpios. Como o senhor organizaria a Sa\u00fade para que ela funcionasse adequadamente?<\/p>\n<p><strong>ALLAN GARC\u00caS:<\/strong> Como j\u00e1 disse anteriormente, falta prioridades. O que \u00e9 prioridade para a Sa\u00fade do Estado? Tratar doen\u00e7as ou prevenir? Oferecer m\u00e9dicos ou criar melhores condi\u00e7\u00f5es? Concentrar ou Expandir a sa\u00fade? Quais s\u00e3o as metas que se deseja alcan\u00e7ar para que se melhores os indicadores de sa\u00fade? A gest\u00e3o em sa\u00fade p\u00fablica n\u00e3o \u00e9 simples, deve ser encarada como uma macro complexidade e ter em mente que \u00e9 multifatorial, passando por quest\u00f5es de organiza\u00e7\u00e3o gerencial, estrat\u00e9gia, fator humano, recursos f\u00edsicos, acessibilidade etc. Devemos tamb\u00e9m lembrar que em algumas cidades do interior a gest\u00e3o municipal de sa\u00fade \u00e9 plena, o que quer dizer isso? \u00c9 quando o munic\u00edpio tem uma autonomia financeira do fundo da sa\u00fade. Independente da gest\u00e3o ser plena, nada impede que possa haver, por exemplo, uma responsabilidade compartilhada. A cria\u00e7\u00e3o de um grupo de cons\u00f3rcio de cidades pr\u00f3ximas compartilhando a sa\u00fade de suas cidades e a realiza\u00e7\u00e3o de conv\u00eanios com hospitais, cl\u00ednicas e laborat\u00f3rios privados pode ser uma boa ideia.<\/p>\n<p><strong>Cod\u00f3 Not\u00edcias:<\/strong> Agora, Doutor, para finalizar, nos diga o que o senhor defende para a Sa\u00fade P\u00fablica no Maranh\u00e3o?<\/p>\n<p><strong>ALLAN GARC\u00caS:<\/strong> Primeiro eu defendo que o gestor seja algu\u00e9m formado na \u00e1rea e que tenha no m\u00ednimo uma p\u00f3s-gradua\u00e7\u00e3o em Sa\u00fade P\u00fablica. Priorizar a Aten\u00e7\u00e3o Prim\u00e1ria na preven\u00e7\u00e3o das doen\u00e7as, melhorando as condi\u00e7\u00f5es de acessibilidade e saneamento b\u00e1sico. Criaria a Carreira M\u00e9dica de Estado, nos moldes da que j\u00e1 existe para os Ju\u00edzes no in\u00edcio de suas carreiras, que se iniciam residindo no interior com um bom sal\u00e1rio e alguns incentivos, isso ajudaria a fixar mais o m\u00e9dico no interior, podendo at\u00e9 gradativamente substituir o Programa Mais M\u00e9dicos com o passar do tempo, mas somente isso n\u00e3o \u00e9 o suficiente, paralelo deve-se fixar o Piso FENAM e melhorar as condi\u00e7\u00f5es estrutural, de material e medicamentos no local de trabalho. Tamb\u00e9m refor\u00e7aria as equipes multiprofissionais de Sa\u00fade da Fam\u00edlia, a ESF \u2013 Estrat\u00e9gia de Sa\u00fade da Fam\u00edlia \u00e9 um programa fant\u00e1stico que carece de prioridade para que funcione bem. Acabaria de imediato com as empresas atravessadoras \u201cterceirizadoras\u201d da sa\u00fade, desta forma dar\u00edamos mais transpar\u00eancia e evitar\u00edamos desvios de recursos p\u00fablicos, combatendo a chamada corrup\u00e7\u00e3o velada. A gest\u00e3o por meritocracia \u00e9 uma forma muito boa e eficiente de alcan\u00e7ar metas pelo reconhecimento.<\/p>\n","protected":false},"excerpt":{"rendered":"<p>Cod\u00f3 Not\u00edcias Nosso site conversou hoje com o poss\u00edvel pr\u00e9-candidato da direita ao Senado pelo Maranh\u00e3o, o Dr. Allan Garc\u00eas, [&hellip;]<\/p>\n","protected":false},"author":0,"featured_media":0,"comment_status":"open","ping_status":"open","sticky":false,"template":"","format":"standard","meta":{"site-sidebar-layout":"default","site-content-layout":"","ast-site-content-layout":"default","site-content-style":"default","site-sidebar-style":"default","ast-global-header-display":"","ast-banner-title-visibility":"","ast-main-header-display":"","ast-hfb-above-header-display":"","ast-hfb-below-header-display":"","ast-hfb-mobile-header-display":"","site-post-title":"","ast-breadcrumbs-content":"","ast-featured-img":"","footer-sml-layout":"","ast-disable-related-posts":"","theme-transparent-header-meta":"","adv-header-id-meta":"","stick-header-meta":"","header-above-stick-meta":"","header-main-stick-meta":"","header-below-stick-meta":"","astra-migrate-meta-layouts":"default","ast-page-background-enabled":"default","ast-page-background-meta":{"desktop":{"background-color":"var(--ast-global-color-5)","background-image":"","background-repeat":"repeat","background-position":"center center","background-size":"auto","background-attachment":"scroll","background-type":"","background-media":"","overlay-type":"","overlay-color":"","overlay-opacity":"","overlay-gradient":""},"tablet":{"background-color":"","background-image":"","background-repeat":"repeat","background-position":"center center","background-size":"auto","background-attachment":"scroll","background-type":"","background-media":"","overlay-type":"","overlay-color":"","overlay-opacity":"","overlay-gradient":""},"mobile":{"background-color":"","background-image":"","background-repeat":"repeat","background-position":"center center","background-size":"auto","background-attachment":"scroll","background-type":"","background-media":"","overlay-type":"","overlay-color":"","overlay-opacity":"","overlay-gradient":""}},"ast-content-background-meta":{"desktop":{"background-color":"var(--ast-global-color-4)","background-image":"","background-repeat":"repeat","background-position":"center center","background-size":"auto","background-attachment":"scroll","background-type":"","background-media":"","overlay-type":"","overlay-color":"","overlay-opacity":"","overlay-gradient":""},"tablet":{"background-color":"var(--ast-global-color-4)","background-image":"","background-repeat":"repeat","background-position":"center center","background-size":"auto","background-attachment":"scroll","background-type":"","background-media":"","overlay-type":"","overlay-color":"","overlay-opacity":"","overlay-gradient":""},"mobile":{"background-color":"var(--ast-global-color-4)","background-image":"","background-repeat":"repeat","background-position":"center center","background-size":"auto","background-attachment":"scroll","background-type":"","background-media":"","overlay-type":"","overlay-color":"","overlay-opacity":"","overlay-gradient":""}},"footnotes":""},"categories":[1],"tags":[],"class_list":["post-50951","post","type-post","status-publish","format-standard","hentry","category-sem-categoria"],"yoast_head":"<!-- This site is optimized with the Yoast SEO plugin v26.6 - https:\/\/yoast.com\/wordpress\/plugins\/seo\/ -->\n<title>M\u00e9dico Allan Garc\u00eas fala sobre a perspectiva da sa\u00fade p\u00fablica no Maranh\u00e3o - Daniel Matos<\/title>\n<meta name=\"robots\" content=\"index, follow, max-snippet:-1, max-image-preview:large, max-video-preview:-1\" \/>\n<link rel=\"canonical\" href=\"https:\/\/www.blogsoestado.com\/danielmatos\/medico-allan-garces-fala-sobre-perspectiva-da-saude-publica-no-maranhao\/\" \/>\n<meta property=\"og:locale\" content=\"pt_BR\" \/>\n<meta property=\"og:type\" content=\"article\" \/>\n<meta property=\"og:title\" content=\"M\u00e9dico Allan Garc\u00eas fala sobre a perspectiva da sa\u00fade p\u00fablica no Maranh\u00e3o - Daniel Matos\" \/>\n<meta property=\"og:description\" content=\"Cod\u00f3 Not\u00edcias Nosso site conversou hoje com o poss\u00edvel pr\u00e9-candidato da direita ao Senado pelo Maranh\u00e3o, o Dr. Allan Garc\u00eas, [&hellip;]\" \/>\n<meta property=\"og:url\" content=\"https:\/\/www.blogsoestado.com\/danielmatos\/medico-allan-garces-fala-sobre-perspectiva-da-saude-publica-no-maranhao\/\" \/>\n<meta property=\"og:site_name\" content=\"Daniel Matos\" \/>\n<meta property=\"article:published_time\" content=\"2018-05-03T23:23:41+00:00\" \/>\n<meta property=\"og:image\" content=\"https:\/\/www.blogsoestado.com\/danielmatos\/files\/2018\/05\/alan-garces.jpg\" \/>\n<meta name=\"twitter:card\" content=\"summary_large_image\" \/>\n<meta name=\"twitter:label1\" content=\"Est. tempo de leitura\" \/>\n\t<meta name=\"twitter:data1\" content=\"3 minutos\" \/>\n<script type=\"application\/ld+json\" class=\"yoast-schema-graph\">{\"@context\":\"https:\/\/schema.org\",\"@graph\":[{\"@type\":\"WebPage\",\"@id\":\"https:\/\/www.blogsoestado.com\/danielmatos\/medico-allan-garces-fala-sobre-perspectiva-da-saude-publica-no-maranhao\/\",\"url\":\"https:\/\/www.blogsoestado.com\/danielmatos\/medico-allan-garces-fala-sobre-perspectiva-da-saude-publica-no-maranhao\/\",\"name\":\"M\u00e9dico Allan Garc\u00eas fala sobre a perspectiva da sa\u00fade p\u00fablica no Maranh\u00e3o - Daniel Matos\",\"isPartOf\":{\"@id\":\"https:\/\/www.blogsoestado.com\/danielmatos\/#website\"},\"primaryImageOfPage\":{\"@id\":\"https:\/\/www.blogsoestado.com\/danielmatos\/medico-allan-garces-fala-sobre-perspectiva-da-saude-publica-no-maranhao\/#primaryimage\"},\"image\":{\"@id\":\"https:\/\/www.blogsoestado.com\/danielmatos\/medico-allan-garces-fala-sobre-perspectiva-da-saude-publica-no-maranhao\/#primaryimage\"},\"thumbnailUrl\":\"https:\/\/www.blogsoestado.com\/danielmatos\/files\/2018\/05\/alan-garces.jpg\",\"datePublished\":\"2018-05-03T23:23:41+00:00\",\"author\":{\"@id\":\"\"},\"breadcrumb\":{\"@id\":\"https:\/\/www.blogsoestado.com\/danielmatos\/medico-allan-garces-fala-sobre-perspectiva-da-saude-publica-no-maranhao\/#breadcrumb\"},\"inLanguage\":\"pt-BR\",\"potentialAction\":[{\"@type\":\"ReadAction\",\"target\":[\"https:\/\/www.blogsoestado.com\/danielmatos\/medico-allan-garces-fala-sobre-perspectiva-da-saude-publica-no-maranhao\/\"]}]},{\"@type\":\"ImageObject\",\"inLanguage\":\"pt-BR\",\"@id\":\"https:\/\/www.blogsoestado.com\/danielmatos\/medico-allan-garces-fala-sobre-perspectiva-da-saude-publica-no-maranhao\/#primaryimage\",\"url\":\"https:\/\/www.blogsoestado.com\/danielmatos\/files\/2018\/05\/alan-garces.jpg\",\"contentUrl\":\"https:\/\/www.blogsoestado.com\/danielmatos\/files\/2018\/05\/alan-garces.jpg\"},{\"@type\":\"BreadcrumbList\",\"@id\":\"https:\/\/www.blogsoestado.com\/danielmatos\/medico-allan-garces-fala-sobre-perspectiva-da-saude-publica-no-maranhao\/#breadcrumb\",\"itemListElement\":[{\"@type\":\"ListItem\",\"position\":1,\"name\":\"In\u00edcio\",\"item\":\"https:\/\/www.blogsoestado.com\/danielmatos\/\"},{\"@type\":\"ListItem\",\"position\":2,\"name\":\"M\u00e9dico Allan Garc\u00eas fala sobre a perspectiva da sa\u00fade p\u00fablica no Maranh\u00e3o\"}]},{\"@type\":\"WebSite\",\"@id\":\"https:\/\/www.blogsoestado.com\/danielmatos\/#website\",\"url\":\"https:\/\/www.blogsoestado.com\/danielmatos\/\",\"name\":\"Daniel Matos\",\"description\":\"\",\"potentialAction\":[{\"@type\":\"SearchAction\",\"target\":{\"@type\":\"EntryPoint\",\"urlTemplate\":\"https:\/\/www.blogsoestado.com\/danielmatos\/?s={search_term_string}\"},\"query-input\":{\"@type\":\"PropertyValueSpecification\",\"valueRequired\":true,\"valueName\":\"search_term_string\"}}],\"inLanguage\":\"pt-BR\"}]}<\/script>\n<!-- \/ Yoast SEO plugin. -->","yoast_head_json":{"title":"M\u00e9dico Allan Garc\u00eas fala sobre a perspectiva da sa\u00fade p\u00fablica no Maranh\u00e3o - Daniel Matos","robots":{"index":"index","follow":"follow","max-snippet":"max-snippet:-1","max-image-preview":"max-image-preview:large","max-video-preview":"max-video-preview:-1"},"canonical":"https:\/\/www.blogsoestado.com\/danielmatos\/medico-allan-garces-fala-sobre-perspectiva-da-saude-publica-no-maranhao\/","og_locale":"pt_BR","og_type":"article","og_title":"M\u00e9dico Allan Garc\u00eas fala sobre a perspectiva da sa\u00fade p\u00fablica no Maranh\u00e3o - Daniel Matos","og_description":"Cod\u00f3 Not\u00edcias Nosso site conversou hoje com o poss\u00edvel pr\u00e9-candidato da direita ao Senado pelo Maranh\u00e3o, o Dr. Allan Garc\u00eas, [&hellip;]","og_url":"https:\/\/www.blogsoestado.com\/danielmatos\/medico-allan-garces-fala-sobre-perspectiva-da-saude-publica-no-maranhao\/","og_site_name":"Daniel Matos","article_published_time":"2018-05-03T23:23:41+00:00","og_image":[{"url":"https:\/\/www.blogsoestado.com\/danielmatos\/files\/2018\/05\/alan-garces.jpg","type":"","width":"","height":""}],"twitter_card":"summary_large_image","twitter_misc":{"Est. tempo de leitura":"3 minutos"},"schema":{"@context":"https:\/\/schema.org","@graph":[{"@type":"WebPage","@id":"https:\/\/www.blogsoestado.com\/danielmatos\/medico-allan-garces-fala-sobre-perspectiva-da-saude-publica-no-maranhao\/","url":"https:\/\/www.blogsoestado.com\/danielmatos\/medico-allan-garces-fala-sobre-perspectiva-da-saude-publica-no-maranhao\/","name":"M\u00e9dico Allan Garc\u00eas fala sobre a perspectiva da sa\u00fade p\u00fablica no Maranh\u00e3o - Daniel Matos","isPartOf":{"@id":"https:\/\/www.blogsoestado.com\/danielmatos\/#website"},"primaryImageOfPage":{"@id":"https:\/\/www.blogsoestado.com\/danielmatos\/medico-allan-garces-fala-sobre-perspectiva-da-saude-publica-no-maranhao\/#primaryimage"},"image":{"@id":"https:\/\/www.blogsoestado.com\/danielmatos\/medico-allan-garces-fala-sobre-perspectiva-da-saude-publica-no-maranhao\/#primaryimage"},"thumbnailUrl":"https:\/\/www.blogsoestado.com\/danielmatos\/files\/2018\/05\/alan-garces.jpg","datePublished":"2018-05-03T23:23:41+00:00","author":{"@id":""},"breadcrumb":{"@id":"https:\/\/www.blogsoestado.com\/danielmatos\/medico-allan-garces-fala-sobre-perspectiva-da-saude-publica-no-maranhao\/#breadcrumb"},"inLanguage":"pt-BR","potentialAction":[{"@type":"ReadAction","target":["https:\/\/www.blogsoestado.com\/danielmatos\/medico-allan-garces-fala-sobre-perspectiva-da-saude-publica-no-maranhao\/"]}]},{"@type":"ImageObject","inLanguage":"pt-BR","@id":"https:\/\/www.blogsoestado.com\/danielmatos\/medico-allan-garces-fala-sobre-perspectiva-da-saude-publica-no-maranhao\/#primaryimage","url":"https:\/\/www.blogsoestado.com\/danielmatos\/files\/2018\/05\/alan-garces.jpg","contentUrl":"https:\/\/www.blogsoestado.com\/danielmatos\/files\/2018\/05\/alan-garces.jpg"},{"@type":"BreadcrumbList","@id":"https:\/\/www.blogsoestado.com\/danielmatos\/medico-allan-garces-fala-sobre-perspectiva-da-saude-publica-no-maranhao\/#breadcrumb","itemListElement":[{"@type":"ListItem","position":1,"name":"In\u00edcio","item":"https:\/\/www.blogsoestado.com\/danielmatos\/"},{"@type":"ListItem","position":2,"name":"M\u00e9dico Allan Garc\u00eas fala sobre a perspectiva da sa\u00fade p\u00fablica no Maranh\u00e3o"}]},{"@type":"WebSite","@id":"https:\/\/www.blogsoestado.com\/danielmatos\/#website","url":"https:\/\/www.blogsoestado.com\/danielmatos\/","name":"Daniel Matos","description":"","potentialAction":[{"@type":"SearchAction","target":{"@type":"EntryPoint","urlTemplate":"https:\/\/www.blogsoestado.com\/danielmatos\/?s={search_term_string}"},"query-input":{"@type":"PropertyValueSpecification","valueRequired":true,"valueName":"search_term_string"}}],"inLanguage":"pt-BR"}]}},"jetpack_featured_media_url":"","_links":{"self":[{"href":"https:\/\/www.blogsoestado.com\/danielmatos\/wp-json\/wp\/v2\/posts\/50951","targetHints":{"allow":["GET"]}}],"collection":[{"href":"https:\/\/www.blogsoestado.com\/danielmatos\/wp-json\/wp\/v2\/posts"}],"about":[{"href":"https:\/\/www.blogsoestado.com\/danielmatos\/wp-json\/wp\/v2\/types\/post"}],"replies":[{"embeddable":true,"href":"https:\/\/www.blogsoestado.com\/danielmatos\/wp-json\/wp\/v2\/comments?post=50951"}],"version-history":[{"count":0,"href":"https:\/\/www.blogsoestado.com\/danielmatos\/wp-json\/wp\/v2\/posts\/50951\/revisions"}],"wp:attachment":[{"href":"https:\/\/www.blogsoestado.com\/danielmatos\/wp-json\/wp\/v2\/media?parent=50951"}],"wp:term":[{"taxonomy":"category","embeddable":true,"href":"https:\/\/www.blogsoestado.com\/danielmatos\/wp-json\/wp\/v2\/categories?post=50951"},{"taxonomy":"post_tag","embeddable":true,"href":"https:\/\/www.blogsoestado.com\/danielmatos\/wp-json\/wp\/v2\/tags?post=50951"}],"curies":[{"name":"wp","href":"https:\/\/api.w.org\/{rel}","templated":true}]}}